{"id":2119264,"date":"2026-08-30T13:54:18","date_gmt":"2026-08-30T10:54:18","guid":{"rendered":"https:\/\/analyse.optim.biz\/?p=2119264"},"modified":"2026-08-30T13:54:18","modified_gmt":"2026-08-30T10:54:18","slug":"pepenii-putrezesc-pe-camp-in-dolj-fermierii-spun-ca-recoltarea-ii-costa-mai-mult-decat-profitul-obtinut","status":"publish","type":"post","link":"https:\/\/analyse.optim.biz\/?p=2119264","title":{"rendered":"Pepenii putrezesc pe c\u00e2mp \u00een Dolj. Fermierii spun c\u0103 recoltarea \u00eei cost\u0103 mai mult dec\u00e2t profitul ob\u021binut"},"content":{"rendered":"<p>[analyse_image type=&#8221;featured&#8221; src=&#8221;https:\/\/cdn.adh.reperio.news\/image-d\/dc863560-cd04-47f9-85c3-8afa8d8d02c8\/index.jpeg?p=f%3Djpeg%26w%3D1200%26h%3D630%26r%3Dcover&#8221;]<\/p>\n<article class=\"svelte-x63bga\">\n<nav>\n<ul class=\"breadcrump svelte-1pk9a69\">\n<li class=\"svelte-1pk9a69\"><a href=\"https:\/\/adevarul.ro\/\" title=\"Adev\u0103rul\" class=\"svelte-1pk9a69\">Home<\/a><\/li>\n<li class=\"svelte-1pk9a69\"><a href=\"https:\/\/adevarul.ro\/stiri-locale\" class=\"svelte-1pk9a69\">\u0218tiri locale<\/a><\/li>\n<li class=\"svelte-1pk9a69\"><a href=\"https:\/\/adevarul.ro\/stiri-locale\/craiova\" class=\"svelte-1pk9a69\">Craiova<\/a><\/li>\n<li class=\"svelte-1pk9a69\"><a href=\"https:\/\/adevarul.ro\/stiri-locale\/craiova\/pepenii-putrezesc-pe-camp-in-dolj-fermierii-spun-2552996.html\" class=\"svelte-1pk9a69\">Pepenii putrezesc pe c\u00e2mp \u00een Dolj. Fermierii spun c\u0103 recoltarea \u00eei cost\u0103 mai mult dec\u00e2t profitul ob\u021binut<\/a><\/li>\n<\/ul>\n<\/nav>\n<p><main class=\"svelte-x63bga\"><\/p>\n<p>Sute de pepeni au ajuns s\u0103 se strice pe c\u00e2mpurile din jude\u021bul Dolj, dup\u0103 ce fermierii au constatat c\u0103 nu mai este rentabil s\u0103 \u00ee\u0219i recolteze culturile. De\u0219i produc\u021bia este bogat\u0103, pre\u021burile au sc\u0103zut at\u00e2t de mult \u00eenc\u00e2t agricultorii spun c\u0103 banii ob\u021binu\u021bi din v\u00e2nzarea fructelor nu mai acoper\u0103 nici m\u0103car costurile recolt\u0103rii.<\/p>\n<div class=\"container-image  svelte-1xbw4f3\"><source type=\"image\/webp\" srcset=\"https:\/\/cdn.adh.reperio.news\/image-d\/dc863560-cd04-47f9-85c3-8afa8d8d02c8\/index.jpeg?p=a%3D1%26co%3D1.05%26w%3D1400%26h%3D750%26r%3Dcontain%26f%3Dwebp 1400w\" media=\"(min-width: 1400px)\" \/><\/p>\n<div class=\"caption svelte-1xbw4f3\"><span class=\"captionText svelte-1xbw4f3\">Sute de pepeni au ajuns s\u0103 se strice pe c\u00e2mpurile din jude\u021bul Dolj.  <span class=\"source svelte-1xbw4f3\">Foto: Shutterstock<\/span><\/span><\/div>\n<\/div>\n<p>Pe planta\u021biile din Dolj, pepenii au r\u0103mas abandona\u021bi sub soarele puternic. Fermierii spun c\u0103, \u00een prezent, un kilogram de pepene se vinde en-gros cu mai pu\u021bin de 50 de bani, un pre\u021b pe care \u00eel consider\u0103 mult prea mic \u00een raport cu cheltuielile f\u0103cute pentru produc\u021bie, potrivit\u00a0<a href=\"https:\/\/observatornews.ro\/autori\/diana-severin-id219.html\" rel=\"nofollow\">Observator News.\u00a0<\/a><\/p>\n<p>Agricultorii sus\u021bin c\u0103 ajung s\u0103 pl\u0103teasc\u0103 mai mult pentru oamenii care recolteaz\u0103 \u0219i manipuleaz\u0103 marfa dec\u00e2t pot \u00eencasa ulterior din v\u00e2nzarea pepenilor. \u00cen aceste condi\u021bii, pentru unii dintre ei, recoltarea \u00eentregii produc\u021bii ar \u00eensemna o pierdere \u0219i mai mare.<\/p>\n<p>Situa\u021bia este complicat\u0103 \u0219i de accesul tot mai dificil al produc\u0103torilor la pie\u021be. Fermierii spun c\u0103 intermediarii ajung s\u0103 cumpere marfa la pre\u021buri foarte mici \u0219i au un avantaj la comercializare, \u00een timp ce produc\u0103torii r\u0103m\u00e2n cu recolta pe c\u00e2mp.<\/p>\n<p>Astfel, o produc\u021bie care ar fi trebuit s\u0103 le aduc\u0103 agricultorilor venituri ajunge s\u0103 fie abandonat\u0103 \u0219i s\u0103 se piard\u0103, \u00een condi\u021biile \u00een care costurile de produc\u021bie \u0219i de recoltare dep\u0103\u0219esc c\u00e2\u0219tigurile pe care le-ar putea ob\u021bine din v\u00e2nzare.<\/p>\n<p><\/main><\/p>\n<footer class=\"svelte-x63bga\">\n<div class=\"related-wrap related-footer svelte-78g0vl\"><span class=\"related-label svelte-78g0vl\">Cite\u0219te \u0219i<\/span><a class=\"related svelte-78g0vl\" data-gtrack=\"{&quot;event&quot;:&quot;utm_click&quot;,&quot;data&quot;:{&quot;event_category&quot;:&quot;article_related&quot;}}\" href=\"https:\/\/adevarul.ro\/stiri-locale\/craiova\/cimitirul-de-lubenite-din-oltenia-de-ce-prefera-2542446.html\" title=\"Alt articol de interes pentru tine\"><img decoding=\"async\" class=\"thumb svelte-78g0vl\" src=\"https:\/\/cdn.adh.reperio.news\/image-e\/e29fc504-9fb7-4971-aa17-5f5f640b4af8\/index.jpeg?p=f%3Dwebp%26w%3D120%26h%3D80%26r%3Dcover%26a%3D0\" alt loading=\"lazy\" width=\"80\" height=\"54\"><span class=\"title svelte-78g0vl\">\u201eCimitirul de lubeni\u021be\u201d din Oltenia. De ce prefer\u0103 fermierii s\u0103 lase pepenii s\u0103 se strice pe c\u00e2mp dec\u00e2t s\u0103-i v\u00e2nd\u0103 samsarilor<\/span><\/a><a class=\"related svelte-78g0vl\" data-gtrack=\"{&quot;event&quot;:&quot;utm_click&quot;,&quot;data&quot;:{&quot;event_category&quot;:&quot;article_related&quot;}}\" href=\"https:\/\/adevarul.ro\/stiri-externe\/republica-moldova\/record-in-agricultura-un-fermier-din-republica-2549120.html\" title=\"Alt articol de interes pentru tine\"><img decoding=\"async\" class=\"thumb svelte-78g0vl\" src=\"https:\/\/cdn.adh.reperio.news\/image-f\/fc6d5d9f-52ce-4f23-8376-9c6304264238\/index.jpeg?p=f%3Dwebp%26w%3D120%26h%3D80%26r%3Dcover%26a%3D0\" alt loading=\"lazy\" width=\"80\" height=\"54\"><span class=\"title svelte-78g0vl\">Record \u00een agricultur\u0103: Un fermier din Republica Moldova a crescut un pepene verde de 74 de kilograme<\/span><\/a><a class=\"related svelte-78g0vl\" data-gtrack=\"{&quot;event&quot;:&quot;utm_click&quot;,&quot;data&quot;:{&quot;event_category&quot;:&quot;article_related&quot;}}\" href=\"https:\/\/adevarul.ro\/stil-de-viata\/bucatarie\/pepenele-verde-cu-miez-galben-una-dintre-cele-mai-2549363.html\" title=\"Alt articol de interes pentru tine\"><img decoding=\"async\" class=\"thumb svelte-78g0vl\" src=\"https:\/\/cdn.adh.reperio.news\/image-c\/cd1e93fc-9cd9-463a-80e6-a474484fa913\/index.jpeg?p=f%3Dwebp%26w%3D120%26h%3D80%26r%3Dcover%26a%3D0\" alt loading=\"lazy\" width=\"80\" height=\"54\"><span class=\"title svelte-78g0vl\">Pepenele verde cu miez galben: una dintre cele mai interesante descoperiri ale verii din magazinele Lidl<\/span><\/a><\/div>\n<div class=\"meta svelte-x63bga\">\n<div class=\"authors svelte-x63bga\"><span class=\"names svelte-x63bga\"><a href=\"https:\/\/adevarul.ro\/author\/1899\" rel=\"author\" class=\"svelte-x63bga\">Maria \u0162aga<\/a><\/span><\/p>\n<div class=\"_hydratable\" data-props=\"%7B%22showLive%22%3Atrue%7D\" data-context=\"%7B%22parentBlockColumnCount%22%3A%7B%22value%22%3A0%2C%22type%22%3A%22store%2Freadable%22%7D%2C%22parentBlockBackgroundColor%22%3A%7B%22type%22%3A%22store%2Freadable%22%7D%7D\" data-component=\"ShareButton\">\n<div class=\"shareButtons svelte-itwbrr\">\n<div class=\"liveSessions metaFont svelte-1maxmbf\"><span class=\"value svelte-1maxmbf\">1<\/span> live <\/div>\n<\/div>\n<\/div>\n<\/div>\n<div class=\"tags svelte-1l3vwp1\"><span class=\"tags-label metaFont svelte-1l3vwp1\">Cite\u0219te mai multe despre<\/span><\/p>\n<div class=\"tags-list svelte-1l3vwp1\"><a href=\"https:\/\/adevarul.ro\/tag\/fermieri\" title=\"Ultimele \u0219tiri despre fermieri\" class=\"tag-pill svelte-1l3vwp1\">fermieri<\/a><a href=\"https:\/\/adevarul.ro\/tag\/dolj\" title=\"Ultimele \u0219tiri despre dolj\" class=\"tag-pill svelte-1l3vwp1\">dolj<\/a><a href=\"https:\/\/adevarul.ro\/tag\/recolta\" title=\"Ultimele \u0219tiri despre recolta\" class=\"tag-pill svelte-1l3vwp1\">recolta<\/a><a href=\"https:\/\/adevarul.ro\/tag\/pepeni\" title=\"Ultimele \u0219tiri despre pepeni\" class=\"tag-pill svelte-1l3vwp1\">pepeni<\/a><\/div>\n<\/div>\n<\/div>\n<p><a class=\"moreFromCategory svelte-x63bga\" href=\"https:\/\/adevarul.ro\/stiri-locale\/craiova\" title=\"Craiova\">Mai multe din <strong class=\"svelte-x63bga\">Craiova<\/strong> \u203a<\/a><\/footer>\n<\/article>\n<p>[analyse_source url=&#8221;https:\/\/adevarul.ro\/stiri-locale\/craiova\/pepenii-putrezesc-pe-camp-in-dolj-fermierii-spun-2552996.html&#8221;]<\/p>\n","protected":false},"excerpt":{"rendered":"<p>[analyse_image type=&#8221;featured&#8221; src=&#8221;https:\/\/cdn.adh.reperio.news\/image-d\/dc863560-cd04-47f9-85c3-8afa8d8d02c8\/index.jpeg?p=f%3Djpeg%26w%3D1200%26h%3D630%26r%3Dcover&#8221;] Home \u0218tiri locale Craiova Pepenii putrezesc pe c\u00e2mp \u00een Dolj. Fermierii spun c\u0103 recoltarea \u00eei cost\u0103 mai mult dec\u00e2t profitul ob\u021binut Sute de pepeni au ajuns s\u0103 se strice pe c\u00e2mpurile din jude\u021bul Dolj, dup\u0103 ce fermierii au constatat c\u0103 nu mai este rentabil s\u0103 \u00ee\u0219i recolteze culturile. De\u0219i produc\u021bia este bogat\u0103, [&hellip;]<\/p>\n","protected":false},"author":1,"featured_media":0,"comment_status":"open","ping_status":"","sticky":false,"template":"","format":"standard","meta":{"footnotes":""},"categories":[89],"tags":[19,226],"class_list":["post-2119264","post","type-post","status-publish","format-standard","hentry","category-romania","tag-adevarul","tag-crawlmanager"],"_links":{"self":[{"href":"https:\/\/analyse.optim.biz\/index.php?rest_route=\/wp\/v2\/posts\/2119264","targetHints":{"allow":["GET"]}}],"collection":[{"href":"https:\/\/analyse.optim.biz\/index.php?rest_route=\/wp\/v2\/posts"}],"about":[{"href":"https:\/\/analyse.optim.biz\/index.php?rest_route=\/wp\/v2\/types\/post"}],"author":[{"embeddable":true,"href":"https:\/\/analyse.optim.biz\/index.php?rest_route=\/wp\/v2\/users\/1"}],"replies":[{"embeddable":true,"href":"https:\/\/analyse.optim.biz\/index.php?rest_route=%2Fwp%2Fv2%2Fcomments&post=2119264"}],"version-history":[{"count":0,"href":"https:\/\/analyse.optim.biz\/index.php?rest_route=\/wp\/v2\/posts\/2119264\/revisions"}],"wp:attachment":[{"href":"https:\/\/analyse.optim.biz\/index.php?rest_route=%2Fwp%2Fv2%2Fmedia&parent=2119264"}],"wp:term":[{"taxonomy":"category","embeddable":true,"href":"https:\/\/analyse.optim.biz\/index.php?rest_route=%2Fwp%2Fv2%2Fcategories&post=2119264"},{"taxonomy":"post_tag","embeddable":true,"href":"https:\/\/analyse.optim.biz\/index.php?rest_route=%2Fwp%2Fv2%2Ftags&post=2119264"}],"curies":[{"name":"wp","href":"https:\/\/api.w.org\/{rel}","templated":true}]}}