{"id":2119216,"date":"2026-08-30T09:09:02","date_gmt":"2026-08-30T06:09:02","guid":{"rendered":"https:\/\/analyse.optim.biz\/?p=2119216"},"modified":"2026-08-30T09:09:02","modified_gmt":"2026-08-30T06:09:02","slug":"patrimoniu-cultural-cu-radacini-verzi-buzaul-isi-recompenseaza-descoperitorii-de-istorie","status":"publish","type":"post","link":"https:\/\/analyse.optim.biz\/?p=2119216","title":{"rendered":"Patrimoniu cultural cu r\u0103d\u0103cini verzi \u2013 Buz\u0103ul \u00ee\u0219i recompenseaz\u0103 descoperitorii de istorie"},"content":{"rendered":"<p>[analyse_image type=&#8221;featured&#8221; src=&#8221;https:\/\/revistaverde.ro\/wp-content\/uploads\/2026\/08\/poza-77.webp&#8221;]<\/p>\n<article id=\"post-15896\" class=\"post-15896 post type-post status-publish format-standard has-post-thumbnail hentry category-evnimente category-international category-turism\">\n<header class=\"entry-header mh-clearfix\">\n<h1 class=\"entry-title\">Patrimoniu cultural cu r\u0103d\u0103cini verzi \u2013 Buz\u0103ul \u00ee\u0219i recompenseaz\u0103 descoperitorii de istorie<\/h1>\n<p class=\"mh-meta entry-meta\"><span class=\"entry-meta-date updated\"><a href=\"https:\/\/revistaverde.ro\/2026\/08\/\">august 30, 2026<\/a><\/span><span class=\"entry-meta-author author vcard\"><a class=\"fn\" href=\"https:\/\/revistaverde.ro\/author\/revistaverdefrumoasa2017\/\">M\u0103rg\u0103rit GROSU<\/a><\/span><span class=\"entry-meta-categories\"><a href=\"https:\/\/revistaverde.ro\/category\/local\/evnimente\/\" rel=\"category tag\">Evenimente<\/a>, <a href=\"https:\/\/revistaverde.ro\/category\/international\/\" rel=\"category tag\">international<\/a>, <a href=\"https:\/\/revistaverde.ro\/category\/turism\/\" rel=\"category tag\">TURISM<\/a><\/span><span class=\"entry-meta-comments\"><a class=\"mh-comment-scroll\" href=\"https:\/\/revistaverde.ro\/2026\/08\/30\/patrimoniu-cultural-cu-radacini-verzi-buzaul-isi-recompenseaza-descoperitorii-de-istorie\/#mh-comments\">0<\/a><\/span><\/p>\n<\/header>\n<div class=\"entry-content mh-clearfix\">\n<figure class=\"entry-thumbnail\"><img decoding=\"async\" src=\"https:\/\/revistaverde.ro\/wp-content\/uploads\/2026\/08\/poza-77-678x381.webp\" alt title=\"poza 77\"><\/figure>\n<h2 class=\"wp-block-heading\">De la artefacte arheologice g\u0103site pe c\u00e2mp la art\u0103 contemporan\u0103 la Rm. S\u0103rat<\/h2>\n<p>Proiectul 173\/2026 stabile\u0219te \u0219i aprob\u0103 plata unor recompense b\u0103ne\u0219ti pentru bunuri arheologice descoperite pe teritoriul jude\u021bului Buz\u0103u de persoane fizice. Consiliul Jude\u021bean Buz\u0103u aplic\u0103 astfel Legea patrimoniului \u2013 oamenii care predau obiecte cu valoare istoric\u0103, \u00een loc s\u0103 le \u021bin\u0103 \u00een sertar, sunt recompensa\u021bi.<\/p>\n<p>\u00cen aceea\u0219i \u0219edin\u021b\u0103, Proiectul 168\/2026 aprob\u0103 co-organizarea de c\u0103tre Consiliul Jude\u021bean Buz\u0103u \u0219i Consiliul Local Rm. S\u0103rat a proiectului cultural \u201eRm. S\u0103rat Art\u201d \u2013 edi\u021bia II, septembrie 2026, iar Proiectul 186\/2026 aprob\u0103 organizarea concursului de proiecte de management la Biblioteca Jude\u021bean\u0103 \u201eV. Voiculescu\u201d Buz\u0103u, institu\u021bie aflat\u0103 \u00een subordinea Consiliului Jude\u021bean Buz\u0103u.<\/p>\n<p>C\u00e2nd aduci arta contemporan\u0103 \u00een spa\u021bii publice, educi respectul pentru spa\u021biul comun, pentru cur\u0103\u021benie, pentru natur\u0103.<\/p>\n<div class=\"col-md-2 col-sm-4 col-xs-4\"> .col-md-2 { float:left; width: 16.6667%; } <\/div>\n<div class=\"col-md-2 col-sm-4 col-xs-4\"> .col-md-2 { float:left; width: 16.6667%; } <\/p>\n<div class=\"fb-share-button\" data-href=\"https:\/\/revistaverde.ro\/2026\/08\/30\/patrimoniu-cultural-cu-radacini-verzi-buzaul-isi-recompenseaza-descoperitorii-de-istorie\/\" data-layout=\"button\" data-size=\"large\" data-mobile-iframe=\"true\"><a class=\"fb-xfbml-parse-ignore\" target=\"_blank\" href=\"https:\/\/www.facebook.com\/sharer\/sharer.php?u=https%3A%2F%2Frevistaverde.ro%2F2026%2F08%2F30%2Fpatrimoniu-cultural-cu-radacini-verzi-buzaul-isi-recompenseaza-descoperitorii-de-istorie%2F&amp;src=sdkpreparse\">Share<\/a><\/div>\n<\/div>\n<div class=\"col-md-2 col-sm-4 col-xs-4\"> .col-md-2 { float:left; width: 16.6667%; } <\/div>\n<\/div>\n<\/article>\n<div class=\"entry-content mh-clearfix\">\n<figure class=\"entry-thumbnail\"><img decoding=\"async\" src=\"https:\/\/revistaverde.ro\/wp-content\/uploads\/2026\/08\/poza-77-678x381.webp\" alt title=\"poza 77\"><\/figure>\n<h2 class=\"wp-block-heading\">De la artefacte arheologice g\u0103site pe c\u00e2mp la art\u0103 contemporan\u0103 la Rm. S\u0103rat<\/h2>\n<p>Proiectul 173\/2026 stabile\u0219te \u0219i aprob\u0103 plata unor recompense b\u0103ne\u0219ti pentru bunuri arheologice descoperite pe teritoriul jude\u021bului Buz\u0103u de persoane fizice. Consiliul Jude\u021bean Buz\u0103u aplic\u0103 astfel Legea patrimoniului \u2013 oamenii care predau obiecte cu valoare istoric\u0103, \u00een loc s\u0103 le \u021bin\u0103 \u00een sertar, sunt recompensa\u021bi.<\/p>\n<p>\u00cen aceea\u0219i \u0219edin\u021b\u0103, Proiectul 168\/2026 aprob\u0103 co-organizarea de c\u0103tre Consiliul Jude\u021bean Buz\u0103u \u0219i Consiliul Local Rm. S\u0103rat a proiectului cultural \u201eRm. S\u0103rat Art\u201d \u2013 edi\u021bia II, septembrie 2026, iar Proiectul 186\/2026 aprob\u0103 organizarea concursului de proiecte de management la Biblioteca Jude\u021bean\u0103 \u201eV. Voiculescu\u201d Buz\u0103u, institu\u021bie aflat\u0103 \u00een subordinea Consiliului Jude\u021bean Buz\u0103u.<\/p>\n<p>C\u00e2nd aduci arta contemporan\u0103 \u00een spa\u021bii publice, educi respectul pentru spa\u021biul comun, pentru cur\u0103\u021benie, pentru natur\u0103.<\/p>\n<div class=\"col-md-2 col-sm-4 col-xs-4\"> .col-md-2 { float:left; width: 16.6667%; } <\/div>\n<div class=\"col-md-2 col-sm-4 col-xs-4\"> .col-md-2 { float:left; width: 16.6667%; } <\/p>\n<div class=\"fb-share-button\" data-href=\"https:\/\/revistaverde.ro\/2026\/08\/30\/patrimoniu-cultural-cu-radacini-verzi-buzaul-isi-recompenseaza-descoperitorii-de-istorie\/\" data-layout=\"button\" data-size=\"large\" data-mobile-iframe=\"true\"><a class=\"fb-xfbml-parse-ignore\" target=\"_blank\" href=\"https:\/\/www.facebook.com\/sharer\/sharer.php?u=https%3A%2F%2Frevistaverde.ro%2F2026%2F08%2F30%2Fpatrimoniu-cultural-cu-radacini-verzi-buzaul-isi-recompenseaza-descoperitorii-de-istorie%2F&amp;src=sdkpreparse\">Share<\/a><\/div>\n<\/div>\n<div class=\"col-md-2 col-sm-4 col-xs-4\"> .col-md-2 { float:left; width: 16.6667%; } <\/div>\n<\/div>\n<p>[analyse_source url=&#8221;https:\/\/revistaverde.ro\/2026\/08\/30\/patrimoniu-cultural-cu-radacini-verzi-buzaul-isi-recompenseaza-descoperitorii-de-istorie\/&#8221;]<\/p>\n","protected":false},"excerpt":{"rendered":"<p>[analyse_image type=&#8221;featured&#8221; src=&#8221;https:\/\/revistaverde.ro\/wp-content\/uploads\/2026\/08\/poza-77.webp&#8221;] Patrimoniu cultural cu r\u0103d\u0103cini verzi \u2013 Buz\u0103ul \u00ee\u0219i recompenseaz\u0103 descoperitorii de istorie august 30, 2026M\u0103rg\u0103rit GROSUEvenimente, international, TURISM0 De la artefacte arheologice g\u0103site pe c\u00e2mp la art\u0103 contemporan\u0103 la Rm. S\u0103rat Proiectul 173\/2026 stabile\u0219te \u0219i aprob\u0103 plata unor recompense b\u0103ne\u0219ti pentru bunuri arheologice descoperite pe teritoriul jude\u021bului Buz\u0103u de persoane fizice. Consiliul [&hellip;]<\/p>\n","protected":false},"author":1,"featured_media":0,"comment_status":"open","ping_status":"","sticky":false,"template":"","format":"standard","meta":{"footnotes":""},"categories":[2],"tags":[226,57],"class_list":["post-2119216","post","type-post","status-publish","format-standard","hentry","category-politics","tag-crawlmanager","tag-revistaverde-ro"],"_links":{"self":[{"href":"https:\/\/analyse.optim.biz\/index.php?rest_route=\/wp\/v2\/posts\/2119216","targetHints":{"allow":["GET"]}}],"collection":[{"href":"https:\/\/analyse.optim.biz\/index.php?rest_route=\/wp\/v2\/posts"}],"about":[{"href":"https:\/\/analyse.optim.biz\/index.php?rest_route=\/wp\/v2\/types\/post"}],"author":[{"embeddable":true,"href":"https:\/\/analyse.optim.biz\/index.php?rest_route=\/wp\/v2\/users\/1"}],"replies":[{"embeddable":true,"href":"https:\/\/analyse.optim.biz\/index.php?rest_route=%2Fwp%2Fv2%2Fcomments&post=2119216"}],"version-history":[{"count":0,"href":"https:\/\/analyse.optim.biz\/index.php?rest_route=\/wp\/v2\/posts\/2119216\/revisions"}],"wp:attachment":[{"href":"https:\/\/analyse.optim.biz\/index.php?rest_route=%2Fwp%2Fv2%2Fmedia&parent=2119216"}],"wp:term":[{"taxonomy":"category","embeddable":true,"href":"https:\/\/analyse.optim.biz\/index.php?rest_route=%2Fwp%2Fv2%2Fcategories&post=2119216"},{"taxonomy":"post_tag","embeddable":true,"href":"https:\/\/analyse.optim.biz\/index.php?rest_route=%2Fwp%2Fv2%2Ftags&post=2119216"}],"curies":[{"name":"wp","href":"https:\/\/api.w.org\/{rel}","templated":true}]}}