{"id":2119214,"date":"2026-08-28T21:19:26","date_gmt":"2026-08-28T18:19:26","guid":{"rendered":"https:\/\/analyse.optim.biz\/?p=2119214"},"modified":"2026-08-28T21:19:26","modified_gmt":"2026-08-28T18:19:26","slug":"o-problema-legata-de-consumul-apei-si-factura","status":"publish","type":"post","link":"https:\/\/analyse.optim.biz\/?p=2119214","title":{"rendered":"O problem\u0103 legat\u0103 de consumul apei \u015fi factur\u0103"},"content":{"rendered":"<p>[analyse_image type=&#8221;featured&#8221; src=&#8221;https:\/\/www.tvbuzau.ro\/wp-content\/uploads\/2026\/08\/sddefault-61.jpghttps:\/\/www.tvbuzau.ro\/wp-content\/uploads\/2026\/08\/sddefault-61.jpg&#8221;]<\/p>\n<div class=\"td-ss-main-content\">\n<article id=\"post-120191\" class=\"post-120191 post type-post status-publish format-video has-post-thumbnail hentry category-actualitate post_format-post-format-video\">\n<div class=\"td-post-header\">\n<ul class=\"td-category\">\n<li class=\"entry-category\"><a href=\"https:\/\/www.tvbuzau.ro\/category\/actualitate\/\">Actualitate<\/a><\/li>\n<\/ul>\n<header class=\"td-post-title\">\n<h1 class=\"entry-title\">O problem\u0103 legat\u0103 de consumul apei \u015fi factur\u0103<\/h1>\n<div class=\"td-module-meta-info\">\n<div class=\"td-post-author-name\">De c\u0103tre <a href=\"https:\/\/www.tvbuzau.ro\/author\/mihai-vasilescu\/\">TV Buz\u0103u<\/a> &#8211; <\/div>\n<p><span class=\"td-post-date\"><time class=\"entry-date updated td-module-date\" datetime=\"2026-08-28T21:19:26+00:00\">august 28, 2026<\/time><\/span><\/p>\n<div class=\"td-post-comments\"><a href=\"https:\/\/www.tvbuzau.ro\/o-problema-legata-de-consumul-apei-si-factura\/#respond\">0<\/a><\/div>\n<div class=\"td-post-views\"><span class=\"td-nr-views-120191\">9<\/span><\/div>\n<\/div>\n<\/header>\n<\/div>\n<div class=\"td-post-sharing td-post-sharing-top td-with-like\">\n<div class=\"td-default-sharing\"><a class=\"td-social-sharing-buttons td-social-facebook\" href=\"http:\/\/www.facebook.com\/sharer.php?u=https%3A%2F%2Fwww.tvbuzau.ro%2Fo-problema-legata-de-consumul-apei-si-factura%2F\"><\/p>\n<div class=\"td-social-but-text\">Distribui\u021bi pe Facebook<\/div>\n<p><\/a><a class=\"td-social-sharing-buttons td-social-twitter\" href=\"https:\/\/twitter.com\/intent\/tweet?text=O+problem%C4%83+legat%C4%83+de+consumul+apei+%C5%9Fi+factur%C4%83&amp;url=https%3A%2F%2Fwww.tvbuzau.ro%2Fo-problema-legata-de-consumul-apei-si-factura%2F&amp;via=TV+Buz%C4%83u\"><\/p>\n<div class=\"td-social-but-text\">Distribui\u021bi pe Twitter<\/div>\n<p><\/a><\/div>\n<div class=\"td-classic-sharing\">\n<ul>\n<li class=\"td-classic-facebook\"><iframe frameborder src=\"https:\/\/www.facebook.com\/plugins\/like.php?href=https:\/\/www.tvbuzau.ro\/o-problema-legata-de-consumul-apei-si-factura\/&amp;layout=button_count&amp;show_faces=false&amp;width=105&amp;action=like&amp;colorscheme=light&amp;height=21\"><\/iframe><\/li>\n<li class=\"td-classic-twitter\"><a href=\"https:\/\/twitter.com\/share\" class=\"twitter-share-button\" data-url=\"https:\/\/www.tvbuzau.ro\/o-problema-legata-de-consumul-apei-si-factura\/\" data-text=\"O problem\u0103 legat\u0103 de consumul apei \u015fi factur\u0103\" data-via data-lang=\"en\">tweet<\/a><\/li>\n<\/ul>\n<\/div>\n<\/div>\n<div class=\"td-post-content\">\n<div class=\"td-featured-image-rec\">\n<div class=\"wpb_video_wrapper\">\n                    <iframe loading=\"lazy\" id=\"td_youtube_player\" width=\"600\" height=\"560\" src=\"https:\/\/www.youtube.com\/embed\/x7b9pxxF_z4?enablejsapi=1&amp;feature=oembed&amp;wmode=opaque&amp;vq=hd720\" frameborder allowfullscreen><\/iframe><\/p><\/div>\n<\/div>\n<p>De ce apar diferen\u0163ele de ap\u0103 dintre contorul de bran\u015fament \u015fi apometrele din apartament?<br \/>\nCompania de Ap\u0103 Buz\u0103u a transmis c\u0103 mul\u021bi utilizatori observ\u0103 diferen\u021bele de consum de ap\u0103 dintre valorile \u00eenregistrate de repartitoarele de costuri din apartamente \u0219i valorile \u00eenregistrate de contorul general instalat la intrarea \u00een bloc.<br \/>\nDe\u0219i, la prima vedere, pare o neconcordan\u021b\u0103, \u00een realitate aceast\u0103 diferen\u021b\u0103 are un cumul de explica\u021bii tehnice. Contorul de bran\u0219ament, administrat de Compania de Ap\u0103 Buz\u0103u, este un contor de clas\u0103 de precizie C (superioar\u0103) \u0219i porne\u0219te \u00eenregistrarea consumului de la un debit de aproximativ 15 litri\/or\u0103.<\/p>\n<p>\u201c\u00cen schimb, majoritatea repartitoarelor de costuri din apartamente sunt:<br \/>\n\u2022 clasa B, care \u00eenregistreaz\u0103 consumul \u00eencep\u00e2nd cu aproximativ 30 litri\/or\u0103;<br \/>\n\u2022 sau clasa A, care pornesc \u00eenregistrarea abia de la 60 litri\/or\u0103.<br \/>\nApometrul companiei \u00eenregistreaz\u0103 \u00eentreaga cantitate de ap\u0103 ce trece spre utilizator, \u00een timp ce repartitoarele de costuri individuale \u00eenregistreaz\u0103 doar de la un anumit debit (30 l\/or\u0103 \u00een cazul repartitoarelor de clas\u0103 B, respectiv 60 l\/or\u0103 \u00een cazul repartitoarelor de clas\u0103 A).  Deci un consum foarte mic, dar continuu, poate fi \u00eenregistrat de contorul general, f\u0103r\u0103 s\u0103 fie \u00eenregistrat \u0219i de repartitorul din apartament\u201d, a nun\u0163at Compania de Ap\u0103.<br \/>\nSpre deosebire de contorul de bran\u0219ament, repartitoarele de costuri nu sunt recunoscute de lege ca aparate supuse verific\u0103rii metrologice periodice, arat\u0103 operatorul de ap\u0103.<br \/>\n\u00cen timp, acestea se pot uza, se pot bloca, se pot colmata sau pot func\u021biona cu abateri. Dac\u0103 exist\u0103 suspiciuni privind func\u021bionarea lor, Asocia\u021bia de Proprietari poate solicita testarea acestora.<br \/>\nChiar dac\u0103, la prima vedere, un robinet care picur\u0103 poate p\u0103rea nesemnificativ, \u00een timp \u0219i \u00een func\u021bie de debitul scurgerii, pierderile pot ajunge la valori importante.<\/p>\n<p>\u201cAstfel, o pierdere poate varia de la aproximativ 0,36 m\u00b3\/lun\u0103 \u00een cazul \u00een care debitul scurgerii este unul foarte mic (spre exemplu, picur\u0103 robinetul), p\u00e2n\u0103 la 26,28 m\u00b3 de ap\u0103 pe lun\u0103 \u00een cazul unei scurgeri continue. Pentru compara\u021bie, o persoan\u0103 consum\u0103, \u00een medie, aproximativ 6 m\u00b3 de ap\u0103 rece \u00eentr-o lun\u0103.Diferen\u021bele pot proveni \u0219i din:<br \/>\nrobine\u021bi neetan\u0219i;  vase WC care pierd ap\u0103;  pierderi pe coloanele blocului;<br \/>\n\u2022 robine\u021bi existen\u021bi \u00een subsoluri;  consumuri de pe instala\u021biile comune\u201d, arat\u0103 opertorul ecoomic.<\/p>\n<p>Toate aceste cantit\u0103\u021bi sunt \u00eenregistrate de contorul general, chiar dac\u0103 nu apar pe repartitoarele individuale. Diferen\u021bele pot ap\u0103rea \u0219i atunci c\u00e2nd contorul general \u0219i repartitoarele din apartamente sunt citite \u00een zile diferite sau c\u00e2nd indexurile sunt transmise eronat. \u00cen anumite situa\u021bii, indexurile repartitoarelor sunt comunicate gre\u0219it sau estimat, ceea ce influen\u021beaz\u0103 repartizarea consumului total.<br \/>\nO pierdere aparent minor\u0103 poate avea efecte surprinz\u0103toare.<br \/>\nAstfel, speciali\u015ftii recomand\u0103 verificarea periodic\u0103 a instala\u021biilor interioare \u0219i remedierea imediat\u0103 a pierderilor, verificarea \u0219i \u00eentre\u021binerea repartitoarelor de costuri,<br \/>\ncitirea repartitoarelor \u00een aceea\u0219i perioad\u0103 cu citirea contorului de bran\u0219ament, verificarea instala\u021biilor comune ale blocului pentru identificarea eventualelor pierderi sau consumuri necontorizate.<br \/>\nPe termen lung, contorizarea individual\u0103 pe orizontal\u0103, av\u00e2nd contoare moderne care permit citirea la distan\u021b\u0103, reprezint\u0103 una dintre cele mai eficiente solu\u021bii pentru reducerea diferen\u021belor dintre consumul individual \u0219i cel \u00eenregistrat la nivelul bran\u0219amentului.<\/p>\n<div class=\"post-views post-120191 entry-meta\"><span class=\"post-views-label\">Post Views: <\/span><span class=\"post-views-count\">206<\/span><\/div>\n<\/div>\n<footer>\n<div class=\"td-post-sharing td-post-sharing-bottom td-with-like\"><span class=\"td-post-share-title\">DISTRIBUI\u021aI<\/span><\/p>\n<div class=\"td-default-sharing\"><a class=\"td-social-sharing-buttons td-social-facebook\" href=\"http:\/\/www.facebook.com\/sharer.php?u=https%3A%2F%2Fwww.tvbuzau.ro%2Fo-problema-legata-de-consumul-apei-si-factura%2F\"><\/p>\n<div class=\"td-social-but-text\">Facebook<\/div>\n<p><\/a><a class=\"td-social-sharing-buttons td-social-twitter\" href=\"https:\/\/twitter.com\/intent\/tweet?text=O+problem%C4%83+legat%C4%83+de+consumul+apei+%C5%9Fi+factur%C4%83&amp;url=https%3A%2F%2Fwww.tvbuzau.ro%2Fo-problema-legata-de-consumul-apei-si-factura%2F&amp;via=TV+Buz%C4%83u\"><\/p>\n<div class=\"td-social-but-text\">Twitter<\/div>\n<p><\/a><\/div>\n<div class=\"td-classic-sharing\">\n<ul>\n<li class=\"td-classic-facebook\"><iframe frameborder src=\"https:\/\/www.facebook.com\/plugins\/like.php?href=https:\/\/www.tvbuzau.ro\/o-problema-legata-de-consumul-apei-si-factura\/&amp;layout=button_count&amp;show_faces=false&amp;width=105&amp;action=like&amp;colorscheme=light&amp;height=21\"><\/iframe><\/li>\n<li class=\"td-classic-twitter\"><a href=\"https:\/\/twitter.com\/share\" class=\"twitter-share-button\" data-url=\"https:\/\/www.tvbuzau.ro\/o-problema-legata-de-consumul-apei-si-factura\/\" data-text=\"O problem\u0103 legat\u0103 de consumul apei \u015fi factur\u0103\" data-via data-lang=\"en\">tweet<\/a><\/li>\n<\/ul>\n<\/div>\n<\/div>\n<div class=\"td-author-name vcard author\"><span class=\"fn\"><a href=\"https:\/\/www.tvbuzau.ro\/author\/mihai-vasilescu\/\">TV Buz\u0103u<\/a><\/span><\/div>\n<p><span><\/span><span><span><\/span><\/span><span><\/span><\/footer>\n<\/article>\n<div class=\"td_block_wrap td_block_related_posts td_uid_1_6a942692b7483_rand td_with_ajax_pagination td-pb-border-top\" data-td-block-uid=\"td_uid_1_6a942692b7483\">\n<h4 class=\"td-related-title\"><a id=\"td_uid_2_6a942692bcb4f\" class=\"td-related-left td-cur-simple-item\" data-td_filter_value data-td_block_id=\"td_uid_1_6a942692b7483\" href=\"https:\/\/www.tvbuzau.ro\/o-problema-legata-de-consumul-apei-si-factura\/\">ARTICOLE SIMILARE<\/a><a id=\"td_uid_3_6a942692bcb8a\" class=\"td-related-right\" data-td_filter_value=\"td_related_more_from_author\" data-td_block_id=\"td_uid_1_6a942692b7483\" href=\"https:\/\/www.tvbuzau.ro\/o-problema-legata-de-consumul-apei-si-factura\/\">DE LA ACELA\u0218I AUTOR<\/a><\/h4>\n<div id=\"td_uid_1_6a942692b7483\" class=\"td_block_inner\">\n<div class=\"td-related-row\">\n<div class=\"td-related-span4\">\n<div class=\"td_module_related_posts td-animation-stack td_mod_related_posts\">\n<div class=\"td-module-image\">\n<div class=\"td-module-thumb\"><a href=\"https:\/\/www.tvbuzau.ro\/aqua-parkul-anuntat-in-2026-va-fi-deschis-in-2027\/\" rel=\"bookmark\" title=\"Aqua-parkul anun\u0163at \u00een 2026, va fi deschis \u00een 2027\"><img loading=\"lazy\" decoding=\"async\" width=\"218\" height=\"150\" class=\"entry-thumb\" src=\"https:\/\/www.tvbuzau.ro\/wp-content\/uploads\/2026\/08\/sddefault-62-218x150.jpg\" alt title=\"Aqua-parkul anun\u0163at \u00een 2026, va fi deschis \u00een 2027\"><span class=\"td-video-play-ico\"><img loading=\"lazy\" decoding=\"async\" width=\"40\" height=\"40\" class=\"td-retina\" src=\"https:\/\/www.tvbuzau.ro\/wp-content\/themes\/Newspaper\/images\/icons\/ico-video-large.png\" alt=\"video\"><\/span><\/a><\/div>\n<p><a href=\"https:\/\/www.tvbuzau.ro\/category\/actualitate\/\" class=\"td-post-category\">Actualitate<\/a><\/div>\n<div class=\"item-details\">\n<h3 class=\"entry-title td-module-title\"><a href=\"https:\/\/www.tvbuzau.ro\/aqua-parkul-anuntat-in-2026-va-fi-deschis-in-2027\/\" rel=\"bookmark\" title=\"Aqua-parkul anun\u0163at \u00een 2026, va fi deschis \u00een 2027\">Aqua-parkul anun\u0163at \u00een 2026, va fi deschis \u00een 2027<\/a><\/h3>\n<\/div>\n<\/div>\n<\/div>\n<div class=\"td-related-span4\">\n<div class=\"td_module_related_posts td-animation-stack td_mod_related_posts\">\n<div class=\"td-module-image\">\n<div class=\"td-module-thumb\"><a href=\"https:\/\/www.tvbuzau.ro\/de-ce-apar-intarzieri-pe-caile-ferate\/\" rel=\"bookmark\" title=\"De ce apar \u00eent\u00e2rzieri pe c\u0103ile ferate\"><img loading=\"lazy\" decoding=\"async\" width=\"218\" height=\"150\" class=\"entry-thumb\" src=\"https:\/\/www.tvbuzau.ro\/wp-content\/uploads\/2026\/08\/hqdefault-34-218x150.jpg\" alt title=\"De ce apar \u00eent\u00e2rzieri pe c\u0103ile ferate\"><span class=\"td-video-play-ico\"><img loading=\"lazy\" decoding=\"async\" width=\"40\" height=\"40\" class=\"td-retina\" src=\"https:\/\/www.tvbuzau.ro\/wp-content\/themes\/Newspaper\/images\/icons\/ico-video-large.png\" alt=\"video\"><\/span><\/a><\/div>\n<p><a href=\"https:\/\/www.tvbuzau.ro\/category\/actualitate\/\" class=\"td-post-category\">Actualitate<\/a><\/div>\n<div class=\"item-details\">\n<h3 class=\"entry-title td-module-title\"><a href=\"https:\/\/www.tvbuzau.ro\/de-ce-apar-intarzieri-pe-caile-ferate\/\" rel=\"bookmark\" title=\"De ce apar \u00eent\u00e2rzieri pe c\u0103ile ferate\">De ce apar \u00eent\u00e2rzieri pe c\u0103ile ferate<\/a><\/h3>\n<\/div>\n<\/div>\n<\/div>\n<div class=\"td-related-span4\">\n<div class=\"td_module_related_posts td-animation-stack td_mod_related_posts\">\n<div class=\"td-module-image\">\n<div class=\"td-module-thumb\"><a href=\"https:\/\/www.tvbuzau.ro\/peste-4-000-de-soiuri-de-tomate-la-banca-de-resurse-genetice-vegetale\/\" rel=\"bookmark\" title=\"Peste 4.000 de soiuri de tomate la Banca de Resurse Genetice Vegetale\"><img loading=\"lazy\" decoding=\"async\" width=\"218\" height=\"150\" class=\"entry-thumb\" src=\"https:\/\/www.tvbuzau.ro\/wp-content\/uploads\/2026\/08\/sddefault-60-218x150.jpg\" alt title=\"Peste 4.000 de soiuri de tomate la Banca de Resurse Genetice Vegetale\"><\/a><\/div>\n<p><a href=\"https:\/\/www.tvbuzau.ro\/category\/actualitate\/\" class=\"td-post-category\">Actualitate<\/a><\/div>\n<div class=\"item-details\">\n<h3 class=\"entry-title td-module-title\"><a href=\"https:\/\/www.tvbuzau.ro\/peste-4-000-de-soiuri-de-tomate-la-banca-de-resurse-genetice-vegetale\/\" rel=\"bookmark\" title=\"Peste 4.000 de soiuri de tomate la Banca de Resurse Genetice Vegetale\">Peste 4.000 de soiuri de tomate la Banca de Resurse Genetice Vegetale<\/a><\/h3>\n<\/div>\n<\/div>\n<\/div>\n<\/div>\n<div class=\"td-related-row\">\n<div class=\"td-related-span4\">\n<div class=\"td_module_related_posts td-animation-stack td_mod_related_posts\">\n<div class=\"td-module-image\">\n<div class=\"td-module-thumb\"><a href=\"https:\/\/www.tvbuzau.ro\/viitorii-cetateni-de-onoare-vor-fi-verificati-la-cnsas\/\" rel=\"bookmark\" title=\"Viitorii \u201cCet\u0103\u0163eni de onoare\u201d vor fi verifica\u0163i la CNSAS\"><img loading=\"lazy\" decoding=\"async\" width=\"218\" height=\"150\" class=\"entry-thumb\" src=\"https:\/\/www.tvbuzau.ro\/wp-content\/uploads\/2026\/08\/sddefault-59-218x150.jpg\" alt title=\"Viitorii \u201cCet\u0103\u0163eni de onoare\u201d vor fi verifica\u0163i la CNSAS\"><span class=\"td-video-play-ico\"><img loading=\"lazy\" decoding=\"async\" width=\"40\" height=\"40\" class=\"td-retina\" src=\"https:\/\/www.tvbuzau.ro\/wp-content\/themes\/Newspaper\/images\/icons\/ico-video-large.png\" alt=\"video\"><\/span><\/a><\/div>\n<p><a href=\"https:\/\/www.tvbuzau.ro\/category\/actualitate\/\" class=\"td-post-category\">Actualitate<\/a><\/div>\n<div class=\"item-details\">\n<h3 class=\"entry-title td-module-title\"><a href=\"https:\/\/www.tvbuzau.ro\/viitorii-cetateni-de-onoare-vor-fi-verificati-la-cnsas\/\" rel=\"bookmark\" title=\"Viitorii \u201cCet\u0103\u0163eni de onoare\u201d vor fi verifica\u0163i la CNSAS\">Viitorii \u201cCet\u0103\u0163eni de onoare\u201d vor fi verifica\u0163i la CNSAS<\/a><\/h3>\n<\/div>\n<\/div>\n<\/div>\n<div class=\"td-related-span4\">\n<div class=\"td_module_related_posts td-animation-stack td_mod_related_posts\">\n<div class=\"td-module-image\">\n<div class=\"td-module-thumb\"><a href=\"https:\/\/www.tvbuzau.ro\/angajatii-din-consiliul-judetean-au-lucrat-dupa-program\/\" rel=\"bookmark\" title=\"Angaja\u0163ii din Consiliul Jude\u0163ean au lucrat dup\u0103 program\"><img loading=\"lazy\" decoding=\"async\" width=\"218\" height=\"150\" class=\"entry-thumb\" src=\"https:\/\/www.tvbuzau.ro\/wp-content\/uploads\/2026\/08\/sddefault-58-218x150.jpg\" alt title=\"Angaja\u0163ii din Consiliul Jude\u0163ean au lucrat dup\u0103 program\"><span class=\"td-video-play-ico\"><img loading=\"lazy\" decoding=\"async\" width=\"40\" height=\"40\" class=\"td-retina\" src=\"https:\/\/www.tvbuzau.ro\/wp-content\/themes\/Newspaper\/images\/icons\/ico-video-large.png\" alt=\"video\"><\/span><\/a><\/div>\n<p><a href=\"https:\/\/www.tvbuzau.ro\/category\/actualitate\/\" class=\"td-post-category\">Actualitate<\/a><\/div>\n<div class=\"item-details\">\n<h3 class=\"entry-title td-module-title\"><a href=\"https:\/\/www.tvbuzau.ro\/angajatii-din-consiliul-judetean-au-lucrat-dupa-program\/\" rel=\"bookmark\" title=\"Angaja\u0163ii din Consiliul Jude\u0163ean au lucrat dup\u0103 program\">Angaja\u0163ii din Consiliul Jude\u0163ean au lucrat dup\u0103 program<\/a><\/h3>\n<\/div>\n<\/div>\n<\/div>\n<div class=\"td-related-span4\">\n<div class=\"td_module_related_posts td-animation-stack td_mod_related_posts\">\n<div class=\"td-module-image\">\n<div class=\"td-module-thumb\"><a href=\"https:\/\/www.tvbuzau.ro\/40-de-milioane-lei-pentru-dotarea-cu-aparatura-medicala-a-sju-buzau\/\" rel=\"bookmark\" title=\"40 de milioane lei pentru dotarea cu aparatur\u0103 medical\u0103 a SJU Buz\u0103u\"><img loading=\"lazy\" decoding=\"async\" width=\"218\" height=\"150\" class=\"entry-thumb\" src=\"https:\/\/www.tvbuzau.ro\/wp-content\/uploads\/2026\/08\/sddefault-57-218x150.jpg\" alt title=\"40 de milioane lei pentru dotarea cu aparatur\u0103 medical\u0103 a SJU Buz\u0103u\"><span class=\"td-video-play-ico\"><img loading=\"lazy\" decoding=\"async\" width=\"40\" height=\"40\" class=\"td-retina\" src=\"https:\/\/www.tvbuzau.ro\/wp-content\/themes\/Newspaper\/images\/icons\/ico-video-large.png\" alt=\"video\"><\/span><\/a><\/div>\n<p><a href=\"https:\/\/www.tvbuzau.ro\/category\/actualitate\/\" class=\"td-post-category\">Actualitate<\/a><\/div>\n<div class=\"item-details\">\n<h3 class=\"entry-title td-module-title\"><a href=\"https:\/\/www.tvbuzau.ro\/40-de-milioane-lei-pentru-dotarea-cu-aparatura-medicala-a-sju-buzau\/\" rel=\"bookmark\" title=\"40 de milioane lei pentru dotarea cu aparatur\u0103 medical\u0103 a SJU Buz\u0103u\">40 de milioane lei pentru dotarea cu aparatur\u0103 medical\u0103 a SJU Buz\u0103u<\/a><\/h3>\n<\/div>\n<\/div>\n<\/div>\n<\/div>\n<\/div>\n<\/div>\n<div class=\"comments\" id=\"comments\">\n<div id=\"respond\" class=\"comment-respond\">\n<h3 id=\"reply-title\" class=\"comment-reply-title\">L\u0102SA\u021aI UN MESAJ <small><a rel=\"nofollow\" id=\"cancel-comment-reply-link\" href=\"https:\/\/www.tvbuzau.ro\/o-problema-legata-de-consumul-apei-si-factura\/#respond\">Renun\u021ba\u021bi la r\u0103spuns<\/a><\/small><\/h3>\n<\/div>\n<\/div>\n<\/div>\n<div class=\"td-post-content\">\n<div class=\"td-featured-image-rec\">\n<div class=\"wpb_video_wrapper\">\n                    <iframe loading=\"lazy\" id=\"td_youtube_player\" width=\"600\" height=\"560\" src=\"https:\/\/www.youtube.com\/embed\/x7b9pxxF_z4?enablejsapi=1&amp;feature=oembed&amp;wmode=opaque&amp;vq=hd720\" frameborder allowfullscreen><\/iframe><\/p><\/div>\n<\/div>\n<p>De ce apar diferen\u0163ele de ap\u0103 dintre contorul de bran\u015fament \u015fi apometrele din apartament?<br \/>\nCompania de Ap\u0103 Buz\u0103u a transmis c\u0103 mul\u021bi utilizatori observ\u0103 diferen\u021bele de consum de ap\u0103 dintre valorile \u00eenregistrate de repartitoarele de costuri din apartamente \u0219i valorile \u00eenregistrate de contorul general instalat la intrarea \u00een bloc.<br \/>\nDe\u0219i, la prima vedere, pare o neconcordan\u021b\u0103, \u00een realitate aceast\u0103 diferen\u021b\u0103 are un cumul de explica\u021bii tehnice. Contorul de bran\u0219ament, administrat de Compania de Ap\u0103 Buz\u0103u, este un contor de clas\u0103 de precizie C (superioar\u0103) \u0219i porne\u0219te \u00eenregistrarea consumului de la un debit de aproximativ 15 litri\/or\u0103.<\/p>\n<p>\u201c\u00cen schimb, majoritatea repartitoarelor de costuri din apartamente sunt:<br \/>\n\u2022 clasa B, care \u00eenregistreaz\u0103 consumul \u00eencep\u00e2nd cu aproximativ 30 litri\/or\u0103;<br \/>\n\u2022 sau clasa A, care pornesc \u00eenregistrarea abia de la 60 litri\/or\u0103.<br \/>\nApometrul companiei \u00eenregistreaz\u0103 \u00eentreaga cantitate de ap\u0103 ce trece spre utilizator, \u00een timp ce repartitoarele de costuri individuale \u00eenregistreaz\u0103 doar de la un anumit debit (30 l\/or\u0103 \u00een cazul repartitoarelor de clas\u0103 B, respectiv 60 l\/or\u0103 \u00een cazul repartitoarelor de clas\u0103 A).  Deci un consum foarte mic, dar continuu, poate fi \u00eenregistrat de contorul general, f\u0103r\u0103 s\u0103 fie \u00eenregistrat \u0219i de repartitorul din apartament\u201d, a nun\u0163at Compania de Ap\u0103.<br \/>\nSpre deosebire de contorul de bran\u0219ament, repartitoarele de costuri nu sunt recunoscute de lege ca aparate supuse verific\u0103rii metrologice periodice, arat\u0103 operatorul de ap\u0103.<br \/>\n\u00cen timp, acestea se pot uza, se pot bloca, se pot colmata sau pot func\u021biona cu abateri. Dac\u0103 exist\u0103 suspiciuni privind func\u021bionarea lor, Asocia\u021bia de Proprietari poate solicita testarea acestora.<br \/>\nChiar dac\u0103, la prima vedere, un robinet care picur\u0103 poate p\u0103rea nesemnificativ, \u00een timp \u0219i \u00een func\u021bie de debitul scurgerii, pierderile pot ajunge la valori importante.<\/p>\n<p>\u201cAstfel, o pierdere poate varia de la aproximativ 0,36 m\u00b3\/lun\u0103 \u00een cazul \u00een care debitul scurgerii este unul foarte mic (spre exemplu, picur\u0103 robinetul), p\u00e2n\u0103 la 26,28 m\u00b3 de ap\u0103 pe lun\u0103 \u00een cazul unei scurgeri continue. Pentru compara\u021bie, o persoan\u0103 consum\u0103, \u00een medie, aproximativ 6 m\u00b3 de ap\u0103 rece \u00eentr-o lun\u0103.Diferen\u021bele pot proveni \u0219i din:<br \/>\nrobine\u021bi neetan\u0219i;  vase WC care pierd ap\u0103;  pierderi pe coloanele blocului;<br \/>\n\u2022 robine\u021bi existen\u021bi \u00een subsoluri;  consumuri de pe instala\u021biile comune\u201d, arat\u0103 opertorul ecoomic.<\/p>\n<p>Toate aceste cantit\u0103\u021bi sunt \u00eenregistrate de contorul general, chiar dac\u0103 nu apar pe repartitoarele individuale. Diferen\u021bele pot ap\u0103rea \u0219i atunci c\u00e2nd contorul general \u0219i repartitoarele din apartamente sunt citite \u00een zile diferite sau c\u00e2nd indexurile sunt transmise eronat. \u00cen anumite situa\u021bii, indexurile repartitoarelor sunt comunicate gre\u0219it sau estimat, ceea ce influen\u021beaz\u0103 repartizarea consumului total.<br \/>\nO pierdere aparent minor\u0103 poate avea efecte surprinz\u0103toare.<br \/>\nAstfel, speciali\u015ftii recomand\u0103 verificarea periodic\u0103 a instala\u021biilor interioare \u0219i remedierea imediat\u0103 a pierderilor, verificarea \u0219i \u00eentre\u021binerea repartitoarelor de costuri,<br \/>\ncitirea repartitoarelor \u00een aceea\u0219i perioad\u0103 cu citirea contorului de bran\u0219ament, verificarea instala\u021biilor comune ale blocului pentru identificarea eventualelor pierderi sau consumuri necontorizate.<br \/>\nPe termen lung, contorizarea individual\u0103 pe orizontal\u0103, av\u00e2nd contoare moderne care permit citirea la distan\u021b\u0103, reprezint\u0103 una dintre cele mai eficiente solu\u021bii pentru reducerea diferen\u021belor dintre consumul individual \u0219i cel \u00eenregistrat la nivelul bran\u0219amentului.<\/p>\n<div class=\"post-views post-120191 entry-meta\"><span class=\"post-views-label\">Post Views: <\/span><span class=\"post-views-count\">206<\/span><\/div>\n<\/div>\n<p>[analyse_source url=&#8221;https:\/\/www.tvbuzau.ro\/o-problema-legata-de-consumul-apei-si-factura\/&#8221;]<\/p>\n","protected":false},"excerpt":{"rendered":"<p>[analyse_image type=&#8221;featured&#8221; src=&#8221;https:\/\/www.tvbuzau.ro\/wp-content\/uploads\/2026\/08\/sddefault-61.jpghttps:\/\/www.tvbuzau.ro\/wp-content\/uploads\/2026\/08\/sddefault-61.jpg&#8221;] Actualitate O problem\u0103 legat\u0103 de consumul apei \u015fi factur\u0103 De c\u0103tre TV Buz\u0103u &#8211; august 28, 2026 0 9 Distribui\u021bi pe Facebook Distribui\u021bi pe Twitter tweet De ce apar diferen\u0163ele de ap\u0103 dintre contorul de bran\u015fament \u015fi apometrele din apartament? Compania de Ap\u0103 Buz\u0103u a transmis c\u0103 mul\u021bi utilizatori observ\u0103 diferen\u021bele de [&hellip;]<\/p>\n","protected":false},"author":1,"featured_media":0,"comment_status":"open","ping_status":"","sticky":false,"template":"","format":"standard","meta":{"footnotes":""},"categories":[2],"tags":[226,116],"class_list":["post-2119214","post","type-post","status-publish","format-standard","hentry","category-politics","tag-crawlmanager","tag-tvbuzau-ro"],"_links":{"self":[{"href":"https:\/\/analyse.optim.biz\/index.php?rest_route=\/wp\/v2\/posts\/2119214","targetHints":{"allow":["GET"]}}],"collection":[{"href":"https:\/\/analyse.optim.biz\/index.php?rest_route=\/wp\/v2\/posts"}],"about":[{"href":"https:\/\/analyse.optim.biz\/index.php?rest_route=\/wp\/v2\/types\/post"}],"author":[{"embeddable":true,"href":"https:\/\/analyse.optim.biz\/index.php?rest_route=\/wp\/v2\/users\/1"}],"replies":[{"embeddable":true,"href":"https:\/\/analyse.optim.biz\/index.php?rest_route=%2Fwp%2Fv2%2Fcomments&post=2119214"}],"version-history":[{"count":0,"href":"https:\/\/analyse.optim.biz\/index.php?rest_route=\/wp\/v2\/posts\/2119214\/revisions"}],"wp:attachment":[{"href":"https:\/\/analyse.optim.biz\/index.php?rest_route=%2Fwp%2Fv2%2Fmedia&parent=2119214"}],"wp:term":[{"taxonomy":"category","embeddable":true,"href":"https:\/\/analyse.optim.biz\/index.php?rest_route=%2Fwp%2Fv2%2Fcategories&post=2119214"},{"taxonomy":"post_tag","embeddable":true,"href":"https:\/\/analyse.optim.biz\/index.php?rest_route=%2Fwp%2Fv2%2Ftags&post=2119214"}],"curies":[{"name":"wp","href":"https:\/\/api.w.org\/{rel}","templated":true}]}}