{"id":211920,"date":"2014-02-19T10:52:22","date_gmt":"2014-02-19T07:52:22","guid":{"rendered":"https:\/\/analyse.optim.biz\/?p=211920"},"modified":"2014-02-19T10:52:22","modified_gmt":"2014-02-19T07:52:22","slug":"d-chitoiu-si-a-gerea-si-au-inregistrat-oficial-demisiile-c-nita-si-v-ponta-vor-fi-interimari","status":"publish","type":"post","link":"https:\/\/analyse.optim.biz\/?p=211920","title":{"rendered":"D. Chi\u0163oiu \u015fi A. Gerea \u015fi-au \u00eenregistrat oficial demisiile. C. Ni\u0163\u0103 \u015fi V. Ponta vor fi interimari\u00a0"},"content":{"rendered":"<div class=\"entry data-app-meta data-app-meta-article\" data-embed-base-url-canonical=\"https:\/\/www.digi24.ro\/embed\/stiri\/actualitate\/politica\/d-chitoiu-si-a-gerea-si-au-inregistrat-oficial-demisiile-c-nita-si-v-ponta-vor-fi-interimari-202662\">\n<p data-index=\"1\"><strong><img decoding=\"async\" src=\"https:\/\/analyse.optim.biz\/wp-content\/uploads\/2024\/09\/ndbhotkyogi1mjhimzyzzdqzmmqznjlmzg-thumb_.jpg\" data-skip-htmlfix=\"1\" title=\"ndbhotkyogi1mjhimzyzzdqzmmqznjlmzg-thumb_\"><\/strong><\/p>\n<p data-index=\"2\"><span><strong>(Daniel Chi\u0163oiu &#8211; Mediafax)<\/strong><\/span><\/p>\n<p data-index=\"3\"><strong>ACTUALIZARE 12.22. Constantin Ni\u0163\u0103 va asigura interimatul la Economie, iar Victor Ponta va fi interimar la Finan\u0163e.<\/strong><\/p>\n<p data-index=\"4\">Anun\u0163ul a fost f\u0103cut de Victor Ponta la \u015fedin\u0163a de Guvern.<\/p>\n<p data-index=\"5\"><strong>ACTUALIZARE 12.15.<\/strong> Daniel Chi\u0163oiu \u015fi Adrian Gerea \u015fi-au \u00eenregistrat ast\u0103zi demisiile de func\u0163iile de mini\u015ftri.<\/p>\n<p data-index=\"6\">Pre\u015fedintele PNL, Crin Antonescu, a avut la Palatul Victoria o discu\u0163ie cu liderul PSD, premierul Victor Ponta. Antonescu a stat aproximativ jum\u0103tate de or\u0103 la Guvern. Pre\u015fedintele PNL, Crin Antonescu, sus\u0163ine o conferin\u0163\u0103 de pres\u0103 ast\u0103zi, la ora 13.00.<\/p>\n<p data-index=\"7\">Crin Antonescu a plecat de la Guvern \u00eenso\u0163it de Chi\u0163oiu \u015fi Gerea.<\/p>\n<p data-index=\"8\"><img decoding=\"async\" src=\"https:\/\/analyse.optim.biz\/wp-content\/uploads\/2024\/09\/mdamagfzad0ymgqymdkwmjcxmdi4otjiodewnjdjnmuwmzk0otkwzg-thumb_.jpg\" data-skip-htmlfix=\"1\" title=\"mdamagfzad0ymgqymdkwmjcxmdi4otjiodewnjdjnmuwmzk0otkwzg-thumb_\"><\/p>\n<p data-index=\"9\"><strong>(Andrei Gerea &#8211; Mediafax)<\/strong><\/p>\n<p data-index=\"10\">Potrivit unor surse, PNL nu dore\u015fte interimari la cele dou\u0103 ministere.<\/p>\n<hr>\n<p data-index=\"11\">PNL le-a cerut lui Daniel Chi\u0163oiu \u015fi Andrei Gerea s\u0103 \u00ee\u015fi \u00eenregistreze oficial, ast\u0103zi, demisiile.<\/p>\n<p data-index=\"12\">La aproape dou\u0103 s\u0103pt\u0103m\u00e2ni de la demisiile lui <a href=\"https:\/\/www.digi24.ro\/Stiri\/Digi24\/Actualitate\/Politica\/VIDEO+Ce+fac+ministrii+demisionari+cand+se+duc+la+serviciu\" target=\"_blank\" data-skip-linkfix=\"1\" rel=\"noopener\"><strong>Daniel Chi\u0163oiu<\/strong> \u015fi <strong>Andrei Gerea<\/strong><\/a>, mini\u015ftrii de la Economie \u015fi Finan\u0163e nu au fost \u00eenc\u0103 \u00eenlocui\u0163i. Cei doi merg la serviciu, dar nu fac nimic.<\/p>\n<p data-index=\"13\">Ei \u015fi-au \u00eenaintat demisiile dar ele nu au fost acceptate de premier, astfel c\u0103 \u00een locurile l\u0103sate vacante de ei nu a fost numit nici m\u0103car un interimar.<\/p>\n<p data-index=\"14\">Liderii PNL \u00eei oblig\u0103 pe cei doi s\u0103 \u00ee\u015fi \u00eenregistreze oficial demisiile la Guvern. Motivul acestei decizii luate asear\u0103 este c\u0103 demisia este un act unilateral de voin\u0163\u0103.<\/p>\n<p data-index=\"15\">Vicepremierul<a href=\"https:\/\/www.digi24.ro\/Stiri\/Digi24\/Actualitate\/Politica\/Efectele+crizei+din+USL+Economia+si+Finantele+fara+sefi+de+o+sap\" target=\"_blank\" data-skip-linkfix=\"1\" rel=\"noopener\"><strong>Liviu Dragnea<\/strong><\/a> declara, la mijlocul s\u0103pt\u0103m\u00e2nii, c\u0103 demisiile lui Daniel Chi\u0163oiu \u015fi Andrei Gerea au fost doar anun\u0163ate, nu \u015fi \u00eenregistrate.<\/p>\n<p data-index=\"16\">Legea spune c\u0103 mandatul unui ministru \u00eenceteaz\u0103 la momentul public\u0103rii \u00een Monitorul Oficial a decretului de revocare, iar \u00een acest moment nu exist\u0103 o asemenea decizie. Practic, ace\u015fti mini\u015ftri sunt \u00eenc\u0103 \u00een func\u0163ie, merg la serviciu \u015fi semneaz\u0103 documente. \u00cens\u0103 cei doi mini\u015ftri demisionari au lipsit de la ultima \u015fedin\u0163\u0103 de Guvern. Ei au fost reprezenta\u0163i de secretarii de stat.<\/p>\n<p data-index=\"17\">Cu o zi \u00eenaintea \u015fedin\u0163ei de Guvern, pre\u015fedintele <strong>Traian B\u0103sescu<\/strong> declara, \u00eentr-o emisiune televizat\u0103, c\u0103 premierul Victor Ponta nu a numit \u00eenc\u0103 interimarii care s\u0103 preia portofoliile mini\u015ftrilor demisionari \u015fi c\u0103 practic Guvernul func\u0163ioneaz\u0103 ilegal.<\/p>\n<\/div>\n<p> Source URL: https:\/\/www.digi24.ro\/stiri\/actualitate\/politica\/d-chitoiu-si-a-gerea-si-au-inregistrat-oficial-demisiile-c-nita-si-v-ponta-vor-fi-interimari-202662<\/p>\n","protected":false},"excerpt":{"rendered":"<p>(Daniel Chi\u0163oiu &#8211; Mediafax) ACTUALIZARE 12.22. Constantin Ni\u0163\u0103 va asigura interimatul la Economie, iar Victor Ponta va fi interimar la Finan\u0163e. Anun\u0163ul a fost f\u0103cut de Victor Ponta la \u015fedin\u0163a de Guvern. ACTUALIZARE 12.15. Daniel Chi\u0163oiu \u015fi Adrian Gerea \u015fi-au \u00eenregistrat ast\u0103zi demisiile de func\u0163iile de mini\u015ftri. Pre\u015fedintele PNL, Crin Antonescu, a avut la Palatul [&hellip;]<\/p>\n","protected":false},"author":1,"featured_media":211921,"comment_status":"open","ping_status":"","sticky":false,"template":"","format":"standard","meta":{"footnotes":""},"categories":[2],"tags":[11],"class_list":["post-211920","post","type-post","status-publish","format-standard","has-post-thumbnail","hentry","category-politics","tag-digi24"],"_links":{"self":[{"href":"https:\/\/analyse.optim.biz\/index.php?rest_route=\/wp\/v2\/posts\/211920","targetHints":{"allow":["GET"]}}],"collection":[{"href":"https:\/\/analyse.optim.biz\/index.php?rest_route=\/wp\/v2\/posts"}],"about":[{"href":"https:\/\/analyse.optim.biz\/index.php?rest_route=\/wp\/v2\/types\/post"}],"author":[{"embeddable":true,"href":"https:\/\/analyse.optim.biz\/index.php?rest_route=\/wp\/v2\/users\/1"}],"replies":[{"embeddable":true,"href":"https:\/\/analyse.optim.biz\/index.php?rest_route=%2Fwp%2Fv2%2Fcomments&post=211920"}],"version-history":[{"count":0,"href":"https:\/\/analyse.optim.biz\/index.php?rest_route=\/wp\/v2\/posts\/211920\/revisions"}],"wp:featuredmedia":[{"embeddable":true,"href":"https:\/\/analyse.optim.biz\/index.php?rest_route=\/wp\/v2\/media\/211921"}],"wp:attachment":[{"href":"https:\/\/analyse.optim.biz\/index.php?rest_route=%2Fwp%2Fv2%2Fmedia&parent=211920"}],"wp:term":[{"taxonomy":"category","embeddable":true,"href":"https:\/\/analyse.optim.biz\/index.php?rest_route=%2Fwp%2Fv2%2Fcategories&post=211920"},{"taxonomy":"post_tag","embeddable":true,"href":"https:\/\/analyse.optim.biz\/index.php?rest_route=%2Fwp%2Fv2%2Ftags&post=211920"}],"curies":[{"name":"wp","href":"https:\/\/api.w.org\/{rel}","templated":true}]}}