{"id":2119195,"date":"2026-08-30T00:00:00","date_gmt":"2026-08-29T21:00:00","guid":{"rendered":"https:\/\/analyse.optim.biz\/?p=2119195"},"modified":"2026-08-30T00:00:00","modified_gmt":"2026-08-29T21:00:00","slug":"tenis-elvetianul-roger-federer-a-fost-inclus-in-hall-of-fame","status":"publish","type":"post","link":"https:\/\/analyse.optim.biz\/?p=2119195","title":{"rendered":"Tenis: Elve\u021bianul Roger Federer a fost inclus \u00een Hall of Fame"},"content":{"rendered":"<p>[analyse_image type=&#8221;featured&#8221; src=&#8221;https:\/\/agerpres.ro\/data\/202608\/20260830142647_156996.jpg&#8221;]<\/p>\n<div class=\"mx-auto pt-3\">\n<p><strong>Elve\u021bianul Roger Federer, fosta vedet\u0103 a circuitului ATP, a fost inclus s\u00e2mb\u0103t\u0103 \u00een International Tennis Hall of Fame, panteonul gloriilor sportului alb, cu ocazia unei ceremonii care a avut loc la Newport (Rhode Island), informeaz\u0103 Reuters.<\/strong><\/p>\n<p>Campionul din \u021aara Cantoanelor, \u00een v\u00e2rst\u0103 de 45 de ani, s-a retras din tenis \u00een 2022, dup\u0103 ce a cucerit 103 trofee la simplu \u00een circuitul profesionist masculin de tenis, 20 dintre ele de Mare \u0218lem, fiind al doilea cel mai titrat juc\u0103tor din Era Open.<\/p>\n<p>El este de\u021bin\u0103torul recordului de victorii la Wimbledon, turneu pe care l-a cucerit de opt ori \u00een cariera sa. A cucerit, de asemenea, \u0219ase titluri la Australian Open, cinci la US Open \u0219i unul la Roland Garros.<\/p>\n<p>Federer mai are \u00een palmares 28 de titluri cucerite la turneele ATP Masters 1.000 \u0219i alte \u0219ase la Turneul Campionilor.<\/p>\n<p>Elve\u021bianul a petrecut \u00een total 310 de s\u0103pt\u0103m\u00e2ni \u00een fotoliul de lider ATP \u0219i a \u00eencheiat de cinci ori anul pe primul loc \u00een clasamentul mondial.<\/p>\n<p>&#8221;Aceasta este una dintre cele mai mari onoruri din via\u021ba mea. Ei numesc asta Hall of Fame, dar faima nu a fost niciodat\u0103 scopul&#8221;, a spus Federer, foarte emo\u021bionat. &#8221;Scopul meu a fost s\u0103-mi petrec via\u021ba f\u0103c\u00e2nd ceva ce iubesc, al\u0103turi de oameni care iubesc acest lucru la fel de mult ca mine&#8221;, a ad\u0103ugat el.<\/p>\n<p>&#8221;Tenisul a \u00eensemnat totul pentru mine. Nu doar s\u0103 joc, nu doar s\u0103 c\u00e2\u0219tig, ci s\u0103 creez ceva nou&#8221;, a precizat elve\u021bianul, care a nu a uitat s\u0103 le mul\u021bumeasc\u0103 antrenorilor, medicilor \u0219i familiei sale, inclusiv so\u021biei sale, Mirka, prezent\u0103 la eveniment, care l-a l\u0103udat pe Federer pentru caracterul s\u0103u \u00een afara terenului, ca so\u021b, tat\u0103 \u0219i prieten.<\/p>\n<p>Elve\u021bianul s-a declarat &#8221;incredibil de norocos&#8221; c\u0103 a avut posibilitatea s\u0103 joace al\u0103turi de diferite genera\u021bii de juc\u0103tori, de la Andre Agassi \u0219i Lleyton Hewitt la Andy Roddick, Rafael Nadal \u0219i Novak Djokovic.<\/p>\n<p>\u00cen timp ce numele s\u0103u a intrat \u00een Hall of Fame, Federer a precizat c\u0103 este m\u00e2ndru c\u0103 Elve\u021bia \u00eel \u00eenso\u021be\u0219te, amintind c\u00e2t de mult \u00eei pl\u0103cea s\u0103 urm\u0103reasc\u0103 tenisul c\u00e2nd era doar un copil de mingi la Basel.<\/p>\n<p>&#8221;\u00cenc\u0103 \u00eemi scriu scrisoarea de dragoste pentru tenis, iar timpul meu ca juc\u0103tor s-a \u00eencheiat, dar tenisul va sta \u00eentotdeauna la intersec\u021bia a tot ceea ce \u00eemi pas\u0103 cel mai mult. Familia mea, prieteniile noastre, ultimii 40 de ani, viitorul pe care \u00eel construim. Tenisul, pentru mine, este responsabil pentru toate acestea. A\u0219a c\u0103 acesta nu este un r\u0103mas bun&#8221;, a subliniat Roger Federer.<\/p>\n<p>El a mai spus c\u0103 includerea sa \u00een Hall of Fame nu este doar o oportunitate de a privi \u00een urm\u0103 la cariera sa, ci \u0219i de a privi spre viitorul jocului.<\/p>\n<p>&#8221;Cu to\u021bii p\u0103r\u0103sim terenul \u00een cele din urm\u0103, dar sportul continu\u0103 s\u0103 evolueze. \u0218i pe m\u0103sur\u0103 ce ritmul tenisului profesionist se accelereaz\u0103, pe m\u0103sur\u0103 ce sportul devine \u0219i mai global, sper din tot sufletul s\u0103 p\u0103streze o parte din acel spirit amator. S\u0103 p\u0103streze camaraderia printre juc\u0103tori. Sper c\u0103 juc\u0103torii vor r\u0103m\u00e2ne tineri la suflet \u0219i fideli sinelui lor autentic \u0219i \u00ee\u0219i vor aminti \u00eentotdeauna, nu vor \u00eenceta niciodat\u0103 s\u0103 pun\u0103 \u00eentreb\u0103ri sau s\u0103-\u0219i asume riscuri&#8221;, a conchis Federer.<br \/>\nAGERPRES (AS\/editor: Mihai Dragomir, editor online: Gabriela Badea)\u00a0<\/p>\n<\/div>\n<div class=\"mx-auto pt-3\">\n                                Afisari: 82\n                            <\/div>\n<p>[analyse_source url=&#8221;https:\/\/agerpres.ro\/sport-extern\/2026\/08\/30\/tenis-elvetianul-roger-federer-a-fost-inclus-in-hall-of-fame&#8211;1589051&#8243;]<\/p>\n","protected":false},"excerpt":{"rendered":"<p>[analyse_image type=&#8221;featured&#8221; src=&#8221;https:\/\/agerpres.ro\/data\/202608\/20260830142647_156996.jpg&#8221;] Elve\u021bianul Roger Federer, fosta vedet\u0103 a circuitului ATP, a fost inclus s\u00e2mb\u0103t\u0103 \u00een International Tennis Hall of Fame, panteonul gloriilor sportului alb, cu ocazia unei ceremonii care a avut loc la Newport (Rhode Island), informeaz\u0103 Reuters. Campionul din \u021aara Cantoanelor, \u00een v\u00e2rst\u0103 de 45 de ani, s-a retras din tenis \u00een 2022, [&hellip;]<\/p>\n","protected":false},"author":1,"featured_media":0,"comment_status":"open","ping_status":"","sticky":false,"template":"","format":"standard","meta":{"footnotes":""},"categories":[2],"tags":[37,226],"class_list":["post-2119195","post","type-post","status-publish","format-standard","hentry","category-politics","tag-agerpres-ro","tag-crawlmanager"],"_links":{"self":[{"href":"https:\/\/analyse.optim.biz\/index.php?rest_route=\/wp\/v2\/posts\/2119195","targetHints":{"allow":["GET"]}}],"collection":[{"href":"https:\/\/analyse.optim.biz\/index.php?rest_route=\/wp\/v2\/posts"}],"about":[{"href":"https:\/\/analyse.optim.biz\/index.php?rest_route=\/wp\/v2\/types\/post"}],"author":[{"embeddable":true,"href":"https:\/\/analyse.optim.biz\/index.php?rest_route=\/wp\/v2\/users\/1"}],"replies":[{"embeddable":true,"href":"https:\/\/analyse.optim.biz\/index.php?rest_route=%2Fwp%2Fv2%2Fcomments&post=2119195"}],"version-history":[{"count":0,"href":"https:\/\/analyse.optim.biz\/index.php?rest_route=\/wp\/v2\/posts\/2119195\/revisions"}],"wp:attachment":[{"href":"https:\/\/analyse.optim.biz\/index.php?rest_route=%2Fwp%2Fv2%2Fmedia&parent=2119195"}],"wp:term":[{"taxonomy":"category","embeddable":true,"href":"https:\/\/analyse.optim.biz\/index.php?rest_route=%2Fwp%2Fv2%2Fcategories&post=2119195"},{"taxonomy":"post_tag","embeddable":true,"href":"https:\/\/analyse.optim.biz\/index.php?rest_route=%2Fwp%2Fv2%2Ftags&post=2119195"}],"curies":[{"name":"wp","href":"https:\/\/api.w.org\/{rel}","templated":true}]}}