{"id":2119183,"date":"2026-08-30T00:00:00","date_gmt":"2026-08-29T21:00:00","guid":{"rendered":"https:\/\/analyse.optim.biz\/?p=2119183"},"modified":"2026-08-30T00:00:00","modified_gmt":"2026-08-29T21:00:00","slug":"tenis-radu-turcanu-a-castigat-turneul-itf-de-la-bucuresti","status":"publish","type":"post","link":"https:\/\/analyse.optim.biz\/?p=2119183","title":{"rendered":"Tenis: Radu \u021aurcanu a c\u00e2\u0219tigat turneul ITF de la Bucure\u0219ti"},"content":{"rendered":"<p>[analyse_image type=&#8221;featured&#8221; src=&#8221;https:\/\/agerpres.ro\/data\/202608\/20260830140246_367648.jpg&#8221;]<\/p>\n<div class=\"mx-auto pt-3\">\n<p><strong>Juc\u0103torul rom\u00e2n de tenis Radu David \u021aurcanu a c\u00e2\u0219tigat turneul ITF de la Bucure\u0219ti (M15), dotat cu premii totale de 15.000 de dolari \u0219i g\u0103zduit de Tenis Club Bucure\u0219ti, duminic\u0103, dup\u0103 ce l-a \u00eenvins pe Gabriel Ghe\u021bu, cu 6-2, 6-3.<\/strong><\/p>\n<p>\u021aurcanu, al cincilea favorit, s-a impus dup\u0103 o or\u0103 \u0219i 39 de minute \u00een fa\u021ba lui Ghe\u021bu, al \u0219aselea favorit, ambii componen\u021bi ai echipei de Cupa Davis a Rom\u00e2niei.<\/p>\n<p>Ghe\u021bu (620 ATP) c\u00e2\u0219tigase singurul meci anterior cu \u021aurcanu (755 ATP), anul trecut, \u00een final\u0103 la Oradea, cu 2-6, 6-4, 6-3.<\/p>\n<p>Pentru \u021aurcanu acesta este al treilea titlu ITF din carier\u0103, dup\u0103 cele ob\u021binute \u00een 2025 la Curtea de Arge\u0219 \u0219i anul acesta la Slobozia. Ghe\u021bu r\u0103m\u00e2ne cu trei titluri ITF.<\/p>\n<p>\u00cen finala la dublu, perechea Gabriel Ghe\u021bu\/Vladislav Melnic (N.1) s-a impus, s\u00e2mb\u0103t\u0103, cu 6-3, 1-6, 10-7 \u00een fa\u021ba cuplului Cezar \u0218tefan Bentzel\/\u0218tefan Ilie Bogdan Petre.<br \/>\nAGERPRES\/ (AS &#8211; editor: Mihai \u021aenea, editor online: Gabriela Badea)<\/p>\n<p><strong>* Sursa foto:<\/strong>\u00a0<a href=\"https:\/\/www.instagram.com\/turcanuradudavid\/\" target=\"_blank\">turcanuradudavid<\/a> \/ Instagram.com<\/p>\n<\/div>\n<div class=\"mx-auto pt-3\">\n                                Afisari: 151\n                            <\/div>\n<p>[analyse_source url=&#8221;https:\/\/agerpres.ro\/sport\/2026\/08\/30\/tenis-radu-turcanu-a-castigat-turneul-itf-de-la-bucuresti&#8211;1589044&#8243;]<\/p>\n","protected":false},"excerpt":{"rendered":"<p>[analyse_image type=&#8221;featured&#8221; src=&#8221;https:\/\/agerpres.ro\/data\/202608\/20260830140246_367648.jpg&#8221;] Juc\u0103torul rom\u00e2n de tenis Radu David \u021aurcanu a c\u00e2\u0219tigat turneul ITF de la Bucure\u0219ti (M15), dotat cu premii totale de 15.000 de dolari \u0219i g\u0103zduit de Tenis Club Bucure\u0219ti, duminic\u0103, dup\u0103 ce l-a \u00eenvins pe Gabriel Ghe\u021bu, cu 6-2, 6-3. \u021aurcanu, al cincilea favorit, s-a impus dup\u0103 o or\u0103 \u0219i 39 de [&hellip;]<\/p>\n","protected":false},"author":1,"featured_media":0,"comment_status":"open","ping_status":"","sticky":false,"template":"","format":"standard","meta":{"footnotes":""},"categories":[2],"tags":[37,226],"class_list":["post-2119183","post","type-post","status-publish","format-standard","hentry","category-politics","tag-agerpres-ro","tag-crawlmanager"],"_links":{"self":[{"href":"https:\/\/analyse.optim.biz\/index.php?rest_route=\/wp\/v2\/posts\/2119183","targetHints":{"allow":["GET"]}}],"collection":[{"href":"https:\/\/analyse.optim.biz\/index.php?rest_route=\/wp\/v2\/posts"}],"about":[{"href":"https:\/\/analyse.optim.biz\/index.php?rest_route=\/wp\/v2\/types\/post"}],"author":[{"embeddable":true,"href":"https:\/\/analyse.optim.biz\/index.php?rest_route=\/wp\/v2\/users\/1"}],"replies":[{"embeddable":true,"href":"https:\/\/analyse.optim.biz\/index.php?rest_route=%2Fwp%2Fv2%2Fcomments&post=2119183"}],"version-history":[{"count":0,"href":"https:\/\/analyse.optim.biz\/index.php?rest_route=\/wp\/v2\/posts\/2119183\/revisions"}],"wp:attachment":[{"href":"https:\/\/analyse.optim.biz\/index.php?rest_route=%2Fwp%2Fv2%2Fmedia&parent=2119183"}],"wp:term":[{"taxonomy":"category","embeddable":true,"href":"https:\/\/analyse.optim.biz\/index.php?rest_route=%2Fwp%2Fv2%2Fcategories&post=2119183"},{"taxonomy":"post_tag","embeddable":true,"href":"https:\/\/analyse.optim.biz\/index.php?rest_route=%2Fwp%2Fv2%2Ftags&post=2119183"}],"curies":[{"name":"wp","href":"https:\/\/api.w.org\/{rel}","templated":true}]}}