{"id":2119172,"date":"2026-08-30T00:00:00","date_gmt":"2026-08-29T21:00:00","guid":{"rendered":"https:\/\/analyse.optim.biz\/?p=2119172"},"modified":"2026-08-30T00:00:00","modified_gmt":"2026-08-29T21:00:00","slug":"gorj-o-doctorita-a-murit-intr-un-accident-de-circulatie-la-dragoieni","status":"publish","type":"post","link":"https:\/\/analyse.optim.biz\/?p=2119172","title":{"rendered":"Gorj: O doctori\u021b\u0103 a murit \u00eentr-un accident de circula\u021bie la Dr\u0103goieni"},"content":{"rendered":"<p>[analyse_image type=&#8221;featured&#8221; src=&#8221;https:\/\/agerpres.ro\/data\/202608\/20260830124838_730917.jpg&#8221;]<\/p>\n<div class=\"mx-auto pt-3\">\n<p><strong>O doctori\u021b\u0103 de la Spitalul Jude\u021bean de Urgen\u021b\u0103 T\u00e2rgu Jiu, medic ORL cu peste 25 de ani de activitate \u00een unitatea medical\u0103, a murit noaptea trecut\u0103 \u00eentr-un accident de circula\u021bie produs la Dr\u0103goieni.<\/strong><\/p>\n<p>Inspectoratul de Poli\u021bie Jude\u021bean Gorj a informat c\u0103 femeia, \u00een v\u00e2rst\u0103 de 63 de ani, ar fi fost acro\u0219at\u0103 de o ma\u0219in\u0103 \u00een timp de traversa strada.<\/p>\n<p>Femeia ar fi murit pe loc, manevrele de resuscitare aplicate de echipajul medical de la Ambulan\u021b\u0103 care s-au deplasat la interven\u021bie r\u0103m\u00e2n\u00e2nd f\u0103r\u0103 rezultat favorabil.<\/p>\n<p>Poli\u021bi\u0219tii au stabilit c\u0103 ma\u0219ina implicat\u0103 \u00een accident era condus\u0103 de un b\u0103rbat \u00een v\u00e2rst\u0103 de 38 de ani din T\u00e2rgu Jiu.<\/p>\n<p>&#8221;Din primele verific\u0103ri efectuate de poli\u021bi\u0219tii ajun\u0219i la fa\u021ba locului, a reie\u0219it faptul c\u0103 un b\u0103rbat, de 38 de ani, din T\u00e2rgu Jiu, \u00een timp ce conducea un autoturism \u00een localitatea Dr\u0103goieni, din direc\u021bia ora\u0219ului V\u00e2lcea c\u0103tre T\u00e2rgu Jiu, ar fi acro\u0219at o femeie, de 63 de ani, din Dr\u0103goieni, care s-ar fi angajat \u00een traversarea str\u0103zii \u00een calitate de pieton&#8221;, au informat reprezentan\u021bii IPJ Gorj.<\/p>\n<p>\u0218oferul autoturismului a fost testat cu etilotest, rezultatul indic\u00e2nd c\u0103 nu consumase alcool.<\/p>\n<p>Poli\u021bi\u0219tii au deschis dosar penal pentru ucidere din culp\u0103.<\/p>\n<iframe loading=\"lazy\" src=\"https:\/\/www.facebook.com\/plugins\/post.php?href=https%3A%2F%2Fwww.facebook.com%2Fpermalink.php%3Fstory_fbid%3Dpfbid02q2ger2Y2VdNku7NL5dd2NwYR4Er1GJSsnMCGdVpneJn6ayPyQWcXkoxUYinJaecml%26id%3D100075947665817&amp;show_text=true&amp;width=500\" width=\"500\" height=\"736\" scrolling=\"no\" frameborder allowfullscreen=\"true\" allow=\"autoplay; clipboard-write; encrypted-media; picture-in-picture; web-share\"><\/iframe>\n<hr>\n<p>Spitalul Jude\u021bean de Urgen\u021b\u0103 T\u00e2rgu Jiu \u0219i-a exprimat duminic\u0103, \u00eentr-un <a href=\"https:\/\/www.facebook.com\/story.php?story_fbid=1080264497848462&amp;id=100075947665817&amp;rdid=KUWjt7Q6hzjdF8Et\" target=\"_blank\">mesaj postat pe Facebook<\/a>, regretul pentru decesul medicului. AGERPRES\/(AS &#8211; redactor: Cristina Matei, editor: Florin Marin, editor online: Gabriela Badea)\u00a0<\/p>\n<\/div>\n<div class=\"mx-auto pt-3\">\n                                Afisari: 346\n                            <\/div>\n<p>[analyse_source url=&#8221;https:\/\/agerpres.ro\/social\/2026\/08\/30\/gorj-o-doctorita-a-murit-intr-un-accident-de-circulatie-la-dragoieni&#8211;1589032&#8243;]<\/p>\n","protected":false},"excerpt":{"rendered":"<p>[analyse_image type=&#8221;featured&#8221; src=&#8221;https:\/\/agerpres.ro\/data\/202608\/20260830124838_730917.jpg&#8221;] O doctori\u021b\u0103 de la Spitalul Jude\u021bean de Urgen\u021b\u0103 T\u00e2rgu Jiu, medic ORL cu peste 25 de ani de activitate \u00een unitatea medical\u0103, a murit noaptea trecut\u0103 \u00eentr-un accident de circula\u021bie produs la Dr\u0103goieni. Inspectoratul de Poli\u021bie Jude\u021bean Gorj a informat c\u0103 femeia, \u00een v\u00e2rst\u0103 de 63 de ani, ar fi fost acro\u0219at\u0103 [&hellip;]<\/p>\n","protected":false},"author":1,"featured_media":0,"comment_status":"open","ping_status":"","sticky":false,"template":"","format":"standard","meta":{"footnotes":""},"categories":[2],"tags":[37,226],"class_list":["post-2119172","post","type-post","status-publish","format-standard","hentry","category-politics","tag-agerpres-ro","tag-crawlmanager"],"_links":{"self":[{"href":"https:\/\/analyse.optim.biz\/index.php?rest_route=\/wp\/v2\/posts\/2119172","targetHints":{"allow":["GET"]}}],"collection":[{"href":"https:\/\/analyse.optim.biz\/index.php?rest_route=\/wp\/v2\/posts"}],"about":[{"href":"https:\/\/analyse.optim.biz\/index.php?rest_route=\/wp\/v2\/types\/post"}],"author":[{"embeddable":true,"href":"https:\/\/analyse.optim.biz\/index.php?rest_route=\/wp\/v2\/users\/1"}],"replies":[{"embeddable":true,"href":"https:\/\/analyse.optim.biz\/index.php?rest_route=%2Fwp%2Fv2%2Fcomments&post=2119172"}],"version-history":[{"count":0,"href":"https:\/\/analyse.optim.biz\/index.php?rest_route=\/wp\/v2\/posts\/2119172\/revisions"}],"wp:attachment":[{"href":"https:\/\/analyse.optim.biz\/index.php?rest_route=%2Fwp%2Fv2%2Fmedia&parent=2119172"}],"wp:term":[{"taxonomy":"category","embeddable":true,"href":"https:\/\/analyse.optim.biz\/index.php?rest_route=%2Fwp%2Fv2%2Fcategories&post=2119172"},{"taxonomy":"post_tag","embeddable":true,"href":"https:\/\/analyse.optim.biz\/index.php?rest_route=%2Fwp%2Fv2%2Ftags&post=2119172"}],"curies":[{"name":"wp","href":"https:\/\/api.w.org\/{rel}","templated":true}]}}