{"id":2119167,"date":"2026-08-30T07:36:49","date_gmt":"2026-08-30T04:36:49","guid":{"rendered":"https:\/\/analyse.optim.biz\/?p=2119167"},"modified":"2026-08-30T07:36:49","modified_gmt":"2026-08-30T04:36:49","slug":"cod-galben-de-furtuni-in-zece-judete-anm-anunta-vijelii-grindina-si-ploi-torentiale","status":"publish","type":"post","link":"https:\/\/analyse.optim.biz\/?p=2119167","title":{"rendered":"Cod galben de furtuni \u00een zece jude\u021be. ANM anun\u021b\u0103 vijelii, grindin\u0103 \u0219i ploi toren\u021biale"},"content":{"rendered":"<p>[analyse_image type=&#8221;featured&#8221; src=&#8221;https:\/\/cdn.adh.reperio.news\/image-3\/3602b11d-a931-42dd-98a8-982c175d5f5c\/index.jpeg?p=f%3Djpeg%26w%3D1200%26h%3D630%26r%3Dcover&#8221;]<\/p>\n<article class=\"svelte-x63bga\">\n<nav>\n<ul class=\"breadcrump svelte-1pk9a69\">\n<li class=\"svelte-1pk9a69\"><a href=\"https:\/\/adevarul.ro\/\" title=\"Adev\u0103rul\" class=\"svelte-1pk9a69\">Home<\/a><\/li>\n<li class=\"svelte-1pk9a69\"><a href=\"https:\/\/adevarul.ro\/stiri-interne\" class=\"svelte-1pk9a69\">\u0218tiri Interne<\/a><\/li>\n<li class=\"svelte-1pk9a69\"><a href=\"https:\/\/adevarul.ro\/stiri-interne\/meteo\" class=\"svelte-1pk9a69\">Meteo<\/a><\/li>\n<li class=\"svelte-1pk9a69\"><a href=\"https:\/\/adevarul.ro\/stiri-interne\/meteo\/cod-galben-de-furtuni-in-zece-judete-anm-anunta-2552935.html\" class=\"svelte-1pk9a69\">Cod galben de furtuni \u00een zece jude\u021be. ANM anun\u021b\u0103 vijelii, grindin\u0103 \u0219i ploi toren\u021biale<\/a><\/li>\n<\/ul>\n<\/nav>\n<p><main class=\"svelte-x63bga\"><\/p>\n<p>Duminic\u0103 se anun\u021b\u0103 averse toren\u021biale, desc\u0103rc\u0103ri electrice, intensific\u0103ri ale v\u00e2ntului \u0219i, izolat, grindin\u0103 de mici dimensiuni. Administra\u021bia Na\u021bional\u0103 de Meteorologie (ANM) a emis, ast\u0103zi, o aten\u021bionare Cod Galben de instabilitate atmosferic\u0103, valabil\u0103 p\u00e2n\u0103 la ora 20:00 \u00een zece jude\u021be din \u021bar\u0103.<\/p>\n<div class=\"container-image  svelte-1xbw4f3\"><source type=\"image\/webp\" srcset=\"https:\/\/cdn.adh.reperio.news\/image-3\/3602b11d-a931-42dd-98a8-982c175d5f5c\/index.jpeg?p=a%3D1%26co%3D1.05%26w%3D1400%26h%3D750%26r%3Dcontain%26f%3Dwebp 1400w\" media=\"(min-width: 1400px)\" \/><\/p>\n<div class=\"caption svelte-1xbw4f3\"><span class=\"captionText svelte-1xbw4f3\">Vor fi averse toren\u021biale, vijelii \u0219i grindin\u0103, \u00een timp ce canicula persist\u0103 \u00een vestul \u021b\u0103rii.  <span class=\"source svelte-1xbw4f3\">Foto: X\/Alex Resel<\/span><\/span><\/div>\n<\/div>\n<p>Aten\u021bionarea vizeaz\u0103 zone din Carpa\u021bii Orientali \u0219i Meridionali, precum \u0219i nord-vestul Moldovei. \u00cen intervale scurte de timp, de una p\u00e2n\u0103 la trei ore, cantit\u0103\u021bile de ap\u0103 vor ajunge la 15-20 de litri pe metru p\u0103trat \u0219i, pe arii restr\u00e2nse, la 25-30 de litri pe metru p\u0103trat. <\/p>\n<p>V\u00e2ntul va avea rafale de 50-70 km\/h, iar izolat poate c\u0103dea grindin\u0103 cu diametrul de 1-2 centimetri.\u00a0Jude\u021bele aflate sub Cod Galben sunt Suceava, Neam\u021b, Bac\u0103u, Vrancea, Buz\u0103u, Prahova, D\u00e2mbovi\u021ba, Arge\u0219, V\u00e2lcea \u0219i Bra\u0219ov.<\/p>\n<div class=\"container-image  svelte-1xbw4f3\"><source type=\"image\/webp\" srcset=\"https:\/\/cdn.adh.reperio.news\/image-a\/acc33f5a-344a-4d56-bdff-5a69c0554d3b\/index.png?p=a%3D1%26co%3D1.05%26w%3D1400%26h%3D750%26r%3Dcontain%26f%3Dwebp 1400w\" media=\"(min-width: 1400px)\" \/><\/p>\n<div class=\"caption svelte-1xbw4f3\"><span class=\"captionText svelte-1xbw4f3\"><span class=\"source svelte-1xbw4f3\">Foto: meteoromania.ro<\/span><\/span><\/div>\n<\/div>\n<p>Potrivit ANM, fenomene asociate instabilit\u0103\u021bii atmosferice se vor manifesta \u0219i \u00een restul zonei montane, precum \u0219i pe arii restr\u00e2nse din Transilvania \u0219i din zonele submontane ale Moldovei. <\/p>\n<p>Meteorologii recomand\u0103 popula\u021biei precau\u021bie, \u00een special \u00een timpul deplas\u0103rilor, \u00een zonele afectate de furtuni.<\/p>\n<h2>Canicula continu\u0103 \u00een unele zone ale \u021b\u0103rii\u00a0<\/h2>\n<p>ANM\u00a0a emis o aten\u021bionare Cod Galben de canicul\u0103, valabil\u0103 luni, 31 august, \u00eentre orele 10:00 \u0219i 21:00. Sunt vizate regiuni din Cri\u0219ana, Banat, Maramure\u0219, vestul Transilvaniei, vestul \u0219i sudul Olteniei, precum \u0219i sud-vestul Munteniei.<\/p>\n<div class=\"container-image  svelte-1xbw4f3\"><source type=\"image\/webp\" srcset=\"https:\/\/cdn.adh.reperio.news\/image-8\/885464dc-3d7b-40c6-a912-d2c18bf196bd\/index.png?p=a%3D1%26co%3D1.05%26w%3D1400%26h%3D750%26r%3Dcontain%26f%3Dwebp 1400w\" media=\"(min-width: 1400px)\" \/><\/p>\n<div class=\"caption svelte-1xbw4f3\"><span class=\"captionText svelte-1xbw4f3\"><span class=\"source svelte-1xbw4f3\">Foto: meteoromania.ro<\/span><\/span><\/div>\n<\/div>\n<p>Meteorologii anun\u021b\u0103 temperaturi deosebit de ridicate, local canicul\u0103 \u0219i disconfort termic accentuat. Temperaturile maxime vor ajunge la 33-37 de grade Celsius, cele mai ridicate valori fiind prognozate \u00een C\u00e2mpia de Vest. Indicele temperatur\u0103-umezeal\u0103 (ITU) va atinge sau dep\u0103\u0219i pragul critic de 80 de unit\u0103\u021bi.<\/p>\n<p>Potrivit ANM, \u0219i duminic\u0103, \u00een regiunile vestice \u0219i sud-vestice, temperaturile vor ajunge \u00een jurul valorii de 34 de grade, iar disconfortul termic va fi ridicat.<\/p>\n<h2>Dup\u0103 o lun\u0103 de secet\u0103 extrem\u0103, Rom\u00e2nia intr\u0103 sub amenin\u021barea viiturilor<\/h2>\n<p>Dup\u0103 o perioad\u0103 \u00eendelungat\u0103 de secet\u0103 sever\u0103,\u00a0<a href=\"https:\/\/adevarul.ro\/stiri-interne\/meteo\/dupa-o-luna-de-seceta-extrema-romania-intra-sub-2552307.html\">Rom\u00e2nia se confrunt\u0103 acum cu o schimbare brusc\u0103 a vremii<\/a>, trec\u00e2nd la avertiz\u0103ri de viituri \u0219i inunda\u021bii locale. Luna august a acumulat de aproape \u0219apte ori mai pu\u021bine precipita\u021bii dec\u00e2t media obi\u0219nuit\u0103. Aceast\u0103 tranzi\u021bie brusc\u0103, explic\u0103 meteorologii, este cauzat\u0103 tocmai de usc\u0103ciunea extrem\u0103 a solului, care nu mai poate absorbi cantit\u0103\u021bile de ap\u0103 c\u0103zute \u00een intervale scurte de timp.<\/p>\n<h2>Vara se prelunge\u0219te p\u00e2n\u0103 \u00een septembrie<\/h2>\n<p><a href=\"https:\/\/adevarul.ro\/stiri-interne\/meteo\/vara-se-prelungeste-pana-in-septembrie-cum-va-fi-2551228.html\">Septembrie vine cu temperaturi peste normal<\/a>\u00a0\u00een cea mai mare parte a \u021b\u0103rii, potrivit estim\u0103rilor meteorologice pentru urm\u0103toarele s\u0103pt\u0103m\u00e2ni. Vremea va fi mai cald\u0103 mai ales \u00een vest, sud-vest, nord \u0219i centrul \u021b\u0103rii.<\/p>\n<p>\u00cen prima parte a intervalului, temperaturile vor fi peste normal \u00een mai multe regiuni, iar aceast\u0103 tendin\u021b\u0103 se va men\u021bine p\u00e2n\u0103 la jum\u0103tatea lunii.\u00a0<a href=\"https:\/\/adevarul.ro\/stiri-interne\/meteo\/prognoza-sumbra-pentru-dunare-ploile-ocolesc-2549214.html\">Ploile vor fi deficitare<\/a>\u00a0\u00een sud \u0219i sud-vest, \u00een timp ce \u00een majoritatea zonelor cantit\u0103\u021bile de precipita\u021bii vor fi apropiate de cele normale, transmite\u00a0ANM.<\/p>\n<p><\/main><\/p>\n<footer class=\"svelte-x63bga\">\n<div class=\"related-wrap related-footer svelte-78g0vl\"><span class=\"related-label svelte-78g0vl\">Cite\u0219te \u0219i<\/span><a class=\"related svelte-78g0vl\" data-gtrack=\"{&quot;event&quot;:&quot;utm_click&quot;,&quot;data&quot;:{&quot;event_category&quot;:&quot;article_related&quot;}}\" href=\"https:\/\/adevarul.ro\/stiri-interne\/meteo\/dupa-o-luna-de-seceta-extrema-romania-intra-sub-2552307.html\" title=\"Alt articol de interes pentru tine\"><img decoding=\"async\" class=\"thumb svelte-78g0vl\" src=\"https:\/\/cdn.adh.reperio.news\/image-5\/5a9f9b10-ef4e-43b2-9098-39de67ede5ca\/index.jpeg?p=f%3Dwebp%26w%3D120%26h%3D80%26r%3Dcover%26a%3D0\" alt loading=\"lazy\" width=\"80\" height=\"54\"><span class=\"title svelte-78g0vl\">Dup\u0103 o lun\u0103 de secet\u0103 extrem\u0103, Rom\u00e2nia intr\u0103 sub amenin\u021barea viiturilor. Meteorolog: Solul uscat nu mai poate absorbi apa<\/span><\/a><a class=\"related svelte-78g0vl\" data-gtrack=\"{&quot;event&quot;:&quot;utm_click&quot;,&quot;data&quot;:{&quot;event_category&quot;:&quot;article_related&quot;}}\" href=\"https:\/\/adevarul.ro\/stiri-interne\/meteo\/anm-a-emis-doua-avertizari-cod-galben-jumatate-de-2552377.html\" title=\"Alt articol de interes pentru tine\"><img decoding=\"async\" class=\"thumb svelte-78g0vl\" src=\"https:\/\/cdn.adh.reperio.news\/image-8\/8ba0eb68-70bc-4cc4-8127-bec54e001f13\/index.jpeg?p=f%3Dwebp%26w%3D120%26h%3D80%26r%3Dcover%26a%3D0\" alt loading=\"lazy\" width=\"80\" height=\"54\"><span class=\"title svelte-78g0vl\">ANM a emis dou\u0103 avertiz\u0103ri Cod galben. Jum\u0103tate de \u021bar\u0103, afectat\u0103 de ploi toren\u021biale \u0219i v\u00e2nt puternic<\/span><\/a><a class=\"related svelte-78g0vl\" data-gtrack=\"{&quot;event&quot;:&quot;utm_click&quot;,&quot;data&quot;:{&quot;event_category&quot;:&quot;article_related&quot;}}\" href=\"https:\/\/adevarul.ro\/stiri-interne\/meteo\/judetele-care-intra-sub-cod-galben-de-vant-2552638.html\" title=\"Alt articol de interes pentru tine\"><img decoding=\"async\" class=\"thumb svelte-78g0vl\" src=\"https:\/\/cdn.adh.reperio.news\/image-8\/864e083a-6383-490b-a06a-3d2ad0d61f3b\/index.jpeg?p=f%3Dwebp%26w%3D120%26h%3D80%26r%3Dcover%26a%3D0\" alt loading=\"lazy\" width=\"80\" height=\"54\"><span class=\"title svelte-78g0vl\">Jude\u021bele care intr\u0103 sub Cod galben de v\u00e2nt puternic. Rafalele ajung la 70 km\/h<\/span><\/a><\/div>\n<div class=\"meta svelte-x63bga\">\n<div class=\"authors svelte-x63bga\"><span class=\"names svelte-x63bga\"><a href=\"https:\/\/adevarul.ro\/author\/2086\" rel=\"author\" class=\"svelte-x63bga\">Oana Ababei<\/a><\/span><\/p>\n<div class=\"_hydratable\" data-props=\"%7B%22showLive%22%3Atrue%7D\" data-context=\"%7B%22parentBlockColumnCount%22%3A%7B%22value%22%3A0%2C%22type%22%3A%22store%2Freadable%22%7D%2C%22parentBlockBackgroundColor%22%3A%7B%22type%22%3A%22store%2Freadable%22%7D%7D\" data-component=\"ShareButton\">\n<div class=\"shareButtons svelte-itwbrr\">\n<div class=\"liveSessions metaFont svelte-1maxmbf\"><span class=\"value svelte-1maxmbf\">1<\/span> live <\/div>\n<\/div>\n<\/div>\n<\/div>\n<div class=\"tags svelte-1l3vwp1\"><span class=\"tags-label metaFont svelte-1l3vwp1\">Cite\u0219te mai multe despre<\/span><\/p>\n<div class=\"tags-list svelte-1l3vwp1\"><a href=\"https:\/\/adevarul.ro\/tag\/anm\" title=\"Ultimele \u0219tiri despre anm\" class=\"tag-pill svelte-1l3vwp1\">anm<\/a><a href=\"https:\/\/adevarul.ro\/tag\/vreme\" title=\"Ultimele \u0219tiri despre vreme\" class=\"tag-pill svelte-1l3vwp1\">vreme<\/a><a href=\"https:\/\/adevarul.ro\/tag\/cod%20galben\" title=\"Ultimele \u0219tiri despre cod galben\" class=\"tag-pill svelte-1l3vwp1\">cod galben<\/a><a href=\"https:\/\/adevarul.ro\/tag\/ploi\" title=\"Ultimele \u0219tiri despre ploi\" class=\"tag-pill svelte-1l3vwp1\">ploi<\/a><a href=\"https:\/\/adevarul.ro\/tag\/vant\" title=\"Ultimele \u0219tiri despre vant\" class=\"tag-pill svelte-1l3vwp1\">vant<\/a><a href=\"https:\/\/adevarul.ro\/tag\/furtuni\" title=\"Ultimele \u0219tiri despre furtuni\" class=\"tag-pill svelte-1l3vwp1\">furtuni<\/a><\/div>\n<\/div>\n<\/div>\n<p><a class=\"moreFromCategory svelte-x63bga\" href=\"https:\/\/adevarul.ro\/stiri-interne\/meteo\" title=\"Meteo - Vremea \u00een Rom\u00e2nia  | online\">Mai multe din <strong class=\"svelte-x63bga\">Meteo<\/strong> \u203a<\/a><\/footer>\n<\/article>\n<p>[analyse_source url=&#8221;https:\/\/adevarul.ro\/stiri-interne\/meteo\/cod-galben-de-furtuni-in-zece-judete-anm-anunta-2552935.html&#8221;]<\/p>\n","protected":false},"excerpt":{"rendered":"<p>[analyse_image type=&#8221;featured&#8221; src=&#8221;https:\/\/cdn.adh.reperio.news\/image-3\/3602b11d-a931-42dd-98a8-982c175d5f5c\/index.jpeg?p=f%3Djpeg%26w%3D1200%26h%3D630%26r%3Dcover&#8221;] Home \u0218tiri Interne Meteo Cod galben de furtuni \u00een zece jude\u021be. ANM anun\u021b\u0103 vijelii, grindin\u0103 \u0219i ploi toren\u021biale Duminic\u0103 se anun\u021b\u0103 averse toren\u021biale, desc\u0103rc\u0103ri electrice, intensific\u0103ri ale v\u00e2ntului \u0219i, izolat, grindin\u0103 de mici dimensiuni. Administra\u021bia Na\u021bional\u0103 de Meteorologie (ANM) a emis, ast\u0103zi, o aten\u021bionare Cod Galben de instabilitate atmosferic\u0103, valabil\u0103 p\u00e2n\u0103 la [&hellip;]<\/p>\n","protected":false},"author":1,"featured_media":0,"comment_status":"open","ping_status":"","sticky":false,"template":"","format":"standard","meta":{"footnotes":""},"categories":[89],"tags":[19,226],"class_list":["post-2119167","post","type-post","status-publish","format-standard","hentry","category-romania","tag-adevarul","tag-crawlmanager"],"_links":{"self":[{"href":"https:\/\/analyse.optim.biz\/index.php?rest_route=\/wp\/v2\/posts\/2119167","targetHints":{"allow":["GET"]}}],"collection":[{"href":"https:\/\/analyse.optim.biz\/index.php?rest_route=\/wp\/v2\/posts"}],"about":[{"href":"https:\/\/analyse.optim.biz\/index.php?rest_route=\/wp\/v2\/types\/post"}],"author":[{"embeddable":true,"href":"https:\/\/analyse.optim.biz\/index.php?rest_route=\/wp\/v2\/users\/1"}],"replies":[{"embeddable":true,"href":"https:\/\/analyse.optim.biz\/index.php?rest_route=%2Fwp%2Fv2%2Fcomments&post=2119167"}],"version-history":[{"count":0,"href":"https:\/\/analyse.optim.biz\/index.php?rest_route=\/wp\/v2\/posts\/2119167\/revisions"}],"wp:attachment":[{"href":"https:\/\/analyse.optim.biz\/index.php?rest_route=%2Fwp%2Fv2%2Fmedia&parent=2119167"}],"wp:term":[{"taxonomy":"category","embeddable":true,"href":"https:\/\/analyse.optim.biz\/index.php?rest_route=%2Fwp%2Fv2%2Fcategories&post=2119167"},{"taxonomy":"post_tag","embeddable":true,"href":"https:\/\/analyse.optim.biz\/index.php?rest_route=%2Fwp%2Fv2%2Ftags&post=2119167"}],"curies":[{"name":"wp","href":"https:\/\/api.w.org\/{rel}","templated":true}]}}