{"id":2119166,"date":"2026-08-30T00:00:00","date_gmt":"2026-08-29T21:00:00","guid":{"rendered":"https:\/\/analyse.optim.biz\/?p=2119166"},"modified":"2026-08-30T00:00:00","modified_gmt":"2026-08-29T21:00:00","slug":"alba-un-barbat-care-detinea-ilegal-arme-si-amenajase-o-zona-de-vanatoare-la-rimetea-retinut-pentru-braconaj","status":"publish","type":"post","link":"https:\/\/analyse.optim.biz\/?p=2119166","title":{"rendered":"Alba: Un b\u0103rbat care de\u021binea ilegal arme \u0219i amenajase o zon\u0103 de v\u00e2n\u0103toare la Rimetea, re\u021binut pentru braconaj"},"content":{"rendered":"<p>[analyse_image type=&#8221;featured&#8221; src=&#8221;https:\/\/agerpres.ro\/data\/202608\/20260830115548_841047.jpeg&#8221;]<\/p>\n<div class=\"mx-auto pt-3\">\n<p><strong>Un b\u0103rbat \u00een v\u00e2rst\u0103 de 60 de ani, care ar fi avut asupra lui o arm\u0103 letal\u0103 \u0219i una neletal\u0103 \u00een timp ce se afla f\u0103r\u0103 autoriza\u021bie de v\u00e2n\u0103toare pe un fond din afara localit\u0103\u021bii Rimetea, a fost re\u021binut de poli\u021bi\u0219ti pentru braconaj \u0219i nerespectarea regimului armelor \u0219i muni\u021biilor, au informat, duminic\u0103, reprezentan\u021bii Inspectoratului de Poli\u021bie Jude\u021bean (IPJ) Alba.<\/strong><\/p>\n<p>B\u0103rbatul ar fi de\u021binut ilegal cele dou\u0103 arme, men\u021bioneaz\u0103 sursa citat\u0103.<\/p>\n<p>Cercet\u0103rile sunt efectuate de poli\u021bi\u0219ti de la Serviciul Arme Explozivi \u0219i Substan\u021be Periculoase, \u00eempreun\u0103 cu poli\u021bi\u0219ti de la Sec\u021bia Rural\u0103 Aiud. B\u0103rbatul \u00een v\u00e2rst\u0103 de 60 de ani a fost re\u021binut s\u00e2mb\u0103t\u0103.<\/p>\n<p>&#8221;B\u0103rbatul a fost identificat de poli\u021bi\u0219ti \u00een timp ce se afla \u00eentr-un fond de v\u00e2n\u0103toare situat \u00een extravilanul localit\u0103\u021bii Rimetea, unde avea amenajat\u0103 o zon\u0103 pentru practicarea v\u00e2n\u0103torii. Totodat\u0103, asupra b\u0103rbatului, poli\u021bi\u0219tii au identificat o arm\u0103 neletal\u0103 \u0219i una letal\u0103, ambele de\u021binute ilegal \u0219i f\u0103r\u0103 a de\u021bine autoriza\u021bie de v\u00e2n\u0103toare&#8221;, a precizat sursa citat\u0103.<\/p>\n<p><strong>Poli\u021bi\u0219tii continu\u0103 cercet\u0103rile \u00een cauz\u0103, sub supravegherea Parchetului de pe l\u00e2ng\u0103 Judec\u0103toria Aiud. <\/strong>AGERPRES\/(AS &#8211; redactor: Cristina Matei, editor: Florin Marin, editor online: Gabriela Badea)\u00a0<\/p>\n<\/div>\n<div class=\"mx-auto pt-3\">\n                                Afisari: 347\n                            <\/div>\n<p>[analyse_source url=&#8221;https:\/\/agerpres.ro\/justitie\/2026\/08\/30\/alba-un-barbat-care-detinea-ilegal-arme-si-amenajase-o-zona-de-vanatoare-la-rimetea-retinut-pentru-b&#8211;1589023&#8243;]<\/p>\n","protected":false},"excerpt":{"rendered":"<p>[analyse_image type=&#8221;featured&#8221; src=&#8221;https:\/\/agerpres.ro\/data\/202608\/20260830115548_841047.jpeg&#8221;] Un b\u0103rbat \u00een v\u00e2rst\u0103 de 60 de ani, care ar fi avut asupra lui o arm\u0103 letal\u0103 \u0219i una neletal\u0103 \u00een timp ce se afla f\u0103r\u0103 autoriza\u021bie de v\u00e2n\u0103toare pe un fond din afara localit\u0103\u021bii Rimetea, a fost re\u021binut de poli\u021bi\u0219ti pentru braconaj \u0219i nerespectarea regimului armelor \u0219i muni\u021biilor, au informat, duminic\u0103, [&hellip;]<\/p>\n","protected":false},"author":1,"featured_media":0,"comment_status":"open","ping_status":"","sticky":false,"template":"","format":"standard","meta":{"footnotes":""},"categories":[2],"tags":[37,226],"class_list":["post-2119166","post","type-post","status-publish","format-standard","hentry","category-politics","tag-agerpres-ro","tag-crawlmanager"],"_links":{"self":[{"href":"https:\/\/analyse.optim.biz\/index.php?rest_route=\/wp\/v2\/posts\/2119166","targetHints":{"allow":["GET"]}}],"collection":[{"href":"https:\/\/analyse.optim.biz\/index.php?rest_route=\/wp\/v2\/posts"}],"about":[{"href":"https:\/\/analyse.optim.biz\/index.php?rest_route=\/wp\/v2\/types\/post"}],"author":[{"embeddable":true,"href":"https:\/\/analyse.optim.biz\/index.php?rest_route=\/wp\/v2\/users\/1"}],"replies":[{"embeddable":true,"href":"https:\/\/analyse.optim.biz\/index.php?rest_route=%2Fwp%2Fv2%2Fcomments&post=2119166"}],"version-history":[{"count":0,"href":"https:\/\/analyse.optim.biz\/index.php?rest_route=\/wp\/v2\/posts\/2119166\/revisions"}],"wp:attachment":[{"href":"https:\/\/analyse.optim.biz\/index.php?rest_route=%2Fwp%2Fv2%2Fmedia&parent=2119166"}],"wp:term":[{"taxonomy":"category","embeddable":true,"href":"https:\/\/analyse.optim.biz\/index.php?rest_route=%2Fwp%2Fv2%2Fcategories&post=2119166"},{"taxonomy":"post_tag","embeddable":true,"href":"https:\/\/analyse.optim.biz\/index.php?rest_route=%2Fwp%2Fv2%2Ftags&post=2119166"}],"curies":[{"name":"wp","href":"https:\/\/api.w.org\/{rel}","templated":true}]}}