{"id":2119165,"date":"2026-08-30T06:03:43","date_gmt":"2026-08-30T03:03:43","guid":{"rendered":"https:\/\/analyse.optim.biz\/?p=2119165"},"modified":"2026-08-30T06:03:43","modified_gmt":"2026-08-30T03:03:43","slug":"ceremonia-umanista-alternativa-la-cununia-religioasa-cine-o-poate-oficia-si-ce-se-intampla-de-fapt-in","status":"publish","type":"post","link":"https:\/\/analyse.optim.biz\/?p=2119165","title":{"rendered":"Ceremonia umanist\u0103, alternativa la cununia religioas\u0103. Cine o poate oficia \u0219i ce se \u00eent\u00e2mpl\u0103, de fapt, \u00een&#8230;"},"content":{"rendered":"<p>[analyse_image type=&#8221;featured&#8221; src=&#8221;https:\/\/cdn.adh.reperio.news\/image-4\/4549eedd-43bb-4fd8-9574-7c3f5f3531ed\/index.jpeg?p=f%3Djpeg%26w%3D1200%26h%3D630%26r%3Dcover&#8221;]<\/p>\n<article class=\"svelte-x63bga\">\n<nav>\n<ul class=\"breadcrump svelte-1pk9a69\">\n<li class=\"svelte-1pk9a69\"><a href=\"https:\/\/adevarul.ro\/\" title=\"Adev\u0103rul\" class=\"svelte-1pk9a69\">Home<\/a><\/li>\n<li class=\"svelte-1pk9a69\"><a href=\"https:\/\/adevarul.ro\/stiri-interne\" class=\"svelte-1pk9a69\">\u0218tiri Interne<\/a><\/li>\n<li class=\"svelte-1pk9a69\"><a href=\"https:\/\/adevarul.ro\/stiri-interne\/societate\" class=\"svelte-1pk9a69\">Societate<\/a><\/li>\n<li class=\"svelte-1pk9a69\"><a href=\"https:\/\/adevarul.ro\/stiri-interne\/societate\/ceremonia-umanista-alternativa-la-cununia-2552041.html\" class=\"svelte-1pk9a69\">Ceremonia umanist\u0103, alternativa la cununia religioas\u0103. Cine o poate oficia \u0219i ce se \u00eent\u00e2mpl\u0103, de fapt, \u00een timpul ei<\/a><\/li>\n<\/ul>\n<\/nav>\n<p><main class=\"svelte-x63bga\"><\/p>\n<p>Pentru cuplurile care nu \u00ee\u0219i doresc cununie religioas\u0103, dar vor mai mult dec\u00e2t ceremonia de la Starea Civil\u0103, exist\u0103 \u0219i varianta unei ceremonii umaniste. Mirii \u00ee\u0219i pot scrie propriile jur\u0103minte, pot alege muzica \u0219i pot include \u00een ceremonie povestea rela\u021biei lor, discursurile celor apropia\u021bi sau diferite momente simbolice. \u00cen Rom\u00e2nia, astfel de ceremonii se organizeaz\u0103 de peste zece ani, dar nu au valoare juridic\u0103. Cine le poate conduce, c\u00e2t de mult pot fi personalizate \u0219i \u00eenseamn\u0103 alegerea lor automat renun\u021barea la cununia religioas\u0103?<\/p>\n<div class=\"container-image  svelte-1xbw4f3\"><source type=\"image\/webp\" srcset=\"https:\/\/cdn.adh.reperio.news\/image-2\/2b922e5a-2139-498b-925c-4775d43c282c\/index.jpeg?p=a%3D1%26co%3D1.05%26w%3D1400%26h%3D750%26r%3Dcontain%26f%3Dwebp 1400w\" media=\"(min-width: 1400px)\" \/><\/p>\n<div class=\"caption svelte-1xbw4f3\"><span class=\"captionText svelte-1xbw4f3\">Ceremonia umanist\u0103, alternativa la cununia religioas\u0103 Surs\u0103 foto: Pixabay <span class=\"source svelte-1xbw4f3\">Foto: https:\/\/pixabay.com\/photos\/wedding-aisle-flower-arrangement-1846114\/<\/span><\/span><\/div>\n<\/div>\n<h2>\u201eMirii \u00ee\u0219i doresc ca nunta lor s\u0103 semene cu ei\u201d<\/h2>\n<p>Ceremoniile umaniste au revenit recent \u00een aten\u021bie \u0219i \u00een presa britanic\u0103. \u00centr-o scrisoare publicat\u0103 de<i> The Guardian<\/i>, Mair Garland, care conduce astfel de ceremonii la Londra, a r\u0103spuns unui articol \u00een care jurnalista Rachel Connolly <a href=\"https:\/\/adevarul.ro\/dezvoltare-personala\/relatii\/cat-din-problemele-pe-care-le-ai-in-cuplu-provin-2549999.html\">ironiza imaginea unei nun\u021bi conduse de o persoan\u0103 \u00eembr\u0103cat\u0103 \u00een blugi skinny \u0219i tricou negru.<\/a><\/p>\n<p><i>\u201eDimpotriv\u0103, ofician\u021bii umani\u0219ti sunt bine preg\u0103ti\u021bi \u0219i foarte implica\u021bi \u00een crearea unor ceremonii nereligioase care s\u0103 aib\u0103 semnifica\u021bie \u0219i s\u0103 fie profund personale pentru cupluri \u0219i familiile lor\u201d,<\/i> a scris Mair Garland \u00een The Guardian.<\/p>\n<p><i>\u201eO ceremonie nereligioas\u0103 nu trebuie s\u0103 fie lipsit\u0103 de solemnitate sau s\u0103 fie una informal\u0103\u201d,<\/i> a ad\u0103ugat aceasta.<\/p>\n<p>\u0218i \u00een Rom\u00e2nia, interesul pentru astfel de momente se vede tot mai des \u00een organizarea nun\u021bilor, sus\u021bine Ana Maria Og\u0103\u0219anu, actual Director de v\u00e2nz\u0103ri \u0219i coordonator evenimente private la Tresor Le Palais, Curio Collection by HILTON, Timi\u0219oara.<\/p>\n<p><i>\u201eCred c\u0103 motivul pentru care ceremonia umanist\u0103 devine tot mai c\u0103utat\u0103 este simplu: mirii \u00ee\u0219i doresc ca nunta lor s\u0103 semene cu ei, nu cu o re\u021bet\u0103 standard\u201d,<\/i> declar\u0103 ea pentru \u201eAdev\u0103rul\u201d.<\/p>\n<p>Din experien\u021ba sa \u00een coordonarea nun\u021bilor, at\u00e2t \u00een Bucure\u0219ti, c\u00e2t \u0219i la Timi\u0219oara, spune c\u0103 tot mai multe cupluri vor s\u0103 introduc\u0103 elemente care au o semnifica\u021bie pentru rela\u021bia lor:\u00a0 <i>\u201eObserv tot mai multe cupluri care vor s\u0103 transforme ceremonia \u00eentr-o poveste personal\u0103: jur\u0103minte scrise de ei, muzic\u0103 important\u0103 pentru rela\u021bia lor, discursuri ale p\u0103rin\u021bilor sau prietenilor \u0219i mici ritualuri simbolice.\u201d<\/i><\/p>\n<h2>De la Disney \u0219i Harry Potter p\u00e2n\u0103 la prima vacan\u021b\u0103 \u00eempreun\u0103<\/h2>\n<p>Nu exist\u0103 un ritual care trebuie urmat \u00eentocmai, iar ceea ce se \u00eent\u00e2mpl\u0103 \u00een timpul ceremoniei poate fi stabilit \u00eempreun\u0103 cu mirii.<\/p>\n<p><i>\u201eLimita este aproape exclusiv imagina\u021bia mirilor. Ceremonia poate include povestea cuplului, jur\u0103minte, schimbul de verighete, muzic\u0103, discursurile celor dragi \u0219i\/sau ritualuri simbolice care \u00eei reprezint\u0103 pe ei. Dar partea care mie \u00eemi place cel mai mult este c\u0103 po\u021bi merge mult dincolo de at\u00e2t \u0219i po\u021bi transforma ceremonia \u00eentr-o adev\u0103rat\u0103 experien\u021b\u0103\u201d,<\/i> explic\u0103 Ana Maria Og\u0103\u0219anu.<\/p>\n<p>Uneori, punctul de plecare poate fi chiar locul \u00een care cei doi s-au cunoscut, un film de care sunt lega\u021bi sau o vacan\u021b\u0103 important\u0103 pentru rela\u021bia lor.<\/p>\n<p><i>\u201eDac\u0103, de exemplu, povestea lor a \u00eenceput la Disneyland, ceremonia umanist\u0103 poate avea trimiteri din universul Disney. Am avut situa\u021bii de acest gen \u00een care ceremonia a avut o coloan\u0103 sonor\u0103 reinterpretat\u0103 la pian. Nu trebuie s\u0103 transform\u0103m nunta \u00eentr-un parc tematic, asta este clar. Secretul este s\u0103 lu\u0103m emo\u021bia locului \u0219i s\u0103 o aducem elegant \u00een povestea lor\u201d, <\/i>continu\u0103 aceasta.<\/p>\n<p>La una dintre nun\u021bi, punctul comun al mirilor a fost pasiunea pentru Harry Potter.<\/p>\n<p>\u201eAm mai avut o situa\u021bie \u00een care doi oameni s-au apropiat datorit\u0103 pasiunii lor comune pentru un film, mai exact pentru Harry Potter. \u00cen locul unei ceremonii clasice, invita\u021bii au primit mici scrisori de admitere. Jur\u0103mintele au fost sub form\u0103 de pergamente, muzica a avut influen\u021be cinematografice, iar celebrantul a introdus discret ideea c\u0103, dintre toate formele de magie, cei doi au ales-o pe aceea care nu necesit\u0103 baghet\u0103, \u0219i anume iubirea\u201d, m\u0103rturise\u0219te Ana Maria\u00a0Og\u0103\u0219anu.<\/p>\n<p>\u00centr-un alt caz, inspira\u021bia a venit din prima vacan\u021b\u0103 a cuplului, \u00een Capri. Decorul a fost realizat \u00een alb, albastru mediteraneean \u0219i galben-l\u0103m\u00e2ie, cu l\u0103m\u00e2i naturale, ceramic\u0103 inspirat\u0103 de Coasta Amalfitan\u0103 \u0219i evantaie personalizate cu imagini din Capri pentru invita\u021bi.<\/p>\n<p><i>\u201eLa finalul jur\u0103mintelor, \u00een locul unei \u00eencheieri conven\u021bionale, fiecare invitat a primit un mini-limoncello. Celebrantul a ridicat primul pahar \u0219i a spus: \u00abAcum c\u0103 ne-au spus povestea lor, e timpul s\u0103 s\u0103rb\u0103torim\u00bb. Au dat noroc to\u021bi, a \u00eenceput muzica italian\u0103 \u0219i petrecerea a \u00eenceput exact dup\u0103 ceremonie\u201d,<\/i> completeaz\u0103 ea.<\/p>\n<p><a class=\"related-inline svelte-78g0vl\" data-gtrack=\"{&quot;event&quot;:&quot;utm_click&quot;,&quot;data&quot;:{&quot;event_category&quot;:&quot;article_related&quot;}}\" href=\"https:\/\/adevarul.ro\/showbiz\/vedete\/reguli-fara-precedent-la-nunta-lui-taylor-swift-si-2541028.html\" title=\"Alt articol de interes pentru tine\"><span class=\"inline-title svelte-78g0vl\">Reguli f\u0103r\u0103 precedent la nunta lui Taylor Swift \u0219i Travis Kelce: telefoanele au fost confiscate. Ce au p\u0103\u021bit cei care au \u00eenc\u0103lcat regulile<\/span><\/a><\/p>\n<h2>Cine poate conduce ceremonia<\/h2>\n<p>Pentru c\u0103 ceremonia nu produce efecte juridice, persoana care o conduce nu are acela\u0219i statut cu ofi\u021berul de stare civil\u0103.<\/p>\n<p><i>\u201e\u00cen Rom\u00e2nia, celebrantul nu trebuie obligatoriu s\u0103 fie o persoan\u0103 certificat\u0103, pentru c\u0103 vorbim despre o ceremonie simbolic\u0103, f\u0103r\u0103 efecte juridice. Mirii pot alege un celebrant profesionist, dar rolul poate fi asumat chiar de un prieten apropiat sau de cineva din familie. Am \u00eent\u00e2lnit inclusiv cupluri pentru care ideea ca cel mai bun prieten s\u0103 le spun\u0103 povestea a avut o \u00eenc\u0103rc\u0103tur\u0103 emo\u021bional\u0103 extraordinar\u0103\u201d<\/i>, explic\u0103 Ana Maria Og\u0103\u0219anu.<\/p>\n<p>Exist\u0103 \u00eens\u0103 \u0219i persoane care s-au specializat \u00een astfel de ceremonii \u0219i au urmat cursuri sau au ob\u021binut acredit\u0103ri profesionale \u00een str\u0103in\u0103tate.<\/p>\n<p><i>\u201eEu \u00eel numesc pe celebrant \u00abregizorul emo\u021bional\u00bb al ceremoniei. El trebuie s\u0103 \u0219tie c\u00e2nd s\u0103 te fac\u0103 s\u0103 r\u00e2zi, c\u00e2nd s\u0103 lase o secund\u0103 de lini\u0219te \u0219i c\u00e2nd s\u0103 fac\u0103 un pas \u00een spate pentru ca mirii s\u0103 devin\u0103 singurii protagoni\u0219ti<\/i>\u201d, mai spune ea.<\/p>\n<p>Pe plan local, un serviciu dedicat ceremoniilor umaniste func\u021bioneaz\u0103 din 2014. Daniel Secar\u0103 \u0219i Monica Beli\u021boiu povesteau \u00eentr-un interviu acordat \u00een 2019 publica\u021biei \u201e<i>Viitorul Rom\u00e2niei\u201d<\/i> c\u0103 ideea businessului pe care l-au fondat a pornit chiar de la propria lor nunt\u0103. Nu erau religio\u0219i \u0219i nu \u00ee\u0219i doreau cununie la biseric\u0103, dar au vrut s\u0103 marcheze c\u0103s\u0103toria printr-un moment personal, pe care l-a condus un prieten.<\/p>\n<p><i>\u201eDac\u0103 ar fi s\u0103 o descriu \u00een doar c\u00e2teva cuvinte, a\u0219 spune c\u0103 este un eveniment \u00een care s\u0103rb\u0103torim dragostea a doi oameni care-\u0219i jur\u0103 credin\u021b\u0103 \u00een fa\u021ba familiei \u0219i prietenilor apropia\u021bi\u201d,<\/i> explica Daniel Secar\u0103.<\/p>\n<h2>Ceremonia umanist\u0103 nu \u00eenlocuie\u0219te c\u0103s\u0103toria civil\u0103<\/h2>\n<p>Din punct de vedere legal, diferen\u021ba dintre cele trei tipuri de ceremonii este clar\u0103.<\/p>\n<p><i>\u201eCununia civil\u0103 este cea care produce efecte juridice \u0219i \u00eencheie legal c\u0103s\u0103toria. Ceremonia religioas\u0103 are caracter spiritual \u0219i se desf\u0103\u0219oar\u0103 potrivit r\u00e2nduielilor cultului respectiv, iar ceremonia umanist\u0103 este un moment simbolic, construit \u00een jurul pove\u0219tii \u0219i valorilor cuplului. Cu alte cuvinte, ceremonia umanist\u0103 nu \u00eenlocuie\u0219te cununia civil\u0103\u201d<\/i>, l\u0103mure\u0219te Ana Maria Og\u0103\u0219anu.<\/p>\n<p>Potrivit informa\u021biilor publicate de <i>Ceremonii Umaniste<\/i>, o astfel de ceremonie dureaz\u0103 \u00een medie aproximativ 30 de minute, iar tarifele afi\u0219ate \u00een prezent pentru o ceremonie de nunt\u0103 pornesc de la 3.000 de lei.<\/p>\n<p>Alegerea ei nu presupune nici renun\u021barea automat\u0103 la cununia religioas\u0103. <i>\u201eDeloc. \u0218i cred c\u0103 tocmai aici exist\u0103 una dintre cele mai frumoase libert\u0103\u021bi ale nun\u021bilor de ast\u0103zi. Nu trebuie s\u0103 alegi \u00eentre tradi\u021bie \u0219i povestea ta. Le po\u021bi avea pe am\u00e2ndou\u0103\u201d, <\/i>spune Ana Maria Og\u0103\u0219anu.<\/p>\n<p>Exist\u0103 \u0219i cupluri \u00een care ceremonia umanist\u0103 \u00eenlocuie\u0219te momentul religios, \u00een timp ce altele aleg s\u0103 le p\u0103streze pe am\u00e2ndou\u0103.<\/p>\n<p><i>\u201ePentru unele cupluri, cununia religioas\u0103 r\u0103m\u00e2ne unul dintre cele mai profunde momente ale c\u0103s\u0103toriei, iar ceremonia umanist\u0103 vine ulterior \u0219i le ofer\u0103 un alt spa\u021biu: acela \u00een care \u00ee\u0219i pot spune povestea \u0219i promisiunile \u00een propriile cuvinte. Pentru altele, ceremonia umanist\u0103 este singurul moment simbolic pe care \u0219i-l doresc,\u201d<\/i> adaug\u0103 aceasta.<\/p>\n<p><a class=\"related-inline svelte-78g0vl\" data-gtrack=\"{&quot;event&quot;:&quot;utm_click&quot;,&quot;data&quot;:{&quot;event_category&quot;:&quot;article_related&quot;}}\" href=\"https:\/\/adevarul.ro\/dezvoltare-personala\/relatii\/ce-se-intampla-in-mintea-adolescentilor-care-nu-se-2549406.html\" title=\"Alt articol de interes pentru tine\"><span class=\"inline-title svelte-78g0vl\">Ce se \u00eent\u00e2mpl\u0103 \u00een mintea adolescen\u021bilor care nu se mai desprind de TikTok \u0219i Reels. Explica\u021bia psihologului<\/span><\/a><\/p>\n<h2>\u201eNunta noastr\u0103 nu e nunt\u0103\u201d<\/h2>\n<p>Alegerea de a renun\u021ba la cununia religioas\u0103 poate provoca \u00eens\u0103 discu\u021bii \u00een familie. Pe r\/CasualRO, un cuplu care \u00ee\u0219i preg\u0103tea cununia civil\u0103 \u0219i petrecerea pentru 2026 povestea c\u0103 nu \u00ee\u0219i dore\u0219te nici cununie religioas\u0103, nici na\u0219i, pentru c\u0103 ambii parteneri sunt atei.<\/p>\n<p><i>\u201eApropia\u021bii au insistat c\u0103 nunta noastr\u0103 nu e nunt\u0103 \u0219i ne-au zis subtil c\u0103 le este ru\u0219ine s\u0103 ne ajute cu chematul rudelor \u0219i prietenilor\u201d<\/i>, scria persoana care a deschis discu\u021bia.<\/p>\n<p>O alt\u0103 persoan\u0103 m\u0103rturisea c\u0103, pe l\u00e2ng\u0103 cununia civil\u0103, a ales un moment \u00een care mirii s\u0103 \u00ee\u0219i rosteasc\u0103 jur\u0103mintele \u00een fa\u021ba invita\u021bilor: <i>\u201e\u00cenc\u0103 de la \u00eenceput am stabilit c\u0103 facem \u00abnunta\u00bb f\u0103r\u0103 cununie religioas\u0103, \u00een loc de asta, pe l\u00e2ng\u0103 cununia civil\u0103, s\u0103 fie o cununie de jur\u0103minte.\u201d\u00a0<\/i>Familia nu a primit ini\u021bial prea bine ideea, \u00eens\u0103 reac\u021bia s-a schimbat \u00een ziua nun\u021bii:\u00a0 <i>\u201e\u00cen timpul jur\u0103mintelor a l\u0103crimat \u0219i mama. To\u021bi invita\u021bii au zis: \u00abWow, e cea mai frumoas\u0103 \u0219i sincer\u0103 nunt\u0103 din via\u021ba lor\u00bb.\u201d<\/i><\/p>\n<p>Pentru Ana Maria Og\u0103\u0219anu, schimbarea \u021bine mai pu\u021bin de dispari\u021bia tradi\u021biilor \u0219i mai mult de libertatea mirilor de a decide ce p\u0103streaz\u0103 din ele.<\/p>\n<p><i>\u201eP\u00e2n\u0103 la urm\u0103, diferen\u021ba nu este \u00eentre o ceremonie religioas\u0103 \u0219i una umanist\u0103, ci \u00eentre o ceremonie pe care doar o urmezi \u0219i una \u00een care te reg\u0103se\u0219ti. Cred c\u0103 acesta este adev\u0103ratul trend: mirii nu mai vor doar o nunt\u0103 frumoas\u0103. Vor o nunt\u0103 care spune ceva despre ei!\u201d<\/i>, <a href=\"https:\/\/adevarul.ro\/dezvoltare-personala\/relatii\/ce-se-intampla-in-mintea-adolescentilor-care-nu-se-2549406.html\">conchide ea.<\/a><\/p>\n<p><\/main><\/p>\n<footer class=\"svelte-x63bga\">\n<div class=\"related-wrap related-footer svelte-78g0vl\"><span class=\"related-label svelte-78g0vl\">Cite\u0219te \u0219i<\/span><a class=\"related svelte-78g0vl\" data-gtrack=\"{&quot;event&quot;:&quot;utm_click&quot;,&quot;data&quot;:{&quot;event_category&quot;:&quot;article_related&quot;}}\" href=\"https:\/\/adevarul.ro\/dezvoltare-personala\/relatii\/cat-din-problemele-pe-care-le-ai-in-cuplu-provin-2549999.html\" title=\"Alt articol de interes pentru tine\"><img decoding=\"async\" class=\"thumb svelte-78g0vl\" src=\"https:\/\/cdn.adh.reperio.news\/image-a\/a1f3aa9d-c684-484b-93ee-500bc6e02fd5\/index.jpeg?p=f%3Dwebp%26w%3D120%26h%3D80%26r%3Dcover%26a%3D0\" alt loading=\"lazy\" width=\"80\" height=\"54\"><span class=\"title svelte-78g0vl\">C\u00e2t din problemele pe care le ai \u00een cuplu provin, de fapt, din copil\u0103rie? <\/span><\/a><\/div>\n<div class=\"meta svelte-x63bga\">\n<div class=\"authors svelte-x63bga\"><span class=\"names svelte-x63bga\"><a href=\"https:\/\/adevarul.ro\/author\/1760\" rel=\"author\" class=\"svelte-x63bga\">Bianca Dobrescu<\/a><\/span><\/p>\n<div class=\"_hydratable\" data-props=\"%7B%22showLive%22%3Atrue%7D\" data-context=\"%7B%22parentBlockColumnCount%22%3A%7B%22value%22%3A0%2C%22type%22%3A%22store%2Freadable%22%7D%2C%22parentBlockBackgroundColor%22%3A%7B%22type%22%3A%22store%2Freadable%22%7D%7D\" data-component=\"ShareButton\">\n<div class=\"shareButtons svelte-itwbrr\">\n<div class=\"liveSessions metaFont svelte-1maxmbf\"><span class=\"value svelte-1maxmbf\">1<\/span> live <\/div>\n<\/div>\n<\/div>\n<\/div>\n<\/div>\n<p><a class=\"moreFromCategory svelte-x63bga\" href=\"https:\/\/adevarul.ro\/stiri-interne\/societate\" title=\"Societate\">Mai multe din <strong class=\"svelte-x63bga\">Societate<\/strong> \u203a<\/a><\/footer>\n<\/article>\n<p>[analyse_source url=&#8221;https:\/\/adevarul.ro\/stiri-interne\/societate\/ceremonia-umanista-alternativa-la-cununia-2552041.html&#8221;]<\/p>\n","protected":false},"excerpt":{"rendered":"<p>[analyse_image type=&#8221;featured&#8221; src=&#8221;https:\/\/cdn.adh.reperio.news\/image-4\/4549eedd-43bb-4fd8-9574-7c3f5f3531ed\/index.jpeg?p=f%3Djpeg%26w%3D1200%26h%3D630%26r%3Dcover&#8221;] Home \u0218tiri Interne Societate Ceremonia umanist\u0103, alternativa la cununia religioas\u0103. Cine o poate oficia \u0219i ce se \u00eent\u00e2mpl\u0103, de fapt, \u00een timpul ei Pentru cuplurile care nu \u00ee\u0219i doresc cununie religioas\u0103, dar vor mai mult dec\u00e2t ceremonia de la Starea Civil\u0103, exist\u0103 \u0219i varianta unei ceremonii umaniste. Mirii \u00ee\u0219i pot scrie propriile [&hellip;]<\/p>\n","protected":false},"author":1,"featured_media":0,"comment_status":"open","ping_status":"","sticky":false,"template":"","format":"standard","meta":{"footnotes":""},"categories":[89],"tags":[19,226],"class_list":["post-2119165","post","type-post","status-publish","format-standard","hentry","category-romania","tag-adevarul","tag-crawlmanager"],"_links":{"self":[{"href":"https:\/\/analyse.optim.biz\/index.php?rest_route=\/wp\/v2\/posts\/2119165","targetHints":{"allow":["GET"]}}],"collection":[{"href":"https:\/\/analyse.optim.biz\/index.php?rest_route=\/wp\/v2\/posts"}],"about":[{"href":"https:\/\/analyse.optim.biz\/index.php?rest_route=\/wp\/v2\/types\/post"}],"author":[{"embeddable":true,"href":"https:\/\/analyse.optim.biz\/index.php?rest_route=\/wp\/v2\/users\/1"}],"replies":[{"embeddable":true,"href":"https:\/\/analyse.optim.biz\/index.php?rest_route=%2Fwp%2Fv2%2Fcomments&post=2119165"}],"version-history":[{"count":0,"href":"https:\/\/analyse.optim.biz\/index.php?rest_route=\/wp\/v2\/posts\/2119165\/revisions"}],"wp:attachment":[{"href":"https:\/\/analyse.optim.biz\/index.php?rest_route=%2Fwp%2Fv2%2Fmedia&parent=2119165"}],"wp:term":[{"taxonomy":"category","embeddable":true,"href":"https:\/\/analyse.optim.biz\/index.php?rest_route=%2Fwp%2Fv2%2Fcategories&post=2119165"},{"taxonomy":"post_tag","embeddable":true,"href":"https:\/\/analyse.optim.biz\/index.php?rest_route=%2Fwp%2Fv2%2Ftags&post=2119165"}],"curies":[{"name":"wp","href":"https:\/\/api.w.org\/{rel}","templated":true}]}}