{"id":2119163,"date":"2026-08-30T06:00:47","date_gmt":"2026-08-30T03:00:47","guid":{"rendered":"https:\/\/analyse.optim.biz\/?p=2119163"},"modified":"2026-08-30T06:00:47","modified_gmt":"2026-08-30T03:00:47","slug":"focuri-de-arma-la-o-petrecere-rave-din-elvetia-un-mort-si-cinci-raniti-atacatorii-sunt-cautati-de-politie","status":"publish","type":"post","link":"https:\/\/analyse.optim.biz\/?p=2119163","title":{"rendered":"Focuri de arm\u0103 la o petrecere rave din Elve\u021bia: un mort \u0219i cinci r\u0103ni\u021bi. Atacatorii sunt c\u0103uta\u021bi de poli\u021bie"},"content":{"rendered":"<p>[analyse_image type=&#8221;featured&#8221; src=&#8221;https:\/\/cdn.adh.reperio.news\/image-6\/6e081e12-dda8-409f-b163-2d008ba169f3\/index.jpeg?p=f%3Djpeg%26w%3D1200%26h%3D630%26r%3Dcover&#8221;]<\/p>\n<article class=\"svelte-x63bga\">\n<nav>\n<ul class=\"breadcrump svelte-1pk9a69\">\n<li class=\"svelte-1pk9a69\"><a href=\"https:\/\/adevarul.ro\/\" title=\"Adev\u0103rul\" class=\"svelte-1pk9a69\">Home<\/a><\/li>\n<li class=\"svelte-1pk9a69\"><a href=\"https:\/\/adevarul.ro\/stiri-interne\" class=\"svelte-1pk9a69\">\u0218tiri Interne<\/a><\/li>\n<li class=\"svelte-1pk9a69\"><a href=\"https:\/\/adevarul.ro\/stiri-interne\/evenimente\" class=\"svelte-1pk9a69\">Evenimente<\/a><\/li>\n<li class=\"svelte-1pk9a69\"><a href=\"https:\/\/adevarul.ro\/stiri-interne\/evenimente\/focuri-de-arma-la-o-petrecere-rave-din-elvetia-2552920.html\" class=\"svelte-1pk9a69\">Focuri de arm\u0103 la o petrecere rave din Elve\u021bia: un mort \u0219i cinci r\u0103ni\u021bi. Atacatorii sunt c\u0103uta\u021bi de poli\u021bie<\/a><\/li>\n<\/ul>\n<\/nav>\n<p><main class=\"svelte-x63bga\"><\/p>\n<p>Un atac armat produs \u00een noaptea de s\u00e2mb\u0103t\u0103 spre duminic\u0103 \u00een apropierea unei petreceri rave din ora\u0219ul elve\u021bian Aarau s-a soldat cu un mort \u0219i cinci r\u0103ni\u021bi. Poli\u021bia din cantonul Aargau a anun\u021bat c\u0103 autorii sunt \u00eenc\u0103 \u00een libertate \u0219i c\u0103 opera\u021biunea de c\u0103utare este \u00een desf\u0103\u0219urare.<\/p>\n<div class=\"container-image  svelte-1xbw4f3\"><source type=\"image\/webp\" srcset=\"https:\/\/cdn.adh.reperio.news\/image-6\/6e081e12-dda8-409f-b163-2d008ba169f3\/index.jpeg?p=a%3D1%26co%3D1.05%26w%3D1400%26h%3D750%26r%3Dcontain%26f%3Dwebp 1400w\" media=\"(min-width: 1400px)\" \/><\/p>\n<div class=\"caption svelte-1xbw4f3\"><span class=\"captionText svelte-1xbw4f3\">Focuri de arm\u0103 la o petrecere rave din Elve\u021bia.  <span class=\"source svelte-1xbw4f3\">Foto: Shutterstock<\/span><\/span><\/div>\n<\/div>\n<h2>UPDATE Un mort \u0219i cinci r\u0103ni\u021bi, dup\u0103 atacul armat din Aarau<\/h2>\n<p>Anchetatorii nu au stabilit deocamdat\u0103 cine se afl\u0103 \u00een spatele atacului \u0219i nici motivul pentru care au fost trase focurile de arm\u0103, noteaz\u0103\u00a0<a href=\"https:\/\/www.agerpres.ro\/politic-ex\/2026\/08\/30\/focuri-de-arma-la-o-petrecere-rave-in-elvetia-un-mort-si-cinci-raniti-atacatorii-sunt-inca-in-libertate-politie--1723678\" rel=\"nofollow\">Agerpres<\/a>.\u00a0<\/p>\n<p>Poli\u021bia a precizat c\u0103 <i>\u201eposibilele motive \u015fi circumstan\u0163ele exacte ale incidentului r\u0103m\u00e2n neclare deocamdat\u0103\u201d.<\/i><\/p>\n<p>O \u00eenregistrare video publicat\u0103 de tabloidul elve\u021bian Blick surprinde mai multe focuri de arm\u0103 trase succesiv.<\/p>\n<p>Autorit\u0103\u021bile au instituit un dispozitiv amplu \u00een urma atacului. Mai multe zone din Aarau au fost izolate, iar efectivele de poli\u021bie au fost suplimentate \u0219i \u00een afara ora\u0219ului, ca m\u0103sur\u0103 de precau\u021bie.<\/p>\n<p>Anchetatorii \u00eencearc\u0103 \u00een prezent s\u0103 stabileasc\u0103 exact modul \u00een care s-a produs atacul \u0219i s\u0103 \u00eei identifice pe cei responsabili.<\/p>\n<p>Incidentul are loc \u00eentr-o \u021bar\u0103 \u00een care de\u021binerea armelor de foc este relativ r\u0103sp\u00e2ndit\u0103. Elve\u021bia are una dintre cele mai ridicate rate de posesie a armelor din Europa, \u00eens\u0103 atacurile armate soldate cu victime sunt rare.<\/p>\n<p>\u00cen 2019, autorit\u0103\u021bile elve\u021biene au introdus reguli mai stricte privind controlul armelor.<\/p>\n<p><i>\u0218tirea ini\u021bial\u0103\u00a0<\/i><\/p>\n<p>\u00a0 Poli\u021bia elve\u021bian\u0103 a anun\u021bat c\u0103 mai multe persoane au fost r\u0103nite \u00een urma unor focuri de arm\u0103 trase \u00een noaptea de s\u00e2mb\u0103t\u0103 spre duminic\u0103, \u00een timpul unei petreceri rave organizate la hipodromul din Aarau, \u00een nordul Elve\u021biei, \u00een apropiere de Zurich,\u00a0relateaz\u0103 AFP \u015fi publica\u0163ia elve\u0163ian\u0103\u00a0<a href=\"https:\/\/www.24heures.ch\/aarau-plusieurs-victimes-apres-une-fusillade-au-schachen-899565107093\" rel=\"nofollow\">24 heures<\/a>.\u00a0 \u00a0<\/p>\n<p>Incidentul a avut loc \u00een zona Schachen, iar autorit\u0103\u021bile au mobilizat for\u021be importante pentru interven\u021bie. Poli\u021bia le-a cerut oamenilor s\u0103 evite zona \u00een timp ce opera\u021biunea era \u00een desf\u0103\u0219urare.<\/p>\n<p><i>\u201eAarau: Focuri de arm\u0103 la un eveniment din Schachen. Mai multe victime. Opera\u021biune poli\u021bieneasc\u0103 ampl\u0103 \u00een desf\u0103\u0219urare. Sta\u021bi departe de zon\u0103\u201d<\/i>, a transmis poli\u021bia pe platforma X.<\/p>\n<div class=\"_hydratable\" data-props=\"%7B%22data%22%3A%7B%22caption%22%3A%22%22%2C%22embed%22%3A%22https%3A%2F%2Ftwitframe.reperio.news%3Furl%3Dhttps%3A%2F%2Ftwitter.com%2FKapo_Aargau%2Fstatus%2F2093906103968899457%3Fref_src%3Dtwsrc%255Etfw%257Ctwcamp%255Etweetembed%257Ctwterm%255E2093906103968899457%257Ctwgr%255E28dca23128c57fb00d14f1340a3b92375e30930d%257Ctwcon%255Es1_%26ref_url%3Dhttps%253A%252F%252Fwww.24heures.ch%252Faarau-plusieurs-victimes-apres-une-fusillade-au-schachen-899565107093%22%2C%22height%22%3A300%2C%22measured_height%22%3A100%2C%22service%22%3A%22x%22%2C%22source%22%3A%22https%3A%2F%2Fx.com%2FKapo_Aargau%2Fstatus%2F2093906103968899457%3Fref_src%3Dtwsrc%255Etfw%257Ctwcamp%255Etweetembed%257Ctwterm%255E2093906103968899457%257Ctwgr%255E28dca23128c57fb00d14f1340a3b92375e30930d%257Ctwcon%255Es1_%26ref_url%3Dhttps%253A%252F%252Fwww.24heures.ch%252Faarau-plusieurs-victimes-apres-une-fusillade-au-schachen-899565107093%22%2C%22width%22%3A600%7D%2C%22id%22%3A%22ruasLCQHBv%22%2C%22type%22%3A%22embed%22%2C%22lines%22%3A10%2C%22linesAbove%22%3A70%2C%22index%22%3A14%2C%22paragraphsAbove%22%3A12%2C%22percentage%22%3A0.9459459459459459%2C%22linesBellow%22%3A4%7D\" data-context=\"%7B%22parentBlockColumnCount%22%3A%7B%22value%22%3A0%2C%22type%22%3A%22store%2Freadable%22%7D%2C%22parentBlockBackgroundColor%22%3A%7B%22type%22%3A%22store%2Freadable%22%7D%7D\" data-component=\"EditorEmbedViewDefault\">\n<div class=\"container-embed svelte-1petmjv\"><\/div>\n<\/div>\n<p>Deocamdat\u0103, autorit\u0103\u021bile nu au oferit informa\u021bii despre num\u0103rul exact al victimelor, starea acestora sau circumstan\u021bele \u00een care s-au produs focurile de arm\u0103. Incidentul este anchetat.<\/p>\n<p><\/main><\/p>\n<footer class=\"svelte-x63bga\">\n<div class=\"related-wrap related-footer svelte-78g0vl\"><span class=\"related-label svelte-78g0vl\">Cite\u0219te \u0219i<\/span><a class=\"related svelte-78g0vl\" data-gtrack=\"{&quot;event&quot;:&quot;utm_click&quot;,&quot;data&quot;:{&quot;event_category&quot;:&quot;article_related&quot;}}\" href=\"https:\/\/adevarul.ro\/stiri-interne\/evenimente\/gruparile-de-interlopi-stoaca-si-tobosarii-lovite-2537016.html\" title=\"Alt articol de interes pentru tine\"><img decoding=\"async\" class=\"thumb svelte-78g0vl\" src=\"https:\/\/cdn.adh.reperio.news\/image-f\/f0808785-65b7-44af-af21-14bb175173e0\/index.png?p=f%3Dwebp%26w%3D120%26h%3D80%26r%3Dcover%26a%3D0\" alt loading=\"lazy\" width=\"80\" height=\"54\"><span class=\"title svelte-78g0vl\">Grup\u0103rile de interlopi \u0218toac\u0103 \u0219i Tobo\u0219arii, lovite de perchezi\u021bii de amploare. Acuza\u021bii de focuri de arm\u0103, incendieri \u0219i atacuri cu cocktailuri Molotov<\/span><\/a><a class=\"related svelte-78g0vl\" data-gtrack=\"{&quot;event&quot;:&quot;utm_click&quot;,&quot;data&quot;:{&quot;event_category&quot;:&quot;article_related&quot;}}\" href=\"https:\/\/adevarul.ro\/stiri-locale\/bucuresti\/focuri-de-arma-in-sectorul-2-un-barbat-inarmat-cu-2538363.html\" title=\"Alt articol de interes pentru tine\"><img decoding=\"async\" class=\"thumb svelte-78g0vl\" src=\"https:\/\/cdn.adh.reperio.news\/image-6\/6495daf6-7e15-464e-b059-74bb48e58f38\/index.png?p=f%3Dwebp%26w%3D120%26h%3D80%26r%3Dcover%26a%3D0\" alt loading=\"lazy\" width=\"80\" height=\"54\"><span class=\"title svelte-78g0vl\">Filmul atacului s\u00e2ngeros din Sectorul 2. Momentul \u00een care poli\u021bi\u0219tii trag \u00een plin\u0103 strad\u0103 pentru a-l opri pe t\u00e2n\u0103rul care \u0219i-a \u00eenjunghiat tat\u0103l. Agresorul a fost re\u021binut<\/span><\/a><a class=\"related svelte-78g0vl\" data-gtrack=\"{&quot;event&quot;:&quot;utm_click&quot;,&quot;data&quot;:{&quot;event_category&quot;:&quot;article_related&quot;}}\" href=\"https:\/\/adevarul.ro\/stiri-externe\/sua\/atac-armat-in-tucson-arizona-zece-persoane-sunt-2544325.html\" title=\"Alt articol de interes pentru tine\"><img decoding=\"async\" class=\"thumb svelte-78g0vl\" src=\"https:\/\/cdn.adh.reperio.news\/image-8\/89e1d13e-bc42-4385-b1ab-8ca204743939\/index.jpeg?p=f%3Dwebp%26w%3D120%26h%3D80%26r%3Dcover%26a%3D0\" alt loading=\"lazy\" width=\"80\" height=\"54\"><span class=\"title svelte-78g0vl\">Atac armat \u00een Tucson, Arizona. Zece persoane sunt grav r\u0103nite dup\u0103 ce s-au tras focuri de arm\u0103 \u00eentr-o zon\u0103 aglomerat\u0103<\/span><\/a><\/div>\n<div class=\"meta svelte-x63bga\">\n<div class=\"authors svelte-x63bga\"><span class=\"names svelte-x63bga\"><a href=\"https:\/\/adevarul.ro\/author\/1899\" rel=\"author\" class=\"svelte-x63bga\">Maria \u0162aga<\/a><\/span><\/p>\n<div class=\"_hydratable\" data-props=\"%7B%22showLive%22%3Atrue%7D\" data-context=\"%7B%22parentBlockColumnCount%22%3A%7B%22value%22%3A0%2C%22type%22%3A%22store%2Freadable%22%7D%2C%22parentBlockBackgroundColor%22%3A%7B%22type%22%3A%22store%2Freadable%22%7D%7D\" data-component=\"ShareButton\">\n<div class=\"shareButtons svelte-itwbrr\">\n<div class=\"liveSessions metaFont svelte-1maxmbf\"><span class=\"value svelte-1maxmbf\">1<\/span> live <\/div>\n<\/div>\n<\/div>\n<\/div>\n<div class=\"tags svelte-1l3vwp1\"><span class=\"tags-label metaFont svelte-1l3vwp1\">Cite\u0219te mai multe despre<\/span><\/p>\n<div class=\"tags-list svelte-1l3vwp1\"><a href=\"https:\/\/adevarul.ro\/tag\/victime\" title=\"Ultimele \u0219tiri despre victime\" class=\"tag-pill svelte-1l3vwp1\">victime<\/a><a href=\"https:\/\/adevarul.ro\/tag\/elvetia\" title=\"Ultimele \u0219tiri despre elvetia\" class=\"tag-pill svelte-1l3vwp1\">elvetia<\/a><a href=\"https:\/\/adevarul.ro\/tag\/focuri%20de%20arma\" title=\"Ultimele \u0219tiri despre focuri de arma\" class=\"tag-pill svelte-1l3vwp1\">focuri de arma<\/a><a href=\"https:\/\/adevarul.ro\/tag\/impuscaturi\" title=\"Ultimele \u0219tiri despre impuscaturi\" class=\"tag-pill svelte-1l3vwp1\">impuscaturi<\/a><\/div>\n<\/div>\n<\/div>\n<p><a class=\"moreFromCategory svelte-x63bga\" href=\"https:\/\/adevarul.ro\/stiri-interne\/evenimente\" title=\"Evenimente\">Mai multe din <strong class=\"svelte-x63bga\">Evenimente<\/strong> \u203a<\/a><\/footer>\n<\/article>\n<p>[analyse_source url=&#8221;https:\/\/adevarul.ro\/stiri-interne\/evenimente\/focuri-de-arma-la-o-petrecere-rave-din-elvetia-2552920.html&#8221;]<\/p>\n","protected":false},"excerpt":{"rendered":"<p>[analyse_image type=&#8221;featured&#8221; src=&#8221;https:\/\/cdn.adh.reperio.news\/image-6\/6e081e12-dda8-409f-b163-2d008ba169f3\/index.jpeg?p=f%3Djpeg%26w%3D1200%26h%3D630%26r%3Dcover&#8221;] Home \u0218tiri Interne Evenimente Focuri de arm\u0103 la o petrecere rave din Elve\u021bia: un mort \u0219i cinci r\u0103ni\u021bi. Atacatorii sunt c\u0103uta\u021bi de poli\u021bie Un atac armat produs \u00een noaptea de s\u00e2mb\u0103t\u0103 spre duminic\u0103 \u00een apropierea unei petreceri rave din ora\u0219ul elve\u021bian Aarau s-a soldat cu un mort \u0219i cinci r\u0103ni\u021bi. Poli\u021bia din [&hellip;]<\/p>\n","protected":false},"author":1,"featured_media":0,"comment_status":"open","ping_status":"","sticky":false,"template":"","format":"standard","meta":{"footnotes":""},"categories":[89],"tags":[19,226],"class_list":["post-2119163","post","type-post","status-publish","format-standard","hentry","category-romania","tag-adevarul","tag-crawlmanager"],"_links":{"self":[{"href":"https:\/\/analyse.optim.biz\/index.php?rest_route=\/wp\/v2\/posts\/2119163","targetHints":{"allow":["GET"]}}],"collection":[{"href":"https:\/\/analyse.optim.biz\/index.php?rest_route=\/wp\/v2\/posts"}],"about":[{"href":"https:\/\/analyse.optim.biz\/index.php?rest_route=\/wp\/v2\/types\/post"}],"author":[{"embeddable":true,"href":"https:\/\/analyse.optim.biz\/index.php?rest_route=\/wp\/v2\/users\/1"}],"replies":[{"embeddable":true,"href":"https:\/\/analyse.optim.biz\/index.php?rest_route=%2Fwp%2Fv2%2Fcomments&post=2119163"}],"version-history":[{"count":0,"href":"https:\/\/analyse.optim.biz\/index.php?rest_route=\/wp\/v2\/posts\/2119163\/revisions"}],"wp:attachment":[{"href":"https:\/\/analyse.optim.biz\/index.php?rest_route=%2Fwp%2Fv2%2Fmedia&parent=2119163"}],"wp:term":[{"taxonomy":"category","embeddable":true,"href":"https:\/\/analyse.optim.biz\/index.php?rest_route=%2Fwp%2Fv2%2Fcategories&post=2119163"},{"taxonomy":"post_tag","embeddable":true,"href":"https:\/\/analyse.optim.biz\/index.php?rest_route=%2Fwp%2Fv2%2Ftags&post=2119163"}],"curies":[{"name":"wp","href":"https:\/\/api.w.org\/{rel}","templated":true}]}}