{"id":2119157,"date":"2026-08-30T00:00:00","date_gmt":"2026-08-29T21:00:00","guid":{"rendered":"https:\/\/analyse.optim.biz\/?p=2119157"},"modified":"2026-08-30T00:00:00","modified_gmt":"2026-08-29T21:00:00","slug":"islandezii-resping-prin-referendum-reluarea-negocierilor-de-aderare-la-ue","status":"publish","type":"post","link":"https:\/\/analyse.optim.biz\/?p=2119157","title":{"rendered":"Islandezii resping prin referendum reluarea negocierilor de aderare la UE"},"content":{"rendered":"<p>[analyse_image type=&#8221;featured&#8221; src=&#8221;https:\/\/agerpres.ro\/data\/202608\/20260830115258_399102.jpg&#8221;]<\/p>\n<div class=\"mx-auto pt-3\">\n<p><strong>Islandezii au votat pentru a r\u0103m\u00e2ne \u00een afara Uniunii Europene, a relatat duminic\u0103 postul de televiziune RUV, popula\u021bia resping\u00e2nd prin referendum o ini\u021biativ\u0103 a guvernului de a redeschide discu\u021biile de aderare \u0219i plas\u00e2ndu-se de partea celor care au spus c\u0103 apele de pescuit ale Islandei sunt prea importante pentru a fi supuse riscului, relateaz\u0103 Reuters \u0219i AFP.<\/strong><\/p>\n<p>La \u00eentrebarea &#8221;Ar trebui Islanda s\u0103 redeschid\u0103 negocierile de aderare cu Uniunea European\u0103?&#8221;, 52,8% dintre islandezi au r\u0103spuns &#8221;Nu&#8221;, iar 47,2% au votat &#8221;Da&#8221;, \u00eentr-o consultare popular\u0103 organizat\u0103 s\u00e2mb\u0103t\u0103, conform rezultatelor finale, publicate duminic\u0103 de RUV dup\u0103 num\u0103rarea tuturor voturilor.<\/p>\n<p>&#8221;Poporul respinge negocierile de aderare la UE&#8221;, a concluzionat televiziunea pe site-ul s\u0103u.<\/p>\n<p>Votul &#8221;Nu&#8221; va dezam\u0103gi Bruxellesul, deoarece unii oficiali au prezentat Islanda ca un caz cu risc sc\u0103zut, care ar putea ajuta la diminuarea scepticismului fa\u021b\u0103 de extinderea UE \u0219i la consolidarea strategic\u0103 a blocului comunitar \u00eentr-un moment \u00een care securitatea \u00een regiunea arctic\u0103 este \u00een centrul aten\u021biei.<\/p>\n<p>Guvernul \u0219i-a prezentat planul de aderare ca un moment &#8221;acum sau niciodat\u0103&#8221;, iar prim-ministrul social-democrat Kristrun Frostadottir le-a spus aleg\u0103torilor \u00een august c\u0103 un &#8221;Nu&#8221; ar pune deoparte toate specula\u021biile privind UE.<\/p>\n<p>Activi\u0219tii &#8221;Da&#8221; au spus c\u0103 aderarea la bloc ar putea reduce ratele dob\u00e2nzilor ridicate \u0219i ar putea oferi mai mult\u0103 securitate \u00eentr-o lume tulburat\u0103 de r\u0103zboiul din Ucraina \u0219i de retorica pre\u0219edintelui american Donald Trump despre anexarea unei alte insule arctice, Groenlanda.<\/p>\n<p>Activi\u0219tii taberei &#8221;Nu&#8221; au declarat c\u0103 aderarea la UE ar amenin\u021ba suveranitatea insulei \u0219i apele de pescuit.<\/p>\n<p>Campania pentru referendum a alimentat dezbaterea despre locul Islandei \u00een lume, le-a declarat prim-ministrul Kristrun Frostadottir reporterilor dup\u0103 ce \u0219i-a exprimat votul \u00een capitala Reykjavik, s\u00e2mb\u0103t\u0103.<\/p>\n<p>&#8221;Este o zi minunat\u0103. Am a\u0219teptat asta de ani de zile pentru a putea vota&#8221;, a spus ea, ad\u0103ug\u00e2nd c\u0103 guvernul s\u0103u \u00ee\u0219i va continua activitatea indiferent de rezultat.<\/p>\n<p>Islanda a depus prima cerere de aderare la UE \u00een 2009, c\u00e2nd o criz\u0103 financiar\u0103 a lovit economia mic\u0103 \u0219i expus\u0103 a \u021b\u0103rii. Un guvern eurosceptic a pus cap\u0103t discu\u021biilor \u00een 2013.<\/p>\n<p>Tulbur\u0103rile geopolitice, inclusiv r\u0103zboiul din Orientul Mijlociu \u0219i tarifele de import impuse de SUA, au amplificat urgen\u021ba unei probleme pe care islandezii o dezbat cu intermiten\u021be de zeci de ani.<\/p>\n<p>Orice discu\u021bie despre aderarea la UE a bogatei insule din Atlanticul de Nord ar fi \u00eenghe\u021bat\u0103 acum cel pu\u021bin p\u00e2n\u0103 \u00een 2028.<\/p>\n<p>Islanda este ast\u0103zi str\u00e2ns asociat\u0103 cu UE prin apartenen\u021ba sa la Spa\u021biul Economic European (SEE) \u0219i la Spa\u021biul Schengen, printre altele &#8211; leg\u0103turi care ar r\u0103m\u00e2ne neschimbate. AGERPRES\/(AS &#8211; redactor: Ionu\u021b Mare\u0219, editor online: Gabriela Badea)<\/p>\n<p><strong>Cite\u015fte \u015fi:<\/strong><\/p>\n<p>*\u00a0<a href=\"https:\/\/agerpres.ro\/politic-extern\/2026\/08\/30\/referendum-privind-ue-in-islanda-votul-nu-este-in-frunte-pe-masura-ce-numaratoarea-se-apropie-de-sfa--1588995\" target=\"_blank\">Referendum privind UE \u00een Islanda: Votul &#8221;Nu&#8221; este \u00een frunte, pe m\u0103sur\u0103 ce num\u0103r\u0103toarea se apropie de sf\u00e2r\u0219it<\/a><\/p>\n<\/div>\n<div class=\"mx-auto pt-3\">\n                                Afisari: 873\n                            <\/div>\n<p>[analyse_source url=&#8221;https:\/\/agerpres.ro\/politic-extern\/2026\/08\/30\/islandezii-resping-prin-referendum-reluarea-negocierilor-de-aderare-la-ue&#8211;1589020&#8243;]<\/p>\n","protected":false},"excerpt":{"rendered":"<p>[analyse_image type=&#8221;featured&#8221; src=&#8221;https:\/\/agerpres.ro\/data\/202608\/20260830115258_399102.jpg&#8221;] Islandezii au votat pentru a r\u0103m\u00e2ne \u00een afara Uniunii Europene, a relatat duminic\u0103 postul de televiziune RUV, popula\u021bia resping\u00e2nd prin referendum o ini\u021biativ\u0103 a guvernului de a redeschide discu\u021biile de aderare \u0219i plas\u00e2ndu-se de partea celor care au spus c\u0103 apele de pescuit ale Islandei sunt prea importante pentru a fi supuse [&hellip;]<\/p>\n","protected":false},"author":1,"featured_media":0,"comment_status":"open","ping_status":"","sticky":false,"template":"","format":"standard","meta":{"footnotes":""},"categories":[2],"tags":[37,226],"class_list":["post-2119157","post","type-post","status-publish","format-standard","hentry","category-politics","tag-agerpres-ro","tag-crawlmanager"],"_links":{"self":[{"href":"https:\/\/analyse.optim.biz\/index.php?rest_route=\/wp\/v2\/posts\/2119157","targetHints":{"allow":["GET"]}}],"collection":[{"href":"https:\/\/analyse.optim.biz\/index.php?rest_route=\/wp\/v2\/posts"}],"about":[{"href":"https:\/\/analyse.optim.biz\/index.php?rest_route=\/wp\/v2\/types\/post"}],"author":[{"embeddable":true,"href":"https:\/\/analyse.optim.biz\/index.php?rest_route=\/wp\/v2\/users\/1"}],"replies":[{"embeddable":true,"href":"https:\/\/analyse.optim.biz\/index.php?rest_route=%2Fwp%2Fv2%2Fcomments&post=2119157"}],"version-history":[{"count":0,"href":"https:\/\/analyse.optim.biz\/index.php?rest_route=\/wp\/v2\/posts\/2119157\/revisions"}],"wp:attachment":[{"href":"https:\/\/analyse.optim.biz\/index.php?rest_route=%2Fwp%2Fv2%2Fmedia&parent=2119157"}],"wp:term":[{"taxonomy":"category","embeddable":true,"href":"https:\/\/analyse.optim.biz\/index.php?rest_route=%2Fwp%2Fv2%2Fcategories&post=2119157"},{"taxonomy":"post_tag","embeddable":true,"href":"https:\/\/analyse.optim.biz\/index.php?rest_route=%2Fwp%2Fv2%2Ftags&post=2119157"}],"curies":[{"name":"wp","href":"https:\/\/api.w.org\/{rel}","templated":true}]}}