{"id":2119156,"date":"2026-08-29T22:08:25","date_gmt":"2026-08-29T19:08:25","guid":{"rendered":"https:\/\/analyse.optim.biz\/?p=2119156"},"modified":"2026-08-29T22:08:25","modified_gmt":"2026-08-29T19:08:25","slug":"cine-a-fost-sfantul-alexandru-si-de-ce-este-sarbatorit-pe-30-august","status":"publish","type":"post","link":"https:\/\/analyse.optim.biz\/?p=2119156","title":{"rendered":"Cine a fost Sf\u00e2ntul Alexandru \u0219i de ce este s\u0103rb\u0103torit pe 30 august"},"content":{"rendered":"<p>[analyse_image type=&#8221;featured&#8221; src=&#8221;https:\/\/cdn.adh.reperio.news\/image-9\/90e08991-2bdb-4647-b5a1-e2100e1aad51\/index.jpeg?p=f%3Djpeg%26w%3D1200%26h%3D630%26r%3Dcover&#8221;]<\/p>\n<article class=\"svelte-x63bga\">\n<nav>\n<ul class=\"breadcrump svelte-1pk9a69\">\n<li class=\"svelte-1pk9a69\"><a href=\"https:\/\/adevarul.ro\/\" title=\"Adev\u0103rul\" class=\"svelte-1pk9a69\">Home<\/a><\/li>\n<li class=\"svelte-1pk9a69\"><a href=\"https:\/\/adevarul.ro\/stiri-interne\" class=\"svelte-1pk9a69\">\u0218tiri Interne<\/a><\/li>\n<li class=\"svelte-1pk9a69\"><a href=\"https:\/\/adevarul.ro\/stiri-interne\/societate\" class=\"svelte-1pk9a69\">Societate<\/a><\/li>\n<li class=\"svelte-1pk9a69\"><a href=\"https:\/\/adevarul.ro\/stiri-interne\/societate\/cine-a-fost-sfantul-alexandru-si-de-ce-este-2552290.html\" class=\"svelte-1pk9a69\">Cine a fost Sf\u00e2ntul Alexandru \u0219i de ce este s\u0103rb\u0103torit pe 30 august<\/a><\/li>\n<\/ul>\n<\/nav>\n<p><main class=\"svelte-x63bga\"><\/p>\n<p>Sf\u00e2ntul Alexandru este pr\u0103znuit pe 30 august, zi \u00een care numero\u0219i rom\u00e2ni \u00ee\u0219i s\u0103rb\u0103toresc onomastica. Considerat unul dintre marii ap\u0103r\u0103tori ai credin\u021bei cre\u0219tine, acesta a tr\u0103it \u00een secolul al IV-lea \u0219i a fost patriarh al Constantinopolului. Numele s\u0103u, care \u00eenseamn\u0103 \u201eap\u0103r\u0103tor al oamenilor\u201d, a r\u0103mas p\u00e2n\u0103 ast\u0103zi unul dintre cele mai r\u0103sp\u00e2ndite, inclusiv \u00een Rom\u00e2nia.<\/p>\n<div class=\"container-image  svelte-1xbw4f3\"><source type=\"image\/webp\" srcset=\"https:\/\/cdn.adh.reperio.news\/image-9\/90e08991-2bdb-4647-b5a1-e2100e1aad51\/index.jpeg?p=a%3D1%26co%3D1.05%26w%3D1400%26h%3D750%26r%3Dcontain%26f%3Dwebp 1400w\" media=\"(min-width: 1400px)\" \/><\/p>\n<div class=\"caption svelte-1xbw4f3\"><span class=\"captionText svelte-1xbw4f3\">Cine a fost Sf\u00e2ntul Alexandru \u0219i de ce este s\u0103rb\u0103torit pe 30 august  <span class=\"source svelte-1xbw4f3\">Foto: Episcopia Tulcii<\/span><\/span><\/div>\n<\/div>\n<h2>Cine a fost Sf. Alexandru<\/h2>\n<p>Sf\u00e2ntul Alexandru s-a n\u0103scut \u00een jurul anului 239 \u0219i a fost ucenic al Sf\u00e2ntului Mitrofan, episcopul Constantinopolului. \u00cen anul 325, c\u00e2nd \u00eemp\u0103ratul Constantin cel Mare a convocat Primul Sinod Ecumenic de la Niceea, Mitrofan, ajuns la o v\u00e2rst\u0103 \u00eenaintat\u0103, nu a putut participa \u0219i l-a trimis pe Alexandru s\u0103 \u00eel reprezinte. La Sinod, Alexandru s-a num\u0103rat printre cei care au comb\u0103tut \u00eenv\u0103\u021b\u0103turile lui Arie, aflate \u00een centrul uneia dintre cele mai importante controverse religioase ale epocii. <a href=\"https:\/\/adevarul.ro\/dezvoltare-personala\/spiritualitate\/nu-mai-stim-sa-ne-oprim-lectia-unui-maestru-2533126.html\">Dup\u0103 moartea Sf\u00e2ntului Mitrofan, Alexandru i-a urmat la conducerea Bisericii din Constantinopol.<\/a><\/p>\n<p>Tradi\u021bia bisericeasc\u0103 \u00eei atribuie Sf\u00e2ntului Alexandru mai multe minuni, printre care vindec\u0103ri \u0219i izgonirea demonilor. Se spune, de asemenea, c\u0103 prin rug\u0103ciunile sale ar fi salvat Constantinopolul de la distrugere \u00een timpul unei furtuni puternice. O alt\u0103 relatare vorbe\u0219te despre confruntarea sa cu un filosof p\u0103g\u00e2n, pe care Alexandru l-ar fi f\u0103cut s\u0103 amu\u021beasc\u0103 prin rug\u0103ciune \u0219i care, ulterior, ar fi ales s\u0103 se boteze.<\/p>\n<p>Disputa \u00een care a fost implicat Sf\u00e2ntul Alexandru pornea de la \u00eenv\u0103\u021b\u0103turile lui Arie, care sus\u021binea c\u0103 Iisus Hristos nu este de aceea\u0219i natur\u0103 \u0219i egal cu Dumnezeu Tat\u0103l. Potrivit surselor biserice\u0219ti, Sf\u00e2ntul Alexandru a murit la v\u00e2rsta de 98 de ani.<\/p>\n<h2>Numele rom\u00e2ne\u0219ti s\u0103rb\u0103torite pe 30 august<\/h2>\n<p>Pe 30 august \u00ee\u0219i s\u0103rb\u0103toresc onomastica, \u00een primul r\u00e2nd, cei care poart\u0103 numele Alexandru \u0219i Alexandra. Sunt s\u0103rb\u0103torite \u00eens\u0103 \u0219i mai multe forme derivate sau diminutive folosite \u00een Rom\u00e2nia.<\/p>\n<p>Printre acestea se num\u0103r\u0103 Alex, Andra, Sandra, Sandu, Sanda, S\u0103ndel, Alexandrina, Lixandru, Lixandra, Sa\u0219a, Alexie, Alexis, dar \u0219i variante precum Alessandro \u0219i Alessandra.<\/p>\n<p>\u00cen calendarul ortodox, pe 30 august sunt pomeni\u021bi \u0219i Sf\u00e2ntul Ierarh Varlaam, Mitropolitul Moldovei, Sf\u00e2ntul Ierarh Ioan de la R\u00e2\u0219ca \u0219i Secu, precum \u0219i Sfin\u021bii Ierarhi Alexandru,<a href=\"https:\/\/adevarul.ro\/dezvoltare-personala\/spiritualitate\/uiti-lucruri-importante-solutia-e-mai-simpla-2523197.html\"> Ioan \u0219i Pavel cel Nou, patriarhi ai Constantinopolului. <\/a><\/p>\n<p><\/main><\/p>\n<footer class=\"svelte-x63bga\">\n<div class=\"related-wrap related-footer svelte-78g0vl\"><span class=\"related-label svelte-78g0vl\">Cite\u0219te \u0219i<\/span><a class=\"related svelte-78g0vl\" data-gtrack=\"{&quot;event&quot;:&quot;utm_click&quot;,&quot;data&quot;:{&quot;event_category&quot;:&quot;article_related&quot;}}\" href=\"https:\/\/adevarul.ro\/dezvoltare-personala\/spiritualitate\/uiti-lucruri-importante-solutia-e-mai-simpla-2523197.html\" title=\"Alt articol de interes pentru tine\"><img decoding=\"async\" class=\"thumb svelte-78g0vl\" src=\"https:\/\/cdn.adh.reperio.news\/image-1\/17821ed6-b3fa-420f-a746-f821824517fc\/index.jpeg?p=f%3Dwebp%26w%3D120%26h%3D80%26r%3Dcover%26a%3D0\" alt loading=\"lazy\" width=\"80\" height=\"54\"><span class=\"title svelte-78g0vl\">Ui\u021bi lucruri importante? Solu\u021bia e mai simpl\u0103 dec\u00e2t crezi<\/span><\/a><a class=\"related svelte-78g0vl\" data-gtrack=\"{&quot;event&quot;:&quot;utm_click&quot;,&quot;data&quot;:{&quot;event_category&quot;:&quot;article_related&quot;}}\" href=\"https:\/\/adevarul.ro\/stiri-interne\/societate\/sfantul-gheorghe-sarbatorit-pe-23-aprilie-2524614.html\" title=\"Alt articol de interes pentru tine\"><img decoding=\"async\" class=\"thumb svelte-78g0vl\" src=\"https:\/\/cdn.adh.reperio.news\/image-9\/94e48951-5cd2-42a7-a037-ac4ba9c2566b\/index.jpeg?p=f%3Dwebp%26w%3D120%26h%3D80%26r%3Dcover%26a%3D0\" alt loading=\"lazy\" width=\"80\" height=\"54\"><span class=\"title svelte-78g0vl\">Sf\u00e2ntul Gheorghe, s\u0103rb\u0103torit pe 23 aprilie. Povestea martiriului \u0219i tradi\u021biile care aduc noroc \u0219i protec\u021bie \u00een aceast\u0103 zi sf\u00e2nt\u0103<\/span><\/a><a class=\"related svelte-78g0vl\" data-gtrack=\"{&quot;event&quot;:&quot;utm_click&quot;,&quot;data&quot;:{&quot;event_category&quot;:&quot;article_related&quot;}}\" href=\"https:\/\/adevarul.ro\/dezvoltare-personala\/spiritualitate\/nu-mai-stim-sa-ne-oprim-lectia-unui-maestru-2533126.html\" title=\"Alt articol de interes pentru tine\"><img decoding=\"async\" class=\"thumb svelte-78g0vl\" src=\"https:\/\/cdn.adh.reperio.news\/image-d\/d01190cb-4f85-4dcf-b472-f5e33467508a\/index.jpeg?p=f%3Dwebp%26w%3D120%26h%3D80%26r%3Dcover%26a%3D0\" alt loading=\"lazy\" width=\"80\" height=\"54\"><span class=\"title svelte-78g0vl\">\u201eNu mai \u0219tim s\u0103 ne oprim\u201d. Lec\u021bia unui maestru Shaolin pentru oamenii mereu gr\u0103bi\u021bi<\/span><\/a><\/div>\n<div class=\"meta svelte-x63bga\">\n<div class=\"authors svelte-x63bga\"><span class=\"names svelte-x63bga\"><a href=\"https:\/\/adevarul.ro\/author\/2078\" rel=\"author\" class=\"svelte-x63bga\">Anemona Marinescu<\/a><\/span><\/p>\n<div class=\"_hydratable\" data-props=\"%7B%22showLive%22%3Atrue%7D\" data-context=\"%7B%22parentBlockColumnCount%22%3A%7B%22value%22%3A0%2C%22type%22%3A%22store%2Freadable%22%7D%2C%22parentBlockBackgroundColor%22%3A%7B%22type%22%3A%22store%2Freadable%22%7D%7D\" data-component=\"ShareButton\">\n<div class=\"shareButtons svelte-itwbrr\">\n<div class=\"liveSessions metaFont svelte-1maxmbf\"><span class=\"value svelte-1maxmbf\">1<\/span> live <\/div>\n<\/div>\n<\/div>\n<\/div>\n<div class=\"tags svelte-1l3vwp1\"><span class=\"tags-label metaFont svelte-1l3vwp1\">Cite\u0219te mai multe despre<\/span><\/p>\n<div class=\"tags-list svelte-1l3vwp1\"><a href=\"https:\/\/adevarul.ro\/tag\/onomastic%C4%83\" title=\"Ultimele \u0219tiri despre onomastic\u0103\" class=\"tag-pill svelte-1l3vwp1\">onomastic\u0103<\/a><a href=\"https:\/\/adevarul.ro\/tag\/calendar%20ortodox\" title=\"Ultimele \u0219tiri despre calendar ortodox\" class=\"tag-pill svelte-1l3vwp1\">calendar ortodox<\/a><\/div>\n<\/div>\n<\/div>\n<p><a class=\"moreFromCategory svelte-x63bga\" href=\"https:\/\/adevarul.ro\/stiri-interne\/societate\" title=\"Societate\">Mai multe din <strong class=\"svelte-x63bga\">Societate<\/strong> \u203a<\/a><\/footer>\n<\/article>\n<p>[analyse_source url=&#8221;https:\/\/adevarul.ro\/stiri-interne\/societate\/cine-a-fost-sfantul-alexandru-si-de-ce-este-2552290.html&#8221;]<\/p>\n","protected":false},"excerpt":{"rendered":"<p>[analyse_image type=&#8221;featured&#8221; src=&#8221;https:\/\/cdn.adh.reperio.news\/image-9\/90e08991-2bdb-4647-b5a1-e2100e1aad51\/index.jpeg?p=f%3Djpeg%26w%3D1200%26h%3D630%26r%3Dcover&#8221;] Home \u0218tiri Interne Societate Cine a fost Sf\u00e2ntul Alexandru \u0219i de ce este s\u0103rb\u0103torit pe 30 august Sf\u00e2ntul Alexandru este pr\u0103znuit pe 30 august, zi \u00een care numero\u0219i rom\u00e2ni \u00ee\u0219i s\u0103rb\u0103toresc onomastica. Considerat unul dintre marii ap\u0103r\u0103tori ai credin\u021bei cre\u0219tine, acesta a tr\u0103it \u00een secolul al IV-lea \u0219i a fost patriarh al [&hellip;]<\/p>\n","protected":false},"author":1,"featured_media":0,"comment_status":"open","ping_status":"","sticky":false,"template":"","format":"standard","meta":{"footnotes":""},"categories":[89],"tags":[19,226],"class_list":["post-2119156","post","type-post","status-publish","format-standard","hentry","category-romania","tag-adevarul","tag-crawlmanager"],"_links":{"self":[{"href":"https:\/\/analyse.optim.biz\/index.php?rest_route=\/wp\/v2\/posts\/2119156","targetHints":{"allow":["GET"]}}],"collection":[{"href":"https:\/\/analyse.optim.biz\/index.php?rest_route=\/wp\/v2\/posts"}],"about":[{"href":"https:\/\/analyse.optim.biz\/index.php?rest_route=\/wp\/v2\/types\/post"}],"author":[{"embeddable":true,"href":"https:\/\/analyse.optim.biz\/index.php?rest_route=\/wp\/v2\/users\/1"}],"replies":[{"embeddable":true,"href":"https:\/\/analyse.optim.biz\/index.php?rest_route=%2Fwp%2Fv2%2Fcomments&post=2119156"}],"version-history":[{"count":0,"href":"https:\/\/analyse.optim.biz\/index.php?rest_route=\/wp\/v2\/posts\/2119156\/revisions"}],"wp:attachment":[{"href":"https:\/\/analyse.optim.biz\/index.php?rest_route=%2Fwp%2Fv2%2Fmedia&parent=2119156"}],"wp:term":[{"taxonomy":"category","embeddable":true,"href":"https:\/\/analyse.optim.biz\/index.php?rest_route=%2Fwp%2Fv2%2Fcategories&post=2119156"},{"taxonomy":"post_tag","embeddable":true,"href":"https:\/\/analyse.optim.biz\/index.php?rest_route=%2Fwp%2Fv2%2Ftags&post=2119156"}],"curies":[{"name":"wp","href":"https:\/\/api.w.org\/{rel}","templated":true}]}}