{"id":2119154,"date":"2026-08-30T00:00:00","date_gmt":"2026-08-29T21:00:00","guid":{"rendered":"https:\/\/analyse.optim.biz\/?p=2119154"},"modified":"2026-08-30T00:00:00","modified_gmt":"2026-08-29T21:00:00","slug":"turcia-gazduieste-luni-prima-reuniune-a-tarilor-din-pactul-de-aparare-de-la-mecca","status":"publish","type":"post","link":"https:\/\/analyse.optim.biz\/?p=2119154","title":{"rendered":"Turcia g\u0103zduie\u0219te luni prima reuniune a \u021b\u0103rilor din Pactul de Ap\u0103rare de la Mecca"},"content":{"rendered":"<p>[analyse_image type=&#8221;featured&#8221; src=&#8221;https:\/\/agerpres.ro\/data\/202608\/20260830150253_291590.jpg&#8221;]<\/p>\n<div class=\"mx-auto pt-3\">\n<p><strong>Turcia va g\u0103zdui luni, la Istanbul, prima reuniune a mini\u0219trilor ap\u0103r\u0103rii \u0219i de externe din \u021b\u0103rile semnatare ale Pactului de Ap\u0103rare de la Mecca, au anun\u021bat duminic\u0103 surse ministeriale turce, conform AFP.<\/strong><\/p>\n<p>Acordul de ap\u0103rare dintre cele trei mari puteri sunnite a fost semnat pe 7 august la Mecca, \u00een Arabia Saudit\u0103, de c\u0103tre prim-ministrul pakistanez Shehbaz Sharif, prin\u021bul mo\u0219tenitor saudit Mohammed bin Salman \u0219i pre\u0219edintele turc Recep Tayyip Erdogan.<\/p>\n<p>Aceast\u0103 prim\u0103 reuniune are ca scop \u00eenfiin\u021barea unui &#8221;Comitet Strategic Politic \u0219i de Ap\u0103rare, compus din mini\u0219trii de externe \u0219i ai ap\u0103r\u0103rii \u0219i \u0219efii de Stat Major ai celor trei \u021b\u0103ri, pentru a oferi \u00eendrum\u0103ri strategice pentru activit\u0103\u021bile viitoare&#8221;, au indicat aceste surse din Ministerul de Externe de la Ankara.<\/p>\n<p>Acordul reune\u0219te a doua cea mai mare for\u021b\u0103 militar\u0103 a NATO (Turcia), principala putere din Golf (Arabia Saudit\u0103) \u0219i singura putere nuclear\u0103 din lumea musulman\u0103, Pakistan.<\/p>\n<p>Luni, la Istanbul, reuniunea va fi prezidat\u0103 de mini\u0219trii turci ai afacerilor externe \u0219i ap\u0103r\u0103rii, Hakan Fidan \u0219i Yasar Guler, precum \u0219i de \u0219eful Statului Major, generalul Selcuk Bayraktaroglu.<\/p>\n<p>Pakistanul \u00eel trimite pe viceprim-ministrul \u0219i ministrul de externe Ishaq Dar, \u00eempreun\u0103 cu ministrul federal al ap\u0103r\u0103rii \u0219i comandantul for\u021belor de ap\u0103rare.<\/p>\n<p>\u00cen ceea ce prive\u0219te Arabia Saudit\u0103, aceasta \u00ee\u0219i trimite ministrul de externe, prin\u021bul Faisal bin Farhan Al Saud, ministrul Ap\u0103r\u0103rii \u0219i \u0219eful Statului Major General, potrivit unor surse turce\u0219ti.<\/p>\n<p>Pe l\u00e2ng\u0103 securitatea interna\u021bional\u0103, participan\u021bii inten\u021bioneaz\u0103 s\u0103 discute despre consolidarea capacit\u0103\u021bilor lor de ap\u0103rare, interoperabilitatea for\u021belor lor armate \u0219i cooperarea \u00een industria de ap\u0103rare, a indicat Ankara.<\/p>\n<p>Turcia a reiterat, de asemenea, c\u0103 &#8221;un atac comis \u00eempotriva oric\u0103ruia dintre statele p\u0103r\u021bi ale acordului va fi considerat un atac \u00eendreptat \u00eempotriva tuturor p\u0103r\u021bilor&#8221;. AGERPRES\/(AS &#8211; redactor: Ionu\u021b Mare\u0219, editor online: Gabriela Badea)\u00a0<\/p>\n<\/div>\n<div class=\"mx-auto pt-3\">\n                                Afisari: 1\n                            <\/div>\n<p>[analyse_source url=&#8221;https:\/\/agerpres.ro\/politic-extern\/2026\/08\/30\/turcia-gazduieste-luni-prima-reuniune-a-tarilor-din-pactul-de-aparare-de-la-mecca&#8211;1589059&#8243;]<\/p>\n","protected":false},"excerpt":{"rendered":"<p>[analyse_image type=&#8221;featured&#8221; src=&#8221;https:\/\/agerpres.ro\/data\/202608\/20260830150253_291590.jpg&#8221;] Turcia va g\u0103zdui luni, la Istanbul, prima reuniune a mini\u0219trilor ap\u0103r\u0103rii \u0219i de externe din \u021b\u0103rile semnatare ale Pactului de Ap\u0103rare de la Mecca, au anun\u021bat duminic\u0103 surse ministeriale turce, conform AFP. Acordul de ap\u0103rare dintre cele trei mari puteri sunnite a fost semnat pe 7 august la Mecca, \u00een Arabia Saudit\u0103, [&hellip;]<\/p>\n","protected":false},"author":1,"featured_media":0,"comment_status":"open","ping_status":"","sticky":false,"template":"","format":"standard","meta":{"footnotes":""},"categories":[2],"tags":[37,226],"class_list":["post-2119154","post","type-post","status-publish","format-standard","hentry","category-politics","tag-agerpres-ro","tag-crawlmanager"],"_links":{"self":[{"href":"https:\/\/analyse.optim.biz\/index.php?rest_route=\/wp\/v2\/posts\/2119154","targetHints":{"allow":["GET"]}}],"collection":[{"href":"https:\/\/analyse.optim.biz\/index.php?rest_route=\/wp\/v2\/posts"}],"about":[{"href":"https:\/\/analyse.optim.biz\/index.php?rest_route=\/wp\/v2\/types\/post"}],"author":[{"embeddable":true,"href":"https:\/\/analyse.optim.biz\/index.php?rest_route=\/wp\/v2\/users\/1"}],"replies":[{"embeddable":true,"href":"https:\/\/analyse.optim.biz\/index.php?rest_route=%2Fwp%2Fv2%2Fcomments&post=2119154"}],"version-history":[{"count":0,"href":"https:\/\/analyse.optim.biz\/index.php?rest_route=\/wp\/v2\/posts\/2119154\/revisions"}],"wp:attachment":[{"href":"https:\/\/analyse.optim.biz\/index.php?rest_route=%2Fwp%2Fv2%2Fmedia&parent=2119154"}],"wp:term":[{"taxonomy":"category","embeddable":true,"href":"https:\/\/analyse.optim.biz\/index.php?rest_route=%2Fwp%2Fv2%2Fcategories&post=2119154"},{"taxonomy":"post_tag","embeddable":true,"href":"https:\/\/analyse.optim.biz\/index.php?rest_route=%2Fwp%2Fv2%2Ftags&post=2119154"}],"curies":[{"name":"wp","href":"https:\/\/api.w.org\/{rel}","templated":true}]}}