{"id":2119153,"date":"2026-08-29T18:41:24","date_gmt":"2026-08-29T15:41:24","guid":{"rendered":"https:\/\/analyse.optim.biz\/?p=2119153"},"modified":"2026-08-29T18:41:24","modified_gmt":"2026-08-29T15:41:24","slug":"cum-a-intrat-fanel-bogos-la-ilie-bolojan-ma-da-afara-pe-usa-si-intru-pe-geam","status":"publish","type":"post","link":"https:\/\/analyse.optim.biz\/?p=2119153","title":{"rendered":"Cum a intrat F\u0103nel Bogos la Ilie Bolojan: \u201eM\u0103 d\u0103 afar\u0103 pe u\u0219\u0103 \u0219i intru pe geam\u201d"},"content":{"rendered":"<p>[analyse_image type=&#8221;featured&#8221; src=&#8221;https:\/\/cdn.adh.reperio.news\/image-2\/229bd408-3739-479f-b5c7-8d4a1f6d8e09\/index.png?p=f%3Djpeg%26w%3D1200%26h%3D630%26r%3Dcover&#8221;]<\/p>\n<article class=\"svelte-x63bga\">\n<nav>\n<ul class=\"breadcrump svelte-1pk9a69\">\n<li class=\"svelte-1pk9a69\"><a href=\"https:\/\/adevarul.ro\/\" title=\"Adev\u0103rul\" class=\"svelte-1pk9a69\">Home<\/a><\/li>\n<li class=\"svelte-1pk9a69\"><a href=\"https:\/\/adevarul.ro\/stiri-interne\" class=\"svelte-1pk9a69\">\u0218tiri Interne<\/a><\/li>\n<li class=\"svelte-1pk9a69\"><a href=\"https:\/\/adevarul.ro\/stiri-interne\/evenimente\" class=\"svelte-1pk9a69\">Evenimente<\/a><\/li>\n<li class=\"svelte-1pk9a69\"><a href=\"https:\/\/adevarul.ro\/stiri-interne\/evenimente\/cum-a-ajuns-bogos-la-bolojan-ma-da-afara-pe-usa-2552905.html\" class=\"svelte-1pk9a69\">Cum a intrat F\u0103nel Bogos la Ilie Bolojan: \u201eM\u0103 d\u0103 afar\u0103 pe u\u0219\u0103 \u0219i intru pe geam\u201d<\/a><\/li>\n<\/ul>\n<\/nav>\n<p><main class=\"svelte-x63bga\"><\/p>\n<p>Omul de afaceri F\u0103nel Bogos, cercetat \u00een dosarul instrumentat de DNA Ia\u0219i privind presupuse interven\u021bii pentru ob\u021binerea unor desp\u0103gubiri de aproximativ 3 milioane de euro, sus\u021bine c\u0103 a ajuns \u00een biroul premierului interimar Ilie Bolojan \u00een urma unor demersuri f\u0103cute pentru salvarea afacerii sale \u0219i pune \u201ereu\u0219ita\u201d pe seama determin\u0103rii sale.<\/p>\n<div class=\"container-image  svelte-1xbw4f3\"><source type=\"image\/webp\" srcset=\"https:\/\/cdn.adh.reperio.news\/image-2\/229bd408-3739-479f-b5c7-8d4a1f6d8e09\/index.png?p=a%3D1%26co%3D1.05%26w%3D1400%26h%3D750%26r%3Dcontain%26f%3Dwebp 1400w\" media=\"(min-width: 1400px)\" \/><\/p>\n<div class=\"caption svelte-1xbw4f3\"><span class=\"captionText svelte-1xbw4f3\">F\u0103nel Bogos  <span class=\"source svelte-1xbw4f3\">Foto: FB F\u0103nel Bogos<\/span><\/span><\/div>\n<\/div>\n<p>F\u0103nel Bogos a explicat, s\u00e2mb\u0103t\u0103 seara, la  <a href=\"https:\/\/www.antena3.ro\/live\/\" rel=\"nofollow\">Antena 3 CNN<\/a>, c\u0103 \u00eent\u00e2lnirea cu \u0219eful Executivului a avut loc la insisten\u021bele sale.<\/p>\n<p><i>\u201eM\u0103 d\u0103 afar\u0103 pe u\u0219\u0103 \u0219i intru pe geam\u201d,<\/i> a descris plastic procedura.<\/p>\n<p>Afaceristul a subliniat c\u0103 problemele \u00eent\u00e2mpinate de companiile pe care le conduce au fost l-au determinat s\u0103 caute sprijin la nivel guvernamental. Potrivit acestuia, \u00eenainte de \u00eent\u00e2lnirea cu premierul a avut discu\u021bii at\u00e2t cu Mihai Barbu, c\u00e2t \u0219i cu Cristina Tr\u0103il\u0103, fost secretar general adjunct al Guvernului.<\/p>\n<p>Bogos<a href=\"https:\/\/adevarul.ro\/stiri-interne\/evenimente\/fanel-bogos-personajul-cheie-din-dosarul-2552329.html\"> a negat \u00eens\u0103 existen\u021ba unor pl\u0103\u021bi sau beneficii <\/a>oferite pentru organizarea \u00eentrevederii.<\/p>\n<h2>Dosarul DNA \u0219i conflictul cu DSVSA Vaslui<\/h2>\n<p>Ancheta procurorilor anticorup\u021bie are la baz\u0103 un conflict mai vechi dintre F\u0103nel Bogos \u0219i Direc\u021bia Sanitar\u0103 Veterinar\u0103 \u0219i pentru Siguran\u021ba Alimentelor (DSVSA) Vaslui. Omul de afaceri sus\u021bine c\u0103 institu\u021bia i-a respins o cerere de desp\u0103gubiri dup\u0103 sacrificarea a peste 230.000 de p\u0103s\u0103ri \u00een urma unui focar de salmoneloz\u0103.<\/p>\n<p>Potrivit DNA, Bogos ar fi apelat la persoane cu influen\u021b\u0103 politic\u0103 pentru a determina schimbarea conducerii DSVSA Vaslui. \u00cen dosar sunt men\u021biona\u021bi fostul lider PNL Vaslui Mihai Barbu \u0219i Cristina Tr\u0103il\u0103, fost secretar general adjunct al Guvernului.<\/p>\n<p>Procurorii sus\u021bin c\u0103 demersurile urm\u0103reau \u00eenlocuirea directorului institu\u021biei cu o persoan\u0103 agreat\u0103 de afacerist, \u00een vederea ob\u021binerii unor avantaje, inclusiv aprobarea desp\u0103gubirilor \u0219i reducerea presiunii controalelor sanitar-veterinare asupra fermelor sale.<\/p>\n<p>Anterior, Bolojan a confirmat c\u0103 s-a \u00eent\u00e2lnit cu F\u0103nel Bogos la Palatul Victoria, preciz\u00e2nd c\u0103 \u00eentrevederea a fost programat\u0103 prin procedurile obi\u0219nuite ale cabinetului \u0219i c\u0103 nu avea cuno\u0219tin\u021b\u0103 despre eventuale probleme judiciare ale acestuia.<\/p>\n<p>\u00centre timp, Cristina Tr\u0103il\u0103 \u0219i-a dat demisia din func\u021bia de secretar general adjunct al Guvernului, declar\u00e2nd c\u0103 este nevinovat\u0103 \u0219i c\u0103 \u00ee\u0219i va sus\u021bine punctul de vedere \u00een cadrul anchetei.<\/p>\n<p>\u00cen ciuda unor informa\u021bii vehiculate \u00een ultimele zile, <a href=\"https:\/\/adevarul.ro\/politica\/guvernul-neaga-ca-ilie-bolojan-ar-fi-fost-citat-la-2552683.html\">premierul Ilie Bolojan nu a fost citat la DNA, nici la Ia\u0219i, nici la Bucure\u0219ti<\/a>, a subliniat purt\u0103torul de cuv\u00e2nt al Guvernului, Ioana Dogioiu. Precizarea a fost f\u0103cut\u0103 vineri,\u00a0<a href=\"https:\/\/adevarul.ro\/politica\/guvernul-se-reuneste-in-sedinta-extraordinara-mai-2552678.html\">la finalul \u0219edin\u021bei Executivului,<\/a>\u00a0\u00een contextul anchetei DNA care \u00eel vizeaz\u0103 pe omul de afaceri vasluian F\u0103nel Bogo\u0219.\u00a0\u00a0<\/p>\n<p><\/main><\/p>\n<footer class=\"svelte-x63bga\">\n<div class=\"related-wrap related-footer svelte-78g0vl\"><span class=\"related-label svelte-78g0vl\">Cite\u0219te \u0219i<\/span><a class=\"related svelte-78g0vl\" data-gtrack=\"{&quot;event&quot;:&quot;utm_click&quot;,&quot;data&quot;:{&quot;event_category&quot;:&quot;article_related&quot;}}\" href=\"https:\/\/adevarul.ro\/stiri-interne\/evenimente\/fanel-bogos-personajul-cheie-din-dosarul-2552329.html\" title=\"Alt articol de interes pentru tine\"><img decoding=\"async\" class=\"thumb svelte-78g0vl\" src=\"https:\/\/cdn.adh.reperio.news\/image-2\/229bd408-3739-479f-b5c7-8d4a1f6d8e09\/index.png?p=f%3Dwebp%26w%3D120%26h%3D80%26r%3Dcover%26a%3D0\" alt loading=\"lazy\" width=\"80\" height=\"54\"><span class=\"title svelte-78g0vl\">\u201eNu sunt un g\u0103inar de la Vaslui!\u201d Cum a ajuns afaceristul F\u0103nel Bogos \u00een biroul lui Ilie Bolojan. Premierul ar putea fi audiat<\/span><\/a><a class=\"related svelte-78g0vl\" data-gtrack=\"{&quot;event&quot;:&quot;utm_click&quot;,&quot;data&quot;:{&quot;event_category&quot;:&quot;article_related&quot;}}\" href=\"https:\/\/adevarul.ro\/politica\/guvernul-neaga-ca-ilie-bolojan-ar-fi-fost-citat-la-2552683.html\" title=\"Alt articol de interes pentru tine\"><img decoding=\"async\" class=\"thumb svelte-78g0vl\" src=\"https:\/\/cdn.adh.reperio.news\/image-1\/12362528-4232-4080-8e66-e144d9e323d7\/index.png?p=f%3Dwebp%26w%3D120%26h%3D80%26r%3Dcover%26a%3D0\" alt loading=\"lazy\" width=\"80\" height=\"54\"><span class=\"title svelte-78g0vl\">Guvernul neag\u0103 c\u0103 Ilie Bolojan ar fi fost citat la DNA. Preciz\u0103rile purt\u0103torului de cuv\u00e2nt, dup\u0103 audierea Cristinei Tr\u0103il\u0103<\/span><\/a><a class=\"related svelte-78g0vl\" data-gtrack=\"{&quot;event&quot;:&quot;utm_click&quot;,&quot;data&quot;:{&quot;event_category&quot;:&quot;article_related&quot;}}\" href=\"https:\/\/adevarul.ro\/politica\/cand-pleaca-din-guvern-cristina-traila-decizia-a-2552730.html\" title=\"Alt articol de interes pentru tine\"><img decoding=\"async\" class=\"thumb svelte-78g0vl\" src=\"https:\/\/cdn.adh.reperio.news\/image-5\/5d6bb88f-204c-4d29-80ea-5b7dc4b47b2e\/index.jpeg?p=f%3Dwebp%26w%3D120%26h%3D80%26r%3Dcover%26a%3D0\" alt loading=\"lazy\" width=\"80\" height=\"54\"><span class=\"title svelte-78g0vl\">C\u00e2nd pleac\u0103 din Guvern Cristina Tr\u0103il\u0103. Decizia a fost publicat\u0103 \u00een Monitorul Oficial<\/span><\/a><\/div>\n<div class=\"meta svelte-x63bga\">\n<div class=\"authors svelte-x63bga\"><span class=\"names svelte-x63bga\"><a href=\"https:\/\/adevarul.ro\/author\/2076\" rel=\"author\" class=\"svelte-x63bga\">Lucian Mironescu<\/a><\/span><\/p>\n<div class=\"_hydratable\" data-props=\"%7B%22showLive%22%3Atrue%7D\" data-context=\"%7B%22parentBlockColumnCount%22%3A%7B%22value%22%3A0%2C%22type%22%3A%22store%2Freadable%22%7D%2C%22parentBlockBackgroundColor%22%3A%7B%22type%22%3A%22store%2Freadable%22%7D%7D\" data-component=\"ShareButton\">\n<div class=\"shareButtons svelte-itwbrr\">\n<div class=\"liveSessions metaFont svelte-1maxmbf\"><span class=\"value svelte-1maxmbf\">1<\/span> live <\/div>\n<\/div>\n<\/div>\n<\/div>\n<div class=\"tags svelte-1l3vwp1\"><span class=\"tags-label metaFont svelte-1l3vwp1\">Cite\u0219te mai multe despre<\/span><\/p>\n<div class=\"tags-list svelte-1l3vwp1\"><a href=\"https:\/\/adevarul.ro\/tag\/ilie%20bolojan\" title=\"Ultimele \u0219tiri despre ilie bolojan\" class=\"tag-pill svelte-1l3vwp1\">ilie bolojan<\/a><a href=\"https:\/\/adevarul.ro\/tag\/dna%20iasi\" title=\"Ultimele \u0219tiri despre dna iasi\" class=\"tag-pill svelte-1l3vwp1\">dna iasi<\/a><a href=\"https:\/\/adevarul.ro\/tag\/cristina%20tr%C4%83il%C4%83\" title=\"Ultimele \u0219tiri despre cristina tr\u0103il\u0103\" class=\"tag-pill svelte-1l3vwp1\">cristina tr\u0103il\u0103<\/a><a href=\"https:\/\/adevarul.ro\/tag\/fanel%20bogos\" title=\"Ultimele \u0219tiri despre fanel bogos\" class=\"tag-pill svelte-1l3vwp1\">fanel bogos<\/a><a href=\"https:\/\/adevarul.ro\/tag\/mihai%20barbu\" title=\"Ultimele \u0219tiri despre mihai barbu\" class=\"tag-pill svelte-1l3vwp1\">mihai barbu<\/a><\/div>\n<\/div>\n<\/div>\n<p><a class=\"moreFromCategory svelte-x63bga\" href=\"https:\/\/adevarul.ro\/stiri-interne\/evenimente\" title=\"Evenimente\">Mai multe din <strong class=\"svelte-x63bga\">Evenimente<\/strong> \u203a<\/a><\/footer>\n<\/article>\n<p>[analyse_source url=&#8221;https:\/\/adevarul.ro\/stiri-interne\/evenimente\/cum-a-ajuns-bogos-la-bolojan-ma-da-afara-pe-usa-2552905.html&#8221;]<\/p>\n","protected":false},"excerpt":{"rendered":"<p>[analyse_image type=&#8221;featured&#8221; src=&#8221;https:\/\/cdn.adh.reperio.news\/image-2\/229bd408-3739-479f-b5c7-8d4a1f6d8e09\/index.png?p=f%3Djpeg%26w%3D1200%26h%3D630%26r%3Dcover&#8221;] Home \u0218tiri Interne Evenimente Cum a intrat F\u0103nel Bogos la Ilie Bolojan: \u201eM\u0103 d\u0103 afar\u0103 pe u\u0219\u0103 \u0219i intru pe geam\u201d Omul de afaceri F\u0103nel Bogos, cercetat \u00een dosarul instrumentat de DNA Ia\u0219i privind presupuse interven\u021bii pentru ob\u021binerea unor desp\u0103gubiri de aproximativ 3 milioane de euro, sus\u021bine c\u0103 a ajuns \u00een biroul [&hellip;]<\/p>\n","protected":false},"author":1,"featured_media":0,"comment_status":"open","ping_status":"","sticky":false,"template":"","format":"standard","meta":{"footnotes":""},"categories":[89],"tags":[19,226],"class_list":["post-2119153","post","type-post","status-publish","format-standard","hentry","category-romania","tag-adevarul","tag-crawlmanager"],"_links":{"self":[{"href":"https:\/\/analyse.optim.biz\/index.php?rest_route=\/wp\/v2\/posts\/2119153","targetHints":{"allow":["GET"]}}],"collection":[{"href":"https:\/\/analyse.optim.biz\/index.php?rest_route=\/wp\/v2\/posts"}],"about":[{"href":"https:\/\/analyse.optim.biz\/index.php?rest_route=\/wp\/v2\/types\/post"}],"author":[{"embeddable":true,"href":"https:\/\/analyse.optim.biz\/index.php?rest_route=\/wp\/v2\/users\/1"}],"replies":[{"embeddable":true,"href":"https:\/\/analyse.optim.biz\/index.php?rest_route=%2Fwp%2Fv2%2Fcomments&post=2119153"}],"version-history":[{"count":0,"href":"https:\/\/analyse.optim.biz\/index.php?rest_route=\/wp\/v2\/posts\/2119153\/revisions"}],"wp:attachment":[{"href":"https:\/\/analyse.optim.biz\/index.php?rest_route=%2Fwp%2Fv2%2Fmedia&parent=2119153"}],"wp:term":[{"taxonomy":"category","embeddable":true,"href":"https:\/\/analyse.optim.biz\/index.php?rest_route=%2Fwp%2Fv2%2Fcategories&post=2119153"},{"taxonomy":"post_tag","embeddable":true,"href":"https:\/\/analyse.optim.biz\/index.php?rest_route=%2Fwp%2Fv2%2Ftags&post=2119153"}],"curies":[{"name":"wp","href":"https:\/\/api.w.org\/{rel}","templated":true}]}}