{"id":2119150,"date":"2026-08-29T14:01:21","date_gmt":"2026-08-29T11:01:21","guid":{"rendered":"https:\/\/analyse.optim.biz\/?p=2119150"},"modified":"2026-08-29T14:01:21","modified_gmt":"2026-08-29T11:01:21","slug":"spectacol-adrenalina-si-acrobatii-spectaculoase-la-bias-2026-f-16-hercules-spartan-si-celebrele-frecce","status":"publish","type":"post","link":"https:\/\/analyse.optim.biz\/?p=2119150","title":{"rendered":"Spectacol, adrenalin\u0103 \u0219i acroba\u021bii spectaculoase, la BIAS 2026. F-16, Hercules, Spartan \u0219i celebrele Frecce&#8230;"},"content":{"rendered":"<p>[analyse_image type=&#8221;featured&#8221; src=&#8221;https:\/\/cdn.adh.reperio.news\/image-9\/9e820903-45bb-4eb0-bf6d-626558bf466e\/index.jpeg?p=f%3Djpeg%26w%3D1200%26h%3D630%26r%3Dcover&#8221;]<\/p>\n<article class=\"svelte-x63bga\">\n<nav>\n<ul class=\"breadcrump svelte-1pk9a69\">\n<li class=\"svelte-1pk9a69\"><a href=\"https:\/\/adevarul.ro\/\" title=\"Adev\u0103rul\" class=\"svelte-1pk9a69\">Home<\/a><\/li>\n<li class=\"svelte-1pk9a69\"><a href=\"https:\/\/adevarul.ro\/stiri-interne\" class=\"svelte-1pk9a69\">\u0218tiri Interne<\/a><\/li>\n<li class=\"svelte-1pk9a69\"><a href=\"https:\/\/adevarul.ro\/stiri-interne\/evenimente\" class=\"svelte-1pk9a69\">Evenimente<\/a><\/li>\n<li class=\"svelte-1pk9a69\"><a href=\"https:\/\/adevarul.ro\/stiri-interne\/evenimente\/spectacol-adrenalina-si-acrobatii-spectaculoase-2552857.html\" class=\"svelte-1pk9a69\">Spectacol, adrenalin\u0103 \u0219i acroba\u021bii spectaculoase, la BIAS 2026. F-16, Hercules, Spartan \u0219i celebrele Frecce Tricolori, pe cerul Capitalei<\/a><\/li>\n<\/ul>\n<\/nav>\n<p><main class=\"svelte-x63bga\"><\/p>\n<p><a href=\"https:\/\/adevarul.ro\/stiri-interne\/evenimente\/bias-2026-frecce-tricolori-si-turkish-stars-vin-2550635.html\">Bucharest International Air Show (BIAS) 2026 <\/a>este \u00een desf\u0103\u0219urare s\u00e2mb\u0103t\u0103, 29 august, la Aeroportul B\u0103neasa, unde peste 200 de participan\u021bi militari \u0219i civili din Rom\u00e2nia \u0219i din str\u0103in\u0103tate ofer\u0103 publicului demonstra\u021bii aeriene \u0219i expozi\u021bii la sol. Evenimentul a \u00eenceput la ora 9:00 \u0219i se va \u00eencheia la ora 21:00, cu un spectacol de artificii.<\/p>\n<div class=\"raw-block\"><iframe loading=\"lazy\" src=\"https:\/\/www.facebook.com\/plugins\/video.php?height=314&amp;href=https%3A%2F%2Fwww.facebook.com%2Freel%2F2186637718921237%2F&amp;show_text=false&amp;width=390&amp;t=0\" width=\"560\" height=\"314\" frameborder allowfullscreen=\"true\" allow=\"autoplay; clipboard-write; encrypted-media; picture-in-picture; web-share\" class=\"facebook-iframe\"><\/iframe><\/div>\n<p>\u00a0BIAS 2026 a avut \u201eun start excep\u021bional\u201d, precizeaz\u0103 organizatorii, pe pagina de Facebook a evenimentului<\/p>\n<p><i>\u201eCerul Bucure\u0219tiului a fost cucerit de spectacol, adrenalin\u0103 \u0219i acroba\u021bii spectaculoase!\u0218i dac\u0103 ai crezut c\u0103 asta a fost tot&#8230; show-ul continu\u0103<\/i>!\u201d, transmite Bucharest International Air Show.<\/p>\n<p>Edi\u021bia din acest an este dedicat\u0103 lui Traian Vuia, la 120 de ani de la primul zbor realizat cu un aparat autopropulsat.<\/p>\n<p><\/p>\n<div class=\"_hydratable\" data-props=\"%7B%22data%22%3A%7B%22images%22%3A%5B%7B%22animated%22%3A0%2C%22created_at%22%3A%222026-08-29T12%3A36%3A58.000Z%22%2C%22created_by%22%3A113%2C%22entity_type%22%3A%22media%22%2C%22extension%22%3A%22jpeg%22%2C%22id%22%3A%229e820903-45bb-4eb0-bf6d-626558bf466e%22%2C%22origin_duration%22%3Anull%2C%22origin_hash%22%3A%22faf3d4c72f73e0afdf64cbbd94e832a94147f08a%22%2C%22origin_height%22%3A1366%2C%22origin_name%22%3A%22BIAS%20FB%206%20BIAS.jpg%22%2C%22origin_size%22%3A79275%2C%22origin_width%22%3A2048%2C%22path%22%3A%22image-9%2F9e820903-45bb-4eb0-bf6d-626558bf466e%2Findex.jpeg%22%2C%22prevent_prune%22%3A0%2C%22published%22%3A0%2C%22restrict_domains%22%3Anull%2C%22source%22%3A%22FB%20Bucharest%20International%20Air%20Show%22%2C%22source_url%22%3Anull%2C%22status%22%3A%22ready%22%2C%22title%22%3A%22BIAS%20FB%206%20BIAS%20jpg%22%2C%22type%22%3A%22image%22%2C%22updated_at%22%3A%222026-08-29T12%3A37%3A00.000Z%22%2C%22url%22%3A%22https%3A%2F%2Fcdn.adh.reperio.news%2Fimage-9%2F9e820903-45bb-4eb0-bf6d-626558bf466e%2Findex.jpeg%22%2C%22video_raw%22%3Anull%2C%22video_thumbnail%22%3Anull%7D%2C%7B%22animated%22%3A0%2C%22created_at%22%3A%222026-08-29T12%3A36%3A58.000Z%22%2C%22created_by%22%3A113%2C%22entity_type%22%3A%22media%22%2C%22extension%22%3A%22jpeg%22%2C%22id%22%3A%2290f16174-23cc-4b13-b1e7-87fa5d6139fd%22%2C%22origin_duration%22%3Anull%2C%22origin_hash%22%3A%220ece101ed26b46ec214760c773a0f0e5eec0cb89%22%2C%22origin_height%22%3A1366%2C%22origin_name%22%3A%22bias%20FB%20BIAS%207.jpg%22%2C%22origin_size%22%3A64403%2C%22origin_width%22%3A2048%2C%22path%22%3A%22image-9%2F90f16174-23cc-4b13-b1e7-87fa5d6139fd%2Findex.jpeg%22%2C%22prevent_prune%22%3A0%2C%22published%22%3A0%2C%22restrict_domains%22%3Anull%2C%22source%22%3A%22FB%20Bucharest%20International%20Air%20Show%22%2C%22source_url%22%3Anull%2C%22status%22%3A%22ready%22%2C%22title%22%3A%22bias%20FB%20BIAS%207%20jpg%22%2C%22type%22%3A%22image%22%2C%22updated_at%22%3A%222026-08-29T12%3A37%3A00.000Z%22%2C%22url%22%3A%22https%3A%2F%2Fcdn.adh.reperio.news%2Fimage-9%2F90f16174-23cc-4b13-b1e7-87fa5d6139fd%2Findex.jpeg%22%2C%22video_raw%22%3Anull%2C%22video_thumbnail%22%3Anull%7D%2C%7B%22animated%22%3A0%2C%22created_at%22%3A%222026-08-29T12%3A36%3A58.000Z%22%2C%22created_by%22%3A113%2C%22entity_type%22%3A%22media%22%2C%22extension%22%3A%22jpeg%22%2C%22id%22%3A%2297c8bedb-30e1-49e8-a9db-ff1c6dcce7d7%22%2C%22origin_duration%22%3Anull%2C%22origin_hash%22%3A%22b69309679e98ee18450571f1c24a9ec86ff07050%22%2C%22origin_height%22%3A640%2C%22origin_name%22%3A%22Bias%20FB%20Bias2.jpg%22%2C%22origin_size%22%3A171110%2C%22origin_width%22%3A1420%2C%22path%22%3A%22image-9%2F97c8bedb-30e1-49e8-a9db-ff1c6dcce7d7%2Findex.jpeg%22%2C%22prevent_prune%22%3A0%2C%22published%22%3A0%2C%22restrict_domains%22%3Anull%2C%22source%22%3A%22FB%20Bucharest%20International%20Air%20Show%22%2C%22source_url%22%3Anull%2C%22status%22%3A%22ready%22%2C%22title%22%3A%22Bias%20FB%20Bias2%20jpg%22%2C%22type%22%3A%22image%22%2C%22updated_at%22%3A%222026-08-29T12%3A37%3A00.000Z%22%2C%22url%22%3A%22https%3A%2F%2Fcdn.adh.reperio.news%2Fimage-9%2F97c8bedb-30e1-49e8-a9db-ff1c6dcce7d7%2Findex.jpeg%22%2C%22video_raw%22%3Anull%2C%22video_thumbnail%22%3Anull%7D%2C%7B%22animated%22%3A0%2C%22created_at%22%3A%222026-08-29T12%3A36%3A58.000Z%22%2C%22created_by%22%3A113%2C%22entity_type%22%3A%22media%22%2C%22extension%22%3A%22jpeg%22%2C%22id%22%3A%2248a5c5e0-7ef2-4e51-9777-2ce3f58b9588%22%2C%22origin_duration%22%3Anull%2C%22origin_hash%22%3A%225ca072dcd7ac1d767ac9a04ccca024c04a51eb22%22%2C%22origin_height%22%3A1366%2C%22origin_name%22%3A%22BIAS%2013%20fb%20bias.jpg%22%2C%22origin_size%22%3A69114%2C%22origin_width%22%3A2048%2C%22path%22%3A%22image-4%2F48a5c5e0-7ef2-4e51-9777-2ce3f58b9588%2Findex.jpeg%22%2C%22prevent_prune%22%3A0%2C%22published%22%3A0%2C%22restrict_domains%22%3Anull%2C%22source%22%3A%22FB%20Bucharest%20International%20Air%20Show%22%2C%22source_url%22%3Anull%2C%22status%22%3A%22ready%22%2C%22title%22%3A%22BIAS%2013%20fb%20bias%20jpg%22%2C%22type%22%3A%22image%22%2C%22updated_at%22%3A%222026-08-29T12%3A37%3A00.000Z%22%2C%22url%22%3A%22https%3A%2F%2Fcdn.adh.reperio.news%2Fimage-4%2F48a5c5e0-7ef2-4e51-9777-2ce3f58b9588%2Findex.jpeg%22%2C%22video_raw%22%3Anull%2C%22video_thumbnail%22%3Anull%7D%2C%7B%22animated%22%3A0%2C%22created_at%22%3A%222026-08-29T12%3A36%3A58.000Z%22%2C%22created_by%22%3A113%2C%22entity_type%22%3A%22media%22%2C%22extension%22%3A%22jpeg%22%2C%22id%22%3A%224dde3490-ce23-4aea-af16-057434837946%22%2C%22origin_duration%22%3Anull%2C%22origin_hash%22%3A%22463e55aaccc291df03b0a279d2b523975e8ac13e%22%2C%22origin_height%22%3A1366%2C%22origin_name%22%3A%22BIAS%20FB%20BIAS%208.jpg%22%2C%22origin_size%22%3A75865%2C%22origin_width%22%3A2048%2C%22path%22%3A%22image-4%2F4dde3490-ce23-4aea-af16-057434837946%2Findex.jpeg%22%2C%22prevent_prune%22%3A0%2C%22published%22%3A0%2C%22restrict_domains%22%3Anull%2C%22source%22%3A%22FB%20Bucharest%20International%20Air%20Show%22%2C%22source_url%22%3Anull%2C%22status%22%3A%22ready%22%2C%22title%22%3A%22BIAS%20FB%20BIAS%208%20jpg%22%2C%22type%22%3A%22image%22%2C%22updated_at%22%3A%222026-08-29T12%3A37%3A00.000Z%22%2C%22url%22%3A%22https%3A%2F%2Fcdn.adh.reperio.news%2Fimage-4%2F4dde3490-ce23-4aea-af16-057434837946%2Findex.jpeg%22%2C%22video_raw%22%3Anull%2C%22video_thumbnail%22%3Anull%7D%2C%7B%22animated%22%3A0%2C%22created_at%22%3A%222026-08-29T12%3A36%3A58.000Z%22%2C%22created_by%22%3A113%2C%22entity_type%22%3A%22media%22%2C%22extension%22%3A%22jpeg%22%2C%22id%22%3A%227dcefe2d-0168-436c-a339-a3e44bf402c3%22%2C%22origin_duration%22%3Anull%2C%22origin_hash%22%3A%2272b24245449e04c51e3608bf197a7da1f2ebcdff%22%2C%22origin_height%22%3A640%2C%22origin_name%22%3A%22BIAS%20FB%20BIAS.jpg%22%2C%22origin_size%22%3A195376%2C%22origin_width%22%3A1422%2C%22path%22%3A%22image-7%2F7dcefe2d-0168-436c-a339-a3e44bf402c3%2Findex.jpeg%22%2C%22prevent_prune%22%3A0%2C%22published%22%3A0%2C%22restrict_domains%22%3Anull%2C%22source%22%3A%22FB%20Bucharest%20International%20Air%20Show%22%2C%22source_url%22%3Anull%2C%22status%22%3A%22ready%22%2C%22title%22%3A%22BIAS%20FB%20BIAS%20jpg%22%2C%22type%22%3A%22image%22%2C%22updated_at%22%3A%222026-08-29T12%3A37%3A00.000Z%22%2C%22url%22%3A%22https%3A%2F%2Fcdn.adh.reperio.news%2Fimage-7%2F7dcefe2d-0168-436c-a339-a3e44bf402c3%2Findex.jpeg%22%2C%22video_raw%22%3Anull%2C%22video_thumbnail%22%3Anull%7D%2C%7B%22animated%22%3A0%2C%22created_at%22%3A%222026-08-29T12%3A36%3A58.000Z%22%2C%22created_by%22%3A113%2C%22entity_type%22%3A%22media%22%2C%22extension%22%3A%22jpeg%22%2C%22id%22%3A%2299126ee5-dff2-47de-bf34-44a29d6d3f3c%22%2C%22origin_duration%22%3Anull%2C%22origin_hash%22%3A%2260d44c20ab3e8c3d917059612a36835948a1559b%22%2C%22origin_height%22%3A640%2C%22origin_name%22%3A%22BIAS%20fb%20BIAS4.jpg%22%2C%22origin_size%22%3A178622%2C%22origin_width%22%3A1422%2C%22path%22%3A%22image-9%2F99126ee5-dff2-47de-bf34-44a29d6d3f3c%2Findex.jpeg%22%2C%22prevent_prune%22%3A0%2C%22published%22%3A0%2C%22restrict_domains%22%3Anull%2C%22source%22%3A%22FB%20Bucharest%20International%20Air%20Show%22%2C%22source_url%22%3Anull%2C%22status%22%3A%22ready%22%2C%22title%22%3A%22BIAS%20fb%20BIAS4%20jpg%22%2C%22type%22%3A%22image%22%2C%22updated_at%22%3A%222026-08-29T12%3A37%3A00.000Z%22%2C%22url%22%3A%22https%3A%2F%2Fcdn.adh.reperio.news%2Fimage-9%2F99126ee5-dff2-47de-bf34-44a29d6d3f3c%2Findex.jpeg%22%2C%22video_raw%22%3Anull%2C%22video_thumbnail%22%3Anull%7D%5D%7D%2C%22id%22%3A%22ELkdgg5ljf%22%2C%22type%22%3A%22imageGallery%22%2C%22lines%22%3A10%2C%22linesAbove%22%3A37%2C%22index%22%3A6%2C%22paragraphsAbove%22%3A5%2C%22percentage%22%3A0.3854166666666667%2C%22linesBellow%22%3A59%2C%22insert%22%3A%7B%22type%22%3A%22ad%22%2C%22props%22%3A%7B%22id%22%3A%22%2F424366728%2FAdevarul2022%2FAdevarul_InArticle1%22%2C%22type%22%3A%22AdPosition%22%2C%22data%22%3A%7B%22for_mobile%22%3Atrue%2C%22for_desktop%22%3Atrue%2C%22custom_fields%22%3A%7B%22google_ad%22%3A%7B%22adUnitPath%22%3A%22%2F424366728%2FAdevarul2022%2FAdevarul_InArticle1%22%2C%22type%22%3A%22in_article%22%7D%7D%7D%7D%7D%7D\" data-context=\"%7B%22parentBlockColumnCount%22%3A%7B%22value%22%3A0%2C%22type%22%3A%22store%2Freadable%22%7D%2C%22parentBlockBackgroundColor%22%3A%7B%22type%22%3A%22store%2Freadable%22%7D%7D\" data-component=\"EditorImageGallery\">\n<div class=\"gallery svelte-xkotre\" role=\"group\" aria-label=\"BIAS FB 6 BIAS jpg\" tabindex=\"0\">\n<div class=\"main svelte-xkotre clickable\">\n<div class=\"slide svelte-xkotre\"><source type=\"image\/webp\" srcset=\"https:\/\/cdn.adh.reperio.news\/image-9\/9e820903-45bb-4eb0-bf6d-626558bf466e\/index.jpeg?p=a%3D1%26co%3D1.05%26w%3D1136%26h%3D800%26r%3Dcontain%26f%3Dwebp 1136w\" media=\"(min-width: 1136px)\" \/><\/div>\n<div class=\"counter svelte-xkotre\">1\/7<\/div>\n<\/div>\n<div class=\"caption svelte-xkotre\">BIAS FB 6 BIAS jpg <span class=\"source svelte-xkotre\">Foto: FB Bucharest International Air Show<\/span><\/div>\n<\/div>\n<\/div>\n<p>\u00a0BIAS 2026 a avut \u201eun start excep\u021bional\u201d, precizeaz\u0103 organizatorii, pe pagina de Facebook a evenimentului<\/p>\n<p><i>\u201eCerul Bucure\u0219tiului a fost cucerit de spectacol, adrenalin\u0103 \u0219i acroba\u021bii spectaculoase!\u0218i dac\u0103 ai crezut c\u0103 asta a fost tot&#8230; show-ul continu\u0103<\/i>!\u201d, transmite Bucharest International Air Show.<\/p>\n<p>Edi\u021bia din acest an este dedicat\u0103 lui Traian Vuia, la 120 de ani de la primul zbor realizat cu un aparat autopropulsat.<\/p>\n<p><i>\u201ePrin aceast\u0103 edi\u0163ie<\/i><a href=\"https:\/\/adevarul.ro\/stiri-interne\/evenimente\/bias-2025-a-doua-zi-de-spectacole-aeriene-peste-2468526.html\">, <i>BIAS <\/i><\/a><i>aduce un omagiu celui care a demonstrat c\u0103 visul zborului poate deveni realitate \u015fi reafirm\u0103, \u00een fa\u0163a unei audien\u0163e interna\u0163ionale, contribu\u0163ia Rom\u00e2niei la istoria \u015fi dezvoltarea avia\u0163iei mondiale\u201d<\/i>,  se arat\u0103 \u00eentr-un comunicat al Companiei Na\u0163ionale Aeroporturi Bucure\u015fti (CNAB).<\/p>\n<div class=\"raw-block\"><iframe loading=\"lazy\" src=\"https:\/\/www.facebook.com\/plugins\/video.php?height=476&amp;href=https%3A%2F%2Fwww.facebook.com%2Freel%2F2339609916869284%2F&amp;show_text=false&amp;width=390&amp;t=0\" width=\"267\" height=\"476\" frameborder allowfullscreen=\"true\" allow=\"autoplay; clipboard-write; encrypted-media; picture-in-picture; web-share\" class=\"facebook-iframe\"><\/iframe><\/div>\n<p>Printre atrac\u021biile principale se num\u0103r\u0103 dou\u0103 dintre cele mai cunoscute forma\u021bii de acroba\u021bie aerian\u0103 din lume. Frecce Tricolori, echipa oficial\u0103 a For\u021belor Aeriene Italiene, revine la BIAS dup\u0103 14 ani \u0219i este programat\u0103 s\u0103 evolueze la ora 18:30 cu nou\u0103 aeronave MB-339. Turkish Stars, forma\u021bia de demonstra\u021bie a For\u021belor Aeriene Turce, revine la Bucure\u0219ti dup\u0103 opt ani \u0219i \u00ee\u0219i prezint\u0103 programul la ora 15:00.<\/p>\n<p>Demonstra\u021biile For\u021belor Aeriene \u0219i Spa\u021biale Franceze, inclusiv Rafale Solo Display, precum \u0219i evolu\u021bii ale pilo\u021bilor din Spania, Germania \u0219i Slovenia completeaz\u0103 spectaculosul\u00a0 tablou.<\/p>\n<p>For\u021bele Aeriene Rom\u00e2ne particip\u0103 cu aeronave F-16 Fighting Falcon, C-27J Spartan, C-130 Hercules \u0219i elicoptere IAR-330 Puma, \u00eentr-un program care pune \u00een valoare capabilit\u0103\u021bile avia\u021biei militare rom\u00e2ne\u0219ti. \u00cen paralel, vizitatorii pot vedea la sol avioane, elicoptere, sisteme radar, echipamente militare \u0219i simulatoare de zbor.<\/p>\n<p>Aeroclubul Rom\u00e2niei este prezent cu Hawks of Romania, White Wings \u0219i Blue Wings, dar \u0219i cu demonstra\u021bii de para\u0219utism \u0219i acroba\u021bie aerian\u0103. \u00cen program figureaz\u0103 \u0219i celebrul pilot lituanian Jurgis Kairys, multiplu campion mondial \u0219i european.<\/p>\n<p><i>\u201eBIAS 2026 continu\u0103 tradi\u0163ia unui eveniment care a devenit, \u00een ultimii ani, unul dintre cele mai importante spectacole aeriene din regiune, atr\u0103g\u00e2nd participan\u0163i de prestigiu din avia\u0163ia militar\u0103 \u015fi civil\u0103, precum \u015fi un public numeros din Rom\u00e2nia \u015fi din str\u0103in\u0103tate\u201d,<\/i> au precizat organizatorii.<\/p>\n<p>Pe l\u00e2ng\u0103 demonstra\u021biile aeriene, vizitatorii au acces la expozi\u021bii dedicate avia\u021biei, \u00eent\u00e2lniri cu pilo\u021bi, activit\u0103\u021bi pentru copii \u0219i zone de divertisment organizate \u00een hangarele ROMAERO \u0219i \u00een perimetrul aeroportului. Accesul la eveniment este gratuit<\/p>\n<p><\/main><\/p>\n<footer class=\"svelte-x63bga\">\n<div class=\"related-wrap related-footer svelte-78g0vl\"><span class=\"related-label svelte-78g0vl\">Cite\u0219te \u0219i<\/span><a class=\"related svelte-78g0vl\" data-gtrack=\"{&quot;event&quot;:&quot;utm_click&quot;,&quot;data&quot;:{&quot;event_category&quot;:&quot;article_related&quot;}}\" href=\"https:\/\/adevarul.ro\/stiri-interne\/evenimente\/bias-2025-isi-deschide-vineri-portile-programul-2468251.html\" title=\"Alt articol de interes pentru tine\"><img decoding=\"async\" class=\"thumb svelte-78g0vl\" src=\"https:\/\/cdn.adh.reperio.news\/image-5\/5b14d415-bc0f-4e48-b65c-86401e2d656c\/index.jpeg?p=f%3Dwebp%26w%3D120%26h%3D80%26r%3Dcover%26a%3D0\" alt loading=\"lazy\" width=\"80\" height=\"54\"><span class=\"title svelte-78g0vl\">BIAS 2025 \u00ee\u0219i deschide vineri por\u021bile. Programul complet \u0219i m\u0103surile de trafic pentru weekendul aviatic<\/span><\/a><a class=\"related svelte-78g0vl\" data-gtrack=\"{&quot;event&quot;:&quot;utm_click&quot;,&quot;data&quot;:{&quot;event_category&quot;:&quot;article_related&quot;}}\" href=\"https:\/\/adevarul.ro\/stiri-interne\/evenimente\/bias-2025-a-doua-zi-de-spectacole-aeriene-peste-2468526.html\" title=\"Alt articol de interes pentru tine\"><img decoding=\"async\" class=\"thumb svelte-78g0vl\" src=\"https:\/\/cdn.adh.reperio.news\/image-3\/3bc6b7b5-07d2-4c90-9ec8-3a8d601d11cf\/index.jpeg?p=f%3Dwebp%26w%3D120%26h%3D80%26r%3Dcover%26a%3D0\" alt loading=\"lazy\" width=\"80\" height=\"54\"><span class=\"title svelte-78g0vl\">BIAS 2025, a doua zi de spectacole aeriene. Peste 200 de pilo\u021bi vor \u00eenc\u00e2nta publicul \u00een cele trei zile de evenimente<\/span><\/a><a class=\"related svelte-78g0vl\" data-gtrack=\"{&quot;event&quot;:&quot;utm_click&quot;,&quot;data&quot;:{&quot;event_category&quot;:&quot;article_related&quot;}}\" href=\"https:\/\/adevarul.ro\/stiri-interne\/evenimente\/bias-2026-frecce-tricolori-si-turkish-stars-vin-2550635.html\" title=\"Alt articol de interes pentru tine\"><img decoding=\"async\" class=\"thumb svelte-78g0vl\" src=\"https:\/\/cdn.adh.reperio.news\/image-0\/01a1f939-625b-4f68-abde-e9a30b3f9950\/index.jpeg?p=f%3Dwebp%26w%3D120%26h%3D80%26r%3Dcover%26a%3D0\" alt loading=\"lazy\" width=\"80\" height=\"54\"><span class=\"title svelte-78g0vl\">BIAS 2026: Frecce Tricolori \u0219i Turkish Stars vin la Bucure\u0219ti. C\u00e2nd are loc cel mai mare show aerian din Rom\u00e2nia<\/span><\/a><\/div>\n<div class=\"meta svelte-x63bga\">\n<div class=\"authors svelte-x63bga\"><span class=\"names svelte-x63bga\"><a href=\"https:\/\/adevarul.ro\/author\/1228\" rel=\"author\" class=\"svelte-x63bga\">Cristina Stancu<\/a><\/span><\/p>\n<div class=\"_hydratable\" data-props=\"%7B%22showLive%22%3Atrue%7D\" data-context=\"%7B%22parentBlockColumnCount%22%3A%7B%22value%22%3A0%2C%22type%22%3A%22store%2Freadable%22%7D%2C%22parentBlockBackgroundColor%22%3A%7B%22type%22%3A%22store%2Freadable%22%7D%7D\" data-component=\"ShareButton\">\n<div class=\"shareButtons svelte-itwbrr\">\n<div class=\"liveSessions metaFont svelte-1maxmbf\"><span class=\"value svelte-1maxmbf\">1<\/span> live <\/div>\n<\/div>\n<\/div>\n<\/div>\n<div class=\"tags svelte-1l3vwp1\"><span class=\"tags-label metaFont svelte-1l3vwp1\">Cite\u0219te mai multe despre<\/span><\/p>\n<div class=\"tags-list svelte-1l3vwp1\"><a href=\"https:\/\/adevarul.ro\/tag\/f-16\" title=\"Ultimele \u0219tiri despre f-16\" class=\"tag-pill svelte-1l3vwp1\">f-16<\/a><a href=\"https:\/\/adevarul.ro\/tag\/hercules\" title=\"Ultimele \u0219tiri despre hercules\" class=\"tag-pill svelte-1l3vwp1\">hercules<\/a><a href=\"https:\/\/adevarul.ro\/tag\/spartan\" title=\"Ultimele \u0219tiri despre spartan\" class=\"tag-pill svelte-1l3vwp1\">spartan<\/a><a href=\"https:\/\/adevarul.ro\/tag\/spectacol%20aviatic\" title=\"Ultimele \u0219tiri despre spectacol aviatic\" class=\"tag-pill svelte-1l3vwp1\">spectacol aviatic<\/a><\/div>\n<\/div>\n<\/div>\n<p><a class=\"moreFromCategory svelte-x63bga\" href=\"https:\/\/adevarul.ro\/stiri-interne\/evenimente\" title=\"Evenimente\">Mai multe din <strong class=\"svelte-x63bga\">Evenimente<\/strong> \u203a<\/a><\/footer>\n<\/article>\n<p>[analyse_source url=&#8221;https:\/\/adevarul.ro\/stiri-interne\/evenimente\/spectacol-adrenalina-si-acrobatii-spectaculoase-2552857.html&#8221;]<\/p>\n","protected":false},"excerpt":{"rendered":"<p>[analyse_image type=&#8221;featured&#8221; src=&#8221;https:\/\/cdn.adh.reperio.news\/image-9\/9e820903-45bb-4eb0-bf6d-626558bf466e\/index.jpeg?p=f%3Djpeg%26w%3D1200%26h%3D630%26r%3Dcover&#8221;] Home \u0218tiri Interne Evenimente Spectacol, adrenalin\u0103 \u0219i acroba\u021bii spectaculoase, la BIAS 2026. F-16, Hercules, Spartan \u0219i celebrele Frecce Tricolori, pe cerul Capitalei Bucharest International Air Show (BIAS) 2026 este \u00een desf\u0103\u0219urare s\u00e2mb\u0103t\u0103, 29 august, la Aeroportul B\u0103neasa, unde peste 200 de participan\u021bi militari \u0219i civili din Rom\u00e2nia \u0219i din str\u0103in\u0103tate ofer\u0103 publicului [&hellip;]<\/p>\n","protected":false},"author":1,"featured_media":0,"comment_status":"open","ping_status":"","sticky":false,"template":"","format":"standard","meta":{"footnotes":""},"categories":[89],"tags":[19,226],"class_list":["post-2119150","post","type-post","status-publish","format-standard","hentry","category-romania","tag-adevarul","tag-crawlmanager"],"_links":{"self":[{"href":"https:\/\/analyse.optim.biz\/index.php?rest_route=\/wp\/v2\/posts\/2119150","targetHints":{"allow":["GET"]}}],"collection":[{"href":"https:\/\/analyse.optim.biz\/index.php?rest_route=\/wp\/v2\/posts"}],"about":[{"href":"https:\/\/analyse.optim.biz\/index.php?rest_route=\/wp\/v2\/types\/post"}],"author":[{"embeddable":true,"href":"https:\/\/analyse.optim.biz\/index.php?rest_route=\/wp\/v2\/users\/1"}],"replies":[{"embeddable":true,"href":"https:\/\/analyse.optim.biz\/index.php?rest_route=%2Fwp%2Fv2%2Fcomments&post=2119150"}],"version-history":[{"count":0,"href":"https:\/\/analyse.optim.biz\/index.php?rest_route=\/wp\/v2\/posts\/2119150\/revisions"}],"wp:attachment":[{"href":"https:\/\/analyse.optim.biz\/index.php?rest_route=%2Fwp%2Fv2%2Fmedia&parent=2119150"}],"wp:term":[{"taxonomy":"category","embeddable":true,"href":"https:\/\/analyse.optim.biz\/index.php?rest_route=%2Fwp%2Fv2%2Fcategories&post=2119150"},{"taxonomy":"post_tag","embeddable":true,"href":"https:\/\/analyse.optim.biz\/index.php?rest_route=%2Fwp%2Fv2%2Ftags&post=2119150"}],"curies":[{"name":"wp","href":"https:\/\/api.w.org\/{rel}","templated":true}]}}