{"id":2119099,"date":"2026-08-29T21:00:00","date_gmt":"2026-08-29T18:00:00","guid":{"rendered":"https:\/\/analyse.optim.biz\/?p=2119099"},"modified":"2026-08-29T21:00:00","modified_gmt":"2026-08-29T18:00:00","slug":"adolescenta-data-disparuta-dupa-ce-a-plecat-de-acasa-si-nu-a-mai-revenit","status":"publish","type":"post","link":"https:\/\/analyse.optim.biz\/?p=2119099","title":{"rendered":"Adolescent\u0103 dat\u0103 disp\u0103rut\u0103, dup\u0103 ce a plecat de acas\u0103 \u0219i nu a mai revenit"},"content":{"rendered":"<p>[analyse_image type=&#8221;featured&#8221; src=&#8221;https:\/\/www.monitoruldevrancea.ro\/wp-content\/uploads\/2026\/08\/IMG-20260830-WA0000.jpg&#8221;]<\/p>\n<div class=\"td_block_wrap tdb_single_content tdi_123 td-pb-border-top td_block_template_1 td-post-content tagdiv-type\" data-td-block-uid=\"tdi_123\">\n<div class=\"tdb-block-inner td-fix-index\">\n<p><strong>Biroul de pres\u0103 al Inspectoratului de Poli\u021bie Jude\u021bean (IPJ) Vrancea:<\/strong><\/p>\n<p><em>A\u021aI V\u0102ZUT-O?<\/em><\/p>\n<p>La data de 30 august a.c., poli\u021bi\u0219tii Inspectoratului de Poli\u021bie Jude\u021bean Vrancea au fost sesiza\u021bi cu privire la faptul c\u0103 numita MIRCEA ANDREEA-LUMINI\u021aA, \u00een v\u00e2rst\u0103 de 15 ani, a plecat voluntar de la domiciliu \u0219i nu a mai revenit.<\/p>\n<p>Semnalmente: \u00een\u0103l\u021bime aproximativ 1,65 m, greutate aproximativ 70 kg, ochi c\u0103prui, p\u0103r lung \u0219i \u0219aten, fa\u021b\u0103 oval\u0103, f\u0103r\u0103 semne particulare.<\/p>\n<p>La momentul plec\u0103rii, aceasta era \u00eembr\u0103cat\u0103 cu un tricou negru, pantaloni scur\u021bi din denim de culoare gri \u0219i era \u00eenc\u0103l\u021bat\u0103 cu papuci albi.<\/p>\n<p><em>Persoanele care pot furniza informa\u021bii utile \u00een vederea depist\u0103rii minorei sunt rugate s\u0103 anun\u021be cea mai apropiat\u0103 unitate de poli\u021bie sau s\u0103 apeleze num\u0103rul unic de urgen\u021b\u0103 112.<\/em><\/p>\n<\/div>\n<\/div>\n<p>[analyse_source url=&#8221;https:\/\/www.monitoruldevrancea.ro\/2026\/08\/30\/adolescenta-data-disparuta-dupa-ce-a-plecat-de-acasa-si-nu-a-mai-revenit-2\/&#8221;]<\/p>\n","protected":false},"excerpt":{"rendered":"<p>[analyse_image type=&#8221;featured&#8221; src=&#8221;https:\/\/www.monitoruldevrancea.ro\/wp-content\/uploads\/2026\/08\/IMG-20260830-WA0000.jpg&#8221;] Biroul de pres\u0103 al Inspectoratului de Poli\u021bie Jude\u021bean (IPJ) Vrancea: A\u021aI V\u0102ZUT-O? La data de 30 august a.c., poli\u021bi\u0219tii Inspectoratului de Poli\u021bie Jude\u021bean Vrancea au fost sesiza\u021bi cu privire la faptul c\u0103 numita MIRCEA ANDREEA-LUMINI\u021aA, \u00een v\u00e2rst\u0103 de 15 ani, a plecat voluntar de la domiciliu \u0219i nu a mai revenit. Semnalmente: [&hellip;]<\/p>\n","protected":false},"author":1,"featured_media":0,"comment_status":"open","ping_status":"","sticky":false,"template":"","format":"standard","meta":{"footnotes":""},"categories":[89],"tags":[226,209],"class_list":["post-2119099","post","type-post","status-publish","format-standard","hentry","category-romania","tag-crawlmanager","tag-monitoruldevrancea-ro"],"_links":{"self":[{"href":"https:\/\/analyse.optim.biz\/index.php?rest_route=\/wp\/v2\/posts\/2119099","targetHints":{"allow":["GET"]}}],"collection":[{"href":"https:\/\/analyse.optim.biz\/index.php?rest_route=\/wp\/v2\/posts"}],"about":[{"href":"https:\/\/analyse.optim.biz\/index.php?rest_route=\/wp\/v2\/types\/post"}],"author":[{"embeddable":true,"href":"https:\/\/analyse.optim.biz\/index.php?rest_route=\/wp\/v2\/users\/1"}],"replies":[{"embeddable":true,"href":"https:\/\/analyse.optim.biz\/index.php?rest_route=%2Fwp%2Fv2%2Fcomments&post=2119099"}],"version-history":[{"count":0,"href":"https:\/\/analyse.optim.biz\/index.php?rest_route=\/wp\/v2\/posts\/2119099\/revisions"}],"wp:attachment":[{"href":"https:\/\/analyse.optim.biz\/index.php?rest_route=%2Fwp%2Fv2%2Fmedia&parent=2119099"}],"wp:term":[{"taxonomy":"category","embeddable":true,"href":"https:\/\/analyse.optim.biz\/index.php?rest_route=%2Fwp%2Fv2%2Fcategories&post=2119099"},{"taxonomy":"post_tag","embeddable":true,"href":"https:\/\/analyse.optim.biz\/index.php?rest_route=%2Fwp%2Fv2%2Ftags&post=2119099"}],"curies":[{"name":"wp","href":"https:\/\/api.w.org\/{rel}","templated":true}]}}