{"id":2119095,"date":"2026-08-27T21:00:00","date_gmt":"2026-08-27T18:00:00","guid":{"rendered":"https:\/\/analyse.optim.biz\/?p=2119095"},"modified":"2026-08-27T21:00:00","modified_gmt":"2026-08-27T18:00:00","slug":"florin-nechifor-fostul-primar-din-adjud-a-demisionat-din-consiliul-local","status":"publish","type":"post","link":"https:\/\/analyse.optim.biz\/?p=2119095","title":{"rendered":"Florin Nechifor, fostul primar din Adjud, a demisionat din Consiliul Local\u00a0"},"content":{"rendered":"<p>[analyse_image type=&#8221;featured&#8221; src=&#8221;https:\/\/www.monitoruldevrancea.ro\/wp-content\/uploads\/2026\/08\/demisie-nechifor.jpg&#8221;]<\/p>\n<div class=\"td_block_wrap tdb_single_content tdi_123 td-pb-border-top td_block_template_1 td-post-content tagdiv-type\" data-td-block-uid=\"tdi_123\">\n<div class=\"tdb-block-inner td-fix-index\">\n<p>Fostul primar liberal al municipiului Adjud, <strong><em>Florin Nechifor<\/em><\/strong>, a demisionat din Consiliul Local, \u00een contextul controverselor generate de noile prevederi privind incompatibilit\u0103\u021bile ale\u0219ilor locali care lucreaz\u0103 \u00een sectorul public. Plenul Consiliului Local Adjud a luat act de demisia lui <strong><em>Nechifor<\/em><\/strong> \u00een cadrul \u0219edin\u021bei ordinare care a avut loc ieri.<\/p>\n<p>Situa\u021bia a fost generat\u0103 de modific\u0103rile aduse Codului administrativ prin Legea nr. 165\/2026, publicat\u0103 \u00een Monitorul Oficial la 6 august \u0219i intrat\u0103 \u00een vigoare la 9 august. Prin aceast\u0103 lege, personalul contractual din administra\u021bia public\u0103 a fost inclus \u00een regimul incompatibilit\u0103\u021bilor aplicabil func\u021bionarilor publici.<\/p>\n<p>Concret, interpretarea noilor prevederi a dus la situa\u021bia \u00een care consilierii locali \u0219i jude\u021beni care aveau \u0219i un contract individual de munc\u0103 \u00eentr-o autoritate sau institu\u021bie public\u0103 trebuiau s\u0103 aleag\u0103 \u00eentre mandatul de ales local \u0219i raportul de munc\u0103. \u00cen cazul p\u0103str\u0103rii mandatului, una dintre solu\u021biile prev\u0103zute de legisla\u021bie era suspendarea contractului de munc\u0103 pe durata exercit\u0103rii func\u021biei elective.<\/p>\n<p>Problema a provocat reac\u021bii \u00een administra\u021bia public\u0103 din \u00eentreaga \u021bar\u0103, \u00eentruc\u00e2t mii de consilieri locali \u0219i jude\u021beni s-au reg\u0103sit \u00een aceast\u0103 situa\u021bie. Termenul p\u00e2n\u0103 la care trebuia \u00eenl\u0103turat\u0103 incompatibilitatea a fost 25 august 2026.<\/p>\n<p>\u00cen timp ce \u00een teritoriu au \u00eenceput s\u0103 apar\u0103 demisii \u0219i incertitudini cu privire la situa\u021bia ale\u0219ilor locali, Parlamentul a intervenit pentru modificarea prevederilor care au generat controversa. Pe 26 august, Camera Deputa\u021bilor a adoptat \u00een regim de urgen\u021b\u0103 modificarea Codului administrativ prin care este eliminat\u0103 asimilarea personalului contractual din administra\u021bia public\u0103 cu func\u021bionarii publici \u00een materia incompatibilit\u0103\u021bilor. Proiectul a fost adoptat ulterior \u0219i de Senat, care este Camer\u0103 decizional\u0103. Noua reglementare urm\u0103re\u0219te, practic, ca persoanele angajate cu contract individual de munc\u0103 \u00een administra\u021bia public\u0103 s\u0103 poat\u0103 de\u021bine \u00een continuare un mandat de consilier local sau jude\u021bean, f\u0103r\u0103 ca simpla cumulare a celor dou\u0103 calit\u0103\u021bi s\u0103 genereze o stare de incompatibilitate.<\/p>\n<p>Parlamentarii au prev\u0103zut \u0219i o dispozi\u021bie referitoare la perioada \u00een care s-a aplicat Legea nr. 165\/2026. Potrivit proiectului adoptat, situa\u021biile ap\u0103rute \u00eentre intrarea \u00een vigoare a Legii nr. 165\/2026 \u0219i intrarea \u00een vigoare a noii legi de modificare nu ar urma s\u0103 constituie incompatibilit\u0103\u021bi sau conflicte de interese \u0219i nu ar atrage r\u0103spunderea juridic\u0103 aferent\u0103 acestora. R\u0103m\u00e2ne de v\u0103zut dac\u0103 noua modificare legislativ\u0103 va ajunge s\u0103 produc\u0103 efecte \u00eenainte ca procedurile administrative declan\u0219ate \u00een urma demisiilor s\u0103 fie finalizate.<\/p>\n<p>Foto: Facebook<\/p>\n<\/div>\n<\/div>\n<p>[analyse_source url=&#8221;https:\/\/www.monitoruldevrancea.ro\/2026\/08\/28\/florin-nechifor-fostul-primar-din-adjud-a-demisionat-din-consiliul-local\/&#8221;]<\/p>\n","protected":false},"excerpt":{"rendered":"<p>[analyse_image type=&#8221;featured&#8221; src=&#8221;https:\/\/www.monitoruldevrancea.ro\/wp-content\/uploads\/2026\/08\/demisie-nechifor.jpg&#8221;] Fostul primar liberal al municipiului Adjud, Florin Nechifor, a demisionat din Consiliul Local, \u00een contextul controverselor generate de noile prevederi privind incompatibilit\u0103\u021bile ale\u0219ilor locali care lucreaz\u0103 \u00een sectorul public. Plenul Consiliului Local Adjud a luat act de demisia lui Nechifor \u00een cadrul \u0219edin\u021bei ordinare care a avut loc ieri. Situa\u021bia a fost [&hellip;]<\/p>\n","protected":false},"author":1,"featured_media":0,"comment_status":"open","ping_status":"","sticky":false,"template":"","format":"standard","meta":{"footnotes":""},"categories":[89],"tags":[226,209],"class_list":["post-2119095","post","type-post","status-publish","format-standard","hentry","category-romania","tag-crawlmanager","tag-monitoruldevrancea-ro"],"_links":{"self":[{"href":"https:\/\/analyse.optim.biz\/index.php?rest_route=\/wp\/v2\/posts\/2119095","targetHints":{"allow":["GET"]}}],"collection":[{"href":"https:\/\/analyse.optim.biz\/index.php?rest_route=\/wp\/v2\/posts"}],"about":[{"href":"https:\/\/analyse.optim.biz\/index.php?rest_route=\/wp\/v2\/types\/post"}],"author":[{"embeddable":true,"href":"https:\/\/analyse.optim.biz\/index.php?rest_route=\/wp\/v2\/users\/1"}],"replies":[{"embeddable":true,"href":"https:\/\/analyse.optim.biz\/index.php?rest_route=%2Fwp%2Fv2%2Fcomments&post=2119095"}],"version-history":[{"count":0,"href":"https:\/\/analyse.optim.biz\/index.php?rest_route=\/wp\/v2\/posts\/2119095\/revisions"}],"wp:attachment":[{"href":"https:\/\/analyse.optim.biz\/index.php?rest_route=%2Fwp%2Fv2%2Fmedia&parent=2119095"}],"wp:term":[{"taxonomy":"category","embeddable":true,"href":"https:\/\/analyse.optim.biz\/index.php?rest_route=%2Fwp%2Fv2%2Fcategories&post=2119095"},{"taxonomy":"post_tag","embeddable":true,"href":"https:\/\/analyse.optim.biz\/index.php?rest_route=%2Fwp%2Fv2%2Ftags&post=2119095"}],"curies":[{"name":"wp","href":"https:\/\/api.w.org\/{rel}","templated":true}]}}