{"id":2119092,"date":"2026-08-27T21:00:00","date_gmt":"2026-08-27T18:00:00","guid":{"rendered":"https:\/\/analyse.optim.biz\/?p=2119092"},"modified":"2026-08-27T21:00:00","modified_gmt":"2026-08-27T18:00:00","slug":"video-invitatie-la-festivalul-la-muchia-bradului-de-la-nereju","status":"publish","type":"post","link":"https:\/\/analyse.optim.biz\/?p=2119092","title":{"rendered":"VIDEO! Invita\u021bie la Festivalul \u201eLa Muchia Bradului\u201d, de la Nereju"},"content":{"rendered":"<p>[analyse_image type=&#8221;featured&#8221; src=&#8221;https:\/\/www.monitoruldevrancea.ro\/wp-content\/uploads\/2026\/08\/Festival-la-muchia-bradului-Nereju-2026.jpg&#8221;]<\/p>\n<div class=\"td_block_wrap tdb_single_content tdi_123 td-pb-border-top td_block_template_1 td-post-content tagdiv-type\" data-td-block-uid=\"tdi_123\">\n<div class=\"tdb-block-inner td-fix-index\">\n<iframe loading=\"lazy\" src=\"https:\/\/www.facebook.com\/plugins\/video.php?height=476&amp;href=https%3A%2F%2Fwww.facebook.com%2Freel%2F1059613860310172%2F&amp;show_text=false&amp;width=476&amp;t=0\" width=\"476\" height=\"476\" scrolling=\"no\" frameborder allowfullscreen=\"true\" allow=\"autoplay; clipboard-write; encrypted-media; picture-in-picture; web-share\"><\/iframe><\/p>\n<p>Vr\u00e2ncenii sunt invita\u021bi, duminic\u0103, 30 august 2026, \u00eencep\u00e2nd cu ora 12.00, la Nereju unde va avea loc cea de-a XV-a edi\u021bie a Festivalului Folcloric \u201eLa Muchia Bradului\u201d, eveniment dedicat folclorului autentic, jocului \u0219i portului popular, me\u0219te\u0219ugurilor tradi\u021bionale \u0219i oamenilor care p\u0103streaz\u0103 vii tradi\u021biile Vrancei. Festivalul este organizat de Consiliul Jude\u021bean Vrancea, prin Centrul Cultural Vrancea, OMD Vin \u00een Vrancea, \u00een parteneriat cu Prim\u0103ria Comunei Nereju, Consiliul Local Nereju \u0219i Ob\u0219tea Comunei Nereju.<\/p>\n<p>Pe scena festivalului vor urca ansambluri folclorice reprezentative pentru diferite comunit\u0103\u021bi ale jude\u021bului Vrancea, \u201efiecare cu specificul, energia \u0219i frumuse\u021bea propriilor tradi\u021bii\u201d, dup\u0103 cum se arat\u0103 \u00eentr-un comunicat de pres\u0103: \u201eBuciuma\u0219ii\u201d din Spulber; \u201eCimpoierii\u201d din Nistore\u0219ti; \u201eP\u0103ltineanca\u201d din Paltin;<\/p>\n<p>\u201eChindia cu Br\u00e2ul de la Jitia\u201d din Jitia; \u201eRapsodia Vulturean\u0103\u201d din Vulturu;\u201eChip\u0103ru\u0219ul\u201d din Nereju. Programul artistic va fi completat de recitalurile soli\u0219tilor vocali Cosmina Adam \u0219i Ion Palade.<\/p>\n<p>\u201eVa fi o zi \u00een care c\u00e2ntecul popular \u0219i jocul tradi\u021bional vor aduce \u00eempreun\u0103 oameni de toate v\u00e2rstele, \u00eentr-o atmosfer\u0103 de s\u0103rb\u0103toare \u0219i bun\u0103 dispozi\u021bie. La festivalul \u201eLa Muchia Bradului\u201d, tradi\u021bia nu se aude doar \u00een c\u00e2ntec, ci se vede \u0219i \u00een me\u0219te\u0219ugurile tradi\u021bionale locale, p\u0103strate cu grij\u0103 \u0219i transmise din genera\u021bie \u00een genera\u021bie. Publicul \u00eei va putea \u00eent\u00e2lni pe Lenu\u021ba \u0219i \u0218erban Ter\u021biu, \u0218erban Ter\u021biu fiind distins cu titlul de Tezaur Uman Viu, precum \u0219i pe Pavel \u0219i Tudori\u021ba Lupa\u0219c, me\u0219teri populari din comuna Nereju. Prin priceperea \u0219i pasiunea lor, ace\u0219ti p\u0103str\u0103tori ai tradi\u021biei duc mai departe me\u0219te\u0219uguri care fac parte din identitatea cultural\u0103 a comunit\u0103\u021bii \u0219i din patrimoniul viu al Vrancei. \u00cen partea final\u0103 a programului, invita\u021bii Prim\u0103riei Comunei Nereju vor urca pe scen\u0103, preg\u0103tind publicului un moment artistic care va \u00eencheia \u00een atmosfer\u0103 de s\u0103rb\u0103toare o zi dedicat\u0103 c\u00e2ntecului, jocului \u0219i tradi\u021biilor locale\u201d, precizeaz\u0103 comunicatul organizatorilor. Spectacolul va fi prezentat de actorul Sorin Francu.<\/p>\n<\/div>\n<\/div>\n<p>[analyse_source url=&#8221;https:\/\/www.monitoruldevrancea.ro\/2026\/08\/28\/video-invitatie-la-festivalul-la-muchia-bradului-de-la-nereju\/&#8221;]<\/p>\n","protected":false},"excerpt":{"rendered":"<p>[analyse_image type=&#8221;featured&#8221; src=&#8221;https:\/\/www.monitoruldevrancea.ro\/wp-content\/uploads\/2026\/08\/Festival-la-muchia-bradului-Nereju-2026.jpg&#8221;] Vr\u00e2ncenii sunt invita\u021bi, duminic\u0103, 30 august 2026, \u00eencep\u00e2nd cu ora 12.00, la Nereju unde va avea loc cea de-a XV-a edi\u021bie a Festivalului Folcloric \u201eLa Muchia Bradului\u201d, eveniment dedicat folclorului autentic, jocului \u0219i portului popular, me\u0219te\u0219ugurilor tradi\u021bionale \u0219i oamenilor care p\u0103streaz\u0103 vii tradi\u021biile Vrancei. Festivalul este organizat de Consiliul Jude\u021bean Vrancea, prin [&hellip;]<\/p>\n","protected":false},"author":1,"featured_media":0,"comment_status":"open","ping_status":"","sticky":false,"template":"","format":"standard","meta":{"footnotes":""},"categories":[89],"tags":[226,209],"class_list":["post-2119092","post","type-post","status-publish","format-standard","hentry","category-romania","tag-crawlmanager","tag-monitoruldevrancea-ro"],"_links":{"self":[{"href":"https:\/\/analyse.optim.biz\/index.php?rest_route=\/wp\/v2\/posts\/2119092","targetHints":{"allow":["GET"]}}],"collection":[{"href":"https:\/\/analyse.optim.biz\/index.php?rest_route=\/wp\/v2\/posts"}],"about":[{"href":"https:\/\/analyse.optim.biz\/index.php?rest_route=\/wp\/v2\/types\/post"}],"author":[{"embeddable":true,"href":"https:\/\/analyse.optim.biz\/index.php?rest_route=\/wp\/v2\/users\/1"}],"replies":[{"embeddable":true,"href":"https:\/\/analyse.optim.biz\/index.php?rest_route=%2Fwp%2Fv2%2Fcomments&post=2119092"}],"version-history":[{"count":0,"href":"https:\/\/analyse.optim.biz\/index.php?rest_route=\/wp\/v2\/posts\/2119092\/revisions"}],"wp:attachment":[{"href":"https:\/\/analyse.optim.biz\/index.php?rest_route=%2Fwp%2Fv2%2Fmedia&parent=2119092"}],"wp:term":[{"taxonomy":"category","embeddable":true,"href":"https:\/\/analyse.optim.biz\/index.php?rest_route=%2Fwp%2Fv2%2Fcategories&post=2119092"},{"taxonomy":"post_tag","embeddable":true,"href":"https:\/\/analyse.optim.biz\/index.php?rest_route=%2Fwp%2Fv2%2Ftags&post=2119092"}],"curies":[{"name":"wp","href":"https:\/\/api.w.org\/{rel}","templated":true}]}}