{"id":2119087,"date":"2026-08-30T00:00:00","date_gmt":"2026-08-29T21:00:00","guid":{"rendered":"https:\/\/analyse.optim.biz\/?p=2119087"},"modified":"2026-08-30T00:00:00","modified_gmt":"2026-08-29T21:00:00","slug":"update-barbatul-din-jaristea-dat-disparut-a-fost-identificat-anuntul-ipj-vrancea","status":"publish","type":"post","link":"https:\/\/analyse.optim.biz\/?p=2119087","title":{"rendered":"\u200bUPDATE | B\u0103rbatul din Jari\u0219tea dat disp\u0103rut a fost identificat. Anun\u021bul IPJ Vrancea"},"content":{"rendered":"<p>[analyse_image type=&#8221;featured&#8221; src=&#8221;https:\/\/zdvi.cname.ro\/_\/update-barbatul-din-jaristea-dat-disparut-a-fost-identificat.-anuntul-ipj-vrancea\/mediaPool\/uVVya86.jpg&#8221;]<\/p>\n<div class=\"main-content detaliu-articol\"><a class=\"titlu-cat-list\" href=\"https:\/\/ziaruldevrancea.ro\/actualitatea\/stiri-locale\">Local<\/a><\/p>\n<h1>\u200bUPDATE | B\u0103rbatul din Jari\u0219tea dat disp\u0103rut a fost identificat. Anun\u021bul IPJ Vrancea<\/h1>\n<div class=\"date-articol clearfix\">\n<div class=\"distribuie-articol dropdown\">\n    Distribuie: \u00a0<br \/>\n    <em>|<\/em><\/div>\n<div class=\"autor-articol\"><a href=\"https:\/\/ziaruldevrancea.ro\/autor\/petre-paraschiv\/\"><img decoding=\"async\" class=\"img-circle\" src=\"https:\/\/zdvi.cname.ro\/50_50\/articleAuthor\/petre-paraschiv\/articleAuthor\/uWVWYPk.jpg\" alt><\/a><\/p>\n<h5><a href=\"https:\/\/ziaruldevrancea.ro\/autor\/petre-paraschiv\/\">Petre Paraschiv<\/a><\/h5>\n<div class=\"grup-spatiere\"><span class=\"cu-spatiere\">30 aug 2026<\/span><span class=\"cu-spatiere\">149 vizualiz\u0103ri<\/span><\/div>\n<\/div>\n<\/div>\n<div class=\"poza-mare\"><a href class=\"openGallery\"><img decoding=\"async\" class=\"img-responsive\" src=\"https:\/\/zdvi.cname.ro\/850_530\/update-barbatul-din-jaristea-dat-disparut-a-fost-identificat.-anuntul-ipj-vrancea\/article\/mediaPool\/uVVya86.jpg\" alt=\"Foto:arhiva ZdV.Credit foto:rfi.fr\/ro\"><\/a><\/p>\n<div class=\"caption-poza\">Foto:arhiva ZdV.Credit foto:rfi.fr\/ro<\/div>\n<\/div>\n<p><strong>Poli\u021bia Vrancea a actualizat s\u00e2mb\u0103t\u0103 sear\u0103 apelul lansat pentru g\u0103sirea lui George Ursu<\/strong><\/p>\n<p><strong>IPJ Vrancea a anun\u021bat s\u00e2mb\u0103t\u0103, 29 august 2026, la ora 18:49, c\u0103 b\u0103rbatul din comuna Jari\u0219tea pentru g\u0103sirea c\u0103ruia fusese solicitat sprijinul popula\u021biei a fost identificat. George Ursu fusese dat disp\u0103rut dup\u0103 ce, potrivit inform\u0103rii ini\u021biale a Poli\u021biei, plecase voluntar de la domiciliu \u00een 23 august \u0219i nu mai revenise.<\/strong><\/p>\n<p><strong>UPDATE \u2013 29 august 2026, ora 18:49<\/strong><\/p>\n<p>Inspectoratul de Poli\u021bie Jude\u021bean Vrancea a transmis s\u00e2mb\u0103t\u0103 sear\u0103 o actualizare \u00een cazul lui <strong>George Ursu, din comuna Jari\u0219tea<\/strong>, a c\u0103rui dispari\u021bie fusese f\u0103cut\u0103 public\u0103 \u00een cursul zilei de miercuri, 26 august.<\/p>\n<p><strong>\u201ePersoana \u00een cauz\u0103 a fost identificat\u0103\u201d<\/strong>, a precizat purt\u0103torul de cuv\u00e2nt al IPJ Vrancea \u00een informarea actualizat\u0103 transmis\u0103 s\u00e2mb\u0103t\u0103, 29 august 2026, la ora 18:49.<\/p>\n<p>Poli\u021bia nu a oferit, \u00een aceast\u0103 actualizare, alte detalii referitoare la \u00eemprejur\u0103rile \u00een care b\u0103rbatul a fost identificat.<\/p>\n<p><strong>Informa\u021bia ini\u021bial\u0103<\/strong><\/p>\n<p>\u00cen 26 august, IPJ Vrancea anun\u021ba c\u0103 poli\u021bi\u0219tii fuseser\u0103 sesiza\u021bi cu privire la dispari\u021bia lui George Ursu, din comuna Jari\u0219tea. Potrivit datelor comunicate atunci, acesta plecase voluntar de la domiciliu \u00een 23 august, \u00een jurul orei 12:00, \u0219i nu mai revenise.<\/p>\n<p>Poli\u021bia f\u0103cuse publice fotografia \u0219i semnalmentele sale \u0219i solicitase persoanelor care de\u021bineau informa\u021bii s\u0103 contacteze cea mai apropiat\u0103 unitate de poli\u021bie sau s\u0103 apeleze 112.<\/p>\n<p><strong>Odat\u0103 cu anun\u021bul transmis \u00een 29 august, apelul public pentru identificarea persoanei nu mai este de actualitate.<\/strong><\/p>\n<p><strong>Petre Paraschiv<\/strong><\/p>\n<p><strong>Citi\u021bi \u0219i:<a href=\"https:\/\/www.ziaruldevrancea.ro\/actualitatea\/stiri-locale\/barbat-din-jaristea-cautat-de-politistii-vranceni-dupa-ce-a-plecat-de-acasa-si-nu-a-mai-revenit\" target=\"_blank\">B\u0103rbat din Jari\u0219tea, c\u0103utat de poli\u021bi\u0219tii vr\u00e2nceni dup\u0103 ce a plecat de acas\u0103 \u0219i nu a mai revenit<\/a><\/strong><\/p>\n<hr>\n<div class=\"bloc-widget widget-rosu\">\n<p>\u00cen lipsa unui acord scris din partea Ziarului de Vrancea, pute\u0163i prelua maxim 500 de caractere din acest articol dac\u0103 preciza\u0163i sursa \u015fi insera\u0163i vizibil link-ul articolului:\u00a0<span>#insertcurrentlinkhere<\/span><\/p>\n<\/div>\n<div class=\"extra-articol listing-anunturi\">\n<h6>Anun\u021buri <span class=\"text-primary\">ZdV<\/span> Premium<\/h6>\n<div class=\"row\">\n<div class=\"col-lg-4 col-md-6 bloc-egal\"><a class=\"card-anunt\" href=\"https:\/\/ziaruldevrancea.ro\/anunturi\/necrolog\/condoleante\/dumnezeu-sa-te-odihneasca-in-liniste-pace-si-lumina-in-imparatia-sa\"><strong class=\"titlu\">Condolean\u021be<\/strong><span class=\"text-anunt\">Ziua de azi nu o s\u0103 mai fie la fel c\u0103 cea de&#8230;<\/span><span class=\"data-anunt\">28.08.2026  <\/span><\/a><\/div>\n<div class=\"col-lg-4 col-md-6 bloc-egal\"><a class=\"card-anunt\" href=\"https:\/\/ziaruldevrancea.ro\/anunturi\/imobiliare\/vanzari-terenuri\/vand-teren-intravilan-anunt-72852\"><strong class=\"titlu\">V\u00e2nz\u0103ri terenuri<\/strong><span class=\"text-anunt\">V\u00e2nd teren intravilan 2.000 mp, Foc\u0219ani,&#8230;<\/span><span class=\"data-anunt\">26.08.2026  <\/span><\/a><\/div>\n<div class=\"col-lg-4 col-md-6 bloc-egal\"><a class=\"card-anunt\" href=\"https:\/\/ziaruldevrancea.ro\/anunturi\/imobiliare\/vanzari-ap-2-camere\/vand-apartament-in-focsani\"><strong class=\"titlu\">V\u00e2nz\u0103ri ap 2 camere<\/strong><span class=\"text-anunt\">V\u00e2nd apartament 2 camere etajul1\/3,&#8230;<\/span><span class=\"data-anunt\">25.08.2026  <\/span><\/a><\/div>\n<\/div>\n<\/div>\n<div class=\"extra-articol alte-articole\">\n<div class=\"row\">\n<div class=\"col-lg-6 bloc-egal\">\n<div class=\"card articol-listing\">\n<h6>\u00cen categoria <a href=\"https:\/\/ziaruldevrancea.ro\/actualitatea\/stiri-locale\">Local<\/a><\/h6>\n<div class=\"grup-articol-listing\">\n<div class=\"cont-pils\"><a href=\"https:\/\/ziaruldevrancea.ro\/actualitatea\/stiri-locale\/accident-in-adjud-bicicleta-electrica-lovita-de-un-autoturism.-un-barbat-de-52-de-ani-a-fost-ranit\"><img decoding=\"async\" src=\"https:\/\/zdvi.cname.ro\/180_135\/actualitatea\/stiri-locale\/accident-in-adjud-bicicleta-electrica-lovita-de-un-autoturism.-un-barbat-de-52-de-ani-a-fost-ranit\/mediaPool\/ul8KOTX.jpeg\" class=\"img-responsive img-180\" alt><\/a><\/div>\n<h2><a class=\"link-titlu\" href=\"https:\/\/ziaruldevrancea.ro\/actualitatea\/stiri-locale\/accident-in-adjud-bicicleta-electrica-lovita-de-un-autoturism.-un-barbat-de-52-de-ani-a-fost-ranit\">(Update) Accident \u00een Adjud: Conduc\u0103torul unei bicicletei electrice r\u0103nit, dup\u0103 ce s-a dezechilibrat. Ma\u0219ina nu l-a lovit<\/a><\/h2>\n<div class=\"date-post\"><a href=\"https:\/\/ziaruldevrancea.ro\/autor\/radu-tomescu\">Radu Tomescu<\/a>, 30 aug 2026  <\/div>\n<\/div>\n<div class=\"grup-articol-listing\">\n<div class=\"cont-pils\"><a href=\"https:\/\/ziaruldevrancea.ro\/actualitatea\/stiri-locale\/sase-posturi-de-functionari-publici-scoase-la-concurs-in-primarii-din-vrancea.-unde-se-fac-angajari-si-cand-expira-inscrierile\"><img decoding=\"async\" src=\"https:\/\/zdvi.cname.ro\/180_135\/actualitatea\/stiri-locale\/sase-posturi-de-functionari-publici-scoase-la-concurs-in-primarii-din-vrancea.-unde-se-fac-angajari-si-cand-expira-inscrierile\/mediaPool\/uVaq6NO.png\" class=\"img-responsive img-180\" alt><\/a><\/div>\n<h2><a class=\"link-titlu\" href=\"https:\/\/ziaruldevrancea.ro\/actualitatea\/stiri-locale\/sase-posturi-de-functionari-publici-scoase-la-concurs-in-primarii-din-vrancea.-unde-se-fac-angajari-si-cand-expira-inscrierile\">\u0218ase posturi de func\u021bionari publici, scoase la concurs \u00een Prim\u0103rii din Vrancea. Unde se fac angaj\u0103ri \u0219i c\u00e2nd expir\u0103 \u00eenscrierile<\/a><\/h2>\n<div class=\"date-post\"><a href=\"https:\/\/ziaruldevrancea.ro\/autor\/radu-tomescu\">Radu Tomescu<\/a>, 30 aug 2026  <\/div>\n<\/div>\n<div class=\"grup-articol-listing\">\n<div class=\"cont-pils\"><a href=\"https:\/\/ziaruldevrancea.ro\/actualitatea\/stiri-locale\/barbat-de-69-de-ani-decedat-la-vizantea-livezi-dupa-ce-i-s-a-facut-rau-in-apa.-politia-a-deschis-dosar-penal\"><img decoding=\"async\" src=\"https:\/\/zdvi.cname.ro\/180_135\/actualitatea\/stiri-locale\/barbat-de-69-de-ani-decedat-la-vizantea-livezi-dupa-ce-i-s-a-facut-rau-in-apa.-politia-a-deschis-dosar-penal\/mediaPool\/uKBlVdG.png\" class=\"img-responsive img-180\" alt><\/a><\/div>\n<h2><a class=\"link-titlu\" href=\"https:\/\/ziaruldevrancea.ro\/actualitatea\/stiri-locale\/barbat-de-69-de-ani-decedat-la-vizantea-livezi-dupa-ce-i-s-a-facut-rau-in-apa.-politia-a-deschis-dosar-penal\">B\u0103rbat de 69 de ani, decedat la Vizantea-Livezi dup\u0103 ce i s-a f\u0103cut r\u0103u \u00een ap\u0103. Poli\u021bia a deschis dosar penal<\/a><\/h2>\n<div class=\"date-post\"><a href=\"https:\/\/ziaruldevrancea.ro\/autor\/nicolae-manoliu\">Nicolae Manoliu<\/a>, 29 aug 2026  <\/div>\n<\/div>\n<\/div>\n<\/div>\n<div class=\"col-lg-6 bloc-egal\">\n<div class=\"card articol-listing\">\n<h6>De acela\u0219i <a href=\"https:\/\/ziaruldevrancea.ro\/autor\/petre-paraschiv\/\">autor<\/a><\/h6>\n<div class=\"grup-articol-listing\">\n<div class=\"cont-pils\"><a href=\"https:\/\/ziaruldevrancea.ro\/actualitatea\/stiri-locale\/veste-trista-pentru-focsani.-mihai-inta-fostul-director-al-milcofil-filatura-de-lana-pieptanata---a-murit-la-79-de-ani\"><img decoding=\"async\" src=\"https:\/\/zdvi.cname.ro\/180_135\/actualitatea\/stiri-locale\/veste-trista-pentru-focsani.-mihai-inta-fostul-director-al-milcofil-filatura-de-lana-pieptanata---a-murit-la-79-de-ani\/mediaPool\/ufDjBhO.jpeg\" class=\"img-responsive img-180\" alt><\/a><\/div>\n<h2><a class=\"link-titlu\" href=\"https:\/\/ziaruldevrancea.ro\/actualitatea\/stiri-locale\/veste-trista-pentru-focsani.-mihai-inta-fostul-director-al-milcofil-filatura-de-lana-pieptanata---a-murit-la-79-de-ani\">Veste trist\u0103 pentru Foc\u0219ani. Mihai In\u021b\u0103, fostul director al MILCOFIL-Filatura de L\u00e2n\u0103 Piept\u0103nat\u0103 &#8211; a murit la 79 de ani<\/a><\/h2>\n<div class=\"date-post\"><a href=\"https:\/\/ziaruldevrancea.ro\/autor\/petre-paraschiv\">Petre Paraschiv<\/a>, 29 aug 2026  <\/div>\n<\/div>\n<div class=\"grup-articol-listing\">\n<div class=\"cont-pils\"><a href=\"https:\/\/ziaruldevrancea.ro\/actualitatea\/stiri-locale\/accident-in-focsani-adolescent-de-16-ani-ranit-dupa-impactul-dintre-o-masina-si-o-trotineta-electrica\"><img decoding=\"async\" src=\"https:\/\/zdvi.cname.ro\/180_135\/actualitatea\/stiri-locale\/accident-in-focsani-adolescent-de-16-ani-ranit-dupa-impactul-dintre-o-masina-si-o-trotineta-electrica\/mediaPool\/uz31ycA.png\" class=\"img-responsive img-180\" alt><\/a><\/div>\n<h2><a class=\"link-titlu\" href=\"https:\/\/ziaruldevrancea.ro\/actualitatea\/stiri-locale\/accident-in-focsani-adolescent-de-16-ani-ranit-dupa-impactul-dintre-o-masina-si-o-trotineta-electrica\">Accident \u00een Foc\u0219ani: adolescent de 16 ani, r\u0103nit dup\u0103 impactul dintre o ma\u0219in\u0103 \u0219i o trotinet\u0103 electric\u0103<\/a><\/h2>\n<div class=\"date-post\"><a href=\"https:\/\/ziaruldevrancea.ro\/autor\/petre-paraschiv\">Petre Paraschiv<\/a>, 29 aug 2026  <\/div>\n<\/div>\n<div class=\"grup-articol-listing\">\n<div class=\"cont-pils\"><a href=\"https:\/\/ziaruldevrancea.ro\/actualitatea\/stiri-locale\/jandarmii-in-teren-in-tot-judetul-vrancea-in-weekend-lista-evenimentelor-din-focsani-adjud-nereju-pufesti-si-zona-montana\"><img decoding=\"async\" src=\"https:\/\/zdvi.cname.ro\/180_135\/actualitatea\/stiri-locale\/jandarmii-in-teren-in-tot-judetul-vrancea-in-weekend-lista-evenimentelor-din-focsani-adjud-nereju-pufesti-si-zona-montana\/mediaPool\/uODNRBj.jpg\" class=\"img-responsive img-180\" alt><\/a><\/div>\n<h2><a class=\"link-titlu\" href=\"https:\/\/ziaruldevrancea.ro\/actualitatea\/stiri-locale\/jandarmii-in-teren-in-tot-judetul-vrancea-in-weekend-lista-evenimentelor-din-focsani-adjud-nereju-pufesti-si-zona-montana\">Jandarmii, \u00een teren \u00een tot jude\u021bul Vrancea \u00een weekend: lista evenimentelor din Foc\u0219ani, Adjud, Nereju, Pufe\u0219ti \u0219i zona montan\u0103<\/a><\/h2>\n<div class=\"date-post\"><a href=\"https:\/\/ziaruldevrancea.ro\/autor\/petre-paraschiv\">Petre Paraschiv<\/a>, 28 aug 2026  <\/div>\n<\/div>\n<\/div>\n<\/div>\n<\/div>\n<\/div>\n<div class=\"extra-articol listing-anunturi\">\n<h6>Anun\u021buri <span class=\"text-primary\">ZdV<\/span> Premium<\/h6>\n<div class=\"row\">\n<div class=\"col-lg-4 col-md-6 bloc-egal\"><a class=\"card-anunt\" href=\"https:\/\/ziaruldevrancea.ro\/anunturi\/necrolog\/decese\/dumnezeu-sa-l-odihneasca-in-pace-si-lumina\"><strong class=\"titlu\">Decese<\/strong><span class=\"text-anunt\">\u00ceN MEMORIA LUI NECULAI SOLTAN<\/p>\n<p>Cu profund\u0103&#8230;<\/span><span class=\"data-anunt\">25.08.2026  <\/span><\/a><\/div>\n<div class=\"col-lg-4 col-md-6 bloc-egal\"><a class=\"card-anunt\" href=\"https:\/\/ziaruldevrancea.ro\/anunturi\/altele\/matrimoniale\/Imi-caut-sufletul-pereche-anunt-72848\"><strong class=\"titlu\">Matrimoniale<\/strong><span class=\"text-anunt\">Domn serios caut doamn\u0103 serioas\u0103, v\u00e2rsta&#8230;<\/span><span class=\"data-anunt\">24.08.2026  <\/span><\/a><\/div>\n<div class=\"col-lg-4 col-md-6 bloc-egal\"><a class=\"card-anunt\" href=\"https:\/\/ziaruldevrancea.ro\/anunturi\/angajari\/oferte-angajari\/angajam-personal-brutArie\"><strong class=\"titlu\">Oferte<\/strong><span class=\"text-anunt\">SC Diplomatic TVR Pres SRL\u00a0cu sediul in Mun&#8230;<\/span><span class=\"data-anunt\">24.08.2026  <\/span><\/a><\/div>\n<\/div>\n<\/div>\n<div class=\"bloc-widget widget-albastru\">\n    Ziarul de Vrancea \u00a0nu este responsabil juridic pentru con\u0163inutul textelor din comentariile de mai jos. Responsabilitatea pentru mesajele dumneavoastra v\u0103 revine \u00een exclusivitate.\n<\/div>\n<div class=\"comentarii-articol\" id=\"comentarii\">\n<h3>Comentarii: <span class=\"text-primary\">0<\/span><\/h3>\n<p><a href=\"https:\/\/ziaruldevrancea.ro\/actualitatea\/stiri-locale\/update-barbatul-din-jaristea-dat-disparut-a-fost-identificat.-anuntul-ipj-vrancea\" class=\"btn btn-success btn-adauga-com\" data-toggle=\"modal\" data-parent=\"0\" data-target=\"#commentModal\">Adaug\u0103 comentariu<\/a><\/p>\n<div class=\"loadMask comments-mask\"><img decoding=\"async\" src=\"https:\/\/zdvs.cname.ro\/images\/loader_40.gif\"><\/div>\n<div class=\"comenteaza-jos\">Trebuie s\u0103 fii <a href=\"https:\/\/ziaruldevrancea.ro\/account\">autentificat<\/a> pentru a putea <a href=\"https:\/\/ziaruldevrancea.ro\/actualitatea\/stiri-locale\/update-barbatul-din-jaristea-dat-disparut-a-fost-identificat.-anuntul-ipj-vrancea\" class data-toggle=\"modal\" data-parent=\"0\" data-target=\"#commentModal\">posta un comentariu<\/a>.<\/div>\n<\/div>\n<div class=\"modal fade\" id=\"commentModal\" tabindex=\"-1\" role=\"dialog\" aria-labelledby=\"commentModalLabel\">\n<div class=\"modal-dialog modal-lg\" role=\"document\">\n<div class=\"modal-content\">\n<div class=\"modal-header\">\n<h3 class=\"modal-title\" id=\"commentModalLabel\">Comenteaz\u0103<\/h3>\n<\/div>\n<div class=\"modal-body\">\n<div class=\"tabel tabel-full\">\n<div class=\"celula\">\n              Trebuie s\u0103 fii <a href=\"https:\/\/ziaruldevrancea.ro\/account\">autentificat<\/a> pentru a putea posta un comentariu.\n            <\/div>\n<\/div>\n<\/div>\n<div class=\"modal-footer\">\n<div id=\"commentPending\" class=\"formPending pull-left\"><img decoding=\"async\" src=\"https:\/\/zdvs.cname.ro\/images\/loader_40.gif\"> In curs de procesare&#8230;<\/div>\n<p><a href=\"https:\/\/ziaruldevrancea.ro\/actualitatea\/stiri-locale\/update-barbatul-din-jaristea-dat-disparut-a-fost-identificat.-anuntul-ipj-vrancea\" class=\"btn btn-default\" data-dismiss=\"modal\">Anuleaz\u0103<\/a><\/div>\n<\/div>\n<\/div>\n<\/div>\n<div class=\"modal fade\" id=\"commentReportModal\" tabindex=\"-1\" role=\"dialog\" aria-labelledby=\"commentReportModalLabel\">\n<div class=\"modal-dialog modal-lg\" role=\"document\">\n<div class=\"modal-content\">\n<div class=\"modal-header\">\n<h3 class=\"modal-title\" id=\"commentReportModalLabel\">Raporteaza comentariu<\/h3>\n<\/div>\n<div class=\"modal-body\">\n<div class=\"tabel tabel-full\">\n<div class=\"celula\">\n              Trebuie s\u0103 fii <a href=\"https:\/\/ziaruldevrancea.ro\/account\">autentificat<\/a> pentru a putea raporta un comentariu.\n            <\/div>\n<\/div>\n<\/div>\n<div class=\"modal-footer\">\n<div id=\"commentReportPending\" class=\"formPending pull-left\"><img decoding=\"async\" src=\"https:\/\/zdvs.cname.ro\/images\/loader_40.gif\"> In curs de procesare&#8230;<\/div>\n<p><a href=\"https:\/\/ziaruldevrancea.ro\/actualitatea\/stiri-locale\/update-barbatul-din-jaristea-dat-disparut-a-fost-identificat.-anuntul-ipj-vrancea\" class=\"btn btn-default\" data-dismiss=\"modal\">Anuleaz\u0103<\/a><\/div>\n<\/div>\n<\/div>\n<\/div>\n<div class=\"modal fade\" id=\"commentLikeModal\" tabindex=\"-1\" role=\"dialog\" aria-labelledby=\"commentLikeModalLabel\">\n<div class=\"modal-dialog modal-lg\" role=\"document\">\n<div class=\"modal-content\">\n<div class=\"modal-header\">\n<h3 class=\"modal-title\" id=\"commentReportModalLabel\">Apreciaza comentariu<\/h3>\n<\/div>\n<div class=\"modal-body\">\n<div class=\"tabel tabel-full\">\n<div class=\"celula\">\n            Trebuie s\u0103 fii <a href=\"https:\/\/ziaruldevrancea.ro\/account\">autentificat<\/a> pentru a putea aprecia un comentariu.\n          <\/div>\n<\/div>\n<\/div>\n<div class=\"modal-footer\"><a href=\"https:\/\/ziaruldevrancea.ro\/actualitatea\/stiri-locale\/update-barbatul-din-jaristea-dat-disparut-a-fost-identificat.-anuntul-ipj-vrancea\" class=\"btn btn-default\" data-dismiss=\"modal\">Anuleaz\u0103<\/a><\/div>\n<\/div>\n<\/div>\n<\/div>\n<div class=\"bloc-widget widget-rosu\"><span><small>Ziarul de Vrancea doreste ca acest site sa fie un spatiu al discutiilor civilizate, al comentariilor de bun simt. Din acest motiv, cei care posteaza comentarii la articole trebuie sa respecte urmatoarele reguli:<br \/>\n1. Sa se refere doar la articolul la care posteaza comentarii.<br \/>\n2. Sa foloseasca un limbaj civilizat, fara injurii, calomnii, comentarii antisemite, xenofobe sau rasiste.<br \/>\n3. Sunt interzise atacurile la adresa autorilor, daca acestea nu au legatura cu textul.<br \/>\n4. Username-ul sa nu fie nume de personalitati ale vietii publice sau parodieri ale acestora.<br \/>\nAutorul unui articol poate fi criticat pentru eventuale greseli, incoerenta, lipsa de documentare etc.<br \/>\nNerespectarea regulilor mentionate mai sus va duce la stergerea comentariilor, fara avertisment si fara explicatii.<br \/>\nAbaterile repetate vor avea drept consecinta interdictia accesului la aceasta facilitate a site-ului.<\/small><\/span><\/div>\n<\/div>\n<p>[analyse_source url=&#8221;https:\/\/ziaruldevrancea.ro\/actualitatea\/stiri-locale\/update-barbatul-din-jaristea-dat-disparut-a-fost-identificat.-anuntul-ipj-vrancea&#8221;]<\/p>\n","protected":false},"excerpt":{"rendered":"<p>[analyse_image type=&#8221;featured&#8221; src=&#8221;https:\/\/zdvi.cname.ro\/_\/update-barbatul-din-jaristea-dat-disparut-a-fost-identificat.-anuntul-ipj-vrancea\/mediaPool\/uVVya86.jpg&#8221;] Local \u200bUPDATE | B\u0103rbatul din Jari\u0219tea dat disp\u0103rut a fost identificat. Anun\u021bul IPJ Vrancea Distribuie: \u00a0 | Petre Paraschiv 30 aug 2026149 vizualiz\u0103ri Foto:arhiva ZdV.Credit foto:rfi.fr\/ro Poli\u021bia Vrancea a actualizat s\u00e2mb\u0103t\u0103 sear\u0103 apelul lansat pentru g\u0103sirea lui George Ursu IPJ Vrancea a anun\u021bat s\u00e2mb\u0103t\u0103, 29 august 2026, la ora 18:49, c\u0103 b\u0103rbatul [&hellip;]<\/p>\n","protected":false},"author":1,"featured_media":0,"comment_status":"open","ping_status":"","sticky":false,"template":"","format":"standard","meta":{"footnotes":""},"categories":[89],"tags":[],"class_list":["post-2119087","post","type-post","status-publish","format-standard","hentry","category-romania"],"_links":{"self":[{"href":"https:\/\/analyse.optim.biz\/index.php?rest_route=\/wp\/v2\/posts\/2119087","targetHints":{"allow":["GET"]}}],"collection":[{"href":"https:\/\/analyse.optim.biz\/index.php?rest_route=\/wp\/v2\/posts"}],"about":[{"href":"https:\/\/analyse.optim.biz\/index.php?rest_route=\/wp\/v2\/types\/post"}],"author":[{"embeddable":true,"href":"https:\/\/analyse.optim.biz\/index.php?rest_route=\/wp\/v2\/users\/1"}],"replies":[{"embeddable":true,"href":"https:\/\/analyse.optim.biz\/index.php?rest_route=%2Fwp%2Fv2%2Fcomments&post=2119087"}],"version-history":[{"count":0,"href":"https:\/\/analyse.optim.biz\/index.php?rest_route=\/wp\/v2\/posts\/2119087\/revisions"}],"wp:attachment":[{"href":"https:\/\/analyse.optim.biz\/index.php?rest_route=%2Fwp%2Fv2%2Fmedia&parent=2119087"}],"wp:term":[{"taxonomy":"category","embeddable":true,"href":"https:\/\/analyse.optim.biz\/index.php?rest_route=%2Fwp%2Fv2%2Fcategories&post=2119087"},{"taxonomy":"post_tag","embeddable":true,"href":"https:\/\/analyse.optim.biz\/index.php?rest_route=%2Fwp%2Fv2%2Ftags&post=2119087"}],"curies":[{"name":"wp","href":"https:\/\/api.w.org\/{rel}","templated":true}]}}