{"id":2119059,"date":"2026-08-30T06:58:58","date_gmt":"2026-08-30T03:58:58","guid":{"rendered":"https:\/\/analyse.optim.biz\/?p=2119059"},"modified":"2026-08-30T06:58:58","modified_gmt":"2026-08-30T03:58:58","slug":"atunci-cand-cei-oprimati-s-au-ridicat-in-fata-marilor-puteri-colonizatoare-trei-dintre-cele-mai-dure","status":"publish","type":"post","link":"https:\/\/analyse.optim.biz\/?p=2119059","title":{"rendered":"Atunci c\u00e2nd cei oprima\u021bi s-au ridicat \u00een fa\u021ba marilor puteri colonizatoare. Trei dintre cele mai dure&#8230;"},"content":{"rendered":"<p>[analyse_image type=&#8221;featured&#8221; src=&#8221;https:\/\/cdn.adh.reperio.news\/image-8\/8ffd9542-7fac-483f-84a1-fd4fffe66619\/index.jpeg?p=f%3Djpeg%26w%3D1200%26h%3D630%26r%3Dcover&#8221;]<\/p>\n<article class=\"svelte-x63bga\">\n<nav>\n<ul class=\"breadcrump svelte-1pk9a69\">\n<li class=\"svelte-1pk9a69\"><a href=\"https:\/\/adevarul.ro\/\" title=\"Adev\u0103rul\" class=\"svelte-1pk9a69\">Home<\/a><\/li>\n<li class=\"svelte-1pk9a69\"><a href=\"https:\/\/adevarul.ro\/stil-de-viata\" class=\"svelte-1pk9a69\">Stil de via\u021b\u0103<\/a><\/li>\n<li class=\"svelte-1pk9a69\"><a href=\"https:\/\/adevarul.ro\/stil-de-viata\/magazin\" class=\"svelte-1pk9a69\">Magazin<\/a><\/li>\n<li class=\"svelte-1pk9a69\"><a href=\"https:\/\/adevarul.ro\/stil-de-viata\/magazin\/atunci-cand-cei-oprimati-s-au-ridicat-in-fata-2552544.html\" class=\"svelte-1pk9a69\">Atunci c\u00e2nd cei oprima\u021bi s-au ridicat \u00een fa\u021ba marilor puteri colonizatoare. Trei dintre cele mai dure \u00eenfr\u00e2ngeri suferite de statele imperialiste \u00een fa\u021ba b\u0103\u0219tina\u0219ilor<\/a><\/li>\n<\/ul>\n<\/nav>\n<p><main class=\"svelte-x63bga\"><\/p>\n<p>Marile puteri europene au subjugat, masacrat \u0219i \u00eenrobit numeroase popoare indigene pentru a le r\u0103pi p\u0103m\u00e2ntul \u0219i resursele. Au creat mari imperii coloniale bazate pe moarte \u0219i durere. O parte a popoarelor indigene s-au ridicat \u00eens\u0103 la lupt\u0103 \u0219i au refuzat s\u0103 se supun\u0103.\u00a0<\/p>\n<div class=\"container-image  svelte-1xbw4f3\"><source type=\"image\/webp\" srcset=\"https:\/\/cdn.adh.reperio.news\/image-8\/8ffd9542-7fac-483f-84a1-fd4fffe66619\/index.jpeg?p=a%3D1%26co%3D1.05%26w%3D1400%26h%3D750%26r%3Dcontain%26f%3Dwebp 1400w\" media=\"(min-width: 1400px)\" \/><\/p>\n<div class=\"caption svelte-1xbw4f3\"><span class=\"captionText svelte-1xbw4f3\">B\u0103t\u0103lia britanicilor \u00eempotriva zulu\u0219ilor <span class=\"source svelte-1xbw4f3\">Foto: wikipedia<\/span><\/span><\/div>\n<\/div>\n<p>Odat\u0103 cu dezvoltarea naviga\u021biei \u0219i marile descoperiri geografice din secolele al XV-lea \u0219i al XVI-lea, au \u00eenceput s\u0103 apar\u0103 \u0219i primele imperii coloniale. Dorin\u021ba de a ob\u021bine resurse naturale ieftine, dar \u0219i de a-\u0219i extinde puterea, a f\u0103cut ca marile puteri europene s\u0103 trimit\u0103 for\u021be expedi\u021bionare tot mai puternice \u00een toate col\u021burile lumii. Erau c\u0103utate zone pu\u021bin explorate, iar popula\u021biile indigene, de obicei aflate pe o treapt\u0103 inferioar\u0103 din punct de vedere al tehnologiei militare, au fost atacate f\u0103r\u0103 mil\u0103, deposedate de p\u0103m\u00e2nturi \u0219i resurse naturale. <\/p>\n<p>O parte au fost v\u00e2ndu\u021bi ca sclavi pe marile planta\u021bii coloniale, al\u021bii au fost uci\u0219i. Popula\u021biile indigene nu au fost mereu victime sigure ale marilor puteri colonizatoare. \u00cen c\u00e2teva cazuri au ripostat cu succes, provoc\u00e2nd adev\u0103rate masacre \u0219i alung\u00e2ndu-i pe colonizatorii europeni. C\u00e2teva dintre aceste victorii ale indigenilor au r\u0103mas legendare \u00een istoria imperiilor coloniale \u0219i au servit drept exemplu pentru luptele de eliberare din secolul al XX-lea.<\/p>\n<h2>\u201eNoaptea trist\u0103\u201d \u0219i un ora\u0219 sp\u0103lat cu s\u00e2ngele conquistadorilor<\/h2>\n<p>Spania \u0219i Portugalia au fost primele mari imperii coloniale din istorie. Dup\u0103 1492, anul descoperirii Americii de c\u0103tre Columb, au fost lansate numeroase expedi\u021bii de cucerire a teritoriilor locuite de indigenii central- sau sud-americani. Numero\u0219i nobili sc\u0103p\u0103ta\u021bi, solda\u021bi aventurieri au devenit faimo\u0219ii conquistadori, for\u021ba de asalt a Spaniei \u00een Americi. Conquistadorii aveau cai, spade bune, armuri, coifuri, arme de foc, tunuri. Indigenii erau de obicei \u00eenarma\u021bi cu suli\u021be, arcuri \u0219i s\u0103ge\u021bi \u0219i tot felul de arme cu v\u00e2rfuri \u0219i lame de piatr\u0103. \u00cen plus, nu aveau armuri \u0219i nici arme de foc.<\/p>\n<p> P\u0103reau victime sigure. Inclusiv faimo\u0219ii azteci, cei care au construit un super-imperiu \u00een zona Mexicului de ast\u0103zi, supun\u00e2nd toate popula\u021biile \u00eenvecinate. \u00cen multe cazuri, de\u0219i mult mai pu\u021bin numero\u0219i, dar \u00eenarma\u021bi p\u00e2n\u0103-n din\u021bi \u0219i pricepu\u021bi \u00een arta r\u0103zboiului, conquistadorii au repurtat numeroase victorii \u00eempotriva indigenilor. P\u00e2n\u0103 la un moment dat. Totul a \u00eenceput cu expedi\u021bia faimosului conquistador Hernan Cortes \u00een \u021binuturile aztecilor, la 8 noiembrie 1519. Cortes a ajuns la capitala marelui Imperiu Aztec, la Tenochtitlan.<\/p>\n<div class=\"container-image  svelte-1xbw4f3\"><source type=\"image\/webp\" srcset=\"https:\/\/cdn.adh.reperio.news\/image-f\/fe0977e6-2cf8-44d4-9adf-20e169cfb697\/index.jpeg?p=a%3D1%26co%3D1.05%26w%3D1400%26h%3D750%26r%3Dcontain%26f%3Dwebp 1400w\" media=\"(min-width: 1400px)\" \/><\/p>\n<div class=\"caption svelte-1xbw4f3\"><span class=\"captionText svelte-1xbw4f3\">Noaptea trist\u0103 de la Tenothctitlan <span class=\"source svelte-1xbw4f3\">Foto: wikipedia<\/span><\/span><\/div>\n<\/div>\n<p>A fost primit cu mult\u0103 curiozitate \u0219i chiar l\u0103sat s\u0103 stea cu oamenii s\u0103i \u00een ora\u0219. Cortes era \u00eens\u0103 dornic s\u0103 pun\u0103 m\u00e2na pe capitala aztecilor. Motiv\u00e2nd c\u0103 se teme de o tr\u0103dare, l-a luat ostatic pe Montezuma al II-lea, marele lider aztec. Timp de 100 de zile, spaniolii l-au \u021binut ostatic pe Montezuma al II-lea, la Tenochtitlan. \u00cen timp ce Cortes plecase s\u0103 lupte cu al\u021bi conquistadori, trimi\u0219i de guvernator pentru a-l pedepsi pentru nesupunere, oamenii lui Cortes se apuc\u0103 \u0219i ucid nobili \u0219i preo\u021bi <a href=\"https:\/\/adevarul.ro\/stiri-locale\/botosani\/razboinicii-mancatori-de-carne-de-om-care-nu-aveau-1947665.html\">azteci<\/a> la o serbare religioas\u0103. Ace\u0219tia au motivat spun\u00e2nd c\u0103 se temeau de o revolt\u0103 aztec\u0103. Indigenii au ajuns la cap\u0103tul r\u0103bd\u0103rilor, ripost\u00e2nd cumplit. Dup\u0103 ce spaniolii au fost asedia\u021bi \u00een cartierul lor general din Tenochtitlan, \u00een noaptea de 1 iulie 1520, armata lui Cortes a \u00eencercat s\u0103 fug\u0103 din capital\u0103, spre vest, c\u0103tre digul care ducea spre Tlacopan. <\/p>\n<p>Digul p\u0103rea s\u0103 nu fie p\u0103zit, iar spaniolii au reu\u0219it s\u0103 ias\u0103 din complex f\u0103r\u0103 s\u0103 fie observa\u021bi, strecur\u00e2ndu-se prin ora\u0219ul adormit, sub ad\u0103postul unei ploi toren\u021biale. \u00cenainte de a ajunge la dig, au fost \u00eens\u0103 observa\u021bi de r\u0103zboinicii de elit\u0103 azteci, cunoscu\u021bi sub numele de R\u0103zboinicii Vultur, care au dat alarma. Numero\u0219i r\u0103zboinici azteci, nobili \u0219i oameni de r\u00e2nd deopotriv\u0103, au ie\u0219it din case \u0219i au \u00eenceput s\u0103-i atace pe spanioli din toate direc\u021biile, fie din canoe, fie de pe dig, folosind \u201es\u0103bii\u201d macuahuitl, suli\u021be, s\u0103ge\u021bi \u0219i pietre aruncate cu pra\u0219tiile.<\/p>\n<p> Luptele au fost cr\u00e2ncene. \u00cen timp ce spaniolii \u0219i alia\u021bii lor indigeni \u00eencercau s\u0103 \u00eenainteze pe dig, sute de canoe au ap\u0103rut pe apele din apropiere \u0219i au \u00eenceput s\u0103-i h\u0103r\u021buiasc\u0103. Mare parte din armata lui Cortes a murit acolo, pe dig. O parte s-au \u00eenecat, al\u021bii au fost uci\u0219i de azteci. Prizonierii, se spune, au fost lua\u021bi \u0219i sacrifica\u021bi zeilor.<\/p>\n<h2>O decizie nes\u0103buit\u0103 \u0219i moartea unui mare explorator<\/h2>\n<p>La numai un an de la \u00eenfr\u00e2ngerea dezastruoas\u0103 a conquistadorilor la Tenochtitlan, un alt mare explorator spaniol avea s\u0103-\u0219i g\u0103seasc\u0103 sf\u00e2r\u0219itul dup\u0103 o ripost\u0103 extrem de dur\u0103 a indigenilor. Este vorba despre Fernando Magellan, cel care a condus prima expedi\u021bie \u00een jurul P\u0103m\u00e2ntului, o realizare care a schimbat definitiv geografia \u0219i \u00een\u021belegerea lumii. Expedi\u021bia lui Magellan a p\u0103r\u0103sit Spania \u00een august 1519, av\u00e2nd misiunea de a g\u0103si o rut\u0103 c\u0103tre vest spre Insulele Moluce. <\/p>\n<p>Aproape un an mai t\u00e2rziu, la 16 martie 1521, Magellan a ajuns \u00een arhipelagul Filipinelor. Mai precis, \u00een apropierea insulei Samar, fiind primul contact documentat \u00eentre triburile filipineze \u0219i europeni. Dup\u0103 ce a ancorat \u00een arhipelag, Magellan s-a \u00eemprietenit cu mai mul\u021bi lideri filipinezi. Pe unii i-a \u0219i convertit la cre\u0219tinism. <\/p>\n<p><a class=\"related-inline svelte-78g0vl\" data-gtrack=\"{&quot;event&quot;:&quot;utm_click&quot;,&quot;data&quot;:{&quot;event_category&quot;:&quot;article_related&quot;}}\" href=\"https:\/\/adevarul.ro\/stil-de-viata\/magazin\/macelul-cumplit-care-a-dus-la-prabusirea-celui-mai-2445162.html\" title=\"Alt articol de interes pentru tine\"><span class=\"inline-title svelte-78g0vl\">M\u0103celul cumplit care a dus la pr\u0103bu\u0219irea celui mai mare imperiu al Americii. Totul cu doar 500 de solda\u021bi<\/span><\/a><\/p>\n<p>De exemplu, c\u0103petenia Rajah Humabon \u0219i regina sa au fost boteza\u021bi \u00een credin\u021ba catolic\u0103, primind numele cre\u0219tine Carlos, \u00een onoarea regelui Carol I al Spaniei, \u0219i Juana, \u00een onoarea mamei regelui Carol, Ioana cea Nebun\u0103. To\u021bi conduc\u0103torii filipinezi au fost chema\u021bi s\u0103 se cre\u0219tineze. Majoritatea celorlal\u021bi lideri au acceptat. Mai pu\u021bin Lapulapu, liderul insulei Mactan. Acesta a refuzat s\u0103 jure credin\u021b\u0103 Spaniei. Magellan a plecat s\u0103 organizeze o expedi\u021bie punitiv\u0103 \u00eempotriva lui Lapulapu. Cel care a descris evenimentele a fost Antonio Pigafetta, cronicarul expedi\u021biei lui Magellan.<\/p>\n<div class=\"container-image  svelte-1xbw4f3\"><source type=\"image\/webp\" srcset=\"https:\/\/cdn.adh.reperio.news\/image-3\/37212dae-c2c7-44f1-92fe-228cd572d961\/index.jpeg?p=a%3D1%26co%3D1.05%26w%3D1400%26h%3D750%26r%3Dcontain%26f%3Dwebp 1400w\" media=\"(min-width: 1400px)\" \/><\/p>\n<div class=\"caption svelte-1xbw4f3\"><span class=\"captionText svelte-1xbw4f3\">Moartea lui Magellan <span class=\"source svelte-1xbw4f3\">Foto: wikipedia<\/span><\/span><\/div>\n<\/div>\n<p>Marele explorator spaniol a plecat cu o parte din cor\u0103biile sale c\u0103tre Mactan. Dar vasele nu au putut s\u0103 se apropie prea mult de insul\u0103 din cauza recifelor de corali. Magellan \u0219i-a condus oamenii pe insul\u0103. Erau 60 de conquistadori echipa\u021bi cu acele cuirase metalice, coifuri, \u00eenarma\u021bi cu spade, halebarde. Au fost imediat ataca\u021bi de localnici. Ace\u0219tia aruncau asupra lor suli\u021be, pietre, s\u0103ge\u021bi \u0219i ce apucau. <\/p>\n<p>Armurile conquistadorilor i-au protejat o vreme. O s\u0103geat\u0103 otr\u0103vit\u0103 l-a nimerit pe Magellan \u00een picior. Asta a declan\u0219at iure\u0219ul. Un grup mare de r\u0103zboinici filipinezi a t\u0103b\u0103r\u00e2t asupra grupului lui Magellan. Archebuzierii \u0219i arbaletierii de pe cor\u0103bii tr\u0103geau, dar proiectilele nu ajungeau la \u021bint\u0103. Pigafetta scria c\u0103 majoritatea r\u0103zboinicilor l-au atacat \u00een mod deliberat pe Magellan. Marele explorator a fost ucis. La fel \u0219i oamenii s\u0103i. Inclusiv localnicii cre\u0219tina\u021bi care au s\u0103rit \u00een ajutorul lor.<\/p>\n<h2>Cea mai ru\u0219inoas\u0103 \u00eenfr\u00e2ngere din istoria Imperiului Colonial Britanic<\/h2>\n<p>C\u00e2teva secole mai t\u00e2rziu, cel mai mare imperiu colonial din istorie, Imperiul Britanic, a suferit o \u00eenfr\u00e2ngere ru\u0219inoas\u0103 din partea indigenilor pe care dorea s\u0103-i cotropeasc\u0103. Povestea \u00eencepe dincolo de mijlocul secolului al XIX-lea, \u00een <a href=\"https:\/\/adevarul.ro\/stiri-interne\/societate\/lectiile-unui-roman-dupa-15-ani-in-africa-de-sud-2444590.html\">Africa de Sud<\/a>. La 1877, pe acest teritoriu de la cap\u0103tul Africii, nu exista un stat unificat, ci o regiune extrem de fragmentat\u0103, marcat\u0103 de tensiuni intense \u00eentre trei mari for\u021be politice \u0219i militare: Imperiul Britanic, Republicile Bure (formate de coloni\u0219tii de origine olandez\u0103) \u0219i Regatele Indigene Africane. <\/p>\n<p>Imperiul Britanic de\u021binea controlul asupra celor mai dezvoltate regiuni de coast\u0103 \u0219i \u00ee\u0219i extindea agresiv influen\u021ba spre interior. \u00cen acel an, Sir Henry Bartle Frere a fost numit \u00cenalt Comisar pentru Africa de Sud, av\u00e2nd misiunea de a pune \u00een aplicare planul de cucerire a \u00eentregului teritoriu sud-african. Bartle Frere a ac\u021bionat din proprie ini\u021biativ\u0103, f\u0103r\u0103 aprobarea guvernului britanic \u0219i cu inten\u021bia de a provoca un r\u0103zboi cu zulu\u0219ii. <\/p>\n<p>La 11 decembrie 1878, el i-a adresat regelui zulu Cetshwayo un ultimatum ale c\u0103rui condi\u021bii nu puteau fi acceptate \u00een mod realist de c\u0103tre acesta. Dup\u0103 expirarea ultimatumului, o lun\u0103 mai t\u00e2rziu, Bartle Frere i-a ordonat lordului Chelmsford s\u0103 \u00eenceap\u0103 invazia Zululandului, pentru care planurile fuseser\u0103 deja preg\u0103tite.<\/p>\n<p>Armata britanic\u0103, format\u0103 din 16.500 de solda\u021bi disciplina\u021bi \u0219i bine echipa\u021bi cu pu\u0219ti moderne Martini-Henry, la care se ad\u0103uga \u0219i artileria aferent\u0103, a p\u0103truns \u00eemp\u0103r\u021bit\u0103 pe cinci coloane, cu scopul de a \u00eenconjura armata zulus\u0103. Aceasta era format\u0103 mai ales din mili\u021bii, din oameni care se adunau sub arme doar c\u00e2teva s\u0103pt\u0103m\u00e2ni, conform obliga\u021biilor fa\u021b\u0103 de \u0219ef. Zulu\u0219ii aveau o capacitate logistic\u0103 foarte limitat\u0103. <\/p>\n<p><a class=\"related-inline svelte-78g0vl\" data-gtrack=\"{&quot;event&quot;:&quot;utm_click&quot;,&quot;data&quot;:{&quot;event_category&quot;:&quot;article_related&quot;}}\" href=\"https:\/\/adevarul.ro\/istoria-zilei\/20-septembrie-ziua-in-care-navigatorul-fernando-2472182.html\" title=\"Alt articol de interes pentru tine\"><span class=\"inline-title svelte-78g0vl\">20 septembrie, ziua \u00een care navigatorul Fernando Magellan \u0219i-a \u00eenceput c\u0103l\u0103toria \u00een jurul lumii<\/span><\/a><\/p>\n<p>R\u0103zboinicii erau \u00eenarma\u021bi \u00een principal cu suli\u021be assegai pentru lupta corp la corp, m\u0103ciuci knobkierrie, c\u00e2teva suli\u021be de aruncat \u0219i faimoasele lor scuturi confec\u021bionate din piele de vac\u0103. Unii zulu\u0219i aveau muschete \u0219i pu\u0219ti vechi, dar num\u0103rul lor era infim, iar eficien\u021ba extrem de redus\u0103. \u00cen plus, exista concep\u021bia la zulu\u0219i c\u0103 pu\u0219ca este arma la\u0219ului. Practic, pentru armata britanic\u0103, armata de 20.000 de oameni a regelui zulu Cetshwayo p\u0103rea o victim\u0103 sigur\u0103. Faptul c\u0103 i-au subestimat pe sud-africani i-a costat enorm pe britanici. Ace\u0219tia uitaser\u0103 c\u0103 zulu\u0219ii aveau o cultur\u0103 r\u0103zboinic\u0103 pregnant\u0103, c\u0103 erau foarte buni lupt\u0103tori, specializa\u021bi \u00een lupta corp la corp. R\u0103zboinicul zulu, regimentul din care f\u0103cea parte \u0219i \u00eentreaga armat\u0103 erau instrui\u021bi \u00een folosirea individual\u0103 \u0219i tactic\u0103 a acestui sistem de arme, precum \u0219i \u00een coordonarea lor \u00een lupt\u0103. Erau foarte disciplina\u021bi, rapizi \u0219i loiali liderului.<\/p>\n<p>For\u021bele britanice, conduse de coloneii Pulleine \u0219i Durnford, ajun\u0219i \u00een zona Isandlwana, nu \u0219i-au fortificat tab\u0103ra, au refuzat s\u0103 sape tran\u0219ee sau s\u0103 foloseasc\u0103 un perimetru defensiv de care \u0219i au f\u0103cut gre\u0219eala de a-\u0219i \u00eemp\u0103r\u021bi trupele. Evident, din motivul enun\u021bat mai sus: i-au subestimat pe zulu\u0219i. Regele Cetshwayo \u0219i comandan\u021bii s\u0103i au folosit tactica clasic\u0103 \u201ecoarnele bivolului\u201d (un atac frontal, urmat de flancare \u00een acela\u0219i timp), lu\u00e2ndu-i prin surprindere pe britanici. Cu tot cu pu\u0219tile \u0219i tacticile lor moderne, britanicii au fost surprin\u0219i de viteza, disciplina \u0219i superioritatea numeric\u0103 a zulu\u0219ilor. <\/p>\n<p>Ace\u0219tia au ajuns rapid aproape de solda\u021bii britanici \u0219i nu i-au mai l\u0103sat s\u0103-\u0219i foloseasc\u0103 artileria \u0219i pu\u0219tile. Au intrat \u00een lupt\u0103 corp la corp, acolo unde africanii erau mae\u0219tri. \u00cen numai c\u00e2teva ore, peste 1.300 de solda\u021bi britanici au fost uci\u0219i, iar tab\u0103ra a fost distrus\u0103. Zulu\u0219ii, la r\u00e2ndul lor, au suferit pierderi mari, aproximativ 1.000 de oameni, mai ales cei din partea din fa\u021b\u0103 a \u201ecoarnelor taurului\u201d, cei care au dat atacul frontal.<\/p>\n<p>Aceast\u0103 b\u0103t\u0103lie a avut un impact istoric profund. Victoria de la Isandlwana a \u0219ocat Marea Britanie \u0219i a demonstrat c\u0103 o armat\u0103 african\u0103 organizat\u0103 poate \u00eenvinge o putere militar\u0103 modern\u0103. <i>\u201eEste marele act de sfidare al zulu\u0219ilor \u00eempotriva cuceririi \u0219i invaziei coloniale, dar faptul c\u0103 au c\u00e2\u0219tigat aceast\u0103 b\u0103t\u0103lie le-a asigurat \u00eenfr\u00e2ngerea pe termen lung<\/i>\u201d, a precizat istoricul Ian Knight.<\/p>\n<p><\/main><\/p>\n<footer class=\"svelte-x63bga\">\n<div class=\"related-wrap related-footer svelte-78g0vl\"><span class=\"related-label svelte-78g0vl\">Cite\u0219te \u0219i<\/span><a class=\"related svelte-78g0vl\" data-gtrack=\"{&quot;event&quot;:&quot;utm_click&quot;,&quot;data&quot;:{&quot;event_category&quot;:&quot;article_related&quot;}}\" href=\"https:\/\/adevarul.ro\/stil-de-viata\/magazin\/misterioasele-femei-razboinice-din-adancul-2488952.html\" title=\"Alt articol de interes pentru tine\"><img decoding=\"async\" class=\"thumb svelte-78g0vl\" src=\"https:\/\/cdn.adh.reperio.news\/image-3\/3b366e50-078f-40f2-b65a-98139c150697\/index.jpeg?p=f%3Dwebp%26w%3D120%26h%3D80%26r%3Dcover%26a%3D0\" alt loading=\"lazy\" width=\"80\" height=\"54\"><span class=\"title svelte-78g0vl\">Misterioasele femei r\u0103zboinice din ad\u00e2ncul junglelor sud-americane. Unul dintre cele mai mari fluvii de pe Terra a fost botezat \u00een onorea lor<\/span><\/a><\/div>\n<div class=\"meta svelte-x63bga\">\n<div class=\"authors svelte-x63bga\"><span class=\"names svelte-x63bga\"><a href=\"https:\/\/adevarul.ro\/author\/1248\" rel=\"author\" class=\"svelte-x63bga\">Cosmin P\u0103tra\u015fcu Zamfirache<\/a><\/span><\/p>\n<div class=\"_hydratable\" data-props=\"%7B%22showLive%22%3Atrue%7D\" data-context=\"%7B%22parentBlockColumnCount%22%3A%7B%22value%22%3A0%2C%22type%22%3A%22store%2Freadable%22%7D%2C%22parentBlockBackgroundColor%22%3A%7B%22type%22%3A%22store%2Freadable%22%7D%7D\" data-component=\"ShareButton\">\n<div class=\"shareButtons svelte-itwbrr\">\n<div class=\"liveSessions metaFont svelte-1maxmbf\"><span class=\"value svelte-1maxmbf\">1<\/span> live <\/div>\n<\/div>\n<\/div>\n<\/div>\n<div class=\"tags svelte-1l3vwp1\"><span class=\"tags-label metaFont svelte-1l3vwp1\">Cite\u0219te mai multe despre<\/span><\/p>\n<div class=\"tags-list svelte-1l3vwp1\"><a href=\"https:\/\/adevarul.ro\/tag\/imperiul%20britanic\" title=\"Ultimele \u0219tiri despre imperiul britanic\" class=\"tag-pill svelte-1l3vwp1\">imperiul britanic<\/a><\/div>\n<\/div>\n<\/div>\n<p><a class=\"moreFromCategory svelte-x63bga\" href=\"https:\/\/adevarul.ro\/stil-de-viata\/magazin\" title=\"Magazin\">Mai multe din <strong class=\"svelte-x63bga\">Magazin<\/strong> \u203a<\/a><\/footer>\n<\/article>\n<p>[analyse_source url=&#8221;https:\/\/adevarul.ro\/stil-de-viata\/magazin\/atunci-cand-cei-oprimati-s-au-ridicat-in-fata-2552544.html&#8221;]<\/p>\n","protected":false},"excerpt":{"rendered":"<p>[analyse_image type=&#8221;featured&#8221; src=&#8221;https:\/\/cdn.adh.reperio.news\/image-8\/8ffd9542-7fac-483f-84a1-fd4fffe66619\/index.jpeg?p=f%3Djpeg%26w%3D1200%26h%3D630%26r%3Dcover&#8221;] Home Stil de via\u021b\u0103 Magazin Atunci c\u00e2nd cei oprima\u021bi s-au ridicat \u00een fa\u021ba marilor puteri colonizatoare. Trei dintre cele mai dure \u00eenfr\u00e2ngeri suferite de statele imperialiste \u00een fa\u021ba b\u0103\u0219tina\u0219ilor Marile puteri europene au subjugat, masacrat \u0219i \u00eenrobit numeroase popoare indigene pentru a le r\u0103pi p\u0103m\u00e2ntul \u0219i resursele. Au creat mari imperii coloniale [&hellip;]<\/p>\n","protected":false},"author":1,"featured_media":0,"comment_status":"open","ping_status":"","sticky":false,"template":"","format":"standard","meta":{"footnotes":""},"categories":[89],"tags":[19],"class_list":["post-2119059","post","type-post","status-publish","format-standard","hentry","category-romania","tag-adevarul"],"_links":{"self":[{"href":"https:\/\/analyse.optim.biz\/index.php?rest_route=\/wp\/v2\/posts\/2119059","targetHints":{"allow":["GET"]}}],"collection":[{"href":"https:\/\/analyse.optim.biz\/index.php?rest_route=\/wp\/v2\/posts"}],"about":[{"href":"https:\/\/analyse.optim.biz\/index.php?rest_route=\/wp\/v2\/types\/post"}],"author":[{"embeddable":true,"href":"https:\/\/analyse.optim.biz\/index.php?rest_route=\/wp\/v2\/users\/1"}],"replies":[{"embeddable":true,"href":"https:\/\/analyse.optim.biz\/index.php?rest_route=%2Fwp%2Fv2%2Fcomments&post=2119059"}],"version-history":[{"count":0,"href":"https:\/\/analyse.optim.biz\/index.php?rest_route=\/wp\/v2\/posts\/2119059\/revisions"}],"wp:attachment":[{"href":"https:\/\/analyse.optim.biz\/index.php?rest_route=%2Fwp%2Fv2%2Fmedia&parent=2119059"}],"wp:term":[{"taxonomy":"category","embeddable":true,"href":"https:\/\/analyse.optim.biz\/index.php?rest_route=%2Fwp%2Fv2%2Fcategories&post=2119059"},{"taxonomy":"post_tag","embeddable":true,"href":"https:\/\/analyse.optim.biz\/index.php?rest_route=%2Fwp%2Fv2%2Ftags&post=2119059"}],"curies":[{"name":"wp","href":"https:\/\/api.w.org\/{rel}","templated":true}]}}