{"id":2119056,"date":"2026-08-29T21:01:25","date_gmt":"2026-08-29T18:01:25","guid":{"rendered":"https:\/\/analyse.optim.biz\/?p=2119056"},"modified":"2026-08-29T21:01:25","modified_gmt":"2026-08-29T18:01:25","slug":"30-august-patru-decenii-de-la-primul-zbor-al-celei-mai-cunoscute-navete-spatiale-discovery","status":"publish","type":"post","link":"https:\/\/analyse.optim.biz\/?p=2119056","title":{"rendered":"30 august: Patru decenii de la primul zbor al celei mai cunoscute navete spa\u0163iale, Discovery"},"content":{"rendered":"<p>[analyse_image type=&#8221;featured&#8221; src=&#8221;https:\/\/cdn.adh.reperio.news\/image-f\/f6acd07c-ee0f-4085-a472-1d16833a327b\/index.jpeg?p=f%3Djpeg%26w%3D1200%26h%3D630%26r%3Dcover&#8221;]<\/p>\n<article class=\"svelte-x63bga\">\n<nav>\n<ul class=\"breadcrump svelte-1pk9a69\">\n<li class=\"svelte-1pk9a69\"><a href=\"https:\/\/adevarul.ro\/\" title=\"Adev\u0103rul\" class=\"svelte-1pk9a69\">Home<\/a><\/li>\n<li class=\"svelte-1pk9a69\"><a href=\"https:\/\/adevarul.ro\/istoria-zilei\" class=\"svelte-1pk9a69\">Istoria zilei<\/a><\/li>\n<li class=\"svelte-1pk9a69\"><a href=\"https:\/\/adevarul.ro\/istoria-zilei\/30-august-patru-decenii-de-la-primul-zbor-al-2552016.html\" class=\"svelte-1pk9a69\">30 august: Patru decenii de la primul zbor al celei mai cunoscute navete spa\u0163iale, Discovery<\/a><\/li>\n<\/ul>\n<\/nav>\n<p><main class=\"svelte-x63bga\"><\/p>\n<p>Pe 30 august 1984, naveta Pe 30 august 1984, naveta Discovery a fost lansat\u0103 cu succes, revenind f\u0103r\u0103 probleme la sol. Tot pe 30 august, s-a \u00eenfiin\u021bat Securitatea comunist\u0103 \u0219i a murit fostul pre\u0219edinte al URSS, Mihail Gorbaciov.<\/p>\n<div class=\"container-image  svelte-1xbw4f3\"><source type=\"image\/webp\" srcset=\"https:\/\/cdn.adh.reperio.news\/image-f\/f6acd07c-ee0f-4085-a472-1d16833a327b\/index.jpeg?p=a%3D1%26co%3D1.05%26w%3D1400%26h%3D750%26r%3Dcontain%26f%3Dwebp 1400w\" media=\"(min-width: 1400px)\" \/><\/p>\n<div class=\"caption svelte-1xbw4f3\"><span class=\"captionText svelte-1xbw4f3\">Naveta Discovery <span class=\"source svelte-1xbw4f3\">Foto: Arhiv\u0103<\/span><\/span><\/div>\n<\/div>\n<h2>1877: Rom\u00e2nii au atacat \u00een for\u021b\u0103 reduta Grivi\u021ba, \u00een timpul R\u0103zboiului de Independen\u021b\u0103<\/h2>\n<p>Pe 30 august 1877, acum 148 de ani,\u00a0<a href=\"https:\/\/adevarul.ro\/stil-de-viata\/magazin\/cel-mai-important-test-dat-de-armata-romana-in-2466803.html\">rom\u00e2nii atacau \u00een for\u021b\u0103 reduta Grivi\u021ba<\/a>. Cu lipsuri \u0219i dup\u0103 un drum epuizant,\u00a0<i>\u201ecurcanii\u201d<\/i>\u00a0au luat cu asalt, orbe\u0219te, pozi\u021biile \u00eent\u0103rite ale otomanilor \u0219i au c\u00e2\u0219tigat o glorie unic\u0103 \u00een istoria militar\u0103 a rom\u00e2nilor, armata rom\u00e2n\u0103 dovedindu-\u0219i valoarea pe c\u00e2mpul de lupt\u0103.\u00a0<\/p>\n<p><b>Cum s-a desf\u0103\u0219urat atacul<\/b><\/p>\n<p>F\u0103r\u0103 o recunoa\u0219tere corect\u0103 pe teren, solda\u021bii rom\u00e2ni s-au trezit cu dou\u0103 redute \u00een loc de una. Divizia a treia rom\u00e2n\u0103 a fost respins\u0103 cu pierderi mari dup\u0103 40 de minute de atac, d\u00e2ndu-\u0219i seama c\u0103 au dat peste \u00eenc\u0103 o redut\u0103 de a c\u0103rei existen\u021b\u0103 habar nu aveau.\u00a0<i>\u201eCercetarea superficial\u0103 a terenului \u00eenainte de b\u0103t\u0103lie a creat impresia fals\u0103 a existen\u021bei unei singure redute Grivi\u021ba, c\u00e2nd \u00een realitate erau dou\u0103, ceea ce a f\u0103cut ca trupele atacatoare s\u0103-\u0219i \u00eenjum\u0103t\u0103\u021beasc\u0103 for\u021bele, fiecare coloan\u0103 de atac atac\u00e2nd un alt obiectiv. Coloanele de atac, \u00een special cea a Diviziei 3, s-au confruntat cu distan\u021ba mare pe care o aveau de parcurs p\u00e2n\u0103 la pozi\u021biile inamice, cu terenul denivelat \u0219i alunecos ca urmare a ploii care c\u0103zuse \u00een diminea\u021ba atacului, pres\u0103rat cu obstacole instalate de turci \u00een zona avanposturilor, care au \u00eengreunat mi\u0219carea \u0219i au obosit trupele atacatoar<\/i>e\u201d, explica Horia-Vladimir \u0218erb\u0103nescu, \u00een revista Historia.<\/p>\n<p>La atac a pornit \u0219i Divizia a patra Infanterie, sprijinit\u0103 de focul de baterie al artileriei rom\u00e2ne. A fost respins\u0103 de trei ori, chiar dac\u0103 a fost \u00eent\u0103rit\u0103 \u0219i cu dou\u0103 batalioane ruse\u0219ti. \u00cemb\u0103rb\u0103ta\u021bi personal de Carol I, o\u0219tenii Diviziei a 4-a au reu\u0219it dup\u0103 al patrulea asalt s\u0103 cucereasc\u0103 reduta Grivi\u021ba. Era un succes incredibil al armatei rom\u00e2ne care-\u0219i dovedea pe deplin valoarea.<\/p>\n<div class=\"container-image  svelte-1xbw4f3\"><source type=\"image\/webp\" srcset=\"https:\/\/cdn.adh.reperio.news\/image-3\/3692d38c-9202-4c39-9843-1808ef5cb6c7\/index.jpeg?p=a%3D1%26co%3D1.05%26w%3D1400%26h%3D750%26r%3Dcontain%26f%3Dwebp 1400w\" media=\"(min-width: 1400px)\" \/><\/p>\n<div class=\"caption svelte-1xbw4f3\"><span class=\"captionText svelte-1xbw4f3\">Reduta de la Grivi\u021ba <span class=\"source svelte-1xbw4f3\">Foto: Ilustrat\u0103<\/span><\/span><\/div>\n<\/div>\n<p>\u201eS<i>-au luptat ca ni\u015fte lei copiii Carpa\u0163ilor<\/i>!\u201d, scriau jurnali\u0219tii de la \u201eRom\u00e2nia Liber\u0103\u201c din 3 septembrie 1877.<\/p>\n<p>Unul dintre eroii care s-au remarcat \u00een luptele de la Grivi\u021ba a fost maiorul Gheorghe \u0218on\u021bu. Acesta se afla \u00een fruntea batalionului s\u0103u din Divizia a treia \u0219i a f\u0103cut parte din primul atac rom\u00e2nesc asupra redutei.<\/p>\n<p><i>Acesta a murit \u00eencerc\u00e2nd s\u0103 pun\u0103 steagul pe un parapet al redutei. \u201eMaiorul \u015eon\u0163u stropi cu s\u00e2ngele s\u0103u p\u0103m\u00e2ntul roditor al gloriei. Memoria lui va fi scump\u0103 tuturor celor care iubesc libertatea, dreptatea \u015fi curajul\u201c,\u00a0<\/i>se preciza \u00een ziarul \u201e<i>Doroban\u021bul\u201d.<\/i><\/p>\n<p>Povestea Regimentului, 16 format\u0103 din b\u0103ie\u021bi de la \u021bar\u0103 din jude\u021bul Boto\u0219ani, este tulbur\u0103toare.\u00a0 Tinerii au luptat \u00een toate asalturile \u00een centrul linie de atac, \u00een prima linie, reu\u0219ind s\u0103 impresioneze prin vitejie \u0219i t\u0103ria atacurilor pe c\u00e2mpul de<i>\u00a0<\/i>lupt\u0103<i>.<\/i><\/p>\n<p><i>\u201e\u00cen acea zi de 30 august a anului 1877, pe c\u00e2mpurile Bulgariei, s-au f\u0103cut distinsa onoare a drapelului cu nr. 16 ca \u00eempreun\u0103 cu familia sa, to\u0163i fii legitimi ai jude\u0163ului Boto\u015fani, s\u0103 formeze centrul liniei de atac a acelei mari redute numit\u0103 Grivi\u0163a nr. I. Au luat parte la acel botez 595 oameni, to\u0163i cu pene de curcan \u201c<\/i>, scria, \u00een memoriile sale, Neculai Codrescu, c\u0103pitan \u00een Batalionul I din Regimentul 16 Doroban\u0163i.<\/p>\n<p>\u00cen cele din urm\u0103, rom\u00e2nii au contribuit decisiv la c\u0103derea cet\u0103\u021bii Plevna \u0219i \u00een general la \u00eentregul teatru de opera\u021biuni \u00een urma c\u0103ruia Imperiul Otoman a fost \u00eenfr\u00e2nt.\u00a0<\/p>\n<h2>1948: S-a \u00eenfiin\u021bat Securitatea comunist\u0103<\/h2>\n<p>\u00cenfiin\u021bat\u0103 prin decretul nr. 221 din 28 august 1948 al Prezidiului Marii Adun\u0103ri Na\u021bionale a RPR, Securitatea a purtat ini\u021bial numele de Direc\u021bia General\u0103 a Securit\u0103\u021bii Poporului (DGSP). Instrument al\u00a0Partidului Comunist Rom\u00e2n,\u00a0ale c\u0103rui directive le ducea la \u00eemplinire, Securitatea a jucat un rol principal \u00een impunerea unei orient\u0103ri ideologice unitare la nivelul societ\u0103\u021bii.<\/p>\n<p>Securitatea a fost creat\u0103 de SMER\u0218, o divizie a NKVD, misiunea fiind aceea de \u00eenlocuire a serviciilor secrete din \u021b\u0103rile ocupate de URSS cu structuri de tip sovietic. Unitatea SMER\u0218 din Rom\u00e2nia, numit\u0103 Brigada Mobil\u0103, a fost condus\u0103, p\u00e2n\u0103 \u00een 1948, de colonelul NKVD Boris Gr\u00fcnberg, care folosea, \u00een Rom\u00e2nia, numele Alexandru Nicolski, potrivit Wikipedia.<\/p>\n<p>Securitatea a contribuit la sovietizarea Rom\u00e2niei, iar apoi la men\u021binerea regimului comunist la putere, scopuri \u00een care a fost dezvoltat un sistem complex de supraveghere \u0219i represiune.<\/p>\n<p>Unele cadre ale Securit\u0103\u021bii au recurs la ac\u021biuni ce excedau normele legale \u0219i constitu\u021bionale, iar \u00een anumite cazuri, la crime \u0219i \u00eenc\u0103lc\u0103ri ale drepturilor omului.<\/p>\n<p>Nu doar adul\u0163ii erau viza\u021bi de Securitate, ci \u0219i minorii.<\/p>\n<div class=\"container-image  svelte-1xbw4f3\"><source type=\"image\/webp\" srcset=\"https:\/\/cdn.adh.reperio.news\/image-3\/3b21bc2a-e650-4e86-8ce2-dc1a90483c8e\/index.jpeg?p=a%3D1%26co%3D1.05%26w%3D1400%26h%3D750%26r%3Dcontain%26f%3Dwebp 1400w\" media=\"(min-width: 1400px)\" \/><\/p>\n<div class=\"caption svelte-1xbw4f3\"><span class=\"captionText svelte-1xbw4f3\">Not\u0103 informativ\u0103 <span class=\"source svelte-1xbw4f3\">Foto: CNSAS<\/span><\/span><\/div>\n<\/div>\n<p><a href=\"https:\/\/adevarul.ro\/stiri-interne\/societate\/cum-ii-urmarea-securitatea-comunista-pe-tinerii-2268503.html#google_vignette\">\u00a0Securitatea comunist\u0103<\/a>\u00a0urm\u0103rea \u00eendeaproape grupurile de tineri care ie\u0219eau din tiparul impus de regimul totalitar. Erau viza\u021bi tinerii care ascultau muzic\u0103 rock, postul de radio \u201eEuropa liber\u0103\u201d sau \u00ee\u0219i f\u0103ceau planuri s\u0103 fug\u0103 din Rom\u00e2nia.<\/p>\n<p>Consiliul Na\u021bional pentru Studierea Arhivelor Securit\u0103\u021bii a publicat \u00een cadrul proiectului\u00a0<a href=\"http:\/\/www.cnsas.ro\/romania_supravegheata.html\" rel=\"nofollow\">\u201eRom\u00e2nia supravegheat\u0103\u201c<\/a>\u00a0\u00a0a Direc\u021biei Cercetare, Expozi\u021bii, Publica\u021bii, Serviciul Programe Educa\u021bionale, mai multe angajamente semnate de minori cu pu\u021bin timp \u00eenainte de Revolu\u021bie<\/p>\n<p>Potrivit unui referat strict secret al Sec\u021biei Raionale Salonta se arat\u0103 c\u0103<i>\u00a0\u201e\u00cen cadrul Liceului din Salonta, \u00een clasa a IX-a F sunt fii ai persoanelor cunoscute de noi cu antecedente du\u0219m\u0103noas\u0103 \u0219i na\u021bionalist\u0103 maghiar\u0103, cum sunt (&#8230;) a c\u0103rei p\u0103rin\u021bi sunt semnala\u021bi cu manifest\u0103ri du\u0219m\u0103noase \u0219i na\u021bionaliste maghiare, (&#8230;), fiica preotului reformat din Salonta, semnalat cu activitate du\u0219m\u0103noas\u0103, precum \u0219i al\u021bii f\u0103r\u0103 antecedente politice, care ar putea influen\u021ba \u00een mod negativ restul elevilor din clas\u0103<\/i>, se arat\u0103 \u00een solicitarea scris\u0103 de un securist agramat, publicat\u0103 de Adev\u0103rul.<\/p>\n<h2>1964 S-a n\u0103scut AG Weinberger, compozitor \u0219i interpret de muzic\u0103 de jazz<\/h2>\n<p>De\u0163in\u0103torul a \u0219apte selec\u0163ii pentru nominalizare la premiile Grammy,\u00a0<a href=\"https:\/\/adevarul.ro\/stiri-locale\/galati\/cel-mai-mare-interpret-de-blues-al-romaniei-1698409.html\">AG Weinberger<\/a>\u00a0 (59 de ani) este cel ce a introdus muzica blues c\u00e2ntat\u0103 live \u00een Rom\u00e2nia.<\/p>\n<p><a class=\"related-inline svelte-78g0vl\" data-gtrack=\"{&quot;event&quot;:&quot;utm_click&quot;,&quot;data&quot;:{&quot;event_category&quot;:&quot;article_related&quot;}}\" href=\"https:\/\/adevarul.ro\/istoria-zilei\/18-august-ziua-in-care-femeile-au-primit-dreptul-2549911.html\" title=\"Alt articol de interes pentru tine\"><span class=\"inline-title svelte-78g0vl\">18 august: Ziua \u00een care femeile au primit dreptul de vot \u00een SUA. Decizia care a schimbat lumea<\/span><\/a><\/p>\n<div class=\"container-image  svelte-1xbw4f3\"><source type=\"image\/webp\" srcset=\"https:\/\/cdn.adh.reperio.news\/image-5\/574fe774-aabe-4bf4-825c-5965876010f3\/index.jpeg?p=a%3D1%26co%3D1.05%26w%3D1400%26h%3D673%26r%3Dcontain%26f%3Dwebp 1400w\" media=\"(min-width: 1400px)\" \/><\/p>\n<div class=\"caption svelte-1xbw4f3\"><span class=\"captionText svelte-1xbw4f3\">AG Weinberger <span class=\"source svelte-1xbw4f3\">Foto: Concert Vama Veche<\/span><\/span><\/div>\n<\/div>\n<p>Chitarist de excep\u0163ie, vocalist, interpret la muzicu\u0163\u0103, produc\u0103tor \u015fi realizator de emisiuni radio \u015fi TV, produc\u0103tor de albume, AG Weinberger este recunoscut de speciali\u015fti ca o cert\u0103 autoritate \u00een domeniu.<\/p>\n<p>Muzicianul considerat de c\u0103tre critici mr. Blues al Rom\u00e2niei, iar de c\u0103tre B.B. King \u201eun chitarist carismatic de cea mai \u00eenalt\u0103 clas\u0103\u201d, a fost decorat cu Ordinul Cultural \u00een grad de Cavaler \u00een 2011.<\/p>\n<h2>1982: S-a n\u0103scut judoka rom\u00e2nc\u0103 Alina Alexandru Dumitru, medaliat\u0103 cu aur la Jocurile Olimpice de la Beijing<\/h2>\n<p>Alina Alexandra Dumitru (n. 30 august 1982, Ploie\u0219ti, Rom\u00e2nia) judoka rom\u00e2n\u0103, medaliat\u0103 cu aur la Jocurile Olimpice de la Beijing 2008, la categoria 48 kg, multipl\u0103 campioan\u0103 european\u0103 \u0219i medaliat\u0103 cu bronz la campionatele mondiale.<\/p>\n<div class=\"_hydratable\" data-props=\"%7B%22data%22%3A%7B%22caption%22%3A%22%22%2C%22embed%22%3A%22https%3A%2F%2Fwww.youtube.com%2Fembed%2FMGqif0K_TQc%22%2C%22height%22%3A320%2C%22service%22%3A%22youtube%22%2C%22source%22%3A%22https%3A%2F%2Fwww.youtube.com%2Fwatch%3Fv%3DMGqif0K_TQc%22%2C%22width%22%3A580%7D%2C%22id%22%3A%22mnyXv-OoMm%22%2C%22type%22%3A%22embed%22%2C%22lines%22%3A10%2C%22linesAbove%22%3A194%2C%22index%22%3A31%2C%22paragraphsAbove%22%3A23%2C%22percentage%22%3A0.6339869281045751%2C%22linesBellow%22%3A112%7D\" data-context=\"%7B%22parentBlockColumnCount%22%3A%7B%22value%22%3A0%2C%22type%22%3A%22store%2Freadable%22%7D%2C%22parentBlockBackgroundColor%22%3A%7B%22type%22%3A%22store%2Freadable%22%7D%7D\" data-component=\"EditorEmbedViewDefault\">\n<div class=\"container-embed svelte-1petmjv\"><iframe src=\"https:\/\/www.youtube.com\/embed\/MGqif0K_TQc\" class=\"embed-youtube svelte-1petmjv\" width=\"580\" allowfullscreen title=\"embed media\" loading=\"lazy\"><\/iframe><\/div>\n<\/div>\n<p>Alina Alexandra Dumitru a fost multipl\u0103 campioan\u0103 european\u0103 \u0219i medaliat\u0103 cu bronz la campionatele mondiale.<\/p>\n<p>\u00cen 9 august 2008, Dumitru devenea prima campioan\u0103 olimpic\u0103 din istoria judo-ului rom\u00e2nesc, \u00eenving\u00e2nd-o \u00een semifinal\u0103 pe dubla campioan\u0103 olimpic\u0103 en-titre Ryoko Tani (Japonia) \u0219i, \u00een final\u0103, pe Yanet Bermoy (Cuba) prin waza-ari \u0219i ippon, \u00een doar 80 de secunde.<\/p>\n<p>\u00cen aprilie 2011 a cucerit medalia de aur la Campionatul European de judo de la Istanbul.<\/p>\n<h2>1984: Primul zbor al navetei Discovery<\/h2>\n<p>La data de 30 august se \u00eemplinesc 40 de ani de la primul zbor al celei mai cunoscute navete spa\u0163iale &#8211; Discovery. Ele au fost create cu scopul de a mic\u015fora cheltuielile necesare lans\u0103rilor \u00een spa\u0163iu &#8211; cheltuieli care erau uria\u015fe atunci c\u00e2nd se foloseau rachete, care puteau \u201eevolua\u201c o singur\u0103 dat\u0103 &#8211; navetele spa\u0163iale au avut parte de sui\u015furi \u015fi cobor\u00e2\u015furi, dou\u0103 dintre ele distrug\u00e2ndu-se \u00een zbor, cum au fost cazurile navetelor Challenger \u015fi Columbia.<\/p>\n<p>Naveta Spa\u021bial\u0103 Discovery a fost una din cele trei navete r\u0103mase opera\u021bionale \u00een flota navetelor spa\u021biale ale NASA.<\/p>\n<p>A zburat pentru prima oar\u0103 \u00een 1984, Discovery fiind cea de-a treia Navet\u0103 Spa\u021bial\u0103 opera\u021bional\u0103 \u0219i cea mai b\u0103tr\u00e2n\u0103 dintre cele aflate \u00een serviciu. Discovery a efectuat misiuni de cercetare, dar \u0219i de asamblare a Sta\u021biei Spa\u021biale Interna\u021bionale.<\/p>\n<div class=\"_hydratable\" data-props=\"%7B%22data%22%3A%7B%22caption%22%3A%22%22%2C%22embed%22%3A%22https%3A%2F%2Fwww.youtube.com%2Fembed%2Fo_TV1PcHVT4%22%2C%22height%22%3A320%2C%22service%22%3A%22youtube%22%2C%22source%22%3A%22https%3A%2F%2Fwww.youtube.com%2Fwatch%3Fv%3Do_TV1PcHVT4%22%2C%22width%22%3A580%7D%2C%22id%22%3A%22RJF-Uc_2O2%22%2C%22type%22%3A%22embed%22%2C%22lines%22%3A10%2C%22linesAbove%22%3A233%2C%22index%22%3A39%2C%22paragraphsAbove%22%3A29%2C%22percentage%22%3A0.761437908496732%2C%22linesBellow%22%3A73%7D\" data-context=\"%7B%22parentBlockColumnCount%22%3A%7B%22value%22%3A0%2C%22type%22%3A%22store%2Freadable%22%7D%2C%22parentBlockBackgroundColor%22%3A%7B%22type%22%3A%22store%2Freadable%22%7D%7D\" data-component=\"EditorEmbedViewDefault\">\n<div class=\"container-embed svelte-1petmjv\"><iframe src=\"https:\/\/www.youtube.com\/embed\/o_TV1PcHVT4\" class=\"embed-youtube svelte-1petmjv\" width=\"580\" allowfullscreen title=\"embed media\" loading=\"lazy\"><\/iframe><\/div>\n<\/div>\n<p>Ultimul s\u0103u zbor &#8211; unul de aprovizionare \u0219i mentenan\u021b\u0103 c\u0103tre Sta\u021bia Spa\u021bial\u0103 Interna\u021bional\u0103 -a avut loc \u00een 2011.<\/p>\n<p>\u00a0Pe durata ei de via\u0163\u0103 a efectuat 39 de zboruri, petrec\u00e2nd \u00een spa\u0163iu 365 de zile, timp \u00een care a completat 5.830 de orbite \u015fi a parcurs 238.539.663 kilometri.<\/p>\n<h2>1988: Poeta Ana Blandiana a pierdut dreptul de publicare \u00een urma apari\u0163iei unei c\u0103r\u0163i pentru copii \u00een care \u00eel parodiaz\u0103 pe Nicolae Ceau\u015fescu<\/h2>\n<p>\u00cen 1988, Ana Blandiana public\u0103 un alt volum \u201c\u00cent\u00e2mpl\u0103ri de pe strada mea\u201d \u00een care \u0219i l-a imaginat pe Arpagic purt\u00e2ndu-se ca Ceau\u015fescu. Volumul i-a adus o nou\u0103 interdic\u021bie din partea regimului comunist.<\/p>\n<p><a class=\"related-inline svelte-78g0vl\" data-gtrack=\"{&quot;event&quot;:&quot;utm_click&quot;,&quot;data&quot;:{&quot;event_category&quot;:&quot;article_related&quot;}}\" href=\"https:\/\/adevarul.ro\/istoria-zilei\/21-august-de-la-furtul-mona-lisei-la-nasterea-2550889.html\" title=\"Alt articol de interes pentru tine\"><span class=\"inline-title svelte-78g0vl\">21 august: De la furtul \u201eMona Lisei\u201d la na\u0219terea celui mai rapid om din lume<\/span><\/a><\/p>\n<div class=\"container-image  svelte-1xbw4f3\"><source type=\"image\/webp\" srcset=\"https:\/\/cdn.adh.reperio.news\/image-f\/fcb53b95-ea30-421a-af15-7974dd56af6b\/index.jpeg?p=a%3D1%26co%3D1.05%26w%3D1400%26h%3D750%26r%3Dcontain%26f%3Dwebp 1400w\" media=\"(min-width: 1400px)\" \/><\/p>\n<div class=\"caption svelte-1xbw4f3\"><span class=\"captionText svelte-1xbw4f3\">Ana Blandiana <span class=\"source svelte-1xbw4f3\">Foto: Adrian Plava<\/span><\/span><\/div>\n<\/div>\n<p><i>\u201eInterdic\u0163ia era pentru o poezie pentru copii \u015fi care f\u0103cuse s\u0103 se schimbe numele lui Ceau\u015fescu \u00een Arpagic, numele motanului \u00een care \u00eel parodiam pe Arpagic. Nu considera\u0163i c\u0103 am f\u0103cut un act de curaj, cel mult se poate considera c\u0103 am f\u0103cut un act de iresponsabilitate. Aceast\u0103 poveste cu Arpagic este important\u0103 nu pentru c\u0103 am scris eu o poezie \u00een care f\u0103ceam b\u0103\u015fc\u0103lie de Ceau\u015fescu, ci pentru c\u0103 reac\u0163ia public\u0103 a fost uluitoare. Cartea a disp\u0103rut din libr\u0103rii \u00een c\u00e2teva ore.<\/i><\/p>\n<p><i>Lui Ceau\u015fescu, c\u0103ruia mereu i se schimb\u0103 numele, i s-a spus Arpagic. Eu nu mi-am g\u0103sit dosarul de la Securitate, ci doar c\u00e2teva foi din alte dosare. A fost o fil\u0103 interesant\u0103 cu un ordin semnat de \u015feful Securit\u0103\u0163ii c\u0103tre \u015fefii regionali s\u0103 retrag\u0103 cartea. R\u0103spunsurile lor erau interesante. Cel de la Timi\u015foara \u00ee\u015fi punea cenu\u015f\u0103 \u00een cap, n-avea nicio vin\u0103 c\u0103 se v\u00e2nduse cartea. \u00ce\u015fi ceruse aproape iertare c\u0103 nu a putut s\u0103 recupereze\u201d,<\/i> spunea Ana Blandiana \u00eentr-un interviu.\u00a0<\/p>\n<h2>2022: A murit fostul pre\u0219edinte al URSS Mihail Gorbaciov<\/h2>\n<p>Mihail Gorbaciov s-a n\u0103scut la 2 martie 1931, \u00eentr-o familie de \u021b\u0103rani dintr-un sat din sudul Rusiei.\u00a0<\/p>\n<p>A fost ales ca prim pre\u0219edinte al Uniunii Sovietice la 15 martie 1990. A avut drept obiectiv primordial modernizarea, nu destructurarea sistemului comunist.<\/p>\n<p>A d\u0103r\u00e2mat Cortina de Fier \u0219i a intrat \u00een istorie cu \u201eGlasnost\u201d \u0219i \u201ePerestroika\u201c.<\/p>\n<div class=\"_hydratable\" data-props=\"%7B%22data%22%3A%7B%22caption%22%3A%22%22%2C%22embed%22%3A%22https%3A%2F%2Fwww.youtube.com%2Fembed%2FB6ccbg2NmnI%22%2C%22height%22%3A320%2C%22service%22%3A%22youtube%22%2C%22source%22%3A%22https%3A%2F%2Fwww.youtube.com%2Fwatch%3Fv%3DB6ccbg2NmnI%22%2C%22width%22%3A580%7D%2C%22id%22%3A%22F30tK3uhVh%22%2C%22type%22%3A%22embed%22%2C%22lines%22%3A10%2C%22linesAbove%22%3A297%2C%22index%22%3A51%2C%22paragraphsAbove%22%3A37%2C%22percentage%22%3A0.9705882352941176%2C%22linesBellow%22%3A9%7D\" data-context=\"%7B%22parentBlockColumnCount%22%3A%7B%22value%22%3A0%2C%22type%22%3A%22store%2Freadable%22%7D%2C%22parentBlockBackgroundColor%22%3A%7B%22type%22%3A%22store%2Freadable%22%7D%7D\" data-component=\"EditorEmbedViewDefault\">\n<div class=\"container-embed svelte-1petmjv\"><iframe src=\"https:\/\/www.youtube.com\/embed\/B6ccbg2NmnI\" class=\"embed-youtube svelte-1petmjv\" width=\"580\" allowfullscreen title=\"embed media\" loading=\"lazy\"><\/iframe><\/div>\n<\/div>\n<p>Ziarul \u201eMoskovskaia Pravda\u201d scria, la 26 decembrie 1991, c\u0103 \u201e<i>perestroika ne-a adus libertatea cuv\u00e2ntului \u015fi a g\u00e2ndirii\u201d<\/i>, \u015fi, totodat\u0103, perestroika \u201e<i>ne-a d\u0103ruit \u015fi ne-a spulberat multe speran\u0163e\u201c.<\/i><\/p>\n<p>Este liderul care a pus cap\u0103t cursei \u00eenarm\u0103rii dintre Uniunea Sovietic\u0103 \u015fi Statele Unite \u015fi, \u00een consecin\u021b\u0103, R\u0103zboiului Rece.<\/p>\n<p>Mihail Gorbaciov a primit Premiul Nobel pentru Pace \u00een 1990. A murit la 30 august 2022.<\/p>\n<p><\/main><\/p>\n<footer class=\"svelte-x63bga\">\n<div class=\"related-wrap related-footer svelte-78g0vl\"><span class=\"related-label svelte-78g0vl\">Cite\u0219te \u0219i<\/span><a class=\"related svelte-78g0vl\" data-gtrack=\"{&quot;event&quot;:&quot;utm_click&quot;,&quot;data&quot;:{&quot;event_category&quot;:&quot;article_related&quot;}}\" href=\"https:\/\/adevarul.ro\/istoria-zilei\/22-august-1456-ziua-in-care-vlad-tepes-revine-pe-2551150.html\" title=\"Alt articol de interes pentru tine\"><img decoding=\"async\" class=\"thumb svelte-78g0vl\" src=\"https:\/\/cdn.adh.reperio.news\/image-d\/da14272e-495d-4306-aa98-e24ed65ee364\/index.jpeg?p=f%3Dwebp%26w%3D120%26h%3D80%26r%3Dcover%26a%3D0\" alt loading=\"lazy\" width=\"80\" height=\"54\"><span class=\"title svelte-78g0vl\">22 august 1456: Ziua \u00een care Vlad \u021aepe\u0219 revine pe tronul \u021a\u0103rii Rom\u00e2ne\u0219ti. Cum a ajuns \u00een temni\u021bele lui Matei Corvin<\/span><\/a><\/div>\n<div class=\"meta svelte-x63bga\">\n<div class=\"authors svelte-x63bga\"><span class=\"names svelte-x63bga\"><a href=\"https:\/\/adevarul.ro\/author\/2078\" rel=\"author\" class=\"svelte-x63bga\">Anemona Marinescu<\/a><\/span><\/p>\n<div class=\"_hydratable\" data-props=\"%7B%22showLive%22%3Atrue%7D\" data-context=\"%7B%22parentBlockColumnCount%22%3A%7B%22value%22%3A0%2C%22type%22%3A%22store%2Freadable%22%7D%2C%22parentBlockBackgroundColor%22%3A%7B%22type%22%3A%22store%2Freadable%22%7D%7D\" data-component=\"ShareButton\">\n<div class=\"shareButtons svelte-itwbrr\">\n<div class=\"liveSessions metaFont svelte-1maxmbf\"><span class=\"value svelte-1maxmbf\">1<\/span> live <\/div>\n<\/div>\n<\/div>\n<\/div>\n<div class=\"tags svelte-1l3vwp1\"><span class=\"tags-label metaFont svelte-1l3vwp1\">Cite\u0219te mai multe despre<\/span><\/p>\n<div class=\"tags-list svelte-1l3vwp1\"><a href=\"https:\/\/adevarul.ro\/tag\/ana%20blandiana\" title=\"Ultimele \u0219tiri despre ana blandiana\" class=\"tag-pill svelte-1l3vwp1\">ana blandiana<\/a><a href=\"https:\/\/adevarul.ro\/tag\/alina%20dumitru\" title=\"Ultimele \u0219tiri despre alina dumitru\" class=\"tag-pill svelte-1l3vwp1\">alina dumitru<\/a><a href=\"https:\/\/adevarul.ro\/tag\/gorbaciov\" title=\"Ultimele \u0219tiri despre gorbaciov\" class=\"tag-pill svelte-1l3vwp1\">gorbaciov<\/a><a href=\"https:\/\/adevarul.ro\/tag\/securitatea\" title=\"Ultimele \u0219tiri despre securitatea\" class=\"tag-pill svelte-1l3vwp1\">securitatea<\/a><a href=\"https:\/\/adevarul.ro\/tag\/grivita\" title=\"Ultimele \u0219tiri despre grivita\" class=\"tag-pill svelte-1l3vwp1\">grivita<\/a><a href=\"https:\/\/adevarul.ro\/tag\/ag%20weinberger\" title=\"Ultimele \u0219tiri despre ag weinberger\" class=\"tag-pill svelte-1l3vwp1\">ag weinberger<\/a><\/div>\n<\/div>\n<\/div>\n<p><a class=\"moreFromCategory svelte-x63bga\" href=\"https:\/\/adevarul.ro\/istoria-zilei\" title=\"Istoria zilei\">Mai multe din <strong class=\"svelte-x63bga\">Istoria zilei<\/strong> \u203a<\/a><\/footer>\n<\/article>\n<p>[analyse_source url=&#8221;https:\/\/adevarul.ro\/istoria-zilei\/30-august-patru-decenii-de-la-primul-zbor-al-2552016.html&#8221;]<\/p>\n","protected":false},"excerpt":{"rendered":"<p>[analyse_image type=&#8221;featured&#8221; src=&#8221;https:\/\/cdn.adh.reperio.news\/image-f\/f6acd07c-ee0f-4085-a472-1d16833a327b\/index.jpeg?p=f%3Djpeg%26w%3D1200%26h%3D630%26r%3Dcover&#8221;] Home Istoria zilei 30 august: Patru decenii de la primul zbor al celei mai cunoscute navete spa\u0163iale, Discovery Pe 30 august 1984, naveta Pe 30 august 1984, naveta Discovery a fost lansat\u0103 cu succes, revenind f\u0103r\u0103 probleme la sol. Tot pe 30 august, s-a \u00eenfiin\u021bat Securitatea comunist\u0103 \u0219i a murit fostul pre\u0219edinte [&hellip;]<\/p>\n","protected":false},"author":1,"featured_media":0,"comment_status":"open","ping_status":"","sticky":false,"template":"","format":"standard","meta":{"footnotes":""},"categories":[89],"tags":[19,226],"class_list":["post-2119056","post","type-post","status-publish","format-standard","hentry","category-romania","tag-adevarul","tag-crawlmanager"],"_links":{"self":[{"href":"https:\/\/analyse.optim.biz\/index.php?rest_route=\/wp\/v2\/posts\/2119056","targetHints":{"allow":["GET"]}}],"collection":[{"href":"https:\/\/analyse.optim.biz\/index.php?rest_route=\/wp\/v2\/posts"}],"about":[{"href":"https:\/\/analyse.optim.biz\/index.php?rest_route=\/wp\/v2\/types\/post"}],"author":[{"embeddable":true,"href":"https:\/\/analyse.optim.biz\/index.php?rest_route=\/wp\/v2\/users\/1"}],"replies":[{"embeddable":true,"href":"https:\/\/analyse.optim.biz\/index.php?rest_route=%2Fwp%2Fv2%2Fcomments&post=2119056"}],"version-history":[{"count":0,"href":"https:\/\/analyse.optim.biz\/index.php?rest_route=\/wp\/v2\/posts\/2119056\/revisions"}],"wp:attachment":[{"href":"https:\/\/analyse.optim.biz\/index.php?rest_route=%2Fwp%2Fv2%2Fmedia&parent=2119056"}],"wp:term":[{"taxonomy":"category","embeddable":true,"href":"https:\/\/analyse.optim.biz\/index.php?rest_route=%2Fwp%2Fv2%2Fcategories&post=2119056"},{"taxonomy":"post_tag","embeddable":true,"href":"https:\/\/analyse.optim.biz\/index.php?rest_route=%2Fwp%2Fv2%2Ftags&post=2119056"}],"curies":[{"name":"wp","href":"https:\/\/api.w.org\/{rel}","templated":true}]}}