{"id":2119049,"date":"2026-08-30T08:12:58","date_gmt":"2026-08-30T05:12:58","guid":{"rendered":"https:\/\/analyse.optim.biz\/?p=2119049"},"modified":"2026-08-30T08:12:58","modified_gmt":"2026-08-30T05:12:58","slug":"mesaj-ro-alert-de-tinta-aeriana-in-nordul-judetului-tulcea-tinta-aeriana-la-aproximativ-20-de-kilometri","status":"publish","type":"post","link":"https:\/\/analyse.optim.biz\/?p=2119049","title":{"rendered":"Mesaj RO-Alert de \u021bint\u0103 aerian\u0103 \u00een nordul jude\u021bului Tulcea. \u021aint\u0103 aerian\u0103 la aproximativ 20 de kilometri&#8230;"},"content":{"rendered":"<p>[analyse_image type=&#8221;featured&#8221; src=&#8221;https:\/\/cdn.adh.reperio.news\/image-0\/06c4ae07-3cbf-4efb-9efc-dba01f5b8fa1\/index.webp?p=f%3Djpeg%26w%3D1200%26h%3D630%26r%3Dcover&#8221;]<\/p>\n<article class=\"svelte-x63bga\">\n<nav>\n<ul class=\"breadcrump svelte-1pk9a69\">\n<li class=\"svelte-1pk9a69\"><a href=\"https:\/\/adevarul.ro\/\" title=\"Adev\u0103rul\" class=\"svelte-1pk9a69\">Home<\/a><\/li>\n<li class=\"svelte-1pk9a69\"><a href=\"https:\/\/adevarul.ro\/stiri-locale\" class=\"svelte-1pk9a69\">\u0218tiri locale<\/a><\/li>\n<li class=\"svelte-1pk9a69\"><a href=\"https:\/\/adevarul.ro\/stiri-locale\/tulcea\" class=\"svelte-1pk9a69\">Tulcea<\/a><\/li>\n<li class=\"svelte-1pk9a69\"><a href=\"https:\/\/adevarul.ro\/stiri-locale\/tulcea\/mesaj-ro-alert-in-nordul-judetului-tulcea-2552942.html\" class=\"svelte-1pk9a69\">Mesaj RO-Alert de \u021bint\u0103 aerian\u0103 \u00een nordul jude\u021bului Tulcea. \u021aint\u0103 aerian\u0103 la aproximativ 20 de kilometri est de V\u00e2lcove, Ucraina<\/a><\/li>\n<\/ul>\n<\/nav>\n<p><main class=\"svelte-x63bga\"><\/p>\n<p>Un nou mesaj RO-Alert a fost transmis duminic\u0103 diminea\u021b\u0103, 30 august, \u00een nordul jude\u021bului Tulcea, dup\u0103 ce sistemul radar al Ministerului Ap\u0103r\u0103rii Na\u021bionale ar fi detectat o \u021bint\u0103 aerian\u0103. Alerta a fost primit\u0103 inclusiv \u00een zona Mila 23, \u00een jurul orei 11.00, iar oamenii au fost avertiza\u021bi cu privire la posibilitatea c\u0103derii unor obiecte din spa\u021biul aerian.<\/p>\n<div class=\"container-image  svelte-1xbw4f3\"><source type=\"image\/webp\" srcset=\"https:\/\/cdn.adh.reperio.news\/image-0\/06c4ae07-3cbf-4efb-9efc-dba01f5b8fa1\/index.webp?p=a%3D1%26co%3D1.05%26w%3D1400%26h%3D750%26r%3Dcontain%26f%3Dwebp 1400w\" media=\"(min-width: 1400px)\" \/><\/p>\n<div class=\"caption svelte-1xbw4f3\"><span class=\"captionText svelte-1xbw4f3\">Un nou mesaj RO-Alert a fost transmis duminic\u0103 diminea\u021b\u0103 \u00een nordul jude\u021bului Tulcea. <span class=\"source svelte-1xbw4f3\">Foto: arhiv\u0103<\/span><\/span><\/div>\n<\/div>\n<h2>UPDATE 11.25\u00a0Alerta aerian\u0103 a \u00eencetat la 11.18<\/h2>\n<p>Alerta aerian\u0103 a \u00eencetat la 11.18, informeaz\u0103 MApN.\u00a0<\/p>\n<p>Nu au fost raportate p\u0103trunderi \u00een spa\u021biul aerian na\u021bional. <\/p>\n<h2>UPDATE 11.15 Informare oficial\u0103 MApN: dou\u0103 F-16 au fost ridicate de la sol<\/h2>\n<p>Duminic\u0103, 30 august, la ora 10:36, sistemul de supraveghere radar al Ministerului Ap\u0103r\u0103rii Na\u021bionale a detectat o \u021bint\u0103 aerian\u0103 la aproximativ 20 de kilometri est de V\u00e2lcove, Ucraina, \u00een apropierea frontierei cu Rom\u00e2nia.<\/p>\n<p>Pentru monitorizarea situa\u021biei, dou\u0103 aeronave F-16 de la Baza 86 Aerian\u0103 Borcea au fost alertate \u0219i au \u00eenceput misiunea de supraveghere la ora 10:36.<\/p>\n<p>\u00cen urma notific\u0103rii Centrului Na\u021bional Militar de Comand\u0103, IGSU a emis, la ora 10:50, un mesaj RO-Alert pentru nord-estul jude\u021bului Tulcea, prin care popula\u021bia din zon\u0103 a fost avertizat\u0103 cu privire la posibilitatea unor efecte ale situa\u021biei din apropierea frontierei.<\/p>\n<p>Misiunea este \u00een dinamic\u0103.<\/p>\n<div class=\"raw-block\"><iframe loading=\"lazy\" src=\"https:\/\/www.facebook.com\/plugins\/post.php?href=https%3A%2F%2Fwww.facebook.com%2Fmapn.ro%2Fposts%2Fpfbid0UQHj8FxFUWoU6KjtEu2BNtdHjwRhpikqazxCuAKCCNpxsCWg6uRvisWCncfYiHEpl&amp;show_text=true&amp;width=390\" width=\"500\" height=\"500\" frameborder allowfullscreen=\"true\" allow=\"autoplay; clipboard-write; encrypted-media; picture-in-picture; web-share\" class=\"facebook-iframe\"><\/iframe><\/div>\n<h2>RO-Alert \u00een nordul jude\u021bului Tulcea<\/h2>\n<p>Autorit\u0103\u021bile le-au recomandat localnicilor s\u0103 \u00ee\u0219i p\u0103streze calmul \u0219i s\u0103 se ad\u0103posteasc\u0103 \u00een locuri sigure pentru urm\u0103toarele 90 de minute. \u00cen cazul \u00een care nu au la dispozi\u021bie un ad\u0103post corespunz\u0103tor, oamenii sunt sf\u0103tui\u021bi s\u0103 r\u0103m\u00e2n\u0103 \u00een locuin\u021be, departe de ferestre \u0219i de pere\u021bii exteriori ai cl\u0103dirilor.<\/p>\n<p>Mesajul RO-Alert are caracter preventiv \u0219i este transmis \u00een contextul monitoriz\u0103rii spa\u021biului aerian din apropierea grani\u021bei cu Ucraina.<\/p>\n<div class=\"container-image  svelte-1xbw4f3\"><source type=\"image\/webp\" srcset=\"https:\/\/cdn.adh.reperio.news\/image-e\/e12c115c-03a0-4c87-b784-bf5c262bead6\/index.jpeg?p=a%3D1%26co%3D1.05%26w%3D1400%26h%3D750%26r%3Dcontain%26c%3D0%252C0%252C1%252C0.395%26f%3Dwebp 1400w\" media=\"(min-width: 1400px)\" \/><\/p>\n<div class=\"caption svelte-1xbw4f3\"><span class=\"captionText svelte-1xbw4f3\"><span class=\"source svelte-1xbw4f3\">Foto: captur\u0103 foto<\/span><\/span><\/div>\n<\/div>\n<p><\/main><\/p>\n<footer class=\"svelte-x63bga\">\n<div class=\"related-wrap related-footer svelte-78g0vl\"><span class=\"related-label svelte-78g0vl\">Cite\u0219te \u0219i<\/span><a class=\"related svelte-78g0vl\" data-gtrack=\"{&quot;event&quot;:&quot;utm_click&quot;,&quot;data&quot;:{&quot;event_category&quot;:&quot;article_related&quot;}}\" href=\"https:\/\/adevarul.ro\/stiri-interne\/evenimente\/alerta-aeriana-in-nordul-judetului-tulcea-radarul-2544276.html\" title=\"Alt articol de interes pentru tine\"><img decoding=\"async\" class=\"thumb svelte-78g0vl\" src=\"https:\/\/cdn.adh.reperio.news\/image-6\/6a6e741c-531b-4b1f-a0f0-4173a7c38604\/index.png?p=f%3Dwebp%26w%3D120%26h%3D80%26r%3Dcover%26a%3D0\" alt loading=\"lazy\" width=\"80\" height=\"54\"><span class=\"title svelte-78g0vl\">Alert\u0103 aerian\u0103 \u00een nordul jude\u021bului Tulcea. Radarul MApN a detectat un grup de \u021binte la 15 kilometri de grani\u021ba cu Ucraina<\/span><\/a><a class=\"related svelte-78g0vl\" data-gtrack=\"{&quot;event&quot;:&quot;utm_click&quot;,&quot;data&quot;:{&quot;event_category&quot;:&quot;article_related&quot;}}\" href=\"https:\/\/adevarul.ro\/stiri-interne\/evenimente\/o-noua-alerta-in-tulcea-o-tinta-aeriana-detectata-2552203.html\" title=\"Alt articol de interes pentru tine\"><img decoding=\"async\" class=\"thumb svelte-78g0vl\" src=\"https:\/\/cdn.adh.reperio.news\/image-3\/34ea8f31-6b8f-4a7f-983f-14d1fc4ba58b\/index.jpeg?p=f%3Dwebp%26w%3D120%26h%3D80%26r%3Dcover%26a%3D0\" alt loading=\"lazy\" width=\"80\" height=\"54\"><span class=\"title svelte-78g0vl\">O nou\u0103 alert\u0103 \u00een Tulcea: o \u021bint\u0103 aerian\u0103 detectat\u0103 \u00een apropierea frontierei cu Rom\u00e2nia. Nu s-a \u00eenregistrat nicio p\u0103trundere \u00een spa\u0163iul aerian rom\u00e2n<\/span><\/a><a class=\"related svelte-78g0vl\" data-gtrack=\"{&quot;event&quot;:&quot;utm_click&quot;,&quot;data&quot;:{&quot;event_category&quot;:&quot;article_related&quot;}}\" href=\"https:\/\/adevarul.ro\/stiri-locale\/tulcea\/a-treia-alerta-ro-alert-intr-o-singura-zi-in-2552490.html\" title=\"Alt articol de interes pentru tine\"><img decoding=\"async\" class=\"thumb svelte-78g0vl\" src=\"https:\/\/cdn.adh.reperio.news\/image-e\/e36ffa0e-9736-4cd1-b01f-bd7882811a07\/index.jpeg?p=f%3Dwebp%26w%3D120%26h%3D80%26r%3Dcover%26a%3D0\" alt loading=\"lazy\" width=\"80\" height=\"54\"><span class=\"title svelte-78g0vl\">A treia alert\u0103 RO-Alert \u00eentr-o singur\u0103 zi \u00een Tulcea. Dou\u0103 F-18 au fost ridicate de la sol, dup\u0103 ce MApN a detectat o \u021bint\u0103 aerian\u0103<\/span><\/a><\/div>\n<div class=\"meta svelte-x63bga\">\n<div class=\"authors svelte-x63bga\"><span class=\"names svelte-x63bga\"><a href=\"https:\/\/adevarul.ro\/author\/2086\" rel=\"author\" class=\"svelte-x63bga\">Oana Ababei<\/a><\/span><\/p>\n<div class=\"_hydratable\" data-props=\"%7B%22showLive%22%3Atrue%7D\" data-context=\"%7B%22parentBlockColumnCount%22%3A%7B%22value%22%3A0%2C%22type%22%3A%22store%2Freadable%22%7D%2C%22parentBlockBackgroundColor%22%3A%7B%22type%22%3A%22store%2Freadable%22%7D%7D\" data-component=\"ShareButton\">\n<div class=\"shareButtons svelte-itwbrr\">\n<div class=\"liveSessions metaFont svelte-1maxmbf\"><span class=\"value svelte-1maxmbf\">1<\/span> live <\/div>\n<\/div>\n<\/div>\n<\/div>\n<div class=\"tags svelte-1l3vwp1\"><span class=\"tags-label metaFont svelte-1l3vwp1\">Cite\u0219te mai multe despre<\/span><\/p>\n<div class=\"tags-list svelte-1l3vwp1\"><a href=\"https:\/\/adevarul.ro\/tag\/tulcea\" title=\"Ultimele \u0219tiri despre tulcea\" class=\"tag-pill svelte-1l3vwp1\">tulcea<\/a><a href=\"https:\/\/adevarul.ro\/tag\/mapn\" title=\"Ultimele \u0219tiri despre mapn\" class=\"tag-pill svelte-1l3vwp1\">mapn<\/a><a href=\"https:\/\/adevarul.ro\/tag\/drone\" title=\"Ultimele \u0219tiri despre drone\" class=\"tag-pill svelte-1l3vwp1\">drone<\/a><a href=\"https:\/\/adevarul.ro\/tag\/f-16\" title=\"Ultimele \u0219tiri despre f-16\" class=\"tag-pill svelte-1l3vwp1\">f-16<\/a><a href=\"https:\/\/adevarul.ro\/tag\/mesaj%20ro-alert\" title=\"Ultimele \u0219tiri despre mesaj ro-alert\" class=\"tag-pill svelte-1l3vwp1\">mesaj ro-alert<\/a><a href=\"https:\/\/adevarul.ro\/tag\/alerta%20aeriana\" title=\"Ultimele \u0219tiri despre alerta aeriana\" class=\"tag-pill svelte-1l3vwp1\">alerta aeriana<\/a><\/div>\n<\/div>\n<\/div>\n<p><a class=\"moreFromCategory svelte-x63bga\" href=\"https:\/\/adevarul.ro\/stiri-locale\/tulcea\" title=\"Tulcea\">Mai multe din <strong class=\"svelte-x63bga\">Tulcea<\/strong> \u203a<\/a><\/footer>\n<\/article>\n<p>[analyse_source url=&#8221;https:\/\/adevarul.ro\/stiri-locale\/tulcea\/mesaj-ro-alert-in-nordul-judetului-tulcea-2552942.html&#8221;]<\/p>\n","protected":false},"excerpt":{"rendered":"<p>[analyse_image type=&#8221;featured&#8221; src=&#8221;https:\/\/cdn.adh.reperio.news\/image-0\/06c4ae07-3cbf-4efb-9efc-dba01f5b8fa1\/index.webp?p=f%3Djpeg%26w%3D1200%26h%3D630%26r%3Dcover&#8221;] Home \u0218tiri locale Tulcea Mesaj RO-Alert de \u021bint\u0103 aerian\u0103 \u00een nordul jude\u021bului Tulcea. \u021aint\u0103 aerian\u0103 la aproximativ 20 de kilometri est de V\u00e2lcove, Ucraina Un nou mesaj RO-Alert a fost transmis duminic\u0103 diminea\u021b\u0103, 30 august, \u00een nordul jude\u021bului Tulcea, dup\u0103 ce sistemul radar al Ministerului Ap\u0103r\u0103rii Na\u021bionale ar fi detectat o \u021bint\u0103 [&hellip;]<\/p>\n","protected":false},"author":1,"featured_media":0,"comment_status":"open","ping_status":"","sticky":false,"template":"","format":"standard","meta":{"footnotes":""},"categories":[89],"tags":[19],"class_list":["post-2119049","post","type-post","status-publish","format-standard","hentry","category-romania","tag-adevarul"],"_links":{"self":[{"href":"https:\/\/analyse.optim.biz\/index.php?rest_route=\/wp\/v2\/posts\/2119049","targetHints":{"allow":["GET"]}}],"collection":[{"href":"https:\/\/analyse.optim.biz\/index.php?rest_route=\/wp\/v2\/posts"}],"about":[{"href":"https:\/\/analyse.optim.biz\/index.php?rest_route=\/wp\/v2\/types\/post"}],"author":[{"embeddable":true,"href":"https:\/\/analyse.optim.biz\/index.php?rest_route=\/wp\/v2\/users\/1"}],"replies":[{"embeddable":true,"href":"https:\/\/analyse.optim.biz\/index.php?rest_route=%2Fwp%2Fv2%2Fcomments&post=2119049"}],"version-history":[{"count":0,"href":"https:\/\/analyse.optim.biz\/index.php?rest_route=\/wp\/v2\/posts\/2119049\/revisions"}],"wp:attachment":[{"href":"https:\/\/analyse.optim.biz\/index.php?rest_route=%2Fwp%2Fv2%2Fmedia&parent=2119049"}],"wp:term":[{"taxonomy":"category","embeddable":true,"href":"https:\/\/analyse.optim.biz\/index.php?rest_route=%2Fwp%2Fv2%2Fcategories&post=2119049"},{"taxonomy":"post_tag","embeddable":true,"href":"https:\/\/analyse.optim.biz\/index.php?rest_route=%2Fwp%2Fv2%2Ftags&post=2119049"}],"curies":[{"name":"wp","href":"https:\/\/api.w.org\/{rel}","templated":true}]}}