{"id":2119048,"date":"2026-08-30T08:01:09","date_gmt":"2026-08-30T05:01:09","guid":{"rendered":"https:\/\/analyse.optim.biz\/?p=2119048"},"modified":"2026-08-30T08:01:09","modified_gmt":"2026-08-30T05:01:09","slug":"canicula-si-in-ultima-zi-de-august-in-banat-continua-sa-fie-caldura-excesiva","status":"publish","type":"post","link":"https:\/\/analyse.optim.biz\/?p=2119048","title":{"rendered":"Canicul\u0103 \u0219i \u00een ultima zi de august \u00een Banat! Continu\u0103 s\u0103 fie c\u0103ldur\u0103 excesiv\u0103"},"content":{"rendered":"<p>[analyse_image type=&#8221;featured&#8221; src=&#8221;https:\/\/cdn.debanat.ro\/wp-content\/uploads\/2026\/08\/canicula.jpg&#8221;]<\/p>\n<article id=\"post-475521\" class=\"post-475521 post type-post status-publish format-standard has-post-thumbnail hentry category-info-si-utile category-social tag-caldura-excesiva tag-canicula-31-august-2026-in-banat tag-canicula-in-banat content-print\">\n<header class=\"entry-header\">\n<h1 class=\"entry-title\">Canicul\u0103 \u0219i \u00een ultima zi de august \u00een Banat! Continu\u0103 s\u0103 fie c\u0103ldur\u0103 excesiv\u0103<\/h1>\n<div class=\"entry-meta\">\n<div class=\"date_top\">\n\t\t\t\tPublicat la: 30 august 2026 | ora: 11:01 |<br \/>\n\t\t\t\t\u00een <a href=\"https:\/\/debanat.ro\/stiri\/social\/info-si-utile\" rel=\"tag\">Info si Utile<\/a>, <a href=\"https:\/\/debanat.ro\/stiri\/social\" rel=\"tag\">Social<\/a> |<br \/>\n\t\t\t\tde <a href=\"https:\/\/debanat.ro\/author\/daniel-neacsu\" rel=\"author\">Daniel Neac\u0219u<\/a><\/div>\n<\/div>\n<\/header>\n<div class=\"entry-thumbnail\"><img loading=\"lazy\" decoding=\"async\" width=\"614\" height=\"360\" src=\"https:\/\/cdn.debanat.ro\/wp-content\/uploads\/2026\/08\/canicula-614x360.jpg\" class=\"attachment-art-top size-art-top wp-post-image\" alt><\/div>\n<div class=\"entry-content\">\n<p><strong>Meteorologii au emis duminic\u0103 aten\u0163ionare cod galben pentru zone din Carpa\u0163ii Orientali, Meridionali \u015fi nord-vestul Moldovei, unde este prognozat\u0103 instabilitate atmosferic\u0103. O aten\u0163ionare de canicul\u0103, valabil\u0103 luni, vizeaz\u0103 13 jude\u0163e din Cri\u015fana, Banat, Maramure\u015f, vestul Transilvaniei, vestul \u015fi sudul Olteniei \u015fi sud-vestul Munteniei.<\/strong><\/p>\n<p>O prim\u0103 aten\u0163ionare cod galben este valabil\u0103 \u00een intervalul 30 august, ora 13 \u2013 30 august, ora 20, c\u00e2nd sunt anun\u0163ate instabilitate atmosferic\u0103, averse toren\u0163iale moderate cantitativ \u015fi intensific\u0103ri ale v\u00e2ntului local Carpa\u0163ii Orientali, Meridionali \u015fi nord-vestul Moldovei.<\/p>\n<p>Duminic\u0103, \u00een regiunile vestice \u015fi sud-vestice vor fi temperaturi maxime \u00een jurul a 34 de grade, astfel c\u0103 disconfortul termic va fi ridicat, iar indicele temperatur\u0103-umezeal\u0103 (ITU) va atinge izolat pragul critic de 80 de unit\u0103\u0163i.<\/p>\n<p>Luni, de la ora 10.00 \u015fi p\u00e2n\u0103 la ora 21.00, sunt anun\u0163ate temperaturi deosebit de ridicate, canicul\u0103 \u015fi disconfort termic ridicat \u00een Cri\u015fana, Banat, Maramure\u015f, vestul Transilvaniei, vestul \u015fi sudul Olteniei \u015fi sud-vestul Munteniei<\/p>\n<p><em><strong>\u201dLuni (31 august), \u00een Cri\u015fana, Banat, Maramure\u015f, vestul Transilvaniei, vestul \u015fi sudul Olteniei \u015fi sud-vestul Munteniei, vor fi temperaturi deosebit de ridicate \u015fi local canicul\u0103. Disconfortul termic va fi ridicat iar indicele temperatur\u0103-umezeal\u0103 (ITU) va atinge pragul critic de 80 de unit\u0103\u0163i. Temperaturile maxime se vor situa \u00eentre 33 \u015fi 37 de grade, cu cele mai mari valori \u00een C\u00e2mpia de Vest\u201d<\/strong><\/em>, transmit meteorologii.<\/p>\n<\/div>\n<div class=\"entry-action\">\n<div class=\"social-action\" data-nonce=\"464fbf555f\"><span class=\"title-action\">Trimite la prieteni<\/span><\/p>\n<ul>\n<li id=\"twitter-share\" class=\"twitter\" data-post-id=\"475521\" data-nonce=\"8750411651\"><a href=\"https:\/\/twitter.com\/intent\/tweet?url=https%3A%2F%2Fdebanat.ro%2F2026%2F08%2Fcanicula-si-in-ultima-zi-de-august-in-banat-continua-sa-fie-caldura-excesiva_475521.html&amp;text=Canicul%C4%83%20%C8%99i%20%C3%AEn%20ultima%20zi%20de%20august%20%C3%AEn%20Banat%21%20Continu%C4%83%20s%C4%83%20fie%20c%C4%83ldur%C4%83%20excesiv%C4%83\/%20@ZiaruldeBanat\">Twitter<\/a><\/li>\n<li class=\"facebook\"><a href=\"https:\/\/www.facebook.com\/sharer\/sharer.php?u=https%3A%2F%2Fdebanat.ro%2F2026%2F08%2Fcanicula-si-in-ultima-zi-de-august-in-banat-continua-sa-fie-caldura-excesiva_475521.html&amp;t=Canicul%C4%83%20%C8%99i%20%C3%AEn%20ultima%20zi%20de%20august%20%C3%AEn%20Banat%21%20Continu%C4%83%20s%C4%83%20fie%20c%C4%83ldur%C4%83%20excesiv%C4%83\">Facebook<\/a><\/li>\n<li class=\"linkedin\"><a href=\"https:\/\/www.linkedin.com\/shareArticle?mini=true&amp;url=https%3A%2F%2Fdebanat.ro%2F2026%2F08%2Fcanicula-si-in-ultima-zi-de-august-in-banat-continua-sa-fie-caldura-excesiva_475521.html&amp;title=Canicul%C4%83%20%C8%99i%20%C3%AEn%20ultima%20zi%20de%20august%20%C3%AEn%20Banat%21%20Continu%C4%83%20s%C4%83%20fie%20c%C4%83ldur%C4%83%20excesiv%C4%83&amp;summary=Meteorologii%20au%20emis%20duminic%C4%83%20aten%C5%A3ionare%20cod%20galben%20pentru%20zone%20din%20Carpa%C5%A3ii%20Orientali%2C%20Meridionali%20%C5%9Fi%20nord-vestul%20Moldovei%2C%20unde%20este%20prognozat%C4%83%20instabilitate%20atmosferic%C4%83.%20O%20aten%C5%A3ionare%20de%20canicul%C4%83%2C%20valabil%C4%83%20luni%2C%20vizeaz%C4%83%2013%20jude%C5%A3e%20din%20Cri%C5%9Fana%2C%20Banat%2C%20Maramure%C5%9F%2C%20vestul%20Transilvaniei%2C%20vestul%20%C5%9Fi%20sudul%20Olteniei%20%C5%9Fi%20sud-vestul%20Munteniei.%20O%20prim%C4%83%20aten%C5%A3ionare%20cod%20galben%20este%20valabil%C4%83%20%C3%AEn%20intervalul%2030%20august%2C%20ora%3Ca%20href%3D%22https%3A%2F%2Fdebanat.ro%2F2026%2F08%2Fcanicula-si-in-ultima-zi-de-august-in-banat-continua-sa-fie-caldura-excesiva_475521.html%22%20title%3D%22Mai%20mult%22%20%3E...%3C%2Fa%3E\">Linkedin<\/a><\/li>\n<li class=\"email\"><a href=\"mailto:?Subject=Canicul%C4%83%20%C8%99i%20%C3%AEn%20ultima%20zi%20de%20august%20%C3%AEn%20Banat%21%20Continu%C4%83%20s%C4%83%20fie%20c%C4%83ldur%C4%83%20excesiv%C4%83&amp;body=https%3A%2F%2Fdebanat.ro%2F2026%2F08%2Fcanicula-si-in-ultima-zi-de-august-in-banat-continua-sa-fie-caldura-excesiva_475521.html\">Trimite pe email<\/a><\/li>\n<li class=\"print\"><a href=\"https:\/\/debanat.ro\/2026\/08\/canicula-si-in-ultima-zi-de-august-in-banat-continua-sa-fie-caldura-excesiva_475521.html\">Printeaz\u0103 pagina<\/a><\/li>\n<\/ul>\n<\/div>\n<div class=\"co-author\"><span class=\"title-action\">Autor<\/span><\/p>\n<div class=\"author-info\"><a href=\"https:\/\/debanat.ro\/author\/daniel-neacsu\" rel=\"author\">Daniel Neac\u0219u<\/a><\/div>\n<\/div>\n<div class=\"tag-action\"><span class=\"title-action\">Etichete<\/span><span class=\"tags-links\"><a href=\"https:\/\/debanat.ro\/stiri-despre\/caldura-excesiva\" rel=\"tag\">caldura excesiva<\/a>, <a href=\"https:\/\/debanat.ro\/stiri-despre\/canicula-31-august-2026-in-banat\" rel=\"tag\">canicula 31 august 2026 in banat<\/a>, <a href=\"https:\/\/debanat.ro\/stiri-despre\/canicula-in-banat\" rel=\"tag\">canicula in Banat<\/a><\/span><\/div>\n<\/div>\n<footer class=\"entry-meta entry-meta-bottom\">\n<div>\n<section id=\"custom_html-8\" class=\"widget_text widget widget_custom_html\">\n<div class=\"textwidget custom-html-widget\">\n<div class=\"containerus\">\n\n<\/div>\n<\/div>\n<\/section>\n<\/div>\n<\/footer>\n<\/article>\n<div class=\"entry-content\">\n<p><strong>Meteorologii au emis duminic\u0103 aten\u0163ionare cod galben pentru zone din Carpa\u0163ii Orientali, Meridionali \u015fi nord-vestul Moldovei, unde este prognozat\u0103 instabilitate atmosferic\u0103. O aten\u0163ionare de canicul\u0103, valabil\u0103 luni, vizeaz\u0103 13 jude\u0163e din Cri\u015fana, Banat, Maramure\u015f, vestul Transilvaniei, vestul \u015fi sudul Olteniei \u015fi sud-vestul Munteniei.<\/strong><\/p>\n<p>O prim\u0103 aten\u0163ionare cod galben este valabil\u0103 \u00een intervalul 30 august, ora 13 \u2013 30 august, ora 20, c\u00e2nd sunt anun\u0163ate instabilitate atmosferic\u0103, averse toren\u0163iale moderate cantitativ \u015fi intensific\u0103ri ale v\u00e2ntului local Carpa\u0163ii Orientali, Meridionali \u015fi nord-vestul Moldovei.<\/p>\n<p>Duminic\u0103, \u00een regiunile vestice \u015fi sud-vestice vor fi temperaturi maxime \u00een jurul a 34 de grade, astfel c\u0103 disconfortul termic va fi ridicat, iar indicele temperatur\u0103-umezeal\u0103 (ITU) va atinge izolat pragul critic de 80 de unit\u0103\u0163i.<\/p>\n<p>Luni, de la ora 10.00 \u015fi p\u00e2n\u0103 la ora 21.00, sunt anun\u0163ate temperaturi deosebit de ridicate, canicul\u0103 \u015fi disconfort termic ridicat \u00een Cri\u015fana, Banat, Maramure\u015f, vestul Transilvaniei, vestul \u015fi sudul Olteniei \u015fi sud-vestul Munteniei<\/p>\n<p><em><strong>\u201dLuni (31 august), \u00een Cri\u015fana, Banat, Maramure\u015f, vestul Transilvaniei, vestul \u015fi sudul Olteniei \u015fi sud-vestul Munteniei, vor fi temperaturi deosebit de ridicate \u015fi local canicul\u0103. Disconfortul termic va fi ridicat iar indicele temperatur\u0103-umezeal\u0103 (ITU) va atinge pragul critic de 80 de unit\u0103\u0163i. Temperaturile maxime se vor situa \u00eentre 33 \u015fi 37 de grade, cu cele mai mari valori \u00een C\u00e2mpia de Vest\u201d<\/strong><\/em>, transmit meteorologii.<\/p>\n<\/div>\n<article id=\"post-471198\" class=\"row-fluid post-471198 post type-post status-publish format-standard has-post-thumbnail hentry category-info-si-utile category-social tag-anm tag-canicula-in-banat tag-cod-portocaliu-26-06-2026 tag-cod-portocaliu-de-canicula-in-timis content-print\">\n<div class=\"entry-thumbnail\"><a href=\"https:\/\/debanat.ro\/2026\/06\/pregatiti-va-de-zile-fierbinti-cod-portocaliu-de-canicula-in-timis_471198.html\" title=\"Permalink to Preg\u0103ti\u021bi-v\u0103 de zile fierbin\u021bi! Cod portocaliu de canicul\u0103 \u00een Timi\u0219\" rel=\"bookmark\"><img decoding=\"async\" width=\"230\" height=\"130\" src=\"https:\/\/cdn.debanat.ro\/wp-content\/uploads\/2017\/07\/DSC_7204-230x130.jpg\" class=\"attachment-medium size-medium wp-post-image\" alt loading=\"lazy\"><\/a><\/div>\n<div class=\"post-inner\">\n<header class=\"entry-header\">\n<h2 class=\"entry-title\"><a href=\"https:\/\/debanat.ro\/2026\/06\/pregatiti-va-de-zile-fierbinti-cod-portocaliu-de-canicula-in-timis_471198.html\" title=\"Permalink to Preg\u0103ti\u021bi-v\u0103 de zile fierbin\u021bi! Cod portocaliu de canicul\u0103 \u00een Timi\u0219\" rel=\"bookmark\">Preg\u0103ti\u021bi-v\u0103 de zile fierbin\u021bi! Cod portocaliu de canicul\u0103 \u00een Timi\u0219<\/a><\/h2>\n<\/header>\n<\/div>\n<\/article>\n<article id=\"post-471020\" class=\"row-fluid post-471020 post type-post status-publish format-standard has-post-thumbnail hentry category-info-si-utile category-social tag-caldura-mare tag-canicula-in-banat tag-cod-galben-de-canicula-in-timis content-print\">\n<div class=\"entry-thumbnail\"><a href=\"https:\/\/debanat.ro\/2026\/06\/vara-in-toata-puterea-ei-cald-in-toata-tara-canicula-in-vest_471020.html\" title=\"Permalink to Var\u0103 \u00een toat\u0103 puterea ei: cald \u00een toat\u0103 \u021bara, canicul\u0103 \u00een Vest\" rel=\"bookmark\"><img decoding=\"async\" width=\"230\" height=\"130\" src=\"https:\/\/cdn.debanat.ro\/wp-content\/uploads\/2011\/08\/caldura-230x130.jpg\" class=\"attachment-medium size-medium wp-post-image\" alt loading=\"lazy\"><\/a><\/div>\n<div class=\"post-inner\">\n<header class=\"entry-header\">\n<h2 class=\"entry-title\"><a href=\"https:\/\/debanat.ro\/2026\/06\/vara-in-toata-puterea-ei-cald-in-toata-tara-canicula-in-vest_471020.html\" title=\"Permalink to Var\u0103 \u00een toat\u0103 puterea ei: cald \u00een toat\u0103 \u021bara, canicul\u0103 \u00een Vest\" rel=\"bookmark\">Var\u0103 \u00een toat\u0103 puterea ei: cald \u00een toat\u0103 \u021bara, canicul\u0103 \u00een Vest<\/a><\/h2>\n<\/header>\n<\/div>\n<\/article>\n<article id=\"post-450546\" class=\"row-fluid post-450546 post type-post status-publish format-standard has-post-thumbnail hentry category-info-si-utile category-social tag-canicula-in-banat tag-furtuni-in-toata-tara tag-se-schimba-vremea content-print\">\n<div class=\"entry-thumbnail\"><a href=\"https:\/\/debanat.ro\/2025\/08\/sambata-cuptor-iar-de-duminica-se-anunta-furtuni_450546.html\" title=\"Permalink to S\u00e2mb\u0103t\u0103 cuptor, iar de duminic\u0103 se anun\u0163\u0103 furtuni\" rel=\"bookmark\"><img decoding=\"async\" width=\"230\" height=\"130\" src=\"https:\/\/cdn.debanat.ro\/wp-content\/uploads\/2015\/08\/caldura-230x130.jpg\" class=\"attachment-medium size-medium wp-post-image\" alt=\"Aten\u021bie la temperaturile ridicate\" loading=\"lazy\"><\/a><\/div>\n<div class=\"post-inner\">\n<header class=\"entry-header\">\n<h2 class=\"entry-title\"><a href=\"https:\/\/debanat.ro\/2025\/08\/sambata-cuptor-iar-de-duminica-se-anunta-furtuni_450546.html\" title=\"Permalink to S\u00e2mb\u0103t\u0103 cuptor, iar de duminic\u0103 se anun\u0163\u0103 furtuni\" rel=\"bookmark\">S\u00e2mb\u0103t\u0103 cuptor, iar de duminic\u0103 se anun\u0163\u0103 furtuni<\/a><\/h2>\n<\/header>\n<\/div>\n<\/article>\n<article class=\"has-thumbnail post-475533 post type-post status-publish format-standard has-post-thumbnail hentry category-administratie category-primaria-timisoara-administratie tag-acaricide tag-dezinsectie-timisoara tag-insecticide tag-pesticide-non-agricole tag-produse-pentru-combaterea-artropodelor content-print\">\n<div class=\"entry-thumbnail fixed\"><a href=\"https:\/\/debanat.ro\/2026\/08\/primaria-timisoara-reia-actiunile-de-dezinsectie-terestra_475533.html\" title=\"Permalink to Prim\u0103ria Timi\u0219oara reia ac\u021biunile de dezinsec\u021bie terestr\u0103\" rel=\"bookmark\"><img decoding=\"async\" width=\"580\" height=\"435\" src=\"https:\/\/cdn.debanat.ro\/wp-content\/uploads\/2021\/07\/dezinsectie-terestra-4.jpg\" class=\"attachment-hp_article_big size-hp_article_big wp-post-image\" alt loading=\"lazy\"><\/a><\/div>\n<div class=\"post-inner\">\n<header class=\"entry-header\">\n<h2 class=\"entry-title\"><a href=\"https:\/\/debanat.ro\/2026\/08\/primaria-timisoara-reia-actiunile-de-dezinsectie-terestra_475533.html\" title=\"Permalink to Prim\u0103ria Timi\u0219oara reia ac\u021biunile de dezinsec\u021bie terestr\u0103\" rel=\"bookmark\"><br \/>\n                        \t\t\t\t\t\t\t\t\t\t\tPrim\u0103ria Timi\u0219oara reia ac\u021biunile de dezinsec\u021bie terestr\u0103\t\t\t\t\t\t\t\t                        \t<\/a><\/h2>\n<div class=\"entry-meta entry-meta-top\">\n\t                        30 august 2026<br \/>\n\t                        de:\t                                <a href=\"https:\/\/debanat.ro\/author\/hoster\" rel=\"author\">Marcel Hoster<\/a><\/div>\n<\/header>\n<div class=\"entry-content\">\n                    \tContinu\u0103 \u0219i \u00een luna septembrie ac\u021biunile de dezinsec\u021bie terestr\u0103 pe domeniul public al ora\u0219ului pentru combaterea \u021b\u00e2n\u021barilor \u0219i a larvelor acestora. Interven\u021biile sunt programate \u00een perioada 2-7 septembrie. Opera\u021biunile vor avea loc pe timpul nop\u021bii, \u00eentre orele 22 \u0219i 06, pentru a reduce disconfortul pentru locuitori. Se recomand\u0103 evitarea zonelor de ac\u0163iune a utilajelor \u00een&#8230;                    \t<br \/><a href=\"https:\/\/debanat.ro\/2026\/08\/primaria-timisoara-reia-actiunile-de-dezinsectie-terestra_475533.html\" class=\"read_more\" title=\"Permanent Link to Prim\u0103ria Timi\u0219oara reia ac\u021biunile de dezinsec\u021bie terestr\u0103\">Cite\u015fte tot articolul<\/a><img decoding=\"async\" alt=\"Citeste articolul Prim\u0103ria Timi\u0219oara reia ac\u021biunile de dezinsec\u021bie terestr\u0103\" src=\"https:\/\/cdn.debanat.ro\/wp-content\/themes\/debanat\/images\/arr_red.png\"><\/div>\n<footer class=\"entry-meta entry-meta-bottom\"><span class=\"tags-links\"><br \/>\n\t\t                    Etichete: <a href=\"https:\/\/debanat.ro\/stiri-despre\/acaricide\" rel=\"tag\">acaricide<\/a>, <a href=\"https:\/\/debanat.ro\/stiri-despre\/dezinsectie-timisoara\" rel=\"tag\">dezinsectie Timisoara<\/a>, <a href=\"https:\/\/debanat.ro\/stiri-despre\/insecticide\" rel=\"tag\">insecticide<\/a>, <a href=\"https:\/\/debanat.ro\/stiri-despre\/pesticide-non-agricole\" rel=\"tag\">pesticide non-agricole<\/a>, <a href=\"https:\/\/debanat.ro\/stiri-despre\/produse-pentru-combaterea-artropodelor\" rel=\"tag\">produse pentru combaterea artropodelor<\/a><\/span><\/footer>\n<\/div>\n<\/article>\n<div class=\"entry-content\">\n                    \tContinu\u0103 \u0219i \u00een luna septembrie ac\u021biunile de dezinsec\u021bie terestr\u0103 pe domeniul public al ora\u0219ului pentru combaterea \u021b\u00e2n\u021barilor \u0219i a larvelor acestora. Interven\u021biile sunt programate \u00een perioada 2-7 septembrie. Opera\u021biunile vor avea loc pe timpul nop\u021bii, \u00eentre orele 22 \u0219i 06, pentru a reduce disconfortul pentru locuitori. Se recomand\u0103 evitarea zonelor de ac\u0163iune a utilajelor \u00een&#8230;                    \t<br \/><a href=\"https:\/\/debanat.ro\/2026\/08\/primaria-timisoara-reia-actiunile-de-dezinsectie-terestra_475533.html\" class=\"read_more\" title=\"Permanent Link to Prim\u0103ria Timi\u0219oara reia ac\u021biunile de dezinsec\u021bie terestr\u0103\">Cite\u015fte tot articolul<\/a><img decoding=\"async\" alt=\"Citeste articolul Prim\u0103ria Timi\u0219oara reia ac\u021biunile de dezinsec\u021bie terestr\u0103\" src=\"https:\/\/cdn.debanat.ro\/wp-content\/themes\/debanat\/images\/arr_red.png\"><\/div>\n<article class=\"has-thumbnail post-475525 post type-post status-publish format-standard has-post-thumbnail hentry category-primaria-timisoara-administratie category-sport tag-instalare-gazon-stadion-lego tag-stadionul-lego-timisoara content-print\">\n<div class=\"full_img\">\n<div class=\"entry-thumbnail\"><a href=\"https:\/\/debanat.ro\/2026\/08\/stadionul-lego-asteapta-instalarea-gazonului-video_475525.html\" title=\"Permalink to Stadionul LEGO a\u0219teapt\u0103 instalarea gazonului\/VIDEO\" rel=\"bookmark\"><img decoding=\"async\" width=\"209\" height=\"130\" src=\"https:\/\/cdn.debanat.ro\/wp-content\/uploads\/2026\/08\/gason-209x130.jpg\" class=\"attachment-hp_art_trei size-hp_art_trei wp-post-image\" alt loading=\"lazy\"><\/a><\/div>\n<div class=\"entry-meta\">\n\t                        30 august 2026\n\t                        \t                        <\/div>\n<h2 class=\"entry-title\"><a href=\"https:\/\/debanat.ro\/2026\/08\/stadionul-lego-asteapta-instalarea-gazonului-video_475525.html\" title=\"Permalink to Stadionul LEGO a\u0219teapt\u0103 instalarea gazonului\/VIDEO\" rel=\"bookmark\"><br \/>\n                        \t\t\t\t\t\t\t\t\t\t\tStadionul LEGO a\u0219teapt\u0103 instalarea gazonului\/VIDEO\t\t\t\t\t\t\t\t                        \t<\/a><\/h2>\n<div class=\"entry-meta\">\n<p>                    \t\tde:\t                                <a href=\"https:\/\/debanat.ro\/author\/hoster\" rel=\"author\">Marcel Hoster<\/a><\/div>\n<\/div>\n<\/article>\n<article class=\"has-thumbnail post-475515 post type-post status-publish format-standard has-post-thumbnail hentry category-administratie category-primaria-timisoara-administratie category-ultima-ora tag-dominic-fritz tag-scandal-realitatea-plus-pahontu content-print\">\n<div class=\"full_img\">\n<div class=\"entry-thumbnail\"><a href=\"https:\/\/debanat.ro\/2026\/08\/dominic-fritz-in-conflict-cu-o-televiziune-bucuresteana-care-il-acuza-de-implicare-in-ancheta-pahontu-video_475515.html\" title=\"Permalink to Dominic Fritz, \u00een conflict cu o televiziune bucure\u0219tean\u0103 care \u00eel acuz\u0103 de implicare \u00een ancheta Pahon\u021bu\/VIDEO\" rel=\"bookmark\"><img decoding=\"async\" width=\"209\" height=\"130\" src=\"https:\/\/cdn.debanat.ro\/wp-content\/uploads\/2026\/08\/fritrealitatea-209x130.jpg\" class=\"attachment-hp_art_trei size-hp_art_trei wp-post-image\" alt loading=\"lazy\"><\/a><\/div>\n<div class=\"entry-meta\">\n\t                        29 august 2026\n\t                        \t                        <\/div>\n<h2 class=\"entry-title\"><a href=\"https:\/\/debanat.ro\/2026\/08\/dominic-fritz-in-conflict-cu-o-televiziune-bucuresteana-care-il-acuza-de-implicare-in-ancheta-pahontu-video_475515.html\" title=\"Permalink to Dominic Fritz, \u00een conflict cu o televiziune bucure\u0219tean\u0103 care \u00eel acuz\u0103 de implicare \u00een ancheta Pahon\u021bu\/VIDEO\" rel=\"bookmark\"><br \/>\n                        \t\t\t\t\t\t\t\t\t\t\tDominic Fritz, \u00een conflict cu o televiziune bucure\u0219tean\u0103 care \u00eel acuz\u0103 de implicare \u00een ancheta Pahon\u021bu\/VIDEO\t\t\t\t\t\t\t\t                        \t<\/a><\/h2>\n<div class=\"entry-meta\">\n<p>                    \t\tde:\t                                <a href=\"https:\/\/debanat.ro\/author\/hoster\" rel=\"author\">Marcel Hoster<\/a><\/div>\n<\/div>\n<\/article>\n<article class=\"has-thumbnail post-475476 post type-post status-publish format-standard has-post-thumbnail hentry category-primaria-timisoara-administratie category-ultima-ora tag-amendamentul-fritz tag-fritz-isi-pierde-mandatul tag-fritz-merge-la-cedo tag-nicusor-dan-a-promulgat-legea-ani content-print\">\n<div class=\"full_img\">\n<div class=\"entry-thumbnail\"><a href=\"https:\/\/debanat.ro\/2026\/08\/nicusor-dan-a-promulgat-legea-ani-dominic-fritz-isi-pierde-mandatul-de-primar-al-timisoarei-in-30-de-zile_475476.html\" title=\"Permalink to Nicu\u0219or Dan a promulgat Legea ANI: Dominic Fritz \u00ee\u0219i pierde mandatul de primar al Timi\u0219oarei \u00een 30 de zile\" rel=\"bookmark\"><img decoding=\"async\" width=\"209\" height=\"130\" src=\"https:\/\/cdn.debanat.ro\/wp-content\/uploads\/2019\/09\/fritzi-209x130.jpg\" class=\"attachment-hp_art_trei size-hp_art_trei wp-post-image\" alt loading=\"lazy\"><\/a><\/div>\n<div class=\"entry-meta\">\n\t                        28 august 2026\n\t                        \t                        <\/div>\n<h2 class=\"entry-title\"><a href=\"https:\/\/debanat.ro\/2026\/08\/nicusor-dan-a-promulgat-legea-ani-dominic-fritz-isi-pierde-mandatul-de-primar-al-timisoarei-in-30-de-zile_475476.html\" title=\"Permalink to Nicu\u0219or Dan a promulgat Legea ANI: Dominic Fritz \u00ee\u0219i pierde mandatul de primar al Timi\u0219oarei \u00een 30 de zile\" rel=\"bookmark\"><br \/>\n                        \t\t\t\t\t\t\t\t\t\t\tNicu\u0219or Dan a promulgat Legea ANI: Dominic Fritz \u00ee\u0219i pierde mandatul de primar al Timi\u0219oarei \u00een 30 de zile\t\t\t\t\t\t\t\t                        \t<\/a><\/h2>\n<div class=\"entry-meta\">\n<p>                    \t\tde:\t                                <a href=\"https:\/\/debanat.ro\/author\/vlad-stoian\" rel=\"author\">Vlad Stoian<\/a><\/div>\n<\/div>\n<\/article>\n<article class=\"has-thumbnail post-475457 post type-post status-publish format-standard has-post-thumbnail hentry category-primaria-timisoara-administratie tag-pasaj-polona-reabilitare tag-ruben-latcau content-print\">\n<div class=\"full_img\">\n<div class=\"entry-thumbnail\"><a href=\"https:\/\/debanat.ro\/2026\/08\/ritm-de-lucru-bun-la-reabilitarea-pasajului-peste-calea-ferata-de-la-strada-polona-se-asteapta-avizul-cfr-pentru-un-drum-provizoriu-video_475457.html\" title=\"Permalink to Ritm de lucru bun la pasajul de la strada Polon\u0103. Se a\u0219teapt\u0103 avizul CFR pentru un drum provizoriu\/VIDEO\" rel=\"bookmark\"><img decoding=\"async\" width=\"209\" height=\"130\" src=\"https:\/\/cdn.debanat.ro\/wp-content\/uploads\/2026\/07\/pasajul-polona-slavici-209x130.jpg\" class=\"attachment-hp_art_trei size-hp_art_trei wp-post-image\" alt loading=\"lazy\"><\/a><\/div>\n<div class=\"entry-meta\">\n\t                        28 august 2026\n\t                        \t                        <\/div>\n<h2 class=\"entry-title\"><a href=\"https:\/\/debanat.ro\/2026\/08\/ritm-de-lucru-bun-la-reabilitarea-pasajului-peste-calea-ferata-de-la-strada-polona-se-asteapta-avizul-cfr-pentru-un-drum-provizoriu-video_475457.html\" title=\"Permalink to Ritm de lucru bun la pasajul de la strada Polon\u0103. Se a\u0219teapt\u0103 avizul CFR pentru un drum provizoriu\/VIDEO\" rel=\"bookmark\"><br \/>\n                        \t\t\t\t\t\t\t\t\t\t\tRitm de lucru bun la pasajul de la strada Polon\u0103. Se a\u0219teapt\u0103 avizul CFR pentru un drum provizoriu\/VIDEO\t\t\t\t\t\t\t\t                        \t<\/a><\/h2>\n<div class=\"entry-meta\">\n<p>                    \t\tde:\t                                <a href=\"https:\/\/debanat.ro\/author\/hoster\" rel=\"author\">Marcel Hoster<\/a><\/div>\n<\/div>\n<\/article>\n<article class=\"has-thumbnail post-475454 post type-post status-publish format-standard has-post-thumbnail hentry category-administratie category-primaria-timisoara-administratie tag-refacere-a-carosabilului-pe-bulevardul-liviu-rebreanu tag-restrictii-rebreanu tag-sdm tag-strada-drubeta-si-calea-martirilor tag-tronsonul-rebreanu-averescu content-print\">\n<div class=\"full_img\">\n<div class=\"entry-thumbnail\"><a href=\"https:\/\/debanat.ro\/2026\/08\/lucrarile-de-pe-bulevardul-rebreanu-aduc-mai-multe-restrictii-in-circulatia-rutiera_475454.html\" title=\"Permalink to Lucr\u0103rile de pe bulevardul Rebreanu aduc mai multe restric\u021bii \u00een circula\u021bia rutier\u0103\" rel=\"bookmark\"><img decoding=\"async\" width=\"209\" height=\"130\" src=\"https:\/\/cdn.debanat.ro\/wp-content\/uploads\/2026\/07\/753583352_1254020181124607_8074400401929328809_n-209x130.jpg\" class=\"attachment-hp_art_trei size-hp_art_trei wp-post-image\" alt loading=\"lazy\"><\/a><\/div>\n<div class=\"entry-meta\">\n\t                        28 august 2026\n\t                        \t                        <\/div>\n<h2 class=\"entry-title\"><a href=\"https:\/\/debanat.ro\/2026\/08\/lucrarile-de-pe-bulevardul-rebreanu-aduc-mai-multe-restrictii-in-circulatia-rutiera_475454.html\" title=\"Permalink to Lucr\u0103rile de pe bulevardul Rebreanu aduc mai multe restric\u021bii \u00een circula\u021bia rutier\u0103\" rel=\"bookmark\"><br \/>\n                        \t\t\t\t\t\t\t\t\t\t\tLucr\u0103rile de pe bulevardul Rebreanu aduc mai multe restric\u021bii \u00een circula\u021bia rutier\u0103\t\t\t\t\t\t\t\t                        \t<\/a><\/h2>\n<div class=\"entry-meta\">\n<p>                    \t\tde:\t                                <a href=\"https:\/\/debanat.ro\/author\/hoster\" rel=\"author\">Marcel Hoster<\/a><\/div>\n<\/div>\n<\/article>\n<article class=\"post-475451 post type-post status-publish format-standard hentry category-administratie category-primaria-timisoara-administratie tag-bani-pentru-timisoara tag-campus-dual tag-fritz-pnnr tag-latcau tag-timisoara-duce-la-final-proiectul-pnrr content-print\">\n<div class=\"full_img\">\n<div class=\"entry-meta\">\n\t                        28 august 2026\n\t                        \t                        <\/div>\n<h2 class=\"entry-title\"><a href=\"https:\/\/debanat.ro\/2026\/08\/timisoara-duce-la-final-proiectul-pnrr-o-suta-de-milioane-de-euro-atrasi-proiecte-reusite-si-proiecte-esuate_475451.html\" title=\"Permalink to Timi\u0219oara duce la final proiectul PNRR. O sut\u0103 de milioane de euro atra\u0219i, proiecte reu\u0219ite \u0219i proiecte e\u0219uate\" rel=\"bookmark\"><br \/>\n                        \t\t\t\t\t\t\t\t\t\t\tTimi\u0219oara duce la final proiectul PNRR. O sut\u0103 de milioane de euro atra\u0219i, proiecte reu\u0219ite \u0219i proiecte e\u0219uate\t\t\t\t\t\t\t\t                        \t<\/a><\/h2>\n<div class=\"entry-meta\">\n<p>                    \t\tde:\t                                <a href=\"https:\/\/debanat.ro\/author\/hoster\" rel=\"author\">Marcel Hoster<\/a><\/div>\n<\/div>\n<\/article>\n<article class=\"has-thumbnail post-475481 post type-post status-publish format-standard has-post-thumbnail hentry category-politica tag-dominic-fritz-post-legea-ani content-print\">\n<div class=\"entry-thumbnail fixed\"><a href=\"https:\/\/debanat.ro\/2026\/08\/dominic-fritz-continua-lupta-si-dupa-pierderea-mandatului-de-primar-eu-raman-timisorean_475481.html\" title=\"Permalink to Dominic Fritz continu\u0103 lupta \u0219i dup\u0103 pierderea mandatului de primar: \u201dEu r\u0103m\u00e2n timi\u0219orean\u201d\" rel=\"bookmark\"><img decoding=\"async\" width=\"700\" height=\"435\" src=\"https:\/\/cdn.debanat.ro\/wp-content\/uploads\/2026\/07\/Fritz-USR-700x435.png\" class=\"attachment-hp_article_big size-hp_article_big wp-post-image\" alt loading=\"lazy\"><\/a><\/div>\n<div class=\"post-inner\">\n<header class=\"entry-header\">\n<h2 class=\"entry-title\"><a href=\"https:\/\/debanat.ro\/2026\/08\/dominic-fritz-continua-lupta-si-dupa-pierderea-mandatului-de-primar-eu-raman-timisorean_475481.html\" title=\"Permalink to Dominic Fritz continu\u0103 lupta \u0219i dup\u0103 pierderea mandatului de primar: \u201dEu r\u0103m\u00e2n timi\u0219orean\u201d\" rel=\"bookmark\"><br \/>\n                        \t\t\t\t\t\t\t\t\t\t\tDominic Fritz continu\u0103 lupta \u0219i dup\u0103 pierderea mandatului de primar: \u201dEu r\u0103m\u00e2n timi\u0219orean\u201d\t\t\t\t\t\t\t\t                        \t<\/a><\/h2>\n<div class=\"entry-meta entry-meta-top\">\n\t                        28 august 2026<br \/>\n\t                        de:\t                                <a href=\"https:\/\/debanat.ro\/author\/hoster\" rel=\"author\">Marcel Hoster<\/a><\/div>\n<\/header>\n<div class=\"entry-content\">\n                    \tLa scurt timp dup\u0103 ce Legea ANI a fost publicat\u0103, principalul vizat de amendamentul pierderii mandatului inclus \u00een actul legislativ, Dominic Fritz, ne anun\u021b\u0103 c\u0103 nu se las\u0103 \u0219i r\u0103m\u00e2ne la Timi\u0219oara, dar \u0219i pre\u0219edinte al USR. Din septembrie, conducerea prim\u0103riei va fi preluat\u0103 de cei doi viceprimari, mai subliniaz\u0103 acesta. \u00cen ceea ce prive\u0219te&#8230;                    \t<br \/><a href=\"https:\/\/debanat.ro\/2026\/08\/dominic-fritz-continua-lupta-si-dupa-pierderea-mandatului-de-primar-eu-raman-timisorean_475481.html\" class=\"read_more\" title=\"Permanent Link to Dominic Fritz continu\u0103 lupta \u0219i dup\u0103 pierderea mandatului de primar: \u201dEu r\u0103m\u00e2n timi\u0219orean\u201d\">Cite\u015fte tot articolul<\/a><img decoding=\"async\" alt=\"Citeste articolul Dominic Fritz continu\u0103 lupta \u0219i dup\u0103 pierderea mandatului de primar: \u201dEu r\u0103m\u00e2n timi\u0219orean\u201d\" src=\"https:\/\/cdn.debanat.ro\/wp-content\/themes\/debanat\/images\/arr_red.png\"><\/div>\n<footer class=\"entry-meta entry-meta-bottom\"><span class=\"tags-links\"><br \/>\n\t\t                    Etichete: <a href=\"https:\/\/debanat.ro\/stiri-despre\/dominic-fritz-post-legea-ani\" rel=\"tag\">dominic fritz post legea ani<\/a><\/span><\/footer>\n<\/div>\n<\/article>\n<div class=\"entry-content\">\n                    \tLa scurt timp dup\u0103 ce Legea ANI a fost publicat\u0103, principalul vizat de amendamentul pierderii mandatului inclus \u00een actul legislativ, Dominic Fritz, ne anun\u021b\u0103 c\u0103 nu se las\u0103 \u0219i r\u0103m\u00e2ne la Timi\u0219oara, dar \u0219i pre\u0219edinte al USR. Din septembrie, conducerea prim\u0103riei va fi preluat\u0103 de cei doi viceprimari, mai subliniaz\u0103 acesta. \u00cen ceea ce prive\u0219te&#8230;                    \t<br \/><a href=\"https:\/\/debanat.ro\/2026\/08\/dominic-fritz-continua-lupta-si-dupa-pierderea-mandatului-de-primar-eu-raman-timisorean_475481.html\" class=\"read_more\" title=\"Permanent Link to Dominic Fritz continu\u0103 lupta \u0219i dup\u0103 pierderea mandatului de primar: \u201dEu r\u0103m\u00e2n timi\u0219orean\u201d\">Cite\u015fte tot articolul<\/a><img decoding=\"async\" alt=\"Citeste articolul Dominic Fritz continu\u0103 lupta \u0219i dup\u0103 pierderea mandatului de primar: \u201dEu r\u0103m\u00e2n timi\u0219orean\u201d\" src=\"https:\/\/cdn.debanat.ro\/wp-content\/themes\/debanat\/images\/arr_red.png\"><\/div>\n<article class=\"has-thumbnail post-475478 post type-post status-publish format-standard has-post-thumbnail hentry category-politica tag-alianta-pnl-usr tag-alin-popoviciu content-print\">\n<div class=\"full_img\">\n<div class=\"entry-thumbnail\"><a href=\"https:\/\/debanat.ro\/2026\/08\/popoviciu-neaga-existenta-unor-discutii-pnl-usr-pentru-sustinerea-unui-candidat-din-partea-ultimei-formatiuni-pentru-functia-de-primar_475478.html\" title=\"Permalink to Popoviciu neag\u0103 existen\u021ba unor discu\u021bii PNL \u2013 USR pentru sus\u021binerea unui candidat din partea ultimei forma\u021biuni pentru func\u021bia de primar\" rel=\"bookmark\"><img decoding=\"async\" width=\"209\" height=\"130\" src=\"https:\/\/cdn.debanat.ro\/wp-content\/uploads\/2025\/11\/Alin-Popoviciu-209x130.png\" class=\"attachment-hp_art_trei size-hp_art_trei wp-post-image\" alt loading=\"lazy\"><\/a><\/div>\n<div class=\"entry-meta\">\n\t                        28 august 2026\n\t                        \t                        <\/div>\n<h2 class=\"entry-title\"><a href=\"https:\/\/debanat.ro\/2026\/08\/popoviciu-neaga-existenta-unor-discutii-pnl-usr-pentru-sustinerea-unui-candidat-din-partea-ultimei-formatiuni-pentru-functia-de-primar_475478.html\" title=\"Permalink to Popoviciu neag\u0103 existen\u021ba unor discu\u021bii PNL \u2013 USR pentru sus\u021binerea unui candidat din partea ultimei forma\u021biuni pentru func\u021bia de primar\" rel=\"bookmark\"><br \/>\n                        \t\t\t\t\t\t\t\t\t\t\tPopoviciu neag\u0103 existen\u021ba unor discu\u021bii PNL \u2013 USR pentru sus\u021binerea unui candidat din partea ultimei forma\u021biuni pentru func\u021bia de primar\t\t\t\t\t\t\t\t                        \t<\/a><\/h2>\n<div class=\"entry-meta\">\n<p>                    \t\tde:\t                                <a href=\"https:\/\/debanat.ro\/author\/hoster\" rel=\"author\">Marcel Hoster<\/a><\/div>\n<\/div>\n<\/article>\n<article class=\"has-thumbnail post-475271 post type-post status-publish format-standard has-post-thumbnail hentry category-politica tag-amendamentul-fritz tag-legea-ani tag-sorin-sipos tag-usr content-print\">\n<div class=\"full_img\">\n<div class=\"entry-thumbnail\"><a href=\"https:\/\/debanat.ro\/2026\/08\/usr-a-depus-o-noua-lege-ani-fara-amendamentul-fritz-sorin-sipos-face-apel-la-parlamentari-sa-voteze-o-forma-curata-a-legii_475271.html\" title=\"Permalink to USR a depus o nou\u0103 Lege ANI, f\u0103r\u0103 \u201camendamentul Fritz\u201d. Sorin \u015eipo\u015f face apel la parlamentari s\u0103 voteze o \u201cform\u0103 curat\u0103\u201d a legii\" rel=\"bookmark\"><img decoding=\"async\" width=\"209\" height=\"130\" src=\"https:\/\/cdn.debanat.ro\/wp-content\/uploads\/2025\/11\/Foto_Sorin_Sipos1-209x130.jpeg\" class=\"attachment-hp_art_trei size-hp_art_trei wp-post-image\" alt loading=\"lazy\"><\/a><\/div>\n<div class=\"entry-meta\">\n\t                        25 august 2026\n\t                        \t                        <\/div>\n<h2 class=\"entry-title\"><a href=\"https:\/\/debanat.ro\/2026\/08\/usr-a-depus-o-noua-lege-ani-fara-amendamentul-fritz-sorin-sipos-face-apel-la-parlamentari-sa-voteze-o-forma-curata-a-legii_475271.html\" title=\"Permalink to USR a depus o nou\u0103 Lege ANI, f\u0103r\u0103 \u201camendamentul Fritz\u201d. Sorin \u015eipo\u015f face apel la parlamentari s\u0103 voteze o \u201cform\u0103 curat\u0103\u201d a legii\" rel=\"bookmark\"><br \/>\n                        \t\t\t\t\t\t\t\t\t\t\tUSR a depus o nou\u0103 Lege ANI, f\u0103r\u0103 \u201camendamentul Fritz\u201d. Sorin \u015eipo\u015f face apel la parlamentari s\u0103 voteze o \u201cform\u0103 curat\u0103\u201d a legii\t\t\t\t\t\t\t\t                        \t<\/a><\/h2>\n<div class=\"entry-meta\">\n<p>                    \t\tde:\t                                <a href=\"https:\/\/debanat.ro\/author\/alex-nestor\" rel=\"author\">Alex Nestor<\/a><\/div>\n<\/div>\n<\/article>\n<article class=\"has-thumbnail post-475219 post type-post status-publish format-standard has-post-thumbnail hentry category-politica tag-amendamentul-fritz tag-comisia-europeana tag-parlamentul-european tag-pnrr content-print\">\n<div class=\"full_img\">\n<div class=\"entry-thumbnail\"><a href=\"https:\/\/debanat.ro\/2026\/08\/amendamentul-fritz-ajunge-in-parlamentul-european-doua-mari-grupuri-din-ue-cer-comisiei-europene-sa-blocheze-fondurile-din-pnrr-pentru-romania_475219.html\" title=\"Permalink to \u201cAmendamentul Fritz\u201d ajunge \u00een Parlamentul European. Dou\u0103 mari grupuri din UE cer Comisiei Europene s\u0103 blocheze fondurile din PNRR pentru Rom\u00e2nia\" rel=\"bookmark\"><img decoding=\"async\" width=\"209\" height=\"130\" src=\"https:\/\/cdn.debanat.ro\/wp-content\/uploads\/2019\/05\/Parlamentul-European-209x130.jpg\" class=\"attachment-hp_art_trei size-hp_art_trei wp-post-image\" alt=\"Parlamentul European\" loading=\"lazy\"><\/a><\/div>\n<div class=\"entry-meta\">\n\t                        25 august 2026\n\t                        \t                        <\/div>\n<h2 class=\"entry-title\"><a href=\"https:\/\/debanat.ro\/2026\/08\/amendamentul-fritz-ajunge-in-parlamentul-european-doua-mari-grupuri-din-ue-cer-comisiei-europene-sa-blocheze-fondurile-din-pnrr-pentru-romania_475219.html\" title=\"Permalink to \u201cAmendamentul Fritz\u201d ajunge \u00een Parlamentul European. Dou\u0103 mari grupuri din UE cer Comisiei Europene s\u0103 blocheze fondurile din PNRR pentru Rom\u00e2nia\" rel=\"bookmark\"><br \/>\n                        \t\t\t\t\t\t\t\t\t\t\t\u201cAmendamentul Fritz\u201d ajunge \u00een Parlamentul European. Dou\u0103 mari grupuri din UE cer Comisiei Europene s\u0103 blocheze fondurile din PNRR pentru Rom\u00e2nia\t\t\t\t\t\t\t\t                        \t<\/a><\/h2>\n<div class=\"entry-meta\">\n<p>                    \t\tde:\t                                <a href=\"https:\/\/debanat.ro\/author\/alex-nestor\" rel=\"author\">Alex Nestor<\/a><\/div>\n<\/div>\n<\/article>\n<article class=\"has-thumbnail post-475214 post type-post status-publish format-standard has-post-thumbnail hentry category-politica tag-camera-deputatilor tag-comisia-europeana tag-dominic-fritz tag-legea-ani tag-reactie content-print\">\n<div class=\"full_img\">\n<div class=\"entry-thumbnail\"><a href=\"https:\/\/debanat.ro\/2026\/08\/legea-ani-a-trecut-prin-camera-deputatilor-reactia-lui-fritz-sunt-sigur-ca-nu-va-accepta-comisia-europeana-sa-premieze-o-astfel-de-monstruozitate-abuziva_475214.html\" title=\"Permalink to Legea ANI a trecut prin Camera Deputa\u0163ilor. Reac\u0163ia lui Fritz: \u201cSunt sigur c\u0103 nu va accepta Comisia European\u0103 s\u0103 premieze o astfel de monstruozitate abuziv\u0103\u201d\" rel=\"bookmark\"><img decoding=\"async\" width=\"209\" height=\"130\" src=\"https:\/\/cdn.debanat.ro\/wp-content\/uploads\/2026\/06\/parlament-209x130.png\" class=\"attachment-hp_art_trei size-hp_art_trei wp-post-image\" alt loading=\"lazy\"><\/a><\/div>\n<div class=\"entry-meta\">\n\t                        24 august 2026\n\t                        \t                        <\/div>\n<h2 class=\"entry-title\"><a href=\"https:\/\/debanat.ro\/2026\/08\/legea-ani-a-trecut-prin-camera-deputatilor-reactia-lui-fritz-sunt-sigur-ca-nu-va-accepta-comisia-europeana-sa-premieze-o-astfel-de-monstruozitate-abuziva_475214.html\" title=\"Permalink to Legea ANI a trecut prin Camera Deputa\u0163ilor. Reac\u0163ia lui Fritz: \u201cSunt sigur c\u0103 nu va accepta Comisia European\u0103 s\u0103 premieze o astfel de monstruozitate abuziv\u0103\u201d\" rel=\"bookmark\"><br \/>\n                        \t\t\t\t\t\t\t\t\t\t\tLegea ANI a trecut prin Camera Deputa\u0163ilor. Reac\u0163ia lui Fritz: \u201cSunt sigur c\u0103 nu va accepta Comisia European\u0103 s\u0103 premieze o astfel de monstruozitate abuziv\u0103\u201d\t\t\t\t\t\t\t\t                        \t<\/a><\/h2>\n<div class=\"entry-meta\">\n<p>                    \t\tde:\t                                <a href=\"https:\/\/debanat.ro\/author\/ino-ardelean\" rel=\"author\">Ino Ardelean<\/a><\/div>\n<\/div>\n<\/article>\n<article class=\"has-thumbnail post-475124 post type-post status-publish format-standard has-post-thumbnail hentry category-politica tag-calin-georgescu tag-initiativa-timisoara tag-miting content-print\">\n<div class=\"full_img\">\n<div class=\"entry-thumbnail\"><a href=\"https:\/\/debanat.ro\/2026\/08\/asa-arata-patriotii-lui-calin-georgescu-instigatorii-care-au-incercat-sa-faca-scandal-la-timisoara-au-fost-alaturi-de-guru-la-arad_475124.html\" title=\"Permalink to A\u015fa arat\u0103 \u201epatrio\u0163ii\u201d lui C\u0103lin Georgescu! Instigatorii care au \u00eencercat s\u0103 fac\u0103 scandal la Timi\u015foara au fost al\u0103turi de \u201cGuru\u201d la Arad\" rel=\"bookmark\"><img decoding=\"async\" width=\"209\" height=\"130\" src=\"https:\/\/cdn.debanat.ro\/wp-content\/uploads\/2026\/08\/783799418_28107568828876071_4912174475683022578_n-209x130.jpg\" class=\"attachment-hp_art_trei size-hp_art_trei wp-post-image\" alt loading=\"lazy\"><\/a><\/div>\n<div class=\"entry-meta\">\n\t                        24 august 2026\n\t                        \t                        <\/div>\n<h2 class=\"entry-title\"><a href=\"https:\/\/debanat.ro\/2026\/08\/asa-arata-patriotii-lui-calin-georgescu-instigatorii-care-au-incercat-sa-faca-scandal-la-timisoara-au-fost-alaturi-de-guru-la-arad_475124.html\" title=\"Permalink to A\u015fa arat\u0103 \u201epatrio\u0163ii\u201d lui C\u0103lin Georgescu! Instigatorii care au \u00eencercat s\u0103 fac\u0103 scandal la Timi\u015foara au fost al\u0103turi de \u201cGuru\u201d la Arad\" rel=\"bookmark\"><br \/>\n                        \t\t\t\t\t\t\t\t\t\t\tA\u015fa arat\u0103 \u201epatrio\u0163ii\u201d lui C\u0103lin Georgescu! Instigatorii care au \u00eencercat s\u0103 fac\u0103 scandal la Timi\u015foara au fost al\u0103turi de \u201cGuru\u201d la Arad\t\t\t\t\t\t\t\t                        \t<\/a><\/h2>\n<div class=\"entry-meta\">\n<p>                    \t\tde:\t                                <a href=\"https:\/\/debanat.ro\/author\/alex-nestor\" rel=\"author\">Alex Nestor<\/a><\/div>\n<\/div>\n<\/article>\n<article class=\"has-thumbnail post-475018 post type-post status-publish format-standard has-post-thumbnail hentry category-politica category-politicieni category-ultima-ora tag-aleksandra-sofronijievic tag-aleksandra-sofronijievic-si-radu-miruta tag-intalniri-bilaterale tag-radu-miruta tag-romania-si-serbia-prin-timisoara content-print\">\n<div class=\"full_img\">\n<div class=\"entry-thumbnail\"><a href=\"https:\/\/debanat.ro\/2026\/08\/intalnire-ministeriala-romano-sarba-autostrada-timisoara-belgrad-mai-departe-transport-feroviar-in-scurt-timp_475018.html\" title=\"Permalink to \u00cent\u00e2lnire ministerial\u0103 rom\u00e2no-s\u00e2rb\u0103. Autostrada Timi\u0219oara \u2013 Belgrad, mai departe, transport feroviar in scurt timp\" rel=\"bookmark\"><img decoding=\"async\" width=\"209\" height=\"130\" src=\"https:\/\/cdn.debanat.ro\/wp-content\/uploads\/2026\/08\/7-3-209x130.jpg\" class=\"attachment-hp_art_trei size-hp_art_trei wp-post-image\" alt loading=\"lazy\"><\/a><\/div>\n<div class=\"entry-meta\">\n\t                        21 august 2026\n\t                        \t                        <\/div>\n<h2 class=\"entry-title\"><a href=\"https:\/\/debanat.ro\/2026\/08\/intalnire-ministeriala-romano-sarba-autostrada-timisoara-belgrad-mai-departe-transport-feroviar-in-scurt-timp_475018.html\" title=\"Permalink to \u00cent\u00e2lnire ministerial\u0103 rom\u00e2no-s\u00e2rb\u0103. Autostrada Timi\u0219oara \u2013 Belgrad, mai departe, transport feroviar in scurt timp\" rel=\"bookmark\"><br \/>\n                        \t\t\t\t\t\t\t\t\t\t\t\u00cent\u00e2lnire ministerial\u0103 rom\u00e2no-s\u00e2rb\u0103. Autostrada Timi\u0219oara \u2013 Belgrad, mai departe, transport feroviar in scurt timp\t\t\t\t\t\t\t\t                        \t<\/a><\/h2>\n<div class=\"entry-meta\">\n<p>                    \t\tde:\t                                <a href=\"https:\/\/debanat.ro\/author\/hoster\" rel=\"author\">Marcel Hoster<\/a><\/div>\n<\/div>\n<\/article>\n<article class=\"has-thumbnail post-475525 post type-post status-publish format-standard has-post-thumbnail hentry category-primaria-timisoara-administratie category-sport tag-instalare-gazon-stadion-lego tag-stadionul-lego-timisoara content-print\">\n<div class=\"entry-thumbnail fixed\"><a href=\"https:\/\/debanat.ro\/2026\/08\/stadionul-lego-asteapta-instalarea-gazonului-video_475525.html\" title=\"Permalink to Stadionul LEGO a\u0219teapt\u0103 instalarea gazonului\/VIDEO\" rel=\"bookmark\"><img decoding=\"async\" width=\"700\" height=\"435\" src=\"https:\/\/cdn.debanat.ro\/wp-content\/uploads\/2026\/08\/gason-700x435.jpg\" class=\"attachment-hp_article_big size-hp_article_big wp-post-image\" alt loading=\"lazy\"><\/a><\/div>\n<div class=\"post-inner\">\n<header class=\"entry-header\">\n<h2 class=\"entry-title\"><a href=\"https:\/\/debanat.ro\/2026\/08\/stadionul-lego-asteapta-instalarea-gazonului-video_475525.html\" title=\"Permalink to Stadionul LEGO a\u0219teapt\u0103 instalarea gazonului\/VIDEO\" rel=\"bookmark\"><br \/>\n                        \t\t\t\t\t\t\t\t\t\t\tStadionul LEGO a\u0219teapt\u0103 instalarea gazonului\/VIDEO\t\t\t\t\t\t\t\t                        \t<\/a><\/h2>\n<div class=\"entry-meta entry-meta-top\">\n\t                        30 august 2026<br \/>\n\t                        de:\t                                <a href=\"https:\/\/debanat.ro\/author\/hoster\" rel=\"author\">Marcel Hoster<\/a><\/div>\n<\/header>\n<div class=\"entry-content\">\n                    \tPrim\u0103ria Timi\u0219oara a f\u0103cut publice o serie de imagini noi de pe stadionul LEGO din Calea Buzia\u0219ului. Cele mai noi informa\u021bii arat\u0103 c\u0103 viitoarea zon\u0103 de joc e preg\u0103tit\u0103 pentru instalarea gazonului. Pe stadion a fost \u00eencheiat\u0103 instalarea acoperi\u0219ului de deasupra tribunelor principale, dar \u0219i la peluze. Urmeaz\u0103 s\u0103 fie puse \u0219i jgheaburile \u0219i celelalte&#8230;                    \t<br \/><a href=\"https:\/\/debanat.ro\/2026\/08\/stadionul-lego-asteapta-instalarea-gazonului-video_475525.html\" class=\"read_more\" title=\"Permanent Link to Stadionul LEGO a\u0219teapt\u0103 instalarea gazonului\/VIDEO\">Cite\u015fte tot articolul<\/a><img decoding=\"async\" alt=\"Citeste articolul Stadionul LEGO a\u0219teapt\u0103 instalarea gazonului\/VIDEO\" src=\"https:\/\/cdn.debanat.ro\/wp-content\/themes\/debanat\/images\/arr_red.png\"><\/div>\n<footer class=\"entry-meta entry-meta-bottom\"><span class=\"tags-links\"><br \/>\n\t\t                    Etichete: <a href=\"https:\/\/debanat.ro\/stiri-despre\/instalare-gazon-stadion-lego\" rel=\"tag\">instalare gazon stadion lego<\/a>, <a href=\"https:\/\/debanat.ro\/stiri-despre\/stadionul-lego-timisoara\" rel=\"tag\">stadionul lego timisoara<\/a><\/span><\/footer>\n<\/div>\n<\/article>\n<div class=\"entry-content\">\n                    \tPrim\u0103ria Timi\u0219oara a f\u0103cut publice o serie de imagini noi de pe stadionul LEGO din Calea Buzia\u0219ului. Cele mai noi informa\u021bii arat\u0103 c\u0103 viitoarea zon\u0103 de joc e preg\u0103tit\u0103 pentru instalarea gazonului. Pe stadion a fost \u00eencheiat\u0103 instalarea acoperi\u0219ului de deasupra tribunelor principale, dar \u0219i la peluze. Urmeaz\u0103 s\u0103 fie puse \u0219i jgheaburile \u0219i celelalte&#8230;                    \t<br \/><a href=\"https:\/\/debanat.ro\/2026\/08\/stadionul-lego-asteapta-instalarea-gazonului-video_475525.html\" class=\"read_more\" title=\"Permanent Link to Stadionul LEGO a\u0219teapt\u0103 instalarea gazonului\/VIDEO\">Cite\u015fte tot articolul<\/a><img decoding=\"async\" alt=\"Citeste articolul Stadionul LEGO a\u0219teapt\u0103 instalarea gazonului\/VIDEO\" src=\"https:\/\/cdn.debanat.ro\/wp-content\/themes\/debanat\/images\/arr_red.png\"><\/div>\n<article class=\"has-thumbnail post-475527 post type-post status-publish format-standard has-post-thumbnail hentry category-sport tag-a-inceput-si-liga-3-seria-7-2026-2027 tag-deva-lider-in-c7 tag-poli-ii-pierde-cu-deva tag-sag-bate-la-ghiroda content-print\">\n<div class=\"full_img\">\n<div class=\"entry-thumbnail\"><a href=\"https:\/\/debanat.ro\/2026\/08\/a-inceput-si-liga-3-in-seria-7-deva-este-primul-lider-dupa-un-succes-cu-poli-ii-in-timp-ce-sagul-a-invins-surprinzator-la-ghiroda_475527.html\" title=\"Permalink to A \u00eenceput \u0219i Liga 3. \u00cen Seria 7, Deva este primul lider dup\u0103 un succes cu Poli II, \u00een timp ce \u0218agul a \u00eenvins surprinz\u0103tor la Ghiroda\" rel=\"bookmark\"><img decoding=\"async\" width=\"209\" height=\"130\" src=\"https:\/\/cdn.debanat.ro\/wp-content\/uploads\/2026\/08\/nera-bogodint-209x130.jpg\" class=\"attachment-hp_art_trei size-hp_art_trei wp-post-image\" alt loading=\"lazy\"><\/a><\/div>\n<div class=\"entry-meta\">\n\t                        30 august 2026\n\t                        \t                        <\/div>\n<h2 class=\"entry-title\"><a href=\"https:\/\/debanat.ro\/2026\/08\/a-inceput-si-liga-3-in-seria-7-deva-este-primul-lider-dupa-un-succes-cu-poli-ii-in-timp-ce-sagul-a-invins-surprinzator-la-ghiroda_475527.html\" title=\"Permalink to A \u00eenceput \u0219i Liga 3. \u00cen Seria 7, Deva este primul lider dup\u0103 un succes cu Poli II, \u00een timp ce \u0218agul a \u00eenvins surprinz\u0103tor la Ghiroda\" rel=\"bookmark\"><br \/>\n                        \t\t\t\t\t\t\t\t\t\t\tA \u00eenceput \u0219i Liga 3. \u00cen Seria 7, Deva este primul lider dup\u0103 un succes cu Poli II, \u00een timp ce \u0218agul a \u00eenvins surprinz\u0103tor la Ghiroda\t\t\t\t\t\t\t\t                        \t<\/a><\/h2>\n<div class=\"entry-meta\">\n<p>                    \t\tde:\t                                <a href=\"https:\/\/debanat.ro\/author\/daniel-neacsu\" rel=\"author\">Daniel Neac\u0219u<\/a><\/div>\n<\/div>\n<\/article>\n<article class=\"has-thumbnail post-475502 post type-post status-publish format-standard has-post-thumbnail hentry category-sport tag-csc-dumbravita-scm-rm-valcea-0-1 tag-dumbravita-este-pe-topogan tag-portarul-craciun-omul-meciului tag-vasile-constantin-gol-la-vinclu content-print\">\n<div class=\"full_img\">\n<div class=\"entry-thumbnail\"><a href=\"https:\/\/debanat.ro\/2026\/08\/dumbravita-este-pe-topogan-pierde-acasa-cu-o-nou-promovata-desi-a-avut-penalty-la-0-0_475502.html\" title=\"Permalink to Dumbr\u0103vi\u021ba este pe topogan! Pierde acas\u0103 cu o nou-promovat\u0103 de\u0219i a avut penalty la 0-0\" rel=\"bookmark\"><img decoding=\"async\" width=\"209\" height=\"130\" src=\"https:\/\/cdn.debanat.ro\/wp-content\/uploads\/2026\/08\/dumbravita-valcea-209x130.jpg\" class=\"attachment-hp_art_trei size-hp_art_trei wp-post-image\" alt loading=\"lazy\"><\/a><\/div>\n<div class=\"entry-meta\">\n\t                        29 august 2026\n\t                        \t                        <\/div>\n<h2 class=\"entry-title\"><a href=\"https:\/\/debanat.ro\/2026\/08\/dumbravita-este-pe-topogan-pierde-acasa-cu-o-nou-promovata-desi-a-avut-penalty-la-0-0_475502.html\" title=\"Permalink to Dumbr\u0103vi\u021ba este pe topogan! Pierde acas\u0103 cu o nou-promovat\u0103 de\u0219i a avut penalty la 0-0\" rel=\"bookmark\"><br \/>\n                        \t\t\t\t\t\t\t\t\t\t\tDumbr\u0103vi\u021ba este pe topogan! Pierde acas\u0103 cu o nou-promovat\u0103 de\u0219i a avut penalty la 0-0\t\t\t\t\t\t\t\t                        \t<\/a><\/h2>\n<div class=\"entry-meta\">\n<p>                    \t\tde:\t                                <a href=\"https:\/\/debanat.ro\/author\/daniel-neacsu\" rel=\"author\">Daniel Neac\u0219u<\/a><\/div>\n<\/div>\n<\/article>\n<article class=\"has-thumbnail post-475486 post type-post status-publish format-standard has-post-thumbnail hentry category-poli-timisoara category-sport tag-dan-alexa tag-eusebiu-tudor tag-meci-liga-2-etapa-5 tag-poli-asa tag-suporteri-alb-violeti content-print\">\n<div class=\"full_img\">\n<div class=\"entry-thumbnail\"><a href=\"https:\/\/debanat.ro\/2026\/08\/politehnica-timisoara-incearca-sa-isi-mentina-seria-pozitiva-in-fata-unui-adversar-dificil_475486.html\" title=\"Permalink to Politehnica Timi\u0219oara \u00eencearc\u0103 s\u0103 \u00ee\u0219i men\u021bin\u0103 seria pozitiv\u0103 \u00een fa\u021ba unui adversar dificil\" rel=\"bookmark\"><img decoding=\"async\" width=\"209\" height=\"130\" src=\"https:\/\/cdn.debanat.ro\/wp-content\/uploads\/2026\/08\/poli-2-209x130.jpg\" class=\"attachment-hp_art_trei size-hp_art_trei wp-post-image\" alt loading=\"lazy\"><\/a><\/div>\n<div class=\"entry-meta\">\n\t                        29 august 2026\n\t                        \t                        <\/div>\n<h2 class=\"entry-title\"><a href=\"https:\/\/debanat.ro\/2026\/08\/politehnica-timisoara-incearca-sa-isi-mentina-seria-pozitiva-in-fata-unui-adversar-dificil_475486.html\" title=\"Permalink to Politehnica Timi\u0219oara \u00eencearc\u0103 s\u0103 \u00ee\u0219i men\u021bin\u0103 seria pozitiv\u0103 \u00een fa\u021ba unui adversar dificil\" rel=\"bookmark\"><br \/>\n                        \t\t\t\t\t\t\t\t\t\t\tPolitehnica Timi\u0219oara \u00eencearc\u0103 s\u0103 \u00ee\u0219i men\u021bin\u0103 seria pozitiv\u0103 \u00een fa\u021ba unui adversar dificil\t\t\t\t\t\t\t\t                        \t<\/a><\/h2>\n<div class=\"entry-meta\">\n<p>                    \t\tde:\t                                <a href=\"https:\/\/debanat.ro\/author\/daniel-neacsu\" rel=\"author\">Daniel Neac\u0219u<\/a><\/div>\n<\/div>\n<\/article>\n<article class=\"has-thumbnail post-475509 post type-post status-publish format-standard has-post-thumbnail hentry category-social tag-control-groapa-de-gunoi content-print\">\n<div class=\"entry-thumbnail fixed\"><a href=\"https:\/\/debanat.ro\/2026\/08\/amenda-de-45-000-de-lei-in-urma-unui-control-realizat-de-garda-de-mediu-timis_475509.html\" title=\"Permalink to Amend\u0103 de 45.000 de lei, \u00een urma unui control realizat de Garda de Mediu Timi\u0219\" rel=\"bookmark\"><img decoding=\"async\" width=\"700\" height=\"435\" src=\"https:\/\/cdn.debanat.ro\/wp-content\/uploads\/2026\/08\/groapag1-700x435.jpg\" class=\"attachment-hp_article_big size-hp_article_big wp-post-image\" alt loading=\"lazy\"><\/a><\/div>\n<div class=\"post-inner\">\n<header class=\"entry-header\">\n<h2 class=\"entry-title\"><a href=\"https:\/\/debanat.ro\/2026\/08\/amenda-de-45-000-de-lei-in-urma-unui-control-realizat-de-garda-de-mediu-timis_475509.html\" title=\"Permalink to Amend\u0103 de 45.000 de lei, \u00een urma unui control realizat de Garda de Mediu Timi\u0219\" rel=\"bookmark\"><br \/>\n                        \t\t\t\t\t\t\t\t\t\t\tAmend\u0103 de 45.000 de lei, \u00een urma unui control realizat de Garda de Mediu Timi\u0219\t\t\t\t\t\t\t\t                        \t<\/a><\/h2>\n<div class=\"entry-meta entry-meta-top\">\n\t                        29 august 2026<br \/>\n\t                        de:\t                                <a href=\"https:\/\/debanat.ro\/author\/hoster\" rel=\"author\">Marcel Hoster<\/a><\/div>\n<\/header>\n<div class=\"entry-content\">\n                    \tGarda de Mediu Timi\u0219 a amendat o prim\u0103rie din jude\u021b pentru c\u0103 aceasta nu a respectat indica\u021biile date de institu\u021bie la un control precedent, prin care se cerea desfiin\u021barea unei gropi de gunoi \u0219i transportul de\u0219eurilor g\u0103site acolo c\u0103tre un operator autorizat pentru neutralizare. \u00cen urm\u0103 cu mai mult de o lun\u0103 fusese organizat un&#8230;                    \t<br \/><a href=\"https:\/\/debanat.ro\/2026\/08\/amenda-de-45-000-de-lei-in-urma-unui-control-realizat-de-garda-de-mediu-timis_475509.html\" class=\"read_more\" title=\"Permanent Link to Amend\u0103 de 45.000 de lei, \u00een urma unui control realizat de Garda de Mediu Timi\u0219\">Cite\u015fte tot articolul<\/a><img decoding=\"async\" alt=\"Citeste articolul Amend\u0103 de 45.000 de lei, \u00een urma unui control realizat de Garda de Mediu Timi\u0219\" src=\"https:\/\/cdn.debanat.ro\/wp-content\/themes\/debanat\/images\/arr_red.png\"><\/div>\n<footer class=\"entry-meta entry-meta-bottom\"><span class=\"tags-links\"><br \/>\n\t\t                    Etichete: <a href=\"https:\/\/debanat.ro\/stiri-despre\/control-groapa-de-gunoi\" rel=\"tag\">control groapa de gunoi<\/a><\/span><\/footer>\n<\/div>\n<\/article>\n<div class=\"entry-content\">\n                    \tGarda de Mediu Timi\u0219 a amendat o prim\u0103rie din jude\u021b pentru c\u0103 aceasta nu a respectat indica\u021biile date de institu\u021bie la un control precedent, prin care se cerea desfiin\u021barea unei gropi de gunoi \u0219i transportul de\u0219eurilor g\u0103site acolo c\u0103tre un operator autorizat pentru neutralizare. \u00cen urm\u0103 cu mai mult de o lun\u0103 fusese organizat un&#8230;                    \t<br \/><a href=\"https:\/\/debanat.ro\/2026\/08\/amenda-de-45-000-de-lei-in-urma-unui-control-realizat-de-garda-de-mediu-timis_475509.html\" class=\"read_more\" title=\"Permanent Link to Amend\u0103 de 45.000 de lei, \u00een urma unui control realizat de Garda de Mediu Timi\u0219\">Cite\u015fte tot articolul<\/a><img decoding=\"async\" alt=\"Citeste articolul Amend\u0103 de 45.000 de lei, \u00een urma unui control realizat de Garda de Mediu Timi\u0219\" src=\"https:\/\/cdn.debanat.ro\/wp-content\/themes\/debanat\/images\/arr_red.png\"><\/div>\n<article class=\"has-thumbnail post-475447 post type-post status-publish format-standard has-post-thumbnail hentry category-social category-ultima-ora tag-a-murit-brindusa-armanca tag-brindusa-armanca-a-murit tag-tvr-timisoara-doliu-in-presa content-print\">\n<div class=\"full_img\">\n<div class=\"entry-thumbnail\"><a href=\"https:\/\/debanat.ro\/2026\/08\/a-murit-cunoscuta-ziarista-brindusa-armanca_475447.html\" title=\"Permalink to A murit cunoscuta ziarist\u0103 Br\u00eendu\u0219a Armanca\" rel=\"bookmark\"><img decoding=\"async\" width=\"209\" height=\"130\" src=\"https:\/\/cdn.debanat.ro\/wp-content\/uploads\/2026\/08\/armanca-209x130.jpg\" class=\"attachment-hp_art_trei size-hp_art_trei wp-post-image\" alt loading=\"lazy\"><\/a><\/div>\n<div class=\"entry-meta\">\n\t                        28 august 2026\n\t                        \t                        <\/div>\n<h2 class=\"entry-title\"><a href=\"https:\/\/debanat.ro\/2026\/08\/a-murit-cunoscuta-ziarista-brindusa-armanca_475447.html\" title=\"Permalink to A murit cunoscuta ziarist\u0103 Br\u00eendu\u0219a Armanca\" rel=\"bookmark\"><br \/>\n                        \t\t\t\t\t\t\t\t\t\t\tA murit cunoscuta ziarist\u0103 Br\u00eendu\u0219a Armanca\t\t\t\t\t\t\t\t                        \t<\/a><\/h2>\n<div class=\"entry-meta\">\n<p>                    \t\tde:\t                                <a href=\"https:\/\/debanat.ro\/author\/3debanat\" rel=\"author\">deBanat<\/a><\/div>\n<\/div>\n<\/article>\n<article class=\"has-thumbnail post-475439 post type-post status-publish format-standard has-post-thumbnail hentry category-social tag-e-on-energie tag-e-on-myline tag-e-on-phising tag-factura-neachitata tag-noi-tentative-de-phishing content-print\">\n<div class=\"full_img\">\n<div class=\"entry-thumbnail\"><a href=\"https:\/\/debanat.ro\/2026\/08\/noi-tentative-de-phishing-de-aceasta-data-escrocii-se-folosesc-de-numele-companiei-e-on-energie-romania_475439.html\" title=\"Permalink to Noi tentative de phishing. De aceast\u0103 dat\u0103 escrocii se folosesc de numele companiei E.ON Energie Rom\u00e2nia\" rel=\"bookmark\"><img decoding=\"async\" width=\"209\" height=\"130\" src=\"https:\/\/cdn.debanat.ro\/wp-content\/uploads\/2023\/02\/Eon-email-de-tip-phishing-209x130.png\" class=\"attachment-hp_art_trei size-hp_art_trei wp-post-image\" alt loading=\"lazy\"><\/a><\/div>\n<div class=\"entry-meta\">\n\t                        28 august 2026\n\t                        \t                        <\/div>\n<h2 class=\"entry-title\"><a href=\"https:\/\/debanat.ro\/2026\/08\/noi-tentative-de-phishing-de-aceasta-data-escrocii-se-folosesc-de-numele-companiei-e-on-energie-romania_475439.html\" title=\"Permalink to Noi tentative de phishing. De aceast\u0103 dat\u0103 escrocii se folosesc de numele companiei E.ON Energie Rom\u00e2nia\" rel=\"bookmark\"><br \/>\n                        \t\t\t\t\t\t\t\t\t\t\tNoi tentative de phishing. De aceast\u0103 dat\u0103 escrocii se folosesc de numele companiei E.ON Energie Rom\u00e2nia\t\t\t\t\t\t\t\t                        \t<\/a><\/h2>\n<div class=\"entry-meta\">\n<p>                    \t\tde:\t                                <a href=\"https:\/\/debanat.ro\/author\/hoster\" rel=\"author\">Marcel Hoster<\/a><\/div>\n<\/div>\n<\/article>\n<article class=\"has-thumbnail post-475430 post type-post status-publish format-standard has-post-thumbnail hentry category-social tag-echipa-de-restauratori tag-institutul-national-al-patrimoniului tag-managerul-muzeului-satului-banatean tag-radu-trifan tag-restaurari-muzeul-satului content-print\">\n<div class=\"full_img\">\n<div class=\"entry-thumbnail\"><a href=\"https:\/\/debanat.ro\/2026\/08\/mai-multe-case-de-la-muzeul-satului-banatean-vor-fi-restaurate-acoperisurile-afectate-de-poluare-si-umiditate_475430.html\" title=\"Permalink to Mai multe case de la Muzeul Satului B\u0103n\u0103\u021bean vor fi restaurate. Acoperi\u0219urile, afectate de poluare \u0219i umiditate\" rel=\"bookmark\"><img decoding=\"async\" width=\"209\" height=\"130\" src=\"https:\/\/cdn.debanat.ro\/wp-content\/uploads\/2026\/08\/1-8-209x130.jpg\" class=\"attachment-hp_art_trei size-hp_art_trei wp-post-image\" alt loading=\"lazy\"><\/a><\/div>\n<div class=\"entry-meta\">\n\t                        28 august 2026\n\t                        \t                        <\/div>\n<h2 class=\"entry-title\"><a href=\"https:\/\/debanat.ro\/2026\/08\/mai-multe-case-de-la-muzeul-satului-banatean-vor-fi-restaurate-acoperisurile-afectate-de-poluare-si-umiditate_475430.html\" title=\"Permalink to Mai multe case de la Muzeul Satului B\u0103n\u0103\u021bean vor fi restaurate. Acoperi\u0219urile, afectate de poluare \u0219i umiditate\" rel=\"bookmark\"><br \/>\n                        \t\t\t\t\t\t\t\t\t\t\tMai multe case de la Muzeul Satului B\u0103n\u0103\u021bean vor fi restaurate. Acoperi\u0219urile, afectate de poluare \u0219i umiditate\t\t\t\t\t\t\t\t                        \t<\/a><\/h2>\n<div class=\"entry-meta\">\n<p>                    \t\tde:\t                                <a href=\"https:\/\/debanat.ro\/author\/hoster\" rel=\"author\">Marcel Hoster<\/a><\/div>\n<\/div>\n<\/article>\n<article class=\"has-thumbnail post-475428 post type-post status-publish format-standard has-post-thumbnail hentry category-accidente-social category-social tag-accident-mortal-corneereva tag-accident-mortal-in-banat-28-08-2026 tag-dj-608 tag-pe-raza-localitatii-cornereva tag-tragedie-in-zori-de-zi-in-banat content-print\">\n<div class=\"full_img\">\n<div class=\"entry-thumbnail\"><a href=\"https:\/\/debanat.ro\/2026\/08\/tragedie-in-zori-de-zi-in-banat-un-tanar-de-doar-18-ani-a-murit-dupa-ce-masina-in-care-se-afla-s-a-izbit-violent-de-un-zid-de-beton_475428.html\" title=\"Permalink to Tragedie \u00een zori de zi \u00een Banat: un t\u00e2n\u0103r de doar 18 ani a murit dup\u0103 ce ma\u0219ina \u00een care se afla s-a izbit violent de un zid de beton\" rel=\"bookmark\"><img decoding=\"async\" width=\"209\" height=\"130\" src=\"https:\/\/cdn.debanat.ro\/wp-content\/uploads\/2023\/04\/accident-mortal-209x130.jpg\" class=\"attachment-hp_art_trei size-hp_art_trei wp-post-image\" alt loading=\"lazy\"><\/a><\/div>\n<div class=\"entry-meta\">\n\t                        28 august 2026\n\t                        \t                        <\/div>\n<h2 class=\"entry-title\"><a href=\"https:\/\/debanat.ro\/2026\/08\/tragedie-in-zori-de-zi-in-banat-un-tanar-de-doar-18-ani-a-murit-dupa-ce-masina-in-care-se-afla-s-a-izbit-violent-de-un-zid-de-beton_475428.html\" title=\"Permalink to Tragedie \u00een zori de zi \u00een Banat: un t\u00e2n\u0103r de doar 18 ani a murit dup\u0103 ce ma\u0219ina \u00een care se afla s-a izbit violent de un zid de beton\" rel=\"bookmark\"><br \/>\n                        \t\t\t\t\t\t\t\t\t\t\tTragedie \u00een zori de zi \u00een Banat: un t\u00e2n\u0103r de doar 18 ani a murit dup\u0103 ce ma\u0219ina \u00een care se afla s-a izbit violent de un zid de beton\t\t\t\t\t\t\t\t                        \t<\/a><\/h2>\n<div class=\"entry-meta\">\n<p>                    \t\tde:\t                                <a href=\"https:\/\/debanat.ro\/author\/daniel-neacsu\" rel=\"author\">Daniel Neac\u0219u<\/a><\/div>\n<\/div>\n<\/article>\n<article class=\"has-thumbnail post-475417 post type-post status-publish format-standard has-post-thumbnail hentry category-social tag-aplicatiile-de-casino tag-cazino-de-buzunar tag-iphone content-print\">\n<div class=\"full_img\">\n<div class=\"entry-thumbnail\"><a href=\"https:\/\/debanat.ro\/2026\/08\/cum-au-transformat-aplicatiile-de-casino-iphone-ul-intr-un-cazino-de-buzunar_475417.html\" title=\"Permalink to Cum au transformat aplica\u021biile de casino iPhone-ul \u00eentr-un \u201ecazino de buzunar\u201d\" rel=\"bookmark\"><img decoding=\"async\" width=\"209\" height=\"130\" src=\"https:\/\/cdn.debanat.ro\/wp-content\/uploads\/2026\/08\/cazino1-209x130.jpg\" class=\"attachment-hp_art_trei size-hp_art_trei wp-post-image\" alt loading=\"lazy\"><\/a><\/div>\n<div class=\"entry-meta\">\n\t                        28 august 2026\n\t                        \t                        <\/div>\n<h2 class=\"entry-title\"><a href=\"https:\/\/debanat.ro\/2026\/08\/cum-au-transformat-aplicatiile-de-casino-iphone-ul-intr-un-cazino-de-buzunar_475417.html\" title=\"Permalink to Cum au transformat aplica\u021biile de casino iPhone-ul \u00eentr-un \u201ecazino de buzunar\u201d\" rel=\"bookmark\"><br \/>\n                        \t\t\t\t\t\t\t\t\t\t\tCum au transformat aplica\u021biile de casino iPhone-ul \u00eentr-un \u201ecazino de buzunar\u201d\t\t\t\t\t\t\t\t                        \t<\/a><\/h2>\n<div class=\"entry-meta\">\n<p>                    \t\tde:\t                                <a href=\"https:\/\/debanat.ro\/author\/daniel-neacsu\" rel=\"author\">Daniel Neac\u0219u<\/a><\/div>\n<\/div>\n<\/article>\n<article class=\"post-475393 post type-post status-publish format-standard hentry category-social tag-eco-serv-timis tag-patru-intrebari-despre-pubela-neagra tag-pubela-neagra tag-reciclare content-print\">\n<div class=\"full_img\">\n<div class=\"entry-meta\">\n\t                        27 august 2026\n\t                        \t                        <\/div>\n<h2 class=\"entry-title\"><a href=\"https:\/\/debanat.ro\/2026\/08\/eco-serv-timis-patru-intrebari-inainte-de-pubela-neagra_475393.html\" title=\"Permalink to ECO SERV Timi\u0219: patru \u00eentreb\u0103ri \u00eenainte de pubela neagr\u0103\" rel=\"bookmark\"><br \/>\n                        \t\t\t\t\t\t\t\t\t\t\tECO SERV Timi\u0219: patru \u00eentreb\u0103ri \u00eenainte de pubela neagr\u0103\t\t\t\t\t\t\t\t                        \t<\/a><\/h2>\n<div class=\"entry-meta\">\n<p>                    \t\tde:\t                                <a href=\"https:\/\/debanat.ro\/author\/daniel-neacsu\" rel=\"author\">Daniel Neac\u0219u<\/a><\/div>\n<\/div>\n<\/article>\n<article class=\"span3 post-473646 post type-post status-publish format-standard hentry category-invatamant category-sanatate category-sfatul-medicului tag-diagnostic-precoce tag-fumatul-ramane-principalul-factor-de-risc tag-medic-primar-pneumolog tag-prof-dr-cristian-oancea tag-prorector-umf-timisoara content-print\">\n<h2 class=\"entry-title\"><a href=\"https:\/\/debanat.ro\/2026\/08\/majoritatea-pacientilor-cu-cancer-pulmonar-sunt-diagnosticati-prea-tarziu-spune-cristian-oancea-prorector-umf-ce-e-de-facut_473646.html\" title=\"Majoritatea pacien\u021bilor cu cancer pulmonar sunt diagnostica\u021bi prea t\u00e2rziu, spune Cristian Oancea, prorector UMF. Ce e de f\u0103cut\"><br \/>\n                        \t\t\t\t\t\t\t\t\tMajoritatea pacien\u021bilor cu cancer pulmonar sunt diagnostica\u021bi prea t\u00e2rziu, spune Cristian Oancea, prorector UMF. Ce e de f\u0103cut\t\t\t\t\t\t\t                        <\/a><\/h2>\n<div class=\"entry-meta\"><time datetime=\"2026-08-02T10:43:36+03:00\" class=\"entry-date\">02.08.2026<\/time><\/div>\n<\/article>\n<article class=\"span3 has-thumbnail post-472261 post type-post status-publish format-standard has-post-thumbnail hentry category-sanatate tag-adrian-badescu tag-caravana-medicala tag-masloc tag-medlife-medicis tag-preventie content-print\">\n<div class=\"entry-thumbnail\"><a href=\"https:\/\/debanat.ro\/2026\/07\/caravana-medicala-medlife-medicis-se-pune-in-miscare-in-judetul-timis-prima-oprire-va-fi-miercuri-la-masloc_472261.html\" title=\"Caravana Medical\u0103 MedLife Medici\u2019s se pune \u00een mi\u015fcare \u00een jude\u021bul Timi\u0219. Prima oprire va fi miercuri, la Ma\u0219loc\"><img decoding=\"async\" width=\"230\" height=\"130\" src=\"https:\/\/cdn.debanat.ro\/wp-content\/uploads\/2026\/07\/IMG-20260713-WA0006-230x130.jpg\" class=\"attachment-medium size-medium wp-post-image\" alt loading=\"lazy\"><\/a><\/div>\n<h2 class=\"entry-title\"><a href=\"https:\/\/debanat.ro\/2026\/07\/caravana-medicala-medlife-medicis-se-pune-in-miscare-in-judetul-timis-prima-oprire-va-fi-miercuri-la-masloc_472261.html\" title=\"Caravana Medical\u0103 MedLife Medici\u2019s se pune \u00een mi\u015fcare \u00een jude\u021bul Timi\u0219. Prima oprire va fi miercuri, la Ma\u0219loc\"><br \/>\n                        \t\t\t\t\t\t\t\t\tCaravana Medical\u0103 MedLife Medici\u2019s se pune \u00een mi\u015fcare \u00een jude\u021bul Timi\u0219. Prima oprire va fi miercuri, la Ma\u0219loc\t\t\t\t\t\t\t                        <\/a><\/h2>\n<div class=\"entry-meta\"><time datetime=\"2026-07-13T20:00:17+03:00\" class=\"entry-date\">13.07.2026<\/time><\/div>\n<\/article>\n<article class=\"span3 has-thumbnail post-470675 post type-post status-publish format-standard has-post-thumbnail hentry category-consiliul-judetean-timis-administratie category-sanatate tag-centrul-de-mari-arsi tag-pasarela tag-spitalul-judetean content-print\">\n<div class=\"entry-thumbnail\"><a href=\"https:\/\/debanat.ro\/2026\/06\/se-apropie-de-final-lucrarile-la-centrul-de-mari-arsi-si-la-pasarela-de-legatura-cu-spitalul-judetean-video_470675.html\" title=\"Se apropie de final lucr\u0103rile la Centrul de Mari Ar\u0219i \u0219i la pasarela de leg\u0103tur\u0103 cu Spitalul Jude\u021bean\/VIDEO\"><img decoding=\"async\" width=\"230\" height=\"130\" src=\"https:\/\/cdn.debanat.ro\/wp-content\/uploads\/2025\/04\/arsi2-230x130.jpg\" class=\"attachment-medium size-medium wp-post-image\" alt loading=\"lazy\"><\/a><\/div>\n<h2 class=\"entry-title\"><a href=\"https:\/\/debanat.ro\/2026\/06\/se-apropie-de-final-lucrarile-la-centrul-de-mari-arsi-si-la-pasarela-de-legatura-cu-spitalul-judetean-video_470675.html\" title=\"Se apropie de final lucr\u0103rile la Centrul de Mari Ar\u0219i \u0219i la pasarela de leg\u0103tur\u0103 cu Spitalul Jude\u021bean\/VIDEO\"><br \/>\n                        \t\t\t\t\t\t\t\t\tSe apropie de final lucr\u0103rile la Centrul de Mari Ar\u0219i \u0219i la pasarela de leg\u0103tur\u0103 cu Spitalul Jude\u021bean\/VIDEO\t\t\t\t\t\t\t                        <\/a><\/h2>\n<div class=\"entry-meta\"><time datetime=\"2026-06-19T13:57:16+03:00\" class=\"entry-date\">19.06.2026<\/time><\/div>\n<\/article>\n<article class=\"span3 has-thumbnail post-469772 post type-post status-publish format-standard has-post-thumbnail hentry category-sanatate tag-fritz tag-la-clinica-odobescu-a-fost-folosit-in-premiera-un-nou-robot-chirurgical tag-medicii-clinicii-odobescu tag-spital-pentru-copii content-print\">\n<div class=\"entry-thumbnail\"><a href=\"https:\/\/debanat.ro\/2026\/06\/la-clinica-odobescu-a-fost-folosit-in-premiera-un-nou-robot-chirurgical_469772.html\" title=\"La Clinica Odobescu a fost folosit \u00een premier\u0103 un nou robot chirurgical\"><img decoding=\"async\" width=\"230\" height=\"130\" src=\"https:\/\/cdn.debanat.ro\/wp-content\/uploads\/2026\/06\/robot-230x130.jpg\" class=\"attachment-medium size-medium wp-post-image\" alt loading=\"lazy\"><\/a><\/div>\n<h2 class=\"entry-title\"><a href=\"https:\/\/debanat.ro\/2026\/06\/la-clinica-odobescu-a-fost-folosit-in-premiera-un-nou-robot-chirurgical_469772.html\" title=\"La Clinica Odobescu a fost folosit \u00een premier\u0103 un nou robot chirurgical\"><br \/>\n                        \t\t\t\t\t\t\t\t\tLa Clinica Odobescu a fost folosit \u00een premier\u0103 un nou robot chirurgical\t\t\t\t\t\t\t                        <\/a><\/h2>\n<div class=\"entry-meta\"><time datetime=\"2026-06-05T13:09:38+03:00\" class=\"entry-date\">05.06.2026<\/time><\/div>\n<\/article>\n<article class=\"span3 has-thumbnail post-468585 post type-post status-publish format-standard has-post-thumbnail hentry category-sanatate tag-noua-clinica-orl-timisoara content-print\">\n<div class=\"entry-thumbnail\"><a href=\"https:\/\/debanat.ro\/2026\/05\/noua-clinica-orl-a-timisoarei-e-gata-sa-ofere-servicii-medicale-mai-urmeaza-obtinerea-avizelor-foto_468585.html\" title=\"Noua Clinic\u0103 ORL a Timi\u0219oarei e gata s\u0103 ofere servicii medicale. Mai urmeaz\u0103 ob\u021binerea avizelor\/FOTO\"><img decoding=\"async\" width=\"230\" height=\"130\" src=\"https:\/\/cdn.debanat.ro\/wp-content\/uploads\/2026\/05\/orl1-1-230x130.jpg\" class=\"attachment-medium size-medium wp-post-image\" alt loading=\"lazy\"><\/a><\/div>\n<h2 class=\"entry-title\"><a href=\"https:\/\/debanat.ro\/2026\/05\/noua-clinica-orl-a-timisoarei-e-gata-sa-ofere-servicii-medicale-mai-urmeaza-obtinerea-avizelor-foto_468585.html\" title=\"Noua Clinic\u0103 ORL a Timi\u0219oarei e gata s\u0103 ofere servicii medicale. Mai urmeaz\u0103 ob\u021binerea avizelor\/FOTO\"><br \/>\n                        \t\t\t\t\t\t\t\t\tNoua Clinic\u0103 ORL a Timi\u0219oarei e gata s\u0103 ofere servicii medicale. Mai urmeaz\u0103 ob\u021binerea avizelor\/FOTO\t\t\t\t\t\t\t                        <\/a><\/h2>\n<div class=\"entry-meta\"><time datetime=\"2026-05-19T21:37:47+03:00\" class=\"entry-date\">19.05.2026<\/time><\/div>\n<\/article>\n<article class=\"span3 has-thumbnail post-468119 post type-post status-publish format-standard has-post-thumbnail hentry category-sanatate tag-medicina-preventiva tag-sanatate-publica content-print\">\n<div class=\"entry-thumbnail\"><a href=\"https:\/\/debanat.ro\/2026\/05\/conferinta-nationala-de-medicina-preventiva-si-sanatate-publica-are-loc-la-finalul-lui-mai-in-timisoara_468119.html\" title=\"Conferin\u021ba Na\u021bional\u0103 de medicin\u0103 preventiv\u0103 \u0219i s\u0103n\u0103tate public\u0103 are loc la finalul lui mai \u00een Timi\u0219oara\"><img decoding=\"async\" width=\"230\" height=\"130\" src=\"https:\/\/cdn.debanat.ro\/wp-content\/uploads\/2026\/05\/medicina-230x130.jpg\" class=\"attachment-medium size-medium wp-post-image\" alt loading=\"lazy\"><\/a><\/div>\n<h2 class=\"entry-title\"><a href=\"https:\/\/debanat.ro\/2026\/05\/conferinta-nationala-de-medicina-preventiva-si-sanatate-publica-are-loc-la-finalul-lui-mai-in-timisoara_468119.html\" title=\"Conferin\u021ba Na\u021bional\u0103 de medicin\u0103 preventiv\u0103 \u0219i s\u0103n\u0103tate public\u0103 are loc la finalul lui mai \u00een Timi\u0219oara\"><br \/>\n                        \t\t\t\t\t\t\t\t\tConferin\u021ba Na\u021bional\u0103 de medicin\u0103 preventiv\u0103 \u0219i s\u0103n\u0103tate public\u0103 are loc la finalul lui mai \u00een Timi\u0219oara\t\t\t\t\t\t\t                        <\/a><\/h2>\n<div class=\"entry-meta\"><time datetime=\"2026-05-13T07:19:11+03:00\" class=\"entry-date\">13.05.2026<\/time><\/div>\n<\/article>\n<article class=\"span3 post-467961 post type-post status-publish format-standard hentry category-sanatate tag-dermato-estetica tag-larchitect-clinic tag-lifting-facial-non-invaziv tag-redefinirea-conturului-mandibular tag-sofwave content-print\">\n<h2 class=\"entry-title\"><a href=\"https:\/\/debanat.ro\/2026\/05\/inovatia-in-dermato-estetica-ajunge-la-un-nou-nivel-in-timisoara-la-larchitect-clinic_467961.html\" title=\"Inova\u021bia \u00een dermato-estetic\u0103 ajunge la un nou nivel \u00een Timi\u0219oara, la L\u2019Architect Clinic\"><br \/>\n                        \t\t\t\t\t\t\t\t\tInova\u021bia \u00een dermato-estetic\u0103 ajunge la un nou nivel \u00een Timi\u0219oara, la L\u2019Architect Clinic\t\t\t\t\t\t\t                        <\/a><\/h2>\n<div class=\"entry-meta\"><time datetime=\"2026-05-11T07:41:11+03:00\" class=\"entry-date\">11.05.2026<\/time><\/div>\n<\/article>\n<article class=\"span3 has-thumbnail post-467888 post type-post status-publish format-standard has-post-thumbnail hentry category-sanatate tag-ambulatoriu tag-clinica-orl tag-dominic-fritz tag-primaria-timisoara content-print\">\n<div class=\"entry-thumbnail\"><a href=\"https:\/\/debanat.ro\/2026\/05\/in-doar-cateva-zile-va-fi-deschisa-activitatea-la-noua-clinica-orl_467888.html\" title=\"\u00cen doar c\u00e2teva zile va fi deschis\u0103 activitatea la noua Clinic\u0103 ORL\"><img decoding=\"async\" width=\"230\" height=\"130\" src=\"https:\/\/cdn.debanat.ro\/wp-content\/uploads\/2026\/05\/orl1-230x130.jpg\" class=\"attachment-medium size-medium wp-post-image\" alt loading=\"lazy\"><\/a><\/div>\n<h2 class=\"entry-title\"><a href=\"https:\/\/debanat.ro\/2026\/05\/in-doar-cateva-zile-va-fi-deschisa-activitatea-la-noua-clinica-orl_467888.html\" title=\"\u00cen doar c\u00e2teva zile va fi deschis\u0103 activitatea la noua Clinic\u0103 ORL\"><br \/>\n                        \t\t\t\t\t\t\t\t\t\u00cen doar c\u00e2teva zile va fi deschis\u0103 activitatea la noua Clinic\u0103 ORL\t\t\t\t\t\t\t                        <\/a><\/h2>\n<div class=\"entry-meta\"><time datetime=\"2026-05-09T10:29:47+03:00\" class=\"entry-date\">09.05.2026<\/time><\/div>\n<\/article>\n<article class=\"span3 has-thumbnail post-467703 post type-post status-publish format-standard has-post-thumbnail hentry category-sanatate category-sfatul-medicului tag-afectiuni-dermatologice tag-fotofinder-atbm-master tag-la-larchitect-clinic tag-preventia-devine-standard tag-screeningul-pielii tag-tehnologia-fotofinder-atbm-master-pentru-depistarea-timpurie-a-cancerului-de-piele tag-tratament-estetic content-print\">\n<div class=\"entry-thumbnail\"><a href=\"https:\/\/debanat.ro\/2026\/05\/la-larchitect-clinic-preventia-devine-standard-tehnologia-fotofinder-atbm-master-pentru-depistarea-timpurie-a-cancerului-de-piele_467703.html\" title=\"La L\u2019Architect Clinic, preven\u021bia devine standard: tehnologia FotoFinder ATBM Master pentru depistarea timpurie a cancerului de piele\"><img decoding=\"async\" width=\"230\" height=\"130\" src=\"https:\/\/cdn.debanat.ro\/wp-content\/uploads\/2026\/05\/fotofinder1-230x130.jpg\" class=\"attachment-medium size-medium wp-post-image\" alt loading=\"lazy\"><\/a><\/div>\n<h2 class=\"entry-title\"><a href=\"https:\/\/debanat.ro\/2026\/05\/la-larchitect-clinic-preventia-devine-standard-tehnologia-fotofinder-atbm-master-pentru-depistarea-timpurie-a-cancerului-de-piele_467703.html\" title=\"La L\u2019Architect Clinic, preven\u021bia devine standard: tehnologia FotoFinder ATBM Master pentru depistarea timpurie a cancerului de piele\"><br \/>\n                        \t\t\t\t\t\t\t\t\tLa L\u2019Architect Clinic, preven\u021bia devine standard: tehnologia FotoFinder ATBM Master pentru depistarea timpurie a cancerului de piele\t\t\t\t\t\t\t                        <\/a><\/h2>\n<div class=\"entry-meta\"><time datetime=\"2026-05-09T07:58:53+03:00\" class=\"entry-date\">09.05.2026<\/time><\/div>\n<\/article>\n<article class=\"span3 has-thumbnail post-467848 post type-post status-publish format-standard has-post-thumbnail hentry category-sanatate tag-internari-odobescu tag-neonatologie tag-nou-nascuti tag-noua-maternitate-odobescu content-print\">\n<div class=\"entry-thumbnail\"><a href=\"https:\/\/debanat.ro\/2026\/05\/servicii-complete-si-ingrijire-gratuita-pentru-mame-si-nou-nascuti-la-noua-maternitate-odobescu-din-timisoara-situata-in-zona-blascovici_467848.html\" title=\"Servicii complete \u0219i \u00eengrijire gratuit\u0103 pentru mame \u0219i nou-n\u0103scu\u021bi la Noua Maternitate Odobescu din Timi\u0219oara, situat\u0103 \u00een zona Bla\u0219covici\"><img decoding=\"async\" width=\"230\" height=\"130\" src=\"https:\/\/cdn.debanat.ro\/wp-content\/uploads\/2026\/05\/odobescu1-1-230x130.jpg\" class=\"attachment-medium size-medium wp-post-image\" alt loading=\"lazy\"><\/a><\/div>\n<h2 class=\"entry-title\"><a href=\"https:\/\/debanat.ro\/2026\/05\/servicii-complete-si-ingrijire-gratuita-pentru-mame-si-nou-nascuti-la-noua-maternitate-odobescu-din-timisoara-situata-in-zona-blascovici_467848.html\" title=\"Servicii complete \u0219i \u00eengrijire gratuit\u0103 pentru mame \u0219i nou-n\u0103scu\u021bi la Noua Maternitate Odobescu din Timi\u0219oara, situat\u0103 \u00een zona Bla\u0219covici\"><br \/>\n                        \t\t\t\t\t\t\t\t\tServicii complete \u0219i \u00eengrijire gratuit\u0103 pentru mame \u0219i nou-n\u0103scu\u021bi la Noua Maternitate Odobescu din Timi\u0219oara, situat\u0103 \u00een zona Bla\u0219covici\t\t\t\t\t\t\t                        <\/a><\/h2>\n<div class=\"entry-meta\"><time datetime=\"2026-05-08T12:24:55+03:00\" class=\"entry-date\">08.05.2026<\/time><\/div>\n<\/article>\n<article class=\"span3 has-thumbnail post-467653 post type-post status-publish format-standard has-post-thumbnail hentry category-sanatate category-sfatul-medicului tag-astm-bronsic tag-cristian-oancea tag-global-initiative-for-asthma tag-medic-primar-pneumolog tag-prorector-umf-timisoara content-print\">\n<div class=\"entry-thumbnail\"><a href=\"https:\/\/debanat.ro\/2026\/05\/umf-un-milion-de-romani-sufera-de-astm-bronsic-sfatul-medicului_467653.html\" title=\"UMF: Un milion de rom\u00e2ni sufer\u0103 de astm bron\u0219ic. Sfatul medicului\"><img decoding=\"async\" width=\"230\" height=\"130\" src=\"https:\/\/cdn.debanat.ro\/wp-content\/uploads\/2011\/05\/astm-230x130.jpg\" class=\"attachment-medium size-medium wp-post-image\" alt loading=\"lazy\"><\/a><\/div>\n<h2 class=\"entry-title\"><a href=\"https:\/\/debanat.ro\/2026\/05\/umf-un-milion-de-romani-sufera-de-astm-bronsic-sfatul-medicului_467653.html\" title=\"UMF: Un milion de rom\u00e2ni sufer\u0103 de astm bron\u0219ic. Sfatul medicului\"><br \/>\n                        \t\t\t\t\t\t\t\t\tUMF: Un milion de rom\u00e2ni sufer\u0103 de astm bron\u0219ic. Sfatul medicului\t\t\t\t\t\t\t                        <\/a><\/h2>\n<div class=\"entry-meta\"><time datetime=\"2026-05-05T12:22:08+03:00\" class=\"entry-date\">05.05.2026<\/time><\/div>\n<\/article>\n<article class=\"span3 has-thumbnail post-467446 post type-post status-publish format-standard has-post-thumbnail hentry category-sanatate category-sfatul-medicului tag-bebelusi tag-dr-mihaela-tunescu tag-maternitatea-odobescu tag-medic-primar-neonatolog tag-neonatologie tag-nou-nascuti content-print\">\n<div class=\"entry-thumbnail\"><a href=\"https:\/\/debanat.ro\/2026\/05\/conditii-mai-bune-pentru-bebelusi-la-maternitatea-odobescu_467446.html\" title=\"Condi\u021bii mai bune pentru bebelu\u0219i la Maternitatea Odobescu\"><img decoding=\"async\" width=\"230\" height=\"130\" src=\"https:\/\/cdn.debanat.ro\/wp-content\/uploads\/2026\/05\/odobescu1-230x130.jpg\" class=\"attachment-medium size-medium wp-post-image\" alt loading=\"lazy\"><\/a><\/div>\n<h2 class=\"entry-title\"><a href=\"https:\/\/debanat.ro\/2026\/05\/conditii-mai-bune-pentru-bebelusi-la-maternitatea-odobescu_467446.html\" title=\"Condi\u021bii mai bune pentru bebelu\u0219i la Maternitatea Odobescu\"><br \/>\n                        \t\t\t\t\t\t\t\t\tCondi\u021bii mai bune pentru bebelu\u0219i la Maternitatea Odobescu\t\t\t\t\t\t\t                        <\/a><\/h2>\n<div class=\"entry-meta\"><time datetime=\"2026-05-01T09:21:50+03:00\" class=\"entry-date\">01.05.2026<\/time><\/div>\n<\/article>\n<article class=\"span3 has-thumbnail post-475461 post type-post status-publish format-standard has-post-thumbnail hentry category-timp-liber category-unde-mergem tag-back-2-school-la-iulius-town tag-ca tag-empire-salon tag-fenice tag-intersport tag-meli-melo tag-next content-print\">\n<div class=\"entry-thumbnail\"><a href=\"https:\/\/debanat.ro\/2026\/08\/back-2-school-la-iulius-town-premii-pe-loc-si-surprize-la-shopping_475461.html\" title=\"\u201eBack 2 School\u201d la Iulius Town: premii pe loc \u0219i surprize la shopping\"><img decoding=\"async\" width=\"230\" height=\"130\" src=\"https:\/\/cdn.debanat.ro\/wp-content\/uploads\/2026\/08\/back-to-school-230x130.jpg\" class=\"attachment-medium size-medium wp-post-image\" alt loading=\"lazy\"><\/a><\/div>\n<h2 class=\"entry-title\"><a href=\"https:\/\/debanat.ro\/2026\/08\/back-2-school-la-iulius-town-premii-pe-loc-si-surprize-la-shopping_475461.html\" title=\"\u201eBack 2 School\u201d la Iulius Town: premii pe loc \u0219i surprize la shopping\"><br \/>\n                        \t\t\t\t\t\t\t\t\t\u201eBack 2 School\u201d la Iulius Town: premii pe loc \u0219i surprize la shopping\t\t\t\t\t\t\t                        <\/a><\/h2>\n<div class=\"entry-meta\"><time datetime=\"2026-08-29T07:35:51+03:00\" class=\"entry-date\">29.08.2026<\/time><\/div>\n<\/article>\n<article class=\"span3 has-thumbnail post-475464 post type-post status-publish format-standard has-post-thumbnail hentry category-timp-liber category-unde-mergem tag-banat-spritz tag-caracterul-multicultural-al-regiunii tag-evenimente-de-aviatie tag-gastronomia-banatului tag-rachiu-tonic tag-visit-timis content-print\">\n<div class=\"entry-thumbnail\"><a href=\"https:\/\/debanat.ro\/2026\/08\/timisul-aduce-gusturile-banatului-la-bias-2026_475464.html\" title=\"Timi\u0219ul aduce gusturile Banatului la BIAS 2026\"><img decoding=\"async\" width=\"230\" height=\"130\" src=\"https:\/\/cdn.debanat.ro\/wp-content\/uploads\/2026\/08\/cjt1-230x130.jpg\" class=\"attachment-medium size-medium wp-post-image\" alt loading=\"lazy\"><\/a><\/div>\n<h2 class=\"entry-title\"><a href=\"https:\/\/debanat.ro\/2026\/08\/timisul-aduce-gusturile-banatului-la-bias-2026_475464.html\" title=\"Timi\u0219ul aduce gusturile Banatului la BIAS 2026\"><br \/>\n                        \t\t\t\t\t\t\t\t\tTimi\u0219ul aduce gusturile Banatului la BIAS 2026\t\t\t\t\t\t\t                        <\/a><\/h2>\n<div class=\"entry-meta\"><time datetime=\"2026-08-28T14:44:50+03:00\" class=\"entry-date\">28.08.2026<\/time><\/div>\n<\/article>\n<article class=\"span3 post-475436 post type-post status-publish format-standard hentry category-cultura-timp-liber category-timp-liber tag-atelierul-de-creatie-de-la-garana tag-bastionul-theresia tag-cosmin-moldovan tag-dacian-andoni tag-dana-constantin tag-dona-arnakis tag-incze-mozes tag-koteles-robert tag-madar-reka content-print\">\n<h2 class=\"entry-title\"><a href=\"https:\/\/debanat.ro\/2026\/08\/cele-mai-noi-opere-de-arta-realizate-la-atelierul-de-creatie-de-la-garana-vor-fi-prezentate-la-bastionul-theresia_475436.html\" title=\"Cele mai noi opere de art\u0103 realizate la Atelierul de crea\u021bie de la G\u0103r\u00e2na vor fi prezentate la Bastionul Theresia\"><br \/>\n                        \t\t\t\t\t\t\t\t\tCele mai noi opere de art\u0103 realizate la Atelierul de crea\u021bie de la G\u0103r\u00e2na vor fi prezentate la Bastionul Theresia\t\t\t\t\t\t\t                        <\/a><\/h2>\n<div class=\"entry-meta\"><time datetime=\"2026-08-28T10:29:47+03:00\" class=\"entry-date\">28.08.2026<\/time><\/div>\n<\/article>\n<article class=\"span3 has-thumbnail post-475397 post type-post status-publish format-standard has-post-thumbnail hentry category-timp-liber category-unde-mergem tag-carnavalul-clovnilor-veseli tag-copiii-joaca-sah tag-iulius-gardens tag-iulius-town content-print\">\n<div class=\"entry-thumbnail\"><a href=\"https:\/\/debanat.ro\/2026\/08\/competitie-de-sah-ateliere-de-creatie-si-carnavalul-clovnilor-veseli-in-acest-weekend-la-iulius-town_475397.html\" title=\"Competi\u021bie de \u0219ah, ateliere de crea\u021bie \u0219i Carnavalul Clovnilor Veseli, \u00een acest weekend, la Iulius Town\"><img decoding=\"async\" width=\"230\" height=\"130\" src=\"https:\/\/cdn.debanat.ro\/wp-content\/uploads\/2026\/08\/mall-230x130.jpg\" class=\"attachment-medium size-medium wp-post-image\" alt loading=\"lazy\"><\/a><\/div>\n<h2 class=\"entry-title\"><a href=\"https:\/\/debanat.ro\/2026\/08\/competitie-de-sah-ateliere-de-creatie-si-carnavalul-clovnilor-veseli-in-acest-weekend-la-iulius-town_475397.html\" title=\"Competi\u021bie de \u0219ah, ateliere de crea\u021bie \u0219i Carnavalul Clovnilor Veseli, \u00een acest weekend, la Iulius Town\"><br \/>\n                        \t\t\t\t\t\t\t\t\tCompeti\u021bie de \u0219ah, ateliere de crea\u021bie \u0219i Carnavalul Clovnilor Veseli, \u00een acest weekend, la Iulius Town\t\t\t\t\t\t\t                        <\/a><\/h2>\n<div class=\"entry-meta\"><time datetime=\"2026-08-28T07:39:34+03:00\" class=\"entry-date\">28.08.2026<\/time><\/div>\n<\/article>\n<article class=\"span3 has-thumbnail post-475402 post type-post status-publish format-standard has-post-thumbnail hentry category-timp-liber tag-festivalul-de-film-the-galactic-imaginarium tag-tgiff tag-the-galactic-imaginarium content-print\">\n<div class=\"entry-thumbnail\"><a href=\"https:\/\/debanat.ro\/2026\/08\/festivalul-the-galactic-imaginarium-revine-la-timisoara-cu-a-vii-a-editie-si-o-cinemateca-sf-fantasy_475402.html\" title=\"Festivalul \u201eThe Galactic Imaginarium\u201d revine la Timi\u0219oara cu a VII-a edi\u021bie \u0219i o Cinematec\u0103 SF &amp; Fantasy\"><img decoding=\"async\" width=\"230\" height=\"130\" src=\"https:\/\/cdn.debanat.ro\/wp-content\/uploads\/2026\/08\/TGIFF2026-2-230x130.jpeg\" class=\"attachment-medium size-medium wp-post-image\" alt=\"Festivalul \u201eThe Galactic Imaginarium\u201d\" loading=\"lazy\"><\/a><\/div>\n<h2 class=\"entry-title\"><a href=\"https:\/\/debanat.ro\/2026\/08\/festivalul-the-galactic-imaginarium-revine-la-timisoara-cu-a-vii-a-editie-si-o-cinemateca-sf-fantasy_475402.html\" title=\"Festivalul \u201eThe Galactic Imaginarium\u201d revine la Timi\u0219oara cu a VII-a edi\u021bie \u0219i o Cinematec\u0103 SF &amp; Fantasy\"><br \/>\n                        \t\t\t\t\t\t\t\t\tFestivalul \u201eThe Galactic Imaginarium\u201d revine la Timi\u0219oara cu a VII-a edi\u021bie \u0219i o Cinematec\u0103 SF &amp; Fantasy\t\t\t\t\t\t\t                        <\/a><\/h2>\n<div class=\"entry-meta\"><time datetime=\"2026-08-27T15:26:11+03:00\" class=\"entry-date\">27.08.2026<\/time><\/div>\n<\/article>\n<article class=\"span3 has-thumbnail post-475372 post type-post status-publish format-standard has-post-thumbnail hentry category-timp-liber category-unde-mergem tag-directorul-biroului-de-turism-din-kikinda tag-dragana-mirkovic tag-fata-care-gateste-cu-flori tag-goca-trzan tag-jasmina-orasanin tag-romana-rista tag-zilele-dovleacului-kikinda content-print\">\n<div class=\"entry-thumbnail\"><a href=\"https:\/\/debanat.ro\/2026\/08\/romanii-sunt-asteptati-in-numar-mare-la-kikinda-cu-ocazia-zilelor-dovleacului_475372.html\" title=\"Rom\u00e2nii sunt a\u0219tepta\u021bi \u00een num\u0103r mare la Kikinda, cu ocazia Zilelor Dovleacului\"><img decoding=\"async\" width=\"230\" height=\"130\" src=\"https:\/\/cdn.debanat.ro\/wp-content\/uploads\/2026\/08\/dovleac2-230x130.jpg\" class=\"attachment-medium size-medium wp-post-image\" alt loading=\"lazy\"><\/a><\/div>\n<h2 class=\"entry-title\"><a href=\"https:\/\/debanat.ro\/2026\/08\/romanii-sunt-asteptati-in-numar-mare-la-kikinda-cu-ocazia-zilelor-dovleacului_475372.html\" title=\"Rom\u00e2nii sunt a\u0219tepta\u021bi \u00een num\u0103r mare la Kikinda, cu ocazia Zilelor Dovleacului\"><br \/>\n                        \t\t\t\t\t\t\t\t\tRom\u00e2nii sunt a\u0219tepta\u021bi \u00een num\u0103r mare la Kikinda, cu ocazia Zilelor Dovleacului\t\t\t\t\t\t\t                        <\/a><\/h2>\n<div class=\"entry-meta\"><time datetime=\"2026-08-27T10:18:42+03:00\" class=\"entry-date\">27.08.2026<\/time><\/div>\n<\/article>\n<article class=\"span3 has-thumbnail post-475250 post type-post status-publish format-standard has-post-thumbnail hentry category-timp-liber category-unde-mergem tag-cj-timis tag-codru-festival-editia-6 tag-gipsy-kings-featuring-tonino-baliardo tag-s-a-r-s tag-sorina-alexandra-ciurlea-director-adjunct-visit-timis tag-sprijin-pentru-codru-festival-din-partea-cj-timis tag-visit-timisoara content-print\">\n<div class=\"entry-thumbnail\"><a href=\"https:\/\/debanat.ro\/2026\/08\/sprijin-pentru-codru-festival-din-partea-cj-timis_475250.html\" title=\"Sprijin pentru CODRU Festival din partea CJ Timi\u0219\"><img decoding=\"async\" width=\"230\" height=\"130\" src=\"https:\/\/cdn.debanat.ro\/wp-content\/uploads\/2026\/08\/Frame-48537-230x130.png\" class=\"attachment-medium size-medium wp-post-image\" alt loading=\"lazy\"><\/a><\/div>\n<h2 class=\"entry-title\"><a href=\"https:\/\/debanat.ro\/2026\/08\/sprijin-pentru-codru-festival-din-partea-cj-timis_475250.html\" title=\"Sprijin pentru CODRU Festival din partea CJ Timi\u0219\"><br \/>\n                        \t\t\t\t\t\t\t\t\tSprijin pentru CODRU Festival din partea CJ Timi\u0219\t\t\t\t\t\t\t                        <\/a><\/h2>\n<div class=\"entry-meta\"><time datetime=\"2026-08-25T15:39:34+03:00\" class=\"entry-date\">25.08.2026<\/time><\/div>\n<\/article>\n<article class=\"span3 has-thumbnail post-475227 post type-post status-publish format-standard has-post-thumbnail hentry category-cultura-timp-liber category-timp-liber tag-charlottenburg tag-lenauheim tag-noaptea-muzeelor tag-sate tag-timis-2 content-print\">\n<div class=\"entry-thumbnail\"><a href=\"https:\/\/debanat.ro\/2026\/08\/sambata-are-loc-noaptea-muzeelor-la-sate-timisul-ofera-sase-locatii-pentru-vizitat_475227.html\" title=\"S\u00e2mb\u0103t\u0103 are loc Noaptea Muzeelor la Sate. Timi\u0219ul ofer\u0103 \u0219ase loca\u021bii pentru vizitat\"><img decoding=\"async\" width=\"230\" height=\"130\" src=\"https:\/\/cdn.debanat.ro\/wp-content\/uploads\/2026\/08\/nm-230x130.png\" class=\"attachment-medium size-medium wp-post-image\" alt loading=\"lazy\"><\/a><\/div>\n<h2 class=\"entry-title\"><a href=\"https:\/\/debanat.ro\/2026\/08\/sambata-are-loc-noaptea-muzeelor-la-sate-timisul-ofera-sase-locatii-pentru-vizitat_475227.html\" title=\"S\u00e2mb\u0103t\u0103 are loc Noaptea Muzeelor la Sate. Timi\u0219ul ofer\u0103 \u0219ase loca\u021bii pentru vizitat\"><br \/>\n                        \t\t\t\t\t\t\t\t\tS\u00e2mb\u0103t\u0103 are loc Noaptea Muzeelor la Sate. Timi\u0219ul ofer\u0103 \u0219ase loca\u021bii pentru vizitat\t\t\t\t\t\t\t                        <\/a><\/h2>\n<div class=\"entry-meta\"><time datetime=\"2026-08-25T11:28:54+03:00\" class=\"entry-date\">25.08.2026<\/time><\/div>\n<\/article>\n<article class=\"span3 has-thumbnail post-475183 post type-post status-publish format-standard has-post-thumbnail hentry category-timp-liber tag-asociatia-pro-datina tag-festivalul-national-efta-botoca tag-jebel tag-primaria-si-consiliul-local-jebel content-print\">\n<div class=\"entry-thumbnail\"><a href=\"https:\/\/debanat.ro\/2026\/08\/festivalul-national-efta-botoca-din-jebel-revine-pe-data-de-4-septembrie-cu-cea-de-a-vi-a-editie_475183.html\" title=\"Festivalul Na\u021bional \u201eEfta Botoca\u201d din Jebel revine pe data de 4 septembrie, cu cea de-a VI-a edi\u0163ie\"><img decoding=\"async\" width=\"230\" height=\"130\" src=\"https:\/\/cdn.debanat.ro\/wp-content\/uploads\/2026\/08\/jeb-230x130.png\" class=\"attachment-medium size-medium wp-post-image\" alt loading=\"lazy\"><\/a><\/div>\n<h2 class=\"entry-title\"><a href=\"https:\/\/debanat.ro\/2026\/08\/festivalul-national-efta-botoca-din-jebel-revine-pe-data-de-4-septembrie-cu-cea-de-a-vi-a-editie_475183.html\" title=\"Festivalul Na\u021bional \u201eEfta Botoca\u201d din Jebel revine pe data de 4 septembrie, cu cea de-a VI-a edi\u0163ie\"><br \/>\n                        \t\t\t\t\t\t\t\t\tFestivalul Na\u021bional \u201eEfta Botoca\u201d din Jebel revine pe data de 4 septembrie, cu cea de-a VI-a edi\u0163ie\t\t\t\t\t\t\t                        <\/a><\/h2>\n<div class=\"entry-meta\"><time datetime=\"2026-08-25T07:00:38+03:00\" class=\"entry-date\">25.08.2026<\/time><\/div>\n<\/article>\n<article class=\"span3 has-thumbnail post-475137 post type-post status-publish format-standard has-post-thumbnail hentry category-cultura-timp-liber category-timp-liber tag-gottlob tag-grabat tag-istorie tag-jimbolia tag-tomnatic tag-ture-cicliste content-print\">\n<div class=\"entry-thumbnail\"><a href=\"https:\/\/debanat.ro\/2026\/08\/istoria-banatului-de-campie-descoperita-in-urma-unei-ture-cicliste_475137.html\" title=\"Istoria Banatului de c\u00e2mpie, descoperit\u0103 \u00een urma unei ture cicliste\"><img decoding=\"async\" width=\"230\" height=\"130\" src=\"https:\/\/cdn.debanat.ro\/wp-content\/uploads\/2026\/08\/C_SoW_2-230x130.jpg\" class=\"attachment-medium size-medium wp-post-image\" alt loading=\"lazy\"><\/a><\/div>\n<h2 class=\"entry-title\"><a href=\"https:\/\/debanat.ro\/2026\/08\/istoria-banatului-de-campie-descoperita-in-urma-unei-ture-cicliste_475137.html\" title=\"Istoria Banatului de c\u00e2mpie, descoperit\u0103 \u00een urma unei ture cicliste\"><br \/>\n                        \t\t\t\t\t\t\t\t\tIstoria Banatului de c\u00e2mpie, descoperit\u0103 \u00een urma unei ture cicliste\t\t\t\t\t\t\t                        <\/a><\/h2>\n<div class=\"entry-meta\"><time datetime=\"2026-08-24T10:28:30+03:00\" class=\"entry-date\">24.08.2026<\/time><\/div>\n<\/article>\n<article class=\"span3 has-thumbnail post-475048 post type-post status-publish format-standard has-post-thumbnail hentry category-timp-liber tag-activitati-interactive tag-copii tag-filme-in-aer-liber tag-iulius-town tag-seara-latino content-print\">\n<div class=\"entry-thumbnail\"><a href=\"https:\/\/debanat.ro\/2026\/08\/seara-latino-filme-in-aer-liber-activitati-interactive-pentru-copii-la-iulius-town_475048.html\" title=\"Sear\u0103 latino, filme \u00een aer liber, activit\u0103\u021bi interactive pentru copii la Iulius Town\"><img decoding=\"async\" width=\"230\" height=\"130\" src=\"https:\/\/cdn.debanat.ro\/wp-content\/uploads\/2026\/08\/LATINO-FIESTA-230x130.png\" class=\"attachment-medium size-medium wp-post-image\" alt loading=\"lazy\"><\/a><\/div>\n<h2 class=\"entry-title\"><a href=\"https:\/\/debanat.ro\/2026\/08\/seara-latino-filme-in-aer-liber-activitati-interactive-pentru-copii-la-iulius-town_475048.html\" title=\"Sear\u0103 latino, filme \u00een aer liber, activit\u0103\u021bi interactive pentru copii la Iulius Town\"><br \/>\n                        \t\t\t\t\t\t\t\t\tSear\u0103 latino, filme \u00een aer liber, activit\u0103\u021bi interactive pentru copii la Iulius Town\t\t\t\t\t\t\t                        <\/a><\/h2>\n<div class=\"entry-meta\"><time datetime=\"2026-08-22T07:51:14+03:00\" class=\"entry-date\">22.08.2026<\/time><\/div>\n<\/article>\n<article class=\"span3 has-thumbnail post-474967 post type-post status-publish format-standard has-post-thumbnail hentry category-timp-liber tag-astour-timisoara tag-capri tag-pompeii tag-sorento tag-sudul-italiei-napoli content-print\">\n<div class=\"entry-thumbnail\"><a href=\"https:\/\/debanat.ro\/2026\/08\/la-final-de-septembrie-astour-timisoara-va-propune-o-escapada-dincolo-de-timp-descoperiti-farmecul-sudului-italiei-napoli-pompeii-sorento-si-capri_474967.html\" title=\"La final de septembrie, AsTour Timi\u015foara v\u0103 propune o escapad\u0103 dincolo de timp. Descoperi\u0163i farmecul sudului Italiei: Napoli, Pompeii, Sorento \u015fi Capri\"><img decoding=\"async\" width=\"230\" height=\"130\" src=\"https:\/\/cdn.debanat.ro\/wp-content\/uploads\/2026\/08\/napoli-230x130.png\" class=\"attachment-medium size-medium wp-post-image\" alt loading=\"lazy\"><\/a><\/div>\n<h2 class=\"entry-title\"><a href=\"https:\/\/debanat.ro\/2026\/08\/la-final-de-septembrie-astour-timisoara-va-propune-o-escapada-dincolo-de-timp-descoperiti-farmecul-sudului-italiei-napoli-pompeii-sorento-si-capri_474967.html\" title=\"La final de septembrie, AsTour Timi\u015foara v\u0103 propune o escapad\u0103 dincolo de timp. Descoperi\u0163i farmecul sudului Italiei: Napoli, Pompeii, Sorento \u015fi Capri\"><br \/>\n                        \t\t\t\t\t\t\t\t\tLa final de septembrie, AsTour Timi\u015foara v\u0103 propune o escapad\u0103 dincolo de timp. Descoperi\u0163i farmecul sudului Italiei: Napoli, Pompeii, Sorento \u015fi Capri\t\t\t\t\t\t\t                        <\/a><\/h2>\n<div class=\"entry-meta\"><time datetime=\"2026-08-22T07:00:29+03:00\" class=\"entry-date\">22.08.2026<\/time><\/div>\n<\/article>\n<article class=\"has-thumbnail post-475192 post type-post status-publish format-standard has-post-thumbnail hentry category-economic category-ultima-ora tag-frezare-asfalt-vechi tag-tronson-a1-margina-holdea tag-umb content-print\">\n<div class=\"entry-thumbnail fixed\"><a href=\"https:\/\/debanat.ro\/2026\/08\/asfaltul-vechi-de-pe-a1-dupa-iesirea-din-nodul-margina-holdea-este-inlocuit-cu-altul-nou-s-au-montat-primele-grinzi-la-pasaje-fotovideo_475192.html\" title=\"Permalink to Asfaltul vechi de pe A1, dup\u0103 ie\u0219irea din nodul Margina \u2013 Holdea, este \u00eenlocuit cu altul nou. S-au montat primele grinzi la pasaje\/FOTO+VIDEO\" rel=\"bookmark\"><img decoding=\"async\" width=\"700\" height=\"435\" src=\"https:\/\/cdn.debanat.ro\/wp-content\/uploads\/2026\/08\/asfalt7-700x435.jpg\" class=\"attachment-hp_article_big size-hp_article_big wp-post-image\" alt loading=\"lazy\"><\/a><\/div>\n<div class=\"post-inner\">\n<header class=\"entry-header\">\n<h2 class=\"entry-title\"><a href=\"https:\/\/debanat.ro\/2026\/08\/asfaltul-vechi-de-pe-a1-dupa-iesirea-din-nodul-margina-holdea-este-inlocuit-cu-altul-nou-s-au-montat-primele-grinzi-la-pasaje-fotovideo_475192.html\" title=\"Permalink to Asfaltul vechi de pe A1, dup\u0103 ie\u0219irea din nodul Margina \u2013 Holdea, este \u00eenlocuit cu altul nou. S-au montat primele grinzi la pasaje\/FOTO+VIDEO\" rel=\"bookmark\"><br \/>\n                        \t\t\t\t\t\t\t\t\t\t\tAsfaltul vechi de pe A1, dup\u0103 ie\u0219irea din nodul Margina \u2013 Holdea, este \u00eenlocuit cu altul nou. S-au montat primele grinzi la pasaje\/FOTO+VIDEO\t\t\t\t\t\t\t\t                        \t<\/a><\/h2>\n<div class=\"entry-meta entry-meta-top\">\n\t                        24 august 2026<br \/>\n\t                        de:\t                                <a href=\"https:\/\/debanat.ro\/author\/hoster\" rel=\"author\">Marcel Hoster<\/a><\/div>\n<\/header>\n<div class=\"entry-content\">\n                    \tVechiul asfalt aflat pe autostrada A1, la Margina, por\u021biunea dup\u0103 cobor\u00e2rea de pe drumul rapid, este frezat \u00een aceste zile, constructorul lotului lips\u0103 urm\u00e2nd s\u0103 toarne asfalt nou. Astfel, lucr\u0103rile din afara zonei tunelurilor de pe tronsonul A1, Margina-Holdea, au intrat \u00eentr-o nou\u0103 etap\u0103. Dinspre nodul rutier Margina spre organizarea de \u0219antier, pe sec\u021biunea D,&#8230;                    \t<br \/><a href=\"https:\/\/debanat.ro\/2026\/08\/asfaltul-vechi-de-pe-a1-dupa-iesirea-din-nodul-margina-holdea-este-inlocuit-cu-altul-nou-s-au-montat-primele-grinzi-la-pasaje-fotovideo_475192.html\" class=\"read_more\" title=\"Permanent Link to Asfaltul vechi de pe A1, dup\u0103 ie\u0219irea din nodul Margina \u2013 Holdea, este \u00eenlocuit cu altul nou. S-au montat primele grinzi la pasaje\/FOTO+VIDEO\">Cite\u015fte tot articolul<\/a><img decoding=\"async\" alt=\"Citeste articolul Asfaltul vechi de pe A1, dup\u0103 ie\u0219irea din nodul Margina \u2013 Holdea, este \u00eenlocuit cu altul nou. S-au montat primele grinzi la pasaje\/FOTO+VIDEO\" src=\"https:\/\/cdn.debanat.ro\/wp-content\/themes\/debanat\/images\/arr_red.png\"><\/div>\n<footer class=\"entry-meta entry-meta-bottom\"><span class=\"tags-links\"><br \/>\n\t\t                    Etichete: <a href=\"https:\/\/debanat.ro\/stiri-despre\/frezare-asfalt-vechi\" rel=\"tag\">frezare asfalt vechi<\/a>, <a href=\"https:\/\/debanat.ro\/stiri-despre\/tronson-a1-margina-holdea\" rel=\"tag\">tronson a1 margina &#8211; holdea<\/a>, <a href=\"https:\/\/debanat.ro\/stiri-despre\/umb\" rel=\"tag\">umb<\/a><\/span><\/footer>\n<\/div>\n<\/article>\n<div class=\"entry-content\">\n                    \tVechiul asfalt aflat pe autostrada A1, la Margina, por\u021biunea dup\u0103 cobor\u00e2rea de pe drumul rapid, este frezat \u00een aceste zile, constructorul lotului lips\u0103 urm\u00e2nd s\u0103 toarne asfalt nou. Astfel, lucr\u0103rile din afara zonei tunelurilor de pe tronsonul A1, Margina-Holdea, au intrat \u00eentr-o nou\u0103 etap\u0103. Dinspre nodul rutier Margina spre organizarea de \u0219antier, pe sec\u021biunea D,&#8230;                    \t<br \/><a href=\"https:\/\/debanat.ro\/2026\/08\/asfaltul-vechi-de-pe-a1-dupa-iesirea-din-nodul-margina-holdea-este-inlocuit-cu-altul-nou-s-au-montat-primele-grinzi-la-pasaje-fotovideo_475192.html\" class=\"read_more\" title=\"Permanent Link to Asfaltul vechi de pe A1, dup\u0103 ie\u0219irea din nodul Margina \u2013 Holdea, este \u00eenlocuit cu altul nou. S-au montat primele grinzi la pasaje\/FOTO+VIDEO\">Cite\u015fte tot articolul<\/a><img decoding=\"async\" alt=\"Citeste articolul Asfaltul vechi de pe A1, dup\u0103 ie\u0219irea din nodul Margina \u2013 Holdea, este \u00eenlocuit cu altul nou. S-au montat primele grinzi la pasaje\/FOTO+VIDEO\" src=\"https:\/\/cdn.debanat.ro\/wp-content\/themes\/debanat\/images\/arr_red.png\"><\/div>\n<article class=\"has-thumbnail post-475132 post type-post status-publish format-standard has-post-thumbnail hentry category-economic tag-afaceri-lichidate tag-firme tag-registrul-comertului tag-timis-2 content-print\">\n<div class=\"full_img\">\n<div class=\"entry-thumbnail\"><a href=\"https:\/\/debanat.ro\/2026\/08\/judetul-timis-se-numara-printre-liderii-nationali-la-firme-dizolvate_475132.html\" title=\"Permalink to Jude\u0163ul Timi\u0219 se num\u0103r\u0103 printre liderii na\u021bionali la firme dizolvate\" rel=\"bookmark\"><img decoding=\"async\" width=\"209\" height=\"130\" src=\"https:\/\/cdn.debanat.ro\/wp-content\/uploads\/2026\/08\/ONRC-rotaps-209x130.jpg\" class=\"attachment-hp_art_trei size-hp_art_trei wp-post-image\" alt loading=\"lazy\"><\/a><\/div>\n<div class=\"entry-meta\">\n\t                        24 august 2026\n\t                        \t                        <\/div>\n<h2 class=\"entry-title\"><a href=\"https:\/\/debanat.ro\/2026\/08\/judetul-timis-se-numara-printre-liderii-nationali-la-firme-dizolvate_475132.html\" title=\"Permalink to Jude\u0163ul Timi\u0219 se num\u0103r\u0103 printre liderii na\u021bionali la firme dizolvate\" rel=\"bookmark\"><br \/>\n                        \t\t\t\t\t\t\t\t\t\t\tJude\u0163ul Timi\u0219 se num\u0103r\u0103 printre liderii na\u021bionali la firme dizolvate\t\t\t\t\t\t\t\t                        \t<\/a><\/h2>\n<div class=\"entry-meta\">\n<p>                    \t\tde:\t                                <a href=\"https:\/\/debanat.ro\/author\/hoster\" rel=\"author\">Marcel Hoster<\/a><\/div>\n<\/div>\n<\/article>\n<article class=\"has-thumbnail post-475064 post type-post status-publish format-standard has-post-thumbnail hentry category-economic category-ultima-ora tag-asfalt-lot-margina-holdea tag-umb-spedition-euroasflat content-print\">\n<div class=\"full_img\">\n<div class=\"entry-thumbnail\"><a href=\"https:\/\/debanat.ro\/2026\/08\/pe-margina-holdea-s-au-turnat-primii-kilometri-de-asfalt_475064.html\" title=\"Permalink to Pe Margina \u2013 Holdea s-au turnat primii kilometri de asfalt\" rel=\"bookmark\"><img decoding=\"async\" width=\"209\" height=\"130\" src=\"https:\/\/cdn.debanat.ro\/wp-content\/uploads\/2026\/08\/asfaltma-209x130.jpg\" class=\"attachment-hp_art_trei size-hp_art_trei wp-post-image\" alt loading=\"lazy\"><\/a><\/div>\n<div class=\"entry-meta\">\n\t                        21 august 2026\n\t                        \t                        <\/div>\n<h2 class=\"entry-title\"><a href=\"https:\/\/debanat.ro\/2026\/08\/pe-margina-holdea-s-au-turnat-primii-kilometri-de-asfalt_475064.html\" title=\"Permalink to Pe Margina \u2013 Holdea s-au turnat primii kilometri de asfalt\" rel=\"bookmark\"><br \/>\n                        \t\t\t\t\t\t\t\t\t\t\tPe Margina \u2013 Holdea s-au turnat primii kilometri de asfalt\t\t\t\t\t\t\t\t                        \t<\/a><\/h2>\n<div class=\"entry-meta\">\n<p>                    \t\tde:\t                                <a href=\"https:\/\/debanat.ro\/author\/hoster\" rel=\"author\">Marcel Hoster<\/a><\/div>\n<\/div>\n<\/article>\n<article class=\"has-thumbnail post-474860 post type-post status-publish format-standard has-post-thumbnail hentry category-economic tag-baile-herculane tag-cfr-infrastructura tag-gara tag-randari content-print\">\n<div class=\"full_img\">\n<div class=\"entry-thumbnail\"><a href=\"https:\/\/debanat.ro\/2026\/08\/cfr-infrastructura-prezinta-primele-randari-cu-gara-din-baile-herculane-dupa-renovare_474860.html\" title=\"Permalink to CFR Infrastructur\u0103 prezint\u0103 primele rand\u0103ri cu gara din B\u0103ile Herculane dup\u0103 renovare\" rel=\"bookmark\"><img decoding=\"async\" width=\"209\" height=\"130\" src=\"https:\/\/cdn.debanat.ro\/wp-content\/uploads\/2026\/08\/herc-209x130.jpg\" class=\"attachment-hp_art_trei size-hp_art_trei wp-post-image\" alt loading=\"lazy\"><\/a><\/div>\n<div class=\"entry-meta\">\n\t                        20 august 2026\n\t                        \t                        <\/div>\n<h2 class=\"entry-title\"><a href=\"https:\/\/debanat.ro\/2026\/08\/cfr-infrastructura-prezinta-primele-randari-cu-gara-din-baile-herculane-dupa-renovare_474860.html\" title=\"Permalink to CFR Infrastructur\u0103 prezint\u0103 primele rand\u0103ri cu gara din B\u0103ile Herculane dup\u0103 renovare\" rel=\"bookmark\"><br \/>\n                        \t\t\t\t\t\t\t\t\t\t\tCFR Infrastructur\u0103 prezint\u0103 primele rand\u0103ri cu gara din B\u0103ile Herculane dup\u0103 renovare\t\t\t\t\t\t\t\t                        \t<\/a><\/h2>\n<div class=\"entry-meta\">\n<p>                    \t\tde:\t                                <a href=\"https:\/\/debanat.ro\/author\/hoster\" rel=\"author\">Marcel Hoster<\/a><\/div>\n<\/div>\n<\/article>\n<article class=\"span3 has-thumbnail post-473824 post type-post status-publish format-standard has-post-thumbnail hentry category-invatamant-3 tag-savarsin-domeniul-regal tag-scoala-de-vara-usvt content-print\">\n<div class=\"entry-thumbnail\"><a href=\"https:\/\/debanat.ro\/2026\/07\/scoala-de-vara-a-universitatii-de-stiintele-vietii-s-a-deschis-la-domeniul-regal-de-la-savarsin_473824.html\" title=\"\u0218coala de var\u0103 a Universit\u0103\u021bii de \u0218tiin\u021bele Vie\u021bii s-a deschis la domeniul regal de la S\u0103v\u00e2r\u0219in\"><img decoding=\"async\" width=\"230\" height=\"130\" src=\"https:\/\/cdn.debanat.ro\/wp-content\/uploads\/2026\/08\/savarsin-230x130.jpg\" class=\"attachment-medium size-medium wp-post-image\" alt loading=\"lazy\"><\/a><\/div>\n<h2 class=\"entry-title\"><a href=\"https:\/\/debanat.ro\/2026\/07\/scoala-de-vara-a-universitatii-de-stiintele-vietii-s-a-deschis-la-domeniul-regal-de-la-savarsin_473824.html\" title=\"\u0218coala de var\u0103 a Universit\u0103\u021bii de \u0218tiin\u021bele Vie\u021bii s-a deschis la domeniul regal de la S\u0103v\u00e2r\u0219in\"><br \/>\n                        \t\t\t\t\t\t\t\t\t\u0218coala de var\u0103 a Universit\u0103\u021bii de \u0218tiin\u021bele Vie\u021bii s-a deschis la domeniul regal de la S\u0103v\u00e2r\u0219in\t\t\t\t\t\t\t                        <\/a><\/h2>\n<div class=\"entry-meta\"><time datetime=\"2026-07-31T15:49:25+03:00\" class=\"entry-date\">31.07.2026<\/time><\/div>\n<\/article>\n<article class=\"span3 has-thumbnail post-471739 post type-post status-publish format-standard has-post-thumbnail hentry category-invatamant-3 tag-facultatea-de-arte-si-design tag-gala-mdvtm-2026 tag-uvt content-print\">\n<div class=\"entry-thumbnail\"><a href=\"https:\/\/debanat.ro\/2026\/07\/absolventii-generatiei-2026-a-facultatii-de-arte-si-design-isi-prezinta-creatiile-vestimentare-in-cadrul-galei-mdvt-2026_471739.html\" title=\"Absolven\u021bii genera\u021biei 2026 a Facult\u0103\u021bii de Arte \u0219i Design \u00ee\u0219i prezint\u0103 crea\u021biile vestimentare \u00een cadrul Galei MDVT 2026\"><img decoding=\"async\" width=\"230\" height=\"130\" src=\"https:\/\/cdn.debanat.ro\/wp-content\/uploads\/2026\/07\/galamdv-230x130.jpg\" class=\"attachment-medium size-medium wp-post-image\" alt loading=\"lazy\"><\/a><\/div>\n<h2 class=\"entry-title\"><a href=\"https:\/\/debanat.ro\/2026\/07\/absolventii-generatiei-2026-a-facultatii-de-arte-si-design-isi-prezinta-creatiile-vestimentare-in-cadrul-galei-mdvt-2026_471739.html\" title=\"Absolven\u021bii genera\u021biei 2026 a Facult\u0103\u021bii de Arte \u0219i Design \u00ee\u0219i prezint\u0103 crea\u021biile vestimentare \u00een cadrul Galei MDVT 2026\"><br \/>\n                        \t\t\t\t\t\t\t\t\tAbsolven\u021bii genera\u021biei 2026 a Facult\u0103\u021bii de Arte \u0219i Design \u00ee\u0219i prezint\u0103 crea\u021biile vestimentare \u00een cadrul Galei MDVT 2026\t\t\t\t\t\t\t                        <\/a><\/h2>\n<div class=\"entry-meta\"><time datetime=\"2026-07-04T14:37:58+03:00\" class=\"entry-date\">04.07.2026<\/time><\/div>\n<\/article>\n<article class=\"span3 has-thumbnail post-465569 post type-post status-publish format-standard has-post-thumbnail hentry category-administratie category-invatamant-3 category-primaria-timisoara-administratie tag-bani-pentru-olimpiade-scolare tag-first-tech-challenge-2026 tag-liceul-teoretic-dositei-obradovici tag-olimpiade-scolare-timis content-print\">\n<div class=\"entry-thumbnail\"><a href=\"https:\/\/debanat.ro\/2026\/04\/municipalitatea-timisoreana-vrea-sa-aloce-doua-sute-de-mii-de-lei-pentru-sustinerea-olimpiadelor-scolare-organizate-in-oras_465569.html\" title=\"Municipalitatea timi\u0219orean\u0103 vrea s\u0103 aloce dou\u0103 sute de mii de lei pentru sus\u021binerea olimpiadelor \u0219colare organizate \u00een ora\u0219\"><img decoding=\"async\" width=\"230\" height=\"130\" src=\"https:\/\/cdn.debanat.ro\/wp-content\/uploads\/2012\/07\/examen-230x130.jpg\" class=\"attachment-medium size-medium wp-post-image\" alt loading=\"lazy\"><\/a><\/div>\n<h2 class=\"entry-title\"><a href=\"https:\/\/debanat.ro\/2026\/04\/municipalitatea-timisoreana-vrea-sa-aloce-doua-sute-de-mii-de-lei-pentru-sustinerea-olimpiadelor-scolare-organizate-in-oras_465569.html\" title=\"Municipalitatea timi\u0219orean\u0103 vrea s\u0103 aloce dou\u0103 sute de mii de lei pentru sus\u021binerea olimpiadelor \u0219colare organizate \u00een ora\u0219\"><br \/>\n                        \t\t\t\t\t\t\t\t\tMunicipalitatea timi\u0219orean\u0103 vrea s\u0103 aloce dou\u0103 sute de mii de lei pentru sus\u021binerea olimpiadelor \u0219colare organizate \u00een ora\u0219\t\t\t\t\t\t\t                        <\/a><\/h2>\n<div class=\"entry-meta\"><time datetime=\"2026-04-01T14:50:23+03:00\" class=\"entry-date\">01.04.2026<\/time><\/div>\n<\/article>\n<article class=\"span3 has-thumbnail post-456033 post type-post status-publish format-standard has-post-thumbnail hentry category-invatamant-3 tag-timisoara-ideas-fest tag-universitatea-de-vest-timisoara content-print\">\n<div class=\"entry-thumbnail\"><a href=\"https:\/\/debanat.ro\/2025\/11\/la-uvt-va-avea-loc-timisoara-ideas-fest-radu-paraschivescu-marian-voicu-vlad-petreanu-moise-guran-mihai-maci-invitati_456033.html\" title=\"La UVT va avea loc Timi\u0219oara Ideas Fest. Radu Paraschivescu, Marian Voicu, Vlad Petreanu, Moise Guran, Mihai Maci, invita\u021bi\"><img decoding=\"async\" width=\"230\" height=\"130\" src=\"https:\/\/cdn.debanat.ro\/wp-content\/uploads\/2025\/11\/ideas-230x130.jpg\" class=\"attachment-medium size-medium wp-post-image\" alt loading=\"lazy\"><\/a><\/div>\n<h2 class=\"entry-title\"><a href=\"https:\/\/debanat.ro\/2025\/11\/la-uvt-va-avea-loc-timisoara-ideas-fest-radu-paraschivescu-marian-voicu-vlad-petreanu-moise-guran-mihai-maci-invitati_456033.html\" title=\"La UVT va avea loc Timi\u0219oara Ideas Fest. Radu Paraschivescu, Marian Voicu, Vlad Petreanu, Moise Guran, Mihai Maci, invita\u021bi\"><br \/>\n                        \t\t\t\t\t\t\t\t\tLa UVT va avea loc Timi\u0219oara Ideas Fest. Radu Paraschivescu, Marian Voicu, Vlad Petreanu, Moise Guran, Mihai Maci, invita\u021bi\t\t\t\t\t\t\t                        <\/a><\/h2>\n<div class=\"entry-meta\"><time datetime=\"2025-11-02T14:16:14+02:00\" class=\"entry-date\">02.11.2025<\/time><\/div>\n<\/article>\n<article class=\"span3 post-451736 post type-post status-publish format-standard hentry category-invatamant-3 tag-facultatea-de-economie-si-de-administrarea-a-afacerilor tag-master tag-uvt content-print\">\n<h2 class=\"entry-title\"><a href=\"https:\/\/debanat.ro\/2025\/09\/vreti-o-diploma-mba-o-puteti-obtine-la-universitatea-de-vest-timisoara_451736.html\" title=\"Vre\u021bi o diplom\u0103 MBA? O pute\u021bi ob\u021bine la Universitatea de Vest Timi\u0219oara\"><br \/>\n                        \t\t\t\t\t\t\t\t\tVre\u021bi o diplom\u0103 MBA? O pute\u021bi ob\u021bine la Universitatea de Vest Timi\u0219oara\t\t\t\t\t\t\t                        <\/a><\/h2>\n<div class=\"entry-meta\"><time datetime=\"2025-09-03T10:20:26+03:00\" class=\"entry-date\">03.09.2025<\/time><\/div>\n<\/article>\n<article class=\"span3 has-thumbnail post-451390 post type-post status-publish format-standard has-post-thumbnail hentry category-invatamant-3 tag-marilen-gabriel-pirtea tag-robotica tag-uvt content-print\">\n<div class=\"entry-thumbnail\"><a href=\"https:\/\/debanat.ro\/2025\/08\/patru-zile-de-robotica-tehnologie-si-creativitate-la-uvt-in-cadrul-open-robotics-intelligent-grid-2025_451390.html\" title=\"Patru zile de robotic\u0103, tehnologie \u0219i creativitate la UVT, \u00een cadrul Open Robotics Intelligent Grid 2025\"><img decoding=\"async\" width=\"230\" height=\"130\" src=\"https:\/\/cdn.debanat.ro\/wp-content\/uploads\/2025\/08\/robot-230x130.jpg\" class=\"attachment-medium size-medium wp-post-image\" alt loading=\"lazy\"><\/a><\/div>\n<h2 class=\"entry-title\"><a href=\"https:\/\/debanat.ro\/2025\/08\/patru-zile-de-robotica-tehnologie-si-creativitate-la-uvt-in-cadrul-open-robotics-intelligent-grid-2025_451390.html\" title=\"Patru zile de robotic\u0103, tehnologie \u0219i creativitate la UVT, \u00een cadrul Open Robotics Intelligent Grid 2025\"><br \/>\n                        \t\t\t\t\t\t\t\t\tPatru zile de robotic\u0103, tehnologie \u0219i creativitate la UVT, \u00een cadrul Open Robotics Intelligent Grid 2025\t\t\t\t\t\t\t                        <\/a><\/h2>\n<div class=\"entry-meta\"><time datetime=\"2025-08-29T11:17:38+03:00\" class=\"entry-date\">29.08.2025<\/time><\/div>\n<\/article>\n<article class=\"span3 has-thumbnail post-451205 post type-post status-publish format-standard has-post-thumbnail hentry category-invatamant-3 tag-echipa-de-robotica tag-marilen-gabriel-pirtea tag-uvt content-print\">\n<div class=\"entry-thumbnail\"><a href=\"https:\/\/debanat.ro\/2025\/08\/uvt-antreneaza-echipa-de-robotica-ce-va-reprezenta-romania-la-competitia-internationala-first-global-challenge-2025_451205.html\" title=\"UVT antreneaz\u0103 echipa de robotic\u0103 ce va reprezenta Rom\u00e2nia la competi\u021bia interna\u021bional\u0103 \u201eFIRST Global Challenge 2025\u201d\"><img decoding=\"async\" width=\"230\" height=\"130\" src=\"https:\/\/cdn.debanat.ro\/wp-content\/uploads\/2025\/08\/celengi-230x130.jpg\" class=\"attachment-medium size-medium wp-post-image\" alt loading=\"lazy\"><\/a><\/div>\n<h2 class=\"entry-title\"><a href=\"https:\/\/debanat.ro\/2025\/08\/uvt-antreneaza-echipa-de-robotica-ce-va-reprezenta-romania-la-competitia-internationala-first-global-challenge-2025_451205.html\" title=\"UVT antreneaz\u0103 echipa de robotic\u0103 ce va reprezenta Rom\u00e2nia la competi\u021bia interna\u021bional\u0103 \u201eFIRST Global Challenge 2025\u201d\"><br \/>\n                        \t\t\t\t\t\t\t\t\tUVT antreneaz\u0103 echipa de robotic\u0103 ce va reprezenta Rom\u00e2nia la competi\u021bia interna\u021bional\u0103 \u201eFIRST Global Challenge 2025\u201d\t\t\t\t\t\t\t                        <\/a><\/h2>\n<div class=\"entry-meta\"><time datetime=\"2025-08-27T11:55:52+03:00\" class=\"entry-date\">27.08.2025<\/time><\/div>\n<\/article>\n<article class=\"span3 has-thumbnail post-450881 post type-post status-publish format-standard has-post-thumbnail hentry category-invatamant-3 tag-fondul-de-modernizare tag-seap tag-universitatea-de-vest content-print\">\n<div class=\"entry-thumbnail\"><a href=\"https:\/\/debanat.ro\/2025\/08\/universitatea-de-vest-timisoara-isi-face-centrala-fotovoltaica-cu-peste-4000-de-panouri-solare-cu-zece-milioane-de-lei_450881.html\" title=\"Universitatea de Vest Timi\u0219oara \u00ee\u0219i face central\u0103 fotovoltaic\u0103 cu peste 4000 de panouri solare, cu zece milioane de lei\"><img decoding=\"async\" width=\"230\" height=\"130\" src=\"https:\/\/cdn.debanat.ro\/wp-content\/uploads\/2018\/03\/uvt-pe-lat-230x130.jpg\" class=\"attachment-medium size-medium wp-post-image\" alt=\"Universitatea de Vest Timi\u0219oara\" loading=\"lazy\"><\/a><\/div>\n<h2 class=\"entry-title\"><a href=\"https:\/\/debanat.ro\/2025\/08\/universitatea-de-vest-timisoara-isi-face-centrala-fotovoltaica-cu-peste-4000-de-panouri-solare-cu-zece-milioane-de-lei_450881.html\" title=\"Universitatea de Vest Timi\u0219oara \u00ee\u0219i face central\u0103 fotovoltaic\u0103 cu peste 4000 de panouri solare, cu zece milioane de lei\"><br \/>\n                        \t\t\t\t\t\t\t\t\tUniversitatea de Vest Timi\u0219oara \u00ee\u0219i face central\u0103 fotovoltaic\u0103 cu peste 4000 de panouri solare, cu zece milioane de lei\t\t\t\t\t\t\t                        <\/a><\/h2>\n<div class=\"entry-meta\"><time datetime=\"2025-08-22T10:17:35+03:00\" class=\"entry-date\">22.08.2025<\/time><\/div>\n<\/article>\n<article class=\"span3 has-thumbnail post-449744 post type-post status-publish format-standard has-post-thumbnail hentry category-invatamant-3 tag-best-global-universities-rankings-2025 tag-universitatea-de-vest tag-universitatea-politehnica-timisoara content-print\">\n<div class=\"entry-thumbnail\"><a href=\"https:\/\/debanat.ro\/2025\/08\/universitatea-de-vest-timisoara-bifeaza-un-nou-top-universitar-international_449744.html\" title=\"Universitatea de Vest Timi\u0219oara bifeaz\u0103 un nou top universitar interna\u021bional\"><img decoding=\"async\" width=\"230\" height=\"130\" src=\"https:\/\/cdn.debanat.ro\/wp-content\/uploads\/2018\/03\/uvt-pe-lat-230x130.jpg\" class=\"attachment-medium size-medium wp-post-image\" alt=\"Universitatea de Vest Timi\u0219oara\" loading=\"lazy\"><\/a><\/div>\n<h2 class=\"entry-title\"><a href=\"https:\/\/debanat.ro\/2025\/08\/universitatea-de-vest-timisoara-bifeaza-un-nou-top-universitar-international_449744.html\" title=\"Universitatea de Vest Timi\u0219oara bifeaz\u0103 un nou top universitar interna\u021bional\"><br \/>\n                        \t\t\t\t\t\t\t\t\tUniversitatea de Vest Timi\u0219oara bifeaz\u0103 un nou top universitar interna\u021bional\t\t\t\t\t\t\t                        <\/a><\/h2>\n<div class=\"entry-meta\"><time datetime=\"2025-08-04T10:08:25+03:00\" class=\"entry-date\">04.08.2025<\/time><\/div>\n<\/article>\n<article class=\"span3 has-thumbnail post-449455 post type-post status-publish format-standard has-post-thumbnail hentry category-invatamant-3 tag-asistenta-sociala-militara tag-masterat tag-uvt content-print\">\n<div class=\"entry-thumbnail\"><a href=\"https:\/\/debanat.ro\/2025\/07\/universitatea-de-vest-timisoara-pregateste-un-program-de-masterat-asistenta-sociala-militara_449455.html\" title=\"Universitatea de Vest Timi\u0219oara preg\u0103te\u0219te un program de masterat, Asisten\u021b\u0103 social\u0103 militar\u0103\"><img decoding=\"async\" width=\"230\" height=\"130\" src=\"https:\/\/cdn.debanat.ro\/wp-content\/uploads\/2012\/07\/uvt-230x130.jpg\" class=\"attachment-medium size-medium wp-post-image\" alt=\"Universitatea de Vest\" loading=\"lazy\"><\/a><\/div>\n<h2 class=\"entry-title\"><a href=\"https:\/\/debanat.ro\/2025\/07\/universitatea-de-vest-timisoara-pregateste-un-program-de-masterat-asistenta-sociala-militara_449455.html\" title=\"Universitatea de Vest Timi\u0219oara preg\u0103te\u0219te un program de masterat, Asisten\u021b\u0103 social\u0103 militar\u0103\"><br \/>\n                        \t\t\t\t\t\t\t\t\tUniversitatea de Vest Timi\u0219oara preg\u0103te\u0219te un program de masterat, Asisten\u021b\u0103 social\u0103 militar\u0103\t\t\t\t\t\t\t                        <\/a><\/h2>\n<div class=\"entry-meta\"><time datetime=\"2025-07-31T10:04:21+03:00\" class=\"entry-date\">31.07.2025<\/time><\/div>\n<\/article>\n<article class=\"span3 has-thumbnail post-449415 post type-post status-publish format-standard has-post-thumbnail hentry category-invatamant-3 tag-clasament tag-marilen-pirtea tag-uvt content-print\">\n<div class=\"entry-thumbnail\"><a href=\"https:\/\/debanat.ro\/2025\/07\/universitatea-de-vest-urca-o-mie-de-locuri-intr-un-clasament-de-specialitate_449415.html\" title=\"Universitatea de Vest urc\u0103 o mie de locuri \u00eentr-un clasament de specialitate\"><img decoding=\"async\" width=\"230\" height=\"130\" src=\"https:\/\/cdn.debanat.ro\/wp-content\/uploads\/2018\/03\/uvt-pe-lat-230x130.jpg\" class=\"attachment-medium size-medium wp-post-image\" alt=\"Universitatea de Vest Timi\u0219oara\" loading=\"lazy\"><\/a><\/div>\n<h2 class=\"entry-title\"><a href=\"https:\/\/debanat.ro\/2025\/07\/universitatea-de-vest-urca-o-mie-de-locuri-intr-un-clasament-de-specialitate_449415.html\" title=\"Universitatea de Vest urc\u0103 o mie de locuri \u00eentr-un clasament de specialitate\"><br \/>\n                        \t\t\t\t\t\t\t\t\tUniversitatea de Vest urc\u0103 o mie de locuri \u00eentr-un clasament de specialitate\t\t\t\t\t\t\t                        <\/a><\/h2>\n<div class=\"entry-meta\"><time datetime=\"2025-07-30T13:54:45+03:00\" class=\"entry-date\">30.07.2025<\/time><\/div>\n<\/article>\n<article class=\"span3 has-thumbnail post-449330 post type-post status-publish format-standard has-post-thumbnail hentry category-invatamant-3 tag-art-center tag-expozitie tag-uvt content-print\">\n<div class=\"entry-thumbnail\"><a href=\"https:\/\/debanat.ro\/2025\/07\/lucrarile-de-licenta-si-disertatie-ale-absolventilor-facultatii-de-arte-si-design-prezentate-la-art-center_449330.html\" title=\"Lucr\u0103rile de licen\u021b\u0103 \u0219i diserta\u021bie ale absolven\u021bilor Facult\u0103\u021bii de Arte \u0219i Design, prezentate la Art Center\"><img decoding=\"async\" width=\"230\" height=\"130\" src=\"https:\/\/cdn.debanat.ro\/wp-content\/uploads\/2025\/07\/artcenter-230x130.jpg\" class=\"attachment-medium size-medium wp-post-image\" alt loading=\"lazy\"><\/a><\/div>\n<h2 class=\"entry-title\"><a href=\"https:\/\/debanat.ro\/2025\/07\/lucrarile-de-licenta-si-disertatie-ale-absolventilor-facultatii-de-arte-si-design-prezentate-la-art-center_449330.html\" title=\"Lucr\u0103rile de licen\u021b\u0103 \u0219i diserta\u021bie ale absolven\u021bilor Facult\u0103\u021bii de Arte \u0219i Design, prezentate la Art Center\"><br \/>\n                        \t\t\t\t\t\t\t\t\tLucr\u0103rile de licen\u021b\u0103 \u0219i diserta\u021bie ale absolven\u021bilor Facult\u0103\u021bii de Arte \u0219i Design, prezentate la Art Center\t\t\t\t\t\t\t                        <\/a><\/h2>\n<div class=\"entry-meta\"><time datetime=\"2025-07-29T10:02:32+03:00\" class=\"entry-date\">29.07.2025<\/time><\/div>\n<\/article>\n<article class=\"has-thumbnail post-475533 post type-post status-publish format-standard has-post-thumbnail hentry category-administratie category-primaria-timisoara-administratie tag-acaricide tag-dezinsectie-timisoara tag-insecticide tag-pesticide-non-agricole tag-produse-pentru-combaterea-artropodelor content-print\">\n<div class=\"zona_left full_img\">\n<h2 class=\"entry-title\"><a href=\"https:\/\/debanat.ro\/2026\/08\/primaria-timisoara-reia-actiunile-de-dezinsectie-terestra_475533.html\" title=\"Permalink to Prim\u0103ria Timi\u0219oara reia ac\u021biunile de dezinsec\u021bie terestr\u0103\" rel=\"bookmark\"><br \/>\n                        \t\t\t\t\t\t\t\t\t\t\tPrim\u0103ria Timi\u0219oara reia ac\u021biunile de dezinsec\u021bie terestr\u0103\t\t\t\t\t\t\t\t                        \t<\/a><\/h2>\n<div class=\"entry-meta\">\n\t                        30 august 2026<br \/>\n\t                        de\t                                <a href=\"https:\/\/debanat.ro\/author\/hoster\" rel=\"author\">Marcel Hoster<\/a><\/div>\n<div class=\"entry-thumbnail\"><a href=\"https:\/\/debanat.ro\/2026\/08\/primaria-timisoara-reia-actiunile-de-dezinsectie-terestra_475533.html\" title=\"Permalink to Prim\u0103ria Timi\u0219oara reia ac\u021biunile de dezinsec\u021bie terestr\u0103\" rel=\"bookmark\"><img decoding=\"async\" width=\"337\" height=\"209\" src=\"https:\/\/cdn.debanat.ro\/wp-content\/uploads\/2021\/07\/dezinsectie-terestra-4-337x209.jpg\" class=\"attachment-hp_article size-hp_article wp-post-image\" alt loading=\"lazy\"><\/a><\/div>\n<\/div>\n<div class=\"entry-content full_img\">\n                    \tContinu\u0103 \u0219i \u00een luna septembrie ac\u021biunile de dezinsec\u021bie terestr\u0103 pe domeniul public al ora\u0219ului pentru combaterea \u021b\u00e2n\u021barilor \u0219i a larvelor acestora. Interven\u021biile sunt programate \u00een perioada 2-7 septembrie. Opera\u021biunile vor avea loc pe timpul nop\u021bii, \u00eentre orele 22 \u0219i 06, pentru a reduce disconfortul pentru locuitori. Se recomand\u0103 evitarea zonelor de ac\u0163iune a utilajelor \u00een&#8230;                    \t<a href=\"https:\/\/debanat.ro\/2026\/08\/primaria-timisoara-reia-actiunile-de-dezinsectie-terestra_475533.html\" class=\"read_more\" title=\"Permanent Link to Prim\u0103ria Timi\u0219oara reia ac\u021biunile de dezinsec\u021bie terestr\u0103\">Cite\u015fte tot articolul<\/a><img decoding=\"async\" alt=\"Citeste articolul Prim\u0103ria Timi\u0219oara reia ac\u021biunile de dezinsec\u021bie terestr\u0103\" src=\"https:\/\/cdn.debanat.ro\/wp-content\/themes\/debanat\/images\/arr_red.png\"><\/div>\n<\/article>\n<div class=\"entry-content full_img\">\n                    \tContinu\u0103 \u0219i \u00een luna septembrie ac\u021biunile de dezinsec\u021bie terestr\u0103 pe domeniul public al ora\u0219ului pentru combaterea \u021b\u00e2n\u021barilor \u0219i a larvelor acestora. Interven\u021biile sunt programate \u00een perioada 2-7 septembrie. Opera\u021biunile vor avea loc pe timpul nop\u021bii, \u00eentre orele 22 \u0219i 06, pentru a reduce disconfortul pentru locuitori. Se recomand\u0103 evitarea zonelor de ac\u0163iune a utilajelor \u00een&#8230;                    \t<a href=\"https:\/\/debanat.ro\/2026\/08\/primaria-timisoara-reia-actiunile-de-dezinsectie-terestra_475533.html\" class=\"read_more\" title=\"Permanent Link to Prim\u0103ria Timi\u0219oara reia ac\u021biunile de dezinsec\u021bie terestr\u0103\">Cite\u015fte tot articolul<\/a><img decoding=\"async\" alt=\"Citeste articolul Prim\u0103ria Timi\u0219oara reia ac\u021biunile de dezinsec\u021bie terestr\u0103\" src=\"https:\/\/cdn.debanat.ro\/wp-content\/themes\/debanat\/images\/arr_red.png\"><\/div>\n<article class=\"has-thumbnail post-475525 post type-post status-publish format-standard has-post-thumbnail hentry category-primaria-timisoara-administratie category-sport tag-instalare-gazon-stadion-lego tag-stadionul-lego-timisoara content-print\">\n<div class=\"zona_left full_img\">\n<h2 class=\"entry-title\"><a href=\"https:\/\/debanat.ro\/2026\/08\/stadionul-lego-asteapta-instalarea-gazonului-video_475525.html\" title=\"Permalink to Stadionul LEGO a\u0219teapt\u0103 instalarea gazonului\/VIDEO\" rel=\"bookmark\"><br \/>\n                        \t\t\t\t\t\t\t\t\t\t\tStadionul LEGO a\u0219teapt\u0103 instalarea gazonului\/VIDEO\t\t\t\t\t\t\t\t                        \t<\/a><\/h2>\n<div class=\"entry-meta\">\n\t                        30 august 2026<br \/>\n\t                        de\t                                <a href=\"https:\/\/debanat.ro\/author\/hoster\" rel=\"author\">Marcel Hoster<\/a><\/div>\n<div class=\"entry-thumbnail\"><a href=\"https:\/\/debanat.ro\/2026\/08\/stadionul-lego-asteapta-instalarea-gazonului-video_475525.html\" title=\"Permalink to Stadionul LEGO a\u0219teapt\u0103 instalarea gazonului\/VIDEO\" rel=\"bookmark\"><img decoding=\"async\" width=\"337\" height=\"209\" src=\"https:\/\/cdn.debanat.ro\/wp-content\/uploads\/2026\/08\/gason-337x209.jpg\" class=\"attachment-hp_article size-hp_article wp-post-image\" alt loading=\"lazy\"><\/a><\/div>\n<\/div>\n<div class=\"entry-content full_img\">\n                    \tPrim\u0103ria Timi\u0219oara a f\u0103cut publice o serie de imagini noi de pe stadionul LEGO din Calea Buzia\u0219ului. Cele mai noi informa\u021bii arat\u0103 c\u0103 viitoarea zon\u0103 de joc e preg\u0103tit\u0103 pentru instalarea gazonului. Pe stadion a fost \u00eencheiat\u0103 instalarea acoperi\u0219ului de deasupra tribunelor principale, dar \u0219i la peluze. Urmeaz\u0103 s\u0103 fie puse \u0219i jgheaburile \u0219i celelalte&#8230;                    \t<a href=\"https:\/\/debanat.ro\/2026\/08\/stadionul-lego-asteapta-instalarea-gazonului-video_475525.html\" class=\"read_more\" title=\"Permanent Link to Stadionul LEGO a\u0219teapt\u0103 instalarea gazonului\/VIDEO\">Cite\u015fte tot articolul<\/a><img decoding=\"async\" alt=\"Citeste articolul Stadionul LEGO a\u0219teapt\u0103 instalarea gazonului\/VIDEO\" src=\"https:\/\/cdn.debanat.ro\/wp-content\/themes\/debanat\/images\/arr_red.png\"><\/div>\n<\/article>\n<div class=\"entry-content full_img\">\n                    \tPrim\u0103ria Timi\u0219oara a f\u0103cut publice o serie de imagini noi de pe stadionul LEGO din Calea Buzia\u0219ului. Cele mai noi informa\u021bii arat\u0103 c\u0103 viitoarea zon\u0103 de joc e preg\u0103tit\u0103 pentru instalarea gazonului. Pe stadion a fost \u00eencheiat\u0103 instalarea acoperi\u0219ului de deasupra tribunelor principale, dar \u0219i la peluze. Urmeaz\u0103 s\u0103 fie puse \u0219i jgheaburile \u0219i celelalte&#8230;                    \t<a href=\"https:\/\/debanat.ro\/2026\/08\/stadionul-lego-asteapta-instalarea-gazonului-video_475525.html\" class=\"read_more\" title=\"Permanent Link to Stadionul LEGO a\u0219teapt\u0103 instalarea gazonului\/VIDEO\">Cite\u015fte tot articolul<\/a><img decoding=\"async\" alt=\"Citeste articolul Stadionul LEGO a\u0219teapt\u0103 instalarea gazonului\/VIDEO\" src=\"https:\/\/cdn.debanat.ro\/wp-content\/themes\/debanat\/images\/arr_red.png\"><\/div>\n<article class=\"has-thumbnail post-475527 post type-post status-publish format-standard has-post-thumbnail hentry category-sport tag-a-inceput-si-liga-3-seria-7-2026-2027 tag-deva-lider-in-c7 tag-poli-ii-pierde-cu-deva tag-sag-bate-la-ghiroda content-print\">\n<div class=\"zona_left full_img\">\n<h2 class=\"entry-title\"><a href=\"https:\/\/debanat.ro\/2026\/08\/a-inceput-si-liga-3-in-seria-7-deva-este-primul-lider-dupa-un-succes-cu-poli-ii-in-timp-ce-sagul-a-invins-surprinzator-la-ghiroda_475527.html\" title=\"Permalink to A \u00eenceput \u0219i Liga 3. \u00cen Seria 7, Deva este primul lider dup\u0103 un succes cu Poli II, \u00een timp ce \u0218agul a \u00eenvins surprinz\u0103tor la Ghiroda\" rel=\"bookmark\"><br \/>\n                        \t\t\t\t\t\t\t\t\t\t\tA \u00eenceput \u0219i Liga 3. \u00cen Seria 7, Deva este primul lider dup\u0103 un succes cu Poli II, \u00een timp ce \u0218agul a \u00eenvins surprinz\u0103tor la Ghiroda\t\t\t\t\t\t\t\t                        \t<\/a><\/h2>\n<div class=\"entry-meta\">\n\t                        30 august 2026<br \/>\n\t                        de\t                                <a href=\"https:\/\/debanat.ro\/author\/daniel-neacsu\" rel=\"author\">Daniel Neac\u0219u<\/a><\/div>\n<div class=\"entry-thumbnail\"><a href=\"https:\/\/debanat.ro\/2026\/08\/a-inceput-si-liga-3-in-seria-7-deva-este-primul-lider-dupa-un-succes-cu-poli-ii-in-timp-ce-sagul-a-invins-surprinzator-la-ghiroda_475527.html\" title=\"Permalink to A \u00eenceput \u0219i Liga 3. \u00cen Seria 7, Deva este primul lider dup\u0103 un succes cu Poli II, \u00een timp ce \u0218agul a \u00eenvins surprinz\u0103tor la Ghiroda\" rel=\"bookmark\"><img decoding=\"async\" width=\"337\" height=\"209\" src=\"https:\/\/cdn.debanat.ro\/wp-content\/uploads\/2026\/08\/nera-bogodint-337x209.jpg\" class=\"attachment-hp_article size-hp_article wp-post-image\" alt loading=\"lazy\"><\/a><\/div>\n<\/div>\n<div class=\"entry-content full_img\">\n                    \tS-a pus \u00een \u201emi\u0219care\u201d \u0219i Liga 3 \u00een acest weekend, acolo unde Unirea Alba Iulia pare principal\u0103 favorit\u0103 la play-off, al\u0103turi \u00eens\u0103 de Blaj \u0219i de alte echipe care s-au \u00eent\u0103rit, \u00een seria vestic\u0103, a VII-a. Surprizele nu au \u00eent\u00e2rziat s\u0103 apar\u0103 \u00eenc\u0103 din prima rund\u0103. Timi\u0219ul \u0218ag a \u00eenvins la Ghiroda, o echip\u0103 puternic\u0103&#8230;                    \t<a href=\"https:\/\/debanat.ro\/2026\/08\/a-inceput-si-liga-3-in-seria-7-deva-este-primul-lider-dupa-un-succes-cu-poli-ii-in-timp-ce-sagul-a-invins-surprinzator-la-ghiroda_475527.html\" class=\"read_more\" title=\"Permanent Link to A \u00eenceput \u0219i Liga 3. \u00cen Seria 7, Deva este primul lider dup\u0103 un succes cu Poli II, \u00een timp ce \u0218agul a \u00eenvins surprinz\u0103tor la Ghiroda\">Cite\u015fte tot articolul<\/a><img decoding=\"async\" alt=\"Citeste articolul A \u00eenceput \u0219i Liga 3. \u00cen Seria 7, Deva este primul lider dup\u0103 un succes cu Poli II, \u00een timp ce \u0218agul a \u00eenvins surprinz\u0103tor la Ghiroda\" src=\"https:\/\/cdn.debanat.ro\/wp-content\/themes\/debanat\/images\/arr_red.png\"><\/div>\n<\/article>\n<div class=\"entry-content full_img\">\n                    \tS-a pus \u00een \u201emi\u0219care\u201d \u0219i Liga 3 \u00een acest weekend, acolo unde Unirea Alba Iulia pare principal\u0103 favorit\u0103 la play-off, al\u0103turi \u00eens\u0103 de Blaj \u0219i de alte echipe care s-au \u00eent\u0103rit, \u00een seria vestic\u0103, a VII-a. Surprizele nu au \u00eent\u00e2rziat s\u0103 apar\u0103 \u00eenc\u0103 din prima rund\u0103. Timi\u0219ul \u0218ag a \u00eenvins la Ghiroda, o echip\u0103 puternic\u0103&#8230;                    \t<a href=\"https:\/\/debanat.ro\/2026\/08\/a-inceput-si-liga-3-in-seria-7-deva-este-primul-lider-dupa-un-succes-cu-poli-ii-in-timp-ce-sagul-a-invins-surprinzator-la-ghiroda_475527.html\" class=\"read_more\" title=\"Permanent Link to A \u00eenceput \u0219i Liga 3. \u00cen Seria 7, Deva este primul lider dup\u0103 un succes cu Poli II, \u00een timp ce \u0218agul a \u00eenvins surprinz\u0103tor la Ghiroda\">Cite\u015fte tot articolul<\/a><img decoding=\"async\" alt=\"Citeste articolul A \u00eenceput \u0219i Liga 3. \u00cen Seria 7, Deva este primul lider dup\u0103 un succes cu Poli II, \u00een timp ce \u0218agul a \u00eenvins surprinz\u0103tor la Ghiroda\" src=\"https:\/\/cdn.debanat.ro\/wp-content\/themes\/debanat\/images\/arr_red.png\"><\/div>\n<article class=\"has-thumbnail post-475496 post type-post status-publish format-standard has-post-thumbnail hentry category-produs-in-banat category-ultima-ora tag-brand-de-lifestyle tag-galinni tag-parfumuri-care-creeaza-amintiri tag-spa-ul-tau-la-tine-acasa content-print\">\n<div class=\"zona_left full_img\">\n<h2 class=\"entry-title\"><a href=\"https:\/\/debanat.ro\/2026\/08\/de-la-ritualul-de-baie-la-un-univers-complet-de-stare-de-bine-galinni-isi-extinde-povestea-banateana_475496.html\" title=\"Permalink to De la ritualul de baie la un univers complet de stare de bine: Galinni \u00ee\u0219i extinde povestea b\u0103n\u0103\u021bean\u0103\" rel=\"bookmark\"><br \/>\n                        \t\t\t\t\t\t\t\t\t\t\tDe la ritualul de baie la un univers complet de stare de bine: Galinni \u00ee\u0219i extinde povestea b\u0103n\u0103\u021bean\u0103\t\t\t\t\t\t\t\t                        \t<\/a><\/h2>\n<div class=\"entry-meta\">\n\t                        30 august 2026<br \/>\n\t                        de\t                                <a href=\"https:\/\/debanat.ro\/author\/redactia\" rel=\"author\">deBanat.ro<\/a><\/div>\n<div class=\"entry-thumbnail\"><a href=\"https:\/\/debanat.ro\/2026\/08\/de-la-ritualul-de-baie-la-un-univers-complet-de-stare-de-bine-galinni-isi-extinde-povestea-banateana_475496.html\" title=\"Permalink to De la ritualul de baie la un univers complet de stare de bine: Galinni \u00ee\u0219i extinde povestea b\u0103n\u0103\u021bean\u0103\" rel=\"bookmark\"><img decoding=\"async\" width=\"337\" height=\"209\" src=\"https:\/\/cdn.debanat.ro\/wp-content\/uploads\/2026\/08\/1-9-337x209.jpg\" class=\"attachment-hp_article size-hp_article wp-post-image\" alt loading=\"lazy\"><\/a><\/div>\n<\/div>\n<div class=\"entry-content full_img\">\n                    \tC\u00e2nd am f\u0103cut cuno\u0219tin\u021b\u0103 cu Galinni, \u00een urm\u0103 cu un an, povestea era una despre lini\u0219te, r\u0103sf\u0103\u021b \u0219i c\u00e2teva gesturi simple prin care o femeie \u00ee\u0219i poate face loc, chiar \u0219i \u00eentr-o zi aglomerat\u0103, pentru propriul ei moment de bine. Un an mai t\u00e2rziu, povestea nu mai \u00eencape \u00eentr-o lum\u00e2nare aprins\u0103 sau \u00eentr-o baie parfumat\u0103&#8230;.                    \t<a href=\"https:\/\/debanat.ro\/2026\/08\/de-la-ritualul-de-baie-la-un-univers-complet-de-stare-de-bine-galinni-isi-extinde-povestea-banateana_475496.html\" class=\"read_more\" title=\"Permanent Link to De la ritualul de baie la un univers complet de stare de bine: Galinni \u00ee\u0219i extinde povestea b\u0103n\u0103\u021bean\u0103\">Cite\u015fte tot articolul<\/a><img decoding=\"async\" alt=\"Citeste articolul De la ritualul de baie la un univers complet de stare de bine: Galinni \u00ee\u0219i extinde povestea b\u0103n\u0103\u021bean\u0103\" src=\"https:\/\/cdn.debanat.ro\/wp-content\/themes\/debanat\/images\/arr_red.png\"><\/div>\n<\/article>\n<div class=\"entry-content full_img\">\n                    \tC\u00e2nd am f\u0103cut cuno\u0219tin\u021b\u0103 cu Galinni, \u00een urm\u0103 cu un an, povestea era una despre lini\u0219te, r\u0103sf\u0103\u021b \u0219i c\u00e2teva gesturi simple prin care o femeie \u00ee\u0219i poate face loc, chiar \u0219i \u00eentr-o zi aglomerat\u0103, pentru propriul ei moment de bine. Un an mai t\u00e2rziu, povestea nu mai \u00eencape \u00eentr-o lum\u00e2nare aprins\u0103 sau \u00eentr-o baie parfumat\u0103&#8230;.                    \t<a href=\"https:\/\/debanat.ro\/2026\/08\/de-la-ritualul-de-baie-la-un-univers-complet-de-stare-de-bine-galinni-isi-extinde-povestea-banateana_475496.html\" class=\"read_more\" title=\"Permanent Link to De la ritualul de baie la un univers complet de stare de bine: Galinni \u00ee\u0219i extinde povestea b\u0103n\u0103\u021bean\u0103\">Cite\u015fte tot articolul<\/a><img decoding=\"async\" alt=\"Citeste articolul De la ritualul de baie la un univers complet de stare de bine: Galinni \u00ee\u0219i extinde povestea b\u0103n\u0103\u021bean\u0103\" src=\"https:\/\/cdn.debanat.ro\/wp-content\/themes\/debanat\/images\/arr_red.png\"><\/div>\n<article class=\"has-thumbnail post-475515 post type-post status-publish format-standard has-post-thumbnail hentry category-administratie category-primaria-timisoara-administratie category-ultima-ora tag-dominic-fritz tag-scandal-realitatea-plus-pahontu content-print\">\n<div class=\"zona_left full_img\">\n<h2 class=\"entry-title\"><a href=\"https:\/\/debanat.ro\/2026\/08\/dominic-fritz-in-conflict-cu-o-televiziune-bucuresteana-care-il-acuza-de-implicare-in-ancheta-pahontu-video_475515.html\" title=\"Permalink to Dominic Fritz, \u00een conflict cu o televiziune bucure\u0219tean\u0103 care \u00eel acuz\u0103 de implicare \u00een ancheta Pahon\u021bu\/VIDEO\" rel=\"bookmark\"><br \/>\n                        \t\t\t\t\t\t\t\t\t\t\tDominic Fritz, \u00een conflict cu o televiziune bucure\u0219tean\u0103 care \u00eel acuz\u0103 de implicare \u00een ancheta Pahon\u021bu\/VIDEO\t\t\t\t\t\t\t\t                        \t<\/a><\/h2>\n<div class=\"entry-meta\">\n\t                        29 august 2026<br \/>\n\t                        de\t                                <a href=\"https:\/\/debanat.ro\/author\/hoster\" rel=\"author\">Marcel Hoster<\/a><\/div>\n<div class=\"entry-thumbnail\"><a href=\"https:\/\/debanat.ro\/2026\/08\/dominic-fritz-in-conflict-cu-o-televiziune-bucuresteana-care-il-acuza-de-implicare-in-ancheta-pahontu-video_475515.html\" title=\"Permalink to Dominic Fritz, \u00een conflict cu o televiziune bucure\u0219tean\u0103 care \u00eel acuz\u0103 de implicare \u00een ancheta Pahon\u021bu\/VIDEO\" rel=\"bookmark\"><img decoding=\"async\" width=\"337\" height=\"209\" src=\"https:\/\/cdn.debanat.ro\/wp-content\/uploads\/2026\/08\/fritrealitatea-337x209.jpg\" class=\"attachment-hp_article size-hp_article wp-post-image\" alt loading=\"lazy\"><\/a><\/div>\n<\/div>\n<div class=\"entry-content full_img\">\n                    \tDominic Fritz acuz\u0103 televiziunea Realitatea Plus c\u0103 a \u00eencercat s\u0103 \u00eel implice \u00een ancheta desf\u0103\u0219urat\u0103 de Recorder pe tema implic\u0103rii \u0219efului SPP, Lucian Pahon\u021bu, \u00een evenimentele din decembrie 1989. Liderul USR spune c\u0103 i s-a solicitat o reac\u021bie \u00een acest sens de c\u0103tre televiziunea amintit\u0103, dar c\u0103 r\u0103spunsul dat nu a fost luat \u00een considerare&#8230;.                    \t<a href=\"https:\/\/debanat.ro\/2026\/08\/dominic-fritz-in-conflict-cu-o-televiziune-bucuresteana-care-il-acuza-de-implicare-in-ancheta-pahontu-video_475515.html\" class=\"read_more\" title=\"Permanent Link to Dominic Fritz, \u00een conflict cu o televiziune bucure\u0219tean\u0103 care \u00eel acuz\u0103 de implicare \u00een ancheta Pahon\u021bu\/VIDEO\">Cite\u015fte tot articolul<\/a><img decoding=\"async\" alt=\"Citeste articolul Dominic Fritz, \u00een conflict cu o televiziune bucure\u0219tean\u0103 care \u00eel acuz\u0103 de implicare \u00een ancheta Pahon\u021bu\/VIDEO\" src=\"https:\/\/cdn.debanat.ro\/wp-content\/themes\/debanat\/images\/arr_red.png\"><\/div>\n<\/article>\n<div class=\"entry-content full_img\">\n                    \tDominic Fritz acuz\u0103 televiziunea Realitatea Plus c\u0103 a \u00eencercat s\u0103 \u00eel implice \u00een ancheta desf\u0103\u0219urat\u0103 de Recorder pe tema implic\u0103rii \u0219efului SPP, Lucian Pahon\u021bu, \u00een evenimentele din decembrie 1989. Liderul USR spune c\u0103 i s-a solicitat o reac\u021bie \u00een acest sens de c\u0103tre televiziunea amintit\u0103, dar c\u0103 r\u0103spunsul dat nu a fost luat \u00een considerare&#8230;.                    \t<a href=\"https:\/\/debanat.ro\/2026\/08\/dominic-fritz-in-conflict-cu-o-televiziune-bucuresteana-care-il-acuza-de-implicare-in-ancheta-pahontu-video_475515.html\" class=\"read_more\" title=\"Permanent Link to Dominic Fritz, \u00een conflict cu o televiziune bucure\u0219tean\u0103 care \u00eel acuz\u0103 de implicare \u00een ancheta Pahon\u021bu\/VIDEO\">Cite\u015fte tot articolul<\/a><img decoding=\"async\" alt=\"Citeste articolul Dominic Fritz, \u00een conflict cu o televiziune bucure\u0219tean\u0103 care \u00eel acuz\u0103 de implicare \u00een ancheta Pahon\u021bu\/VIDEO\" src=\"https:\/\/cdn.debanat.ro\/wp-content\/themes\/debanat\/images\/arr_red.png\"><\/div>\n<article class=\"has-thumbnail post-475509 post type-post status-publish format-standard has-post-thumbnail hentry category-social tag-control-groapa-de-gunoi content-print\">\n<div class=\"zona_left full_img\">\n<h2 class=\"entry-title\"><a href=\"https:\/\/debanat.ro\/2026\/08\/amenda-de-45-000-de-lei-in-urma-unui-control-realizat-de-garda-de-mediu-timis_475509.html\" title=\"Permalink to Amend\u0103 de 45.000 de lei, \u00een urma unui control realizat de Garda de Mediu Timi\u0219\" rel=\"bookmark\"><br \/>\n                        \t\t\t\t\t\t\t\t\t\t\tAmend\u0103 de 45.000 de lei, \u00een urma unui control realizat de Garda de Mediu Timi\u0219\t\t\t\t\t\t\t\t                        \t<\/a><\/h2>\n<div class=\"entry-meta\">\n\t                        29 august 2026<br \/>\n\t                        de\t                                <a href=\"https:\/\/debanat.ro\/author\/hoster\" rel=\"author\">Marcel Hoster<\/a><\/div>\n<div class=\"entry-thumbnail\"><a href=\"https:\/\/debanat.ro\/2026\/08\/amenda-de-45-000-de-lei-in-urma-unui-control-realizat-de-garda-de-mediu-timis_475509.html\" title=\"Permalink to Amend\u0103 de 45.000 de lei, \u00een urma unui control realizat de Garda de Mediu Timi\u0219\" rel=\"bookmark\"><img decoding=\"async\" width=\"337\" height=\"209\" src=\"https:\/\/cdn.debanat.ro\/wp-content\/uploads\/2026\/08\/groapag1-337x209.jpg\" class=\"attachment-hp_article size-hp_article wp-post-image\" alt loading=\"lazy\"><\/a><\/div>\n<\/div>\n<div class=\"entry-content full_img\">\n                    \tGarda de Mediu Timi\u0219 a amendat o prim\u0103rie din jude\u021b pentru c\u0103 aceasta nu a respectat indica\u021biile date de institu\u021bie la un control precedent, prin care se cerea desfiin\u021barea unei gropi de gunoi \u0219i transportul de\u0219eurilor g\u0103site acolo c\u0103tre un operator autorizat pentru neutralizare. \u00cen urm\u0103 cu mai mult de o lun\u0103 fusese organizat un&#8230;                    \t<a href=\"https:\/\/debanat.ro\/2026\/08\/amenda-de-45-000-de-lei-in-urma-unui-control-realizat-de-garda-de-mediu-timis_475509.html\" class=\"read_more\" title=\"Permanent Link to Amend\u0103 de 45.000 de lei, \u00een urma unui control realizat de Garda de Mediu Timi\u0219\">Cite\u015fte tot articolul<\/a><img decoding=\"async\" alt=\"Citeste articolul Amend\u0103 de 45.000 de lei, \u00een urma unui control realizat de Garda de Mediu Timi\u0219\" src=\"https:\/\/cdn.debanat.ro\/wp-content\/themes\/debanat\/images\/arr_red.png\"><\/div>\n<\/article>\n<div class=\"entry-content full_img\">\n                    \tGarda de Mediu Timi\u0219 a amendat o prim\u0103rie din jude\u021b pentru c\u0103 aceasta nu a respectat indica\u021biile date de institu\u021bie la un control precedent, prin care se cerea desfiin\u021barea unei gropi de gunoi \u0219i transportul de\u0219eurilor g\u0103site acolo c\u0103tre un operator autorizat pentru neutralizare. \u00cen urm\u0103 cu mai mult de o lun\u0103 fusese organizat un&#8230;                    \t<a href=\"https:\/\/debanat.ro\/2026\/08\/amenda-de-45-000-de-lei-in-urma-unui-control-realizat-de-garda-de-mediu-timis_475509.html\" class=\"read_more\" title=\"Permanent Link to Amend\u0103 de 45.000 de lei, \u00een urma unui control realizat de Garda de Mediu Timi\u0219\">Cite\u015fte tot articolul<\/a><img decoding=\"async\" alt=\"Citeste articolul Amend\u0103 de 45.000 de lei, \u00een urma unui control realizat de Garda de Mediu Timi\u0219\" src=\"https:\/\/cdn.debanat.ro\/wp-content\/themes\/debanat\/images\/arr_red.png\"><\/div>\n<article class=\"has-thumbnail post-475502 post type-post status-publish format-standard has-post-thumbnail hentry category-sport tag-csc-dumbravita-scm-rm-valcea-0-1 tag-dumbravita-este-pe-topogan tag-portarul-craciun-omul-meciului tag-vasile-constantin-gol-la-vinclu content-print\">\n<div class=\"zona_left full_img\">\n<h2 class=\"entry-title\"><a href=\"https:\/\/debanat.ro\/2026\/08\/dumbravita-este-pe-topogan-pierde-acasa-cu-o-nou-promovata-desi-a-avut-penalty-la-0-0_475502.html\" title=\"Permalink to Dumbr\u0103vi\u021ba este pe topogan! Pierde acas\u0103 cu o nou-promovat\u0103 de\u0219i a avut penalty la 0-0\" rel=\"bookmark\"><br \/>\n                        \t\t\t\t\t\t\t\t\t\t\tDumbr\u0103vi\u021ba este pe topogan! Pierde acas\u0103 cu o nou-promovat\u0103 de\u0219i a avut penalty la 0-0\t\t\t\t\t\t\t\t                        \t<\/a><\/h2>\n<div class=\"entry-meta\">\n\t                        29 august 2026<br \/>\n\t                        de\t                                <a href=\"https:\/\/debanat.ro\/author\/daniel-neacsu\" rel=\"author\">Daniel Neac\u0219u<\/a><\/div>\n<div class=\"entry-thumbnail\"><a href=\"https:\/\/debanat.ro\/2026\/08\/dumbravita-este-pe-topogan-pierde-acasa-cu-o-nou-promovata-desi-a-avut-penalty-la-0-0_475502.html\" title=\"Permalink to Dumbr\u0103vi\u021ba este pe topogan! Pierde acas\u0103 cu o nou-promovat\u0103 de\u0219i a avut penalty la 0-0\" rel=\"bookmark\"><img decoding=\"async\" width=\"337\" height=\"209\" src=\"https:\/\/cdn.debanat.ro\/wp-content\/uploads\/2026\/08\/dumbravita-valcea-337x209.jpg\" class=\"attachment-hp_article size-hp_article wp-post-image\" alt loading=\"lazy\"><\/a><\/div>\n<\/div>\n<div class=\"entry-content full_img\">\n                    \tAu trecut 5 etape, din care patru cu echipe ce au venit din Liga 3 \u0219i cu Steaua, ultima clasat\u0103, \u0219i totu\u0219i, CSC Dumbr\u0103vi\u021ba a ob\u021binut doar 3 puncte. Ast\u0103zi a \u201ereu\u0219it\u201d s\u0103 piard\u0103 \u00een fa\u021ba echipei din Rm. V\u00e2lcea, dup\u0103 o prim\u0103 repriz\u0103 \u201ealb\u0103\u201d \u0219i \u00een a doua \u00een care a avut o lovitur\u0103&#8230;                    \t<a href=\"https:\/\/debanat.ro\/2026\/08\/dumbravita-este-pe-topogan-pierde-acasa-cu-o-nou-promovata-desi-a-avut-penalty-la-0-0_475502.html\" class=\"read_more\" title=\"Permanent Link to Dumbr\u0103vi\u021ba este pe topogan! Pierde acas\u0103 cu o nou-promovat\u0103 de\u0219i a avut penalty la 0-0\">Cite\u015fte tot articolul<\/a><img decoding=\"async\" alt=\"Citeste articolul Dumbr\u0103vi\u021ba este pe topogan! Pierde acas\u0103 cu o nou-promovat\u0103 de\u0219i a avut penalty la 0-0\" src=\"https:\/\/cdn.debanat.ro\/wp-content\/themes\/debanat\/images\/arr_red.png\"><\/div>\n<\/article>\n<div class=\"entry-content full_img\">\n                    \tAu trecut 5 etape, din care patru cu echipe ce au venit din Liga 3 \u0219i cu Steaua, ultima clasat\u0103, \u0219i totu\u0219i, CSC Dumbr\u0103vi\u021ba a ob\u021binut doar 3 puncte. Ast\u0103zi a \u201ereu\u0219it\u201d s\u0103 piard\u0103 \u00een fa\u021ba echipei din Rm. V\u00e2lcea, dup\u0103 o prim\u0103 repriz\u0103 \u201ealb\u0103\u201d \u0219i \u00een a doua \u00een care a avut o lovitur\u0103&#8230;                    \t<a href=\"https:\/\/debanat.ro\/2026\/08\/dumbravita-este-pe-topogan-pierde-acasa-cu-o-nou-promovata-desi-a-avut-penalty-la-0-0_475502.html\" class=\"read_more\" title=\"Permanent Link to Dumbr\u0103vi\u021ba este pe topogan! Pierde acas\u0103 cu o nou-promovat\u0103 de\u0219i a avut penalty la 0-0\">Cite\u015fte tot articolul<\/a><img decoding=\"async\" alt=\"Citeste articolul Dumbr\u0103vi\u021ba este pe topogan! Pierde acas\u0103 cu o nou-promovat\u0103 de\u0219i a avut penalty la 0-0\" src=\"https:\/\/cdn.debanat.ro\/wp-content\/themes\/debanat\/images\/arr_red.png\"><\/div>\n<article class=\"has-thumbnail post-475494 post type-post status-publish format-standard has-post-thumbnail hentry tag-accident-grav-lugoj-29-08-2026 tag-conducere-fara-permis tag-dosar-penal-cu-patru-infractiuni tag-patru-victime-dupa-un-accident-in-lugoj content-print\">\n<div class=\"zona_left full_img\">\n<h2 class=\"entry-title\"><a href=\"https:\/\/debanat.ro\/2026\/08\/urmarire-ca-in-filme-in-lugoj-tanar-beat-si-fara-permis-a-provocat-un-accident-grav-proiectand-o-masina-pe-terasa-unui-restaurant-iar-mai-multe-persoane-au-ajuns-in-spital_475494.html\" title=\"Permalink to Urm\u0103rire ca \u00een filme \u00een Lugoj: t\u00e2n\u0103r beat \u0219i f\u0103r\u0103 permis a provocat un accident grav, proiect\u00e2nd o ma\u0219in\u0103 pe terasa unui restaurant, iar mai multe persoane au ajuns \u00een spital\" rel=\"bookmark\"><br \/>\n                        \t\t\t\t\t\t\t\t\t\t\tUrm\u0103rire ca \u00een filme \u00een Lugoj: t\u00e2n\u0103r beat \u0219i f\u0103r\u0103 permis a provocat un accident grav, proiect\u00e2nd o ma\u0219in\u0103 pe terasa unui restaurant, iar mai multe persoane au ajuns \u00een spital\t\t\t\t\t\t\t\t                        \t<\/a><\/h2>\n<div class=\"entry-meta\">\n\t                        29 august 2026<br \/>\n\t                        de\t                                <a href=\"https:\/\/debanat.ro\/author\/daniel-neacsu\" rel=\"author\">Daniel Neac\u0219u<\/a><\/div>\n<div class=\"entry-thumbnail\"><a href=\"https:\/\/debanat.ro\/2026\/08\/urmarire-ca-in-filme-in-lugoj-tanar-beat-si-fara-permis-a-provocat-un-accident-grav-proiectand-o-masina-pe-terasa-unui-restaurant-iar-mai-multe-persoane-au-ajuns-in-spital_475494.html\" title=\"Permalink to Urm\u0103rire ca \u00een filme \u00een Lugoj: t\u00e2n\u0103r beat \u0219i f\u0103r\u0103 permis a provocat un accident grav, proiect\u00e2nd o ma\u0219in\u0103 pe terasa unui restaurant, iar mai multe persoane au ajuns \u00een spital\" rel=\"bookmark\"><img decoding=\"async\" width=\"337\" height=\"209\" src=\"https:\/\/cdn.debanat.ro\/wp-content\/uploads\/2012\/05\/accident-noaptea-337x209.jpg\" class=\"attachment-hp_article size-hp_article wp-post-image\" alt loading=\"lazy\"><\/a><\/div>\n<\/div>\n<div class=\"entry-content full_img\">\n                    \tUn grav accident de circula\u021bie, soldat cu r\u0103nirea a patru persoane, a avut loc azi-noapte \u00een municipiul Lugoj, dup\u0103 ce un t\u00e2n\u0103r de 27 de ani a refuzat s\u0103 opreasc\u0103 la semnalul poli\u021bi\u0219tilor. Fugind de echipajele de la Rutier\u0103, individul \u2014 care era extrem de beat \u0219i nu avea permis, dar \u0219i furase autoturismul \u2014&#8230;                    \t<a href=\"https:\/\/debanat.ro\/2026\/08\/urmarire-ca-in-filme-in-lugoj-tanar-beat-si-fara-permis-a-provocat-un-accident-grav-proiectand-o-masina-pe-terasa-unui-restaurant-iar-mai-multe-persoane-au-ajuns-in-spital_475494.html\" class=\"read_more\" title=\"Permanent Link to Urm\u0103rire ca \u00een filme \u00een Lugoj: t\u00e2n\u0103r beat \u0219i f\u0103r\u0103 permis a provocat un accident grav, proiect\u00e2nd o ma\u0219in\u0103 pe terasa unui restaurant, iar mai multe persoane au ajuns \u00een spital\">Cite\u015fte tot articolul<\/a><img decoding=\"async\" alt=\"Citeste articolul Urm\u0103rire ca \u00een filme \u00een Lugoj: t\u00e2n\u0103r beat \u0219i f\u0103r\u0103 permis a provocat un accident grav, proiect\u00e2nd o ma\u0219in\u0103 pe terasa unui restaurant, iar mai multe persoane au ajuns \u00een spital\" src=\"https:\/\/cdn.debanat.ro\/wp-content\/themes\/debanat\/images\/arr_red.png\"><\/div>\n<\/article>\n<div class=\"entry-content full_img\">\n                    \tUn grav accident de circula\u021bie, soldat cu r\u0103nirea a patru persoane, a avut loc azi-noapte \u00een municipiul Lugoj, dup\u0103 ce un t\u00e2n\u0103r de 27 de ani a refuzat s\u0103 opreasc\u0103 la semnalul poli\u021bi\u0219tilor. Fugind de echipajele de la Rutier\u0103, individul \u2014 care era extrem de beat \u0219i nu avea permis, dar \u0219i furase autoturismul \u2014&#8230;                    \t<a href=\"https:\/\/debanat.ro\/2026\/08\/urmarire-ca-in-filme-in-lugoj-tanar-beat-si-fara-permis-a-provocat-un-accident-grav-proiectand-o-masina-pe-terasa-unui-restaurant-iar-mai-multe-persoane-au-ajuns-in-spital_475494.html\" class=\"read_more\" title=\"Permanent Link to Urm\u0103rire ca \u00een filme \u00een Lugoj: t\u00e2n\u0103r beat \u0219i f\u0103r\u0103 permis a provocat un accident grav, proiect\u00e2nd o ma\u0219in\u0103 pe terasa unui restaurant, iar mai multe persoane au ajuns \u00een spital\">Cite\u015fte tot articolul<\/a><img decoding=\"async\" alt=\"Citeste articolul Urm\u0103rire ca \u00een filme \u00een Lugoj: t\u00e2n\u0103r beat \u0219i f\u0103r\u0103 permis a provocat un accident grav, proiect\u00e2nd o ma\u0219in\u0103 pe terasa unui restaurant, iar mai multe persoane au ajuns \u00een spital\" src=\"https:\/\/cdn.debanat.ro\/wp-content\/themes\/debanat\/images\/arr_red.png\"><\/div>\n<article class=\"has-thumbnail post-475486 post type-post status-publish format-standard has-post-thumbnail hentry category-poli-timisoara category-sport tag-dan-alexa tag-eusebiu-tudor tag-meci-liga-2-etapa-5 tag-poli-asa tag-suporteri-alb-violeti content-print\">\n<div class=\"zona_left full_img\">\n<h2 class=\"entry-title\"><a href=\"https:\/\/debanat.ro\/2026\/08\/politehnica-timisoara-incearca-sa-isi-mentina-seria-pozitiva-in-fata-unui-adversar-dificil_475486.html\" title=\"Permalink to Politehnica Timi\u0219oara \u00eencearc\u0103 s\u0103 \u00ee\u0219i men\u021bin\u0103 seria pozitiv\u0103 \u00een fa\u021ba unui adversar dificil\" rel=\"bookmark\"><br \/>\n                        \t\t\t\t\t\t\t\t\t\t\tPolitehnica Timi\u0219oara \u00eencearc\u0103 s\u0103 \u00ee\u0219i men\u021bin\u0103 seria pozitiv\u0103 \u00een fa\u021ba unui adversar dificil\t\t\t\t\t\t\t\t                        \t<\/a><\/h2>\n<div class=\"entry-meta\">\n\t                        29 august 2026<br \/>\n\t                        de\t                                <a href=\"https:\/\/debanat.ro\/author\/daniel-neacsu\" rel=\"author\">Daniel Neac\u0219u<\/a><\/div>\n<div class=\"entry-thumbnail\"><a href=\"https:\/\/debanat.ro\/2026\/08\/politehnica-timisoara-incearca-sa-isi-mentina-seria-pozitiva-in-fata-unui-adversar-dificil_475486.html\" title=\"Permalink to Politehnica Timi\u0219oara \u00eencearc\u0103 s\u0103 \u00ee\u0219i men\u021bin\u0103 seria pozitiv\u0103 \u00een fa\u021ba unui adversar dificil\" rel=\"bookmark\"><img decoding=\"async\" width=\"337\" height=\"209\" src=\"https:\/\/cdn.debanat.ro\/wp-content\/uploads\/2026\/08\/poli-2-337x209.jpg\" class=\"attachment-hp_article size-hp_article wp-post-image\" alt loading=\"lazy\"><\/a><\/div>\n<\/div>\n<div class=\"entry-content full_img\">\n                    \tPolitehnica Timi\u0219oara se re\u00eent\u00e2lne\u0219te cu ASA T\u00e2rgu Mure\u0219 dup\u0103 nici 11 zile de la duelul care a contat pentru calificarea \u00een grupele Cupei Rom\u00e2niei \u0219i \u00een care alb-viole\u021bii s-au impus cu 2-1. Meciul de duminic\u0103 se joac\u0103 tot la Timi\u0219oara, pe stadionul Electrica, dar de aceast\u0103 dat\u0103 va fi pe puncte \u2013 el conteaz\u0103 pentru&#8230;                    \t<a href=\"https:\/\/debanat.ro\/2026\/08\/politehnica-timisoara-incearca-sa-isi-mentina-seria-pozitiva-in-fata-unui-adversar-dificil_475486.html\" class=\"read_more\" title=\"Permanent Link to Politehnica Timi\u0219oara \u00eencearc\u0103 s\u0103 \u00ee\u0219i men\u021bin\u0103 seria pozitiv\u0103 \u00een fa\u021ba unui adversar dificil\">Cite\u015fte tot articolul<\/a><img decoding=\"async\" alt=\"Citeste articolul Politehnica Timi\u0219oara \u00eencearc\u0103 s\u0103 \u00ee\u0219i men\u021bin\u0103 seria pozitiv\u0103 \u00een fa\u021ba unui adversar dificil\" src=\"https:\/\/cdn.debanat.ro\/wp-content\/themes\/debanat\/images\/arr_red.png\"><\/div>\n<\/article>\n<div class=\"entry-content full_img\">\n                    \tPolitehnica Timi\u0219oara se re\u00eent\u00e2lne\u0219te cu ASA T\u00e2rgu Mure\u0219 dup\u0103 nici 11 zile de la duelul care a contat pentru calificarea \u00een grupele Cupei Rom\u00e2niei \u0219i \u00een care alb-viole\u021bii s-au impus cu 2-1. Meciul de duminic\u0103 se joac\u0103 tot la Timi\u0219oara, pe stadionul Electrica, dar de aceast\u0103 dat\u0103 va fi pe puncte \u2013 el conteaz\u0103 pentru&#8230;                    \t<a href=\"https:\/\/debanat.ro\/2026\/08\/politehnica-timisoara-incearca-sa-isi-mentina-seria-pozitiva-in-fata-unui-adversar-dificil_475486.html\" class=\"read_more\" title=\"Permanent Link to Politehnica Timi\u0219oara \u00eencearc\u0103 s\u0103 \u00ee\u0219i men\u021bin\u0103 seria pozitiv\u0103 \u00een fa\u021ba unui adversar dificil\">Cite\u015fte tot articolul<\/a><img decoding=\"async\" alt=\"Citeste articolul Politehnica Timi\u0219oara \u00eencearc\u0103 s\u0103 \u00ee\u0219i men\u021bin\u0103 seria pozitiv\u0103 \u00een fa\u021ba unui adversar dificil\" src=\"https:\/\/cdn.debanat.ro\/wp-content\/themes\/debanat\/images\/arr_red.png\"><\/div>\n<article class=\"has-thumbnail post-475461 post type-post status-publish format-standard has-post-thumbnail hentry category-timp-liber category-unde-mergem tag-back-2-school-la-iulius-town tag-ca tag-empire-salon tag-fenice tag-intersport tag-meli-melo tag-next content-print\">\n<div class=\"zona_left full_img\">\n<h2 class=\"entry-title\"><a href=\"https:\/\/debanat.ro\/2026\/08\/back-2-school-la-iulius-town-premii-pe-loc-si-surprize-la-shopping_475461.html\" title=\"Permalink to \u201eBack 2 School\u201d la Iulius Town: premii pe loc \u0219i surprize la shopping\" rel=\"bookmark\"><br \/>\n                        \t\t\t\t\t\t\t\t\t\t\t\u201eBack 2 School\u201d la Iulius Town: premii pe loc \u0219i surprize la shopping\t\t\t\t\t\t\t\t                        \t<\/a><\/h2>\n<div class=\"entry-meta\">\n\t                        29 august 2026<br \/>\n\t                        de\t                                <a href=\"https:\/\/debanat.ro\/author\/daniel-neacsu\" rel=\"author\">Daniel Neac\u0219u<\/a><\/div>\n<div class=\"entry-thumbnail\"><a href=\"https:\/\/debanat.ro\/2026\/08\/back-2-school-la-iulius-town-premii-pe-loc-si-surprize-la-shopping_475461.html\" title=\"Permalink to \u201eBack 2 School\u201d la Iulius Town: premii pe loc \u0219i surprize la shopping\" rel=\"bookmark\"><img decoding=\"async\" width=\"337\" height=\"209\" src=\"https:\/\/cdn.debanat.ro\/wp-content\/uploads\/2026\/08\/back-to-school-337x209.jpg\" class=\"attachment-hp_article size-hp_article wp-post-image\" alt loading=\"lazy\"><\/a><\/div>\n<\/div>\n<div class=\"entry-content full_img\">\n                    \t\u021ainuta pentru prima zi de \u0219coal\u0103, perechea de sneakers pe care ai pus ochii, rechizitele colorate sau accesoriile care \u00ee\u021bi ofer\u0103 un plus de personalitate sunt motive bune pentru o nou\u0103 sesiune de shopping. Transform\u0103 \u00eenceputul de an \u0219colar \u00eentr-o mare s\u0103rb\u0103toare \u0219i vino \u00een Iulius Town, \u00een perioada 28 august \u2013 20 septembrie, pentru&#8230;                    \t<a href=\"https:\/\/debanat.ro\/2026\/08\/back-2-school-la-iulius-town-premii-pe-loc-si-surprize-la-shopping_475461.html\" class=\"read_more\" title=\"Permanent Link to \u201eBack 2 School\u201d la Iulius Town: premii pe loc \u0219i surprize la shopping\">Cite\u015fte tot articolul<\/a><img decoding=\"async\" alt=\"Citeste articolul \u201eBack 2 School\u201d la Iulius Town: premii pe loc \u0219i surprize la shopping\" src=\"https:\/\/cdn.debanat.ro\/wp-content\/themes\/debanat\/images\/arr_red.png\"><\/div>\n<\/article>\n<div class=\"entry-content full_img\">\n                    \t\u021ainuta pentru prima zi de \u0219coal\u0103, perechea de sneakers pe care ai pus ochii, rechizitele colorate sau accesoriile care \u00ee\u021bi ofer\u0103 un plus de personalitate sunt motive bune pentru o nou\u0103 sesiune de shopping. Transform\u0103 \u00eenceputul de an \u0219colar \u00eentr-o mare s\u0103rb\u0103toare \u0219i vino \u00een Iulius Town, \u00een perioada 28 august \u2013 20 septembrie, pentru&#8230;                    \t<a href=\"https:\/\/debanat.ro\/2026\/08\/back-2-school-la-iulius-town-premii-pe-loc-si-surprize-la-shopping_475461.html\" class=\"read_more\" title=\"Permanent Link to \u201eBack 2 School\u201d la Iulius Town: premii pe loc \u0219i surprize la shopping\">Cite\u015fte tot articolul<\/a><img decoding=\"async\" alt=\"Citeste articolul \u201eBack 2 School\u201d la Iulius Town: premii pe loc \u0219i surprize la shopping\" src=\"https:\/\/cdn.debanat.ro\/wp-content\/themes\/debanat\/images\/arr_red.png\"><\/div>\n<p>[analyse_source url=&#8221;https:\/\/debanat.ro\/2026\/08\/canicula-si-in-ultima-zi-de-august-in-banat-continua-sa-fie-caldura-excesiva_475521.html&#8221;]<\/p>\n","protected":false},"excerpt":{"rendered":"<p>[analyse_image type=&#8221;featured&#8221; src=&#8221;https:\/\/cdn.debanat.ro\/wp-content\/uploads\/2026\/08\/canicula.jpg&#8221;] Canicul\u0103 \u0219i \u00een ultima zi de august \u00een Banat! Continu\u0103 s\u0103 fie c\u0103ldur\u0103 excesiv\u0103 Publicat la: 30 august 2026 | ora: 11:01 | \u00een Info si Utile, Social | de Daniel Neac\u0219u Meteorologii au emis duminic\u0103 aten\u0163ionare cod galben pentru zone din Carpa\u0163ii Orientali, Meridionali \u015fi nord-vestul Moldovei, unde este prognozat\u0103 instabilitate [&hellip;]<\/p>\n","protected":false},"author":1,"featured_media":0,"comment_status":"open","ping_status":"","sticky":false,"template":"","format":"standard","meta":{"footnotes":""},"categories":[89],"tags":[226,192],"class_list":["post-2119048","post","type-post","status-publish","format-standard","hentry","category-romania","tag-crawlmanager","tag-debanat-ro"],"_links":{"self":[{"href":"https:\/\/analyse.optim.biz\/index.php?rest_route=\/wp\/v2\/posts\/2119048","targetHints":{"allow":["GET"]}}],"collection":[{"href":"https:\/\/analyse.optim.biz\/index.php?rest_route=\/wp\/v2\/posts"}],"about":[{"href":"https:\/\/analyse.optim.biz\/index.php?rest_route=\/wp\/v2\/types\/post"}],"author":[{"embeddable":true,"href":"https:\/\/analyse.optim.biz\/index.php?rest_route=\/wp\/v2\/users\/1"}],"replies":[{"embeddable":true,"href":"https:\/\/analyse.optim.biz\/index.php?rest_route=%2Fwp%2Fv2%2Fcomments&post=2119048"}],"version-history":[{"count":0,"href":"https:\/\/analyse.optim.biz\/index.php?rest_route=\/wp\/v2\/posts\/2119048\/revisions"}],"wp:attachment":[{"href":"https:\/\/analyse.optim.biz\/index.php?rest_route=%2Fwp%2Fv2%2Fmedia&parent=2119048"}],"wp:term":[{"taxonomy":"category","embeddable":true,"href":"https:\/\/analyse.optim.biz\/index.php?rest_route=%2Fwp%2Fv2%2Fcategories&post=2119048"},{"taxonomy":"post_tag","embeddable":true,"href":"https:\/\/analyse.optim.biz\/index.php?rest_route=%2Fwp%2Fv2%2Ftags&post=2119048"}],"curies":[{"name":"wp","href":"https:\/\/api.w.org\/{rel}","templated":true}]}}