{"id":2119047,"date":"2026-08-30T07:19:28","date_gmt":"2026-08-30T04:19:28","guid":{"rendered":"https:\/\/analyse.optim.biz\/?p=2119047"},"modified":"2026-08-30T07:19:28","modified_gmt":"2026-08-30T04:19:28","slug":"cod-galben-de-instabilitate-atmosferica-in-judetul-suceava-duminica-dupa-amiaza","status":"publish","type":"post","link":"https:\/\/analyse.optim.biz\/?p=2119047","title":{"rendered":"Cod Galben de instabilitate atmosferic\u0103 \u00een jude\u021bul Suceava, duminic\u0103 dup\u0103-amiaz\u0103"},"content":{"rendered":"<p>[analyse_image type=&#8221;featured&#8221; src=&#8221;https:\/\/www.newsbucovina.ro\/wp-content\/uploads\/2025\/08\/ploaie-furtuna-munte.pnghttps:\/\/cdn.newsbucovina.ro\/wp-content\/uploads\/2025\/08\/ploaie-furtuna-munte.png&#8221;]<\/p>\n<div class=\"td-post-content tagdiv-type\">\n<div class=\"td-a-rec td-a-rec-id-content_top  tdi_3 td_block_template_1\">\n<div class=\"nb-social-buttons\"><a class=\"nb-social-btn nb-social-youtube\" href=\"https:\/\/www.youtube.com\/@ZiarulNewsBucovina?sub_confirmation=1\" target=\"_blank\" rel=\"noopener external\" title=\"Aboneaz\u0103-te la NewsBucovina pe YouTube\"><span class=\"nb-social-text\"><strong>Aboneaz\u0103-te pe YouTube<\/strong><small>NewsBucovina<\/small><\/span><\/a><a class=\"nb-social-btn nb-social-telegram\" href=\"https:\/\/t.me\/+TH8wcfnp8fw5NWI0\" target=\"_blank\" rel=\"noopener external\" title=\"Intr\u0103 \u00een grupul Telegram News Bucovina\"><span class=\"nb-social-text\"><strong>Intr\u0103 pe Telegram<\/strong><small>Grupul News Bucovina<\/small><\/span><\/a><a class=\"nb-social-btn nb-social-google\" href=\"https:\/\/www.google.com\/preferences\/source?q=newsbucovina.ro\" target=\"_blank\" rel=\"noopener external\" title=\"Adaug\u0103 NewsBucovina ca surs\u0103 preferat\u0103 \u00een Google\"><span class=\"nb-social-text\"><strong>Adaug\u0103 NewsBucovina<\/strong><small>Surs\u0103 preferat\u0103 \u00een Google<\/small><\/span><\/a><\/div>\n<\/div>\n<p class=\"wp-block-paragraph\">Administra\u021bia Na\u021bional\u0103 de Meteorologie a emis o aten\u021bionare Cod Galben valabil\u0103 duminic\u0103, 30 august, \u00eentre orele 13.00 \u0219i 20.00, pentru local Carpa\u021bii Orientali, Carpa\u021bii Meridionali \u0219i nord-vestul Moldovei, zon\u0103 \u00een care se afl\u0103 \u0219i jude\u021bul Suceava.<\/p>\n<figure class=\"wp-block-image size-full\"><a href=\"https:\/\/cdn.newsbucovina.ro\/wp-content\/uploads\/2026\/08\/Screenshot-4-6.png\"><img loading=\"lazy\" decoding=\"async\" width=\"998\" height=\"670\" src=\"https:\/\/cdn.newsbucovina.ro\/wp-content\/uploads\/2026\/08\/Screenshot-4-6.png\" alt class=\"wp-image-448103\"><\/a><\/figure>\n<p class=\"wp-block-paragraph\">\u00cen intervalul men\u021bionat sunt a\u0219teptate perioade cu instabilitate atmosferic\u0103: averse toren\u021biale moderate cantitativ, desc\u0103rc\u0103ri electrice, intensific\u0103ri ale v\u00e2ntului, cu rafale de 50\u201370 km\/h, \u0219i izolat grindin\u0103 de mici dimensiuni, de 1\u20132 cm. \u00cen intervale scurte, de una p\u00e2n\u0103 la trei ore, cantit\u0103\u021bile de ap\u0103 pot ajunge la 15\u201320 l\/mp \u0219i, izolat, la 25\u201330 l\/mp.<\/p>\n<p class=\"wp-block-paragraph\">ANM precizeaz\u0103 c\u0103 fenomene specifice instabilit\u0103\u021bii vor ap\u0103rea \u0219i \u00een restul zonei montane, precum \u0219i pe arii restr\u00e2nse \u00een Transilvania \u0219i \u00een zonele submontane ale Moldovei.<\/p>\n<p class=\"wp-block-paragraph\">\u0218oferii \u0219i cei care au activit\u0103\u021bi \u00een aer liber sunt sf\u0103tui\u021bi s\u0103 urm\u0103reasc\u0103 evolu\u021bia vremii, mai ales \u00een zona de munte a jude\u021bului, unde aversele pot fi \u00eenso\u021bite de v\u00e2nt puternic \u0219i desc\u0103rc\u0103ri electrice.<\/p>\n<div class=\"td-a-rec td-a-rec-id-content_bottom  tdi_4 td_block_template_1\"><strong>Intr\u0103 acum \u0219i \u00een grupul de <\/p>\n<div class=\"wp-block-button\"><a class=\"wp-block-button__link wp-element-button\" href=\"https:\/\/t.me\/+TH8wcfnp8fw5NWI0\">Telegram News Bucovina<\/a><\/div>\n<p><\/strong><\/div>\n<\/div>\n<div class=\"td-post-content tagdiv-type\">\n<div class=\"td-a-rec td-a-rec-id-content_top  tdi_3 td_block_template_1\">\n<div class=\"nb-social-buttons\"><a class=\"nb-social-btn nb-social-youtube\" href=\"https:\/\/www.youtube.com\/@ZiarulNewsBucovina?sub_confirmation=1\" target=\"_blank\" rel=\"noopener external\" title=\"Aboneaz\u0103-te la NewsBucovina pe YouTube\"><span class=\"nb-social-text\"><strong>Aboneaz\u0103-te pe YouTube<\/strong><small>NewsBucovina<\/small><\/span><\/a><a class=\"nb-social-btn nb-social-telegram\" href=\"https:\/\/t.me\/+TH8wcfnp8fw5NWI0\" target=\"_blank\" rel=\"noopener external\" title=\"Intr\u0103 \u00een grupul Telegram News Bucovina\"><span class=\"nb-social-text\"><strong>Intr\u0103 pe Telegram<\/strong><small>Grupul News Bucovina<\/small><\/span><\/a><a class=\"nb-social-btn nb-social-google\" href=\"https:\/\/www.google.com\/preferences\/source?q=newsbucovina.ro\" target=\"_blank\" rel=\"noopener external\" title=\"Adaug\u0103 NewsBucovina ca surs\u0103 preferat\u0103 \u00een Google\"><span class=\"nb-social-text\"><strong>Adaug\u0103 NewsBucovina<\/strong><small>Surs\u0103 preferat\u0103 \u00een Google<\/small><\/span><\/a><\/div>\n<\/div>\n<p class=\"wp-block-paragraph\">Administra\u021bia Na\u021bional\u0103 de Meteorologie a emis o aten\u021bionare Cod Galben valabil\u0103 duminic\u0103, 30 august, \u00eentre orele 13.00 \u0219i 20.00, pentru local Carpa\u021bii Orientali, Carpa\u021bii Meridionali \u0219i nord-vestul Moldovei, zon\u0103 \u00een care se afl\u0103 \u0219i jude\u021bul Suceava.<\/p>\n<figure class=\"wp-block-image size-full\"><a href=\"https:\/\/cdn.newsbucovina.ro\/wp-content\/uploads\/2026\/08\/Screenshot-4-6.png\"><img loading=\"lazy\" decoding=\"async\" width=\"998\" height=\"670\" src=\"https:\/\/cdn.newsbucovina.ro\/wp-content\/uploads\/2026\/08\/Screenshot-4-6.png\" alt class=\"wp-image-448103\"><\/a><\/figure>\n<p class=\"wp-block-paragraph\">\u00cen intervalul men\u021bionat sunt a\u0219teptate perioade cu instabilitate atmosferic\u0103: averse toren\u021biale moderate cantitativ, desc\u0103rc\u0103ri electrice, intensific\u0103ri ale v\u00e2ntului, cu rafale de 50\u201370 km\/h, \u0219i izolat grindin\u0103 de mici dimensiuni, de 1\u20132 cm. \u00cen intervale scurte, de una p\u00e2n\u0103 la trei ore, cantit\u0103\u021bile de ap\u0103 pot ajunge la 15\u201320 l\/mp \u0219i, izolat, la 25\u201330 l\/mp.<\/p>\n<p class=\"wp-block-paragraph\">ANM precizeaz\u0103 c\u0103 fenomene specifice instabilit\u0103\u021bii vor ap\u0103rea \u0219i \u00een restul zonei montane, precum \u0219i pe arii restr\u00e2nse \u00een Transilvania \u0219i \u00een zonele submontane ale Moldovei.<\/p>\n<p class=\"wp-block-paragraph\">\u0218oferii \u0219i cei care au activit\u0103\u021bi \u00een aer liber sunt sf\u0103tui\u021bi s\u0103 urm\u0103reasc\u0103 evolu\u021bia vremii, mai ales \u00een zona de munte a jude\u021bului, unde aversele pot fi \u00eenso\u021bite de v\u00e2nt puternic \u0219i desc\u0103rc\u0103ri electrice.<\/p>\n<div class=\"td-a-rec td-a-rec-id-content_bottom  tdi_4 td_block_template_1\"><strong>Intr\u0103 acum \u0219i \u00een grupul de <\/p>\n<div class=\"wp-block-button\"><a class=\"wp-block-button__link wp-element-button\" href=\"https:\/\/t.me\/+TH8wcfnp8fw5NWI0\">Telegram News Bucovina<\/a><\/div>\n<p><\/strong><\/div>\n<\/div>\n<p>[analyse_source url=&#8221;https:\/\/www.newsbucovina.ro\/actualitate\/448102\/cod-galben-de-instabilitate-atmosferica-in-judetul-suceava-duminica-dupa-amiaza&#8221;]<\/p>\n","protected":false},"excerpt":{"rendered":"<p>[analyse_image type=&#8221;featured&#8221; src=&#8221;https:\/\/www.newsbucovina.ro\/wp-content\/uploads\/2025\/08\/ploaie-furtuna-munte.pnghttps:\/\/cdn.newsbucovina.ro\/wp-content\/uploads\/2025\/08\/ploaie-furtuna-munte.png&#8221;] Aboneaz\u0103-te pe YouTubeNewsBucovinaIntr\u0103 pe TelegramGrupul News BucovinaAdaug\u0103 NewsBucovinaSurs\u0103 preferat\u0103 \u00een Google Administra\u021bia Na\u021bional\u0103 de Meteorologie a emis o aten\u021bionare Cod Galben valabil\u0103 duminic\u0103, 30 august, \u00eentre orele 13.00 \u0219i 20.00, pentru local Carpa\u021bii Orientali, Carpa\u021bii Meridionali \u0219i nord-vestul Moldovei, zon\u0103 \u00een care se afl\u0103 \u0219i jude\u021bul Suceava. \u00cen intervalul men\u021bionat sunt a\u0219teptate [&hellip;]<\/p>\n","protected":false},"author":1,"featured_media":0,"comment_status":"open","ping_status":"","sticky":false,"template":"","format":"standard","meta":{"footnotes":""},"categories":[89],"tags":[],"class_list":["post-2119047","post","type-post","status-publish","format-standard","hentry","category-romania"],"_links":{"self":[{"href":"https:\/\/analyse.optim.biz\/index.php?rest_route=\/wp\/v2\/posts\/2119047","targetHints":{"allow":["GET"]}}],"collection":[{"href":"https:\/\/analyse.optim.biz\/index.php?rest_route=\/wp\/v2\/posts"}],"about":[{"href":"https:\/\/analyse.optim.biz\/index.php?rest_route=\/wp\/v2\/types\/post"}],"author":[{"embeddable":true,"href":"https:\/\/analyse.optim.biz\/index.php?rest_route=\/wp\/v2\/users\/1"}],"replies":[{"embeddable":true,"href":"https:\/\/analyse.optim.biz\/index.php?rest_route=%2Fwp%2Fv2%2Fcomments&post=2119047"}],"version-history":[{"count":0,"href":"https:\/\/analyse.optim.biz\/index.php?rest_route=\/wp\/v2\/posts\/2119047\/revisions"}],"wp:attachment":[{"href":"https:\/\/analyse.optim.biz\/index.php?rest_route=%2Fwp%2Fv2%2Fmedia&parent=2119047"}],"wp:term":[{"taxonomy":"category","embeddable":true,"href":"https:\/\/analyse.optim.biz\/index.php?rest_route=%2Fwp%2Fv2%2Fcategories&post=2119047"},{"taxonomy":"post_tag","embeddable":true,"href":"https:\/\/analyse.optim.biz\/index.php?rest_route=%2Fwp%2Fv2%2Ftags&post=2119047"}],"curies":[{"name":"wp","href":"https:\/\/api.w.org\/{rel}","templated":true}]}}