{"id":2119046,"date":"2026-08-30T06:55:36","date_gmt":"2026-08-30T03:55:36","guid":{"rendered":"https:\/\/analyse.optim.biz\/?p=2119046"},"modified":"2026-08-30T06:55:36","modified_gmt":"2026-08-30T03:55:36","slug":"un-proprietar-a-vrut-sa-si-evacueze-chiriasul-cu-ranga-bataie-intr-un-bloc-din-bucuresti","status":"publish","type":"post","link":"https:\/\/analyse.optim.biz\/?p=2119046","title":{"rendered":"Un proprietar a vrut s\u0103-\u0219i evacueze chiria\u0219ul cu ranga. B\u0103taie \u00eentr-un bloc din Bucure\u0219ti"},"content":{"rendered":"<p>[analyse_image type=&#8221;featured&#8221; src=&#8221;https:\/\/cdn.adh.reperio.news\/image-3\/31935225-69e8-4003-8623-39fa500218d4\/index.jpeg?p=f%3Djpeg%26w%3D1200%26h%3D630%26r%3Dcover&#8221;]<\/p>\n<article class=\"svelte-x63bga\">\n<nav>\n<ul class=\"breadcrump svelte-1pk9a69\">\n<li class=\"svelte-1pk9a69\"><a href=\"https:\/\/adevarul.ro\/\" title=\"Adev\u0103rul\" class=\"svelte-1pk9a69\">Home<\/a><\/li>\n<li class=\"svelte-1pk9a69\"><a href=\"https:\/\/adevarul.ro\/stiri-locale\" class=\"svelte-1pk9a69\">\u0218tiri locale<\/a><\/li>\n<li class=\"svelte-1pk9a69\"><a href=\"https:\/\/adevarul.ro\/stiri-locale\/bucuresti\" class=\"svelte-1pk9a69\">Bucure\u0219ti<\/a><\/li>\n<li class=\"svelte-1pk9a69\"><a href=\"https:\/\/adevarul.ro\/stiri-locale\/bucuresti\/un-proprietar-a-vrut-sa-si-evacueze-chiriasul-cu-2552923.html\" class=\"svelte-1pk9a69\">Un proprietar a vrut s\u0103-\u0219i evacueze chiria\u0219ul cu ranga. B\u0103taie \u00eentr-un bloc din Bucure\u0219ti<\/a><\/li>\n<\/ul>\n<\/nav>\n<p><main class=\"svelte-x63bga\"><\/p>\n<p>Scandal de propor\u021bii, \u00een noaptea de s\u00e2mb\u0103t\u0103 spre duminic\u0103, \u00eentr-un bloc din Sectorul 3 al Capitalei. Un proprietar ar fi venit \u00eenso\u021bit de mai mul\u021bi b\u0103rba\u021bi \u0219i ar fi \u00eencercat s\u0103-\u0219i evacueze chiria\u0219ul, despre care sus\u021binea c\u0103 nu \u00ee\u0219i mai pl\u0103tise chiria de mai multe luni. Pentru a intra \u00een apartament, acesta ar fi folosit o rang\u0103. Conflictul a degenerat rapid \u00eentr-o alterca\u021bie \u0219i a fost folosit \u0219i spray lacrimogen.<\/p>\n<div class=\"container-image  svelte-1xbw4f3\"><source type=\"image\/webp\" srcset=\"https:\/\/cdn.adh.reperio.news\/image-3\/31935225-69e8-4003-8623-39fa500218d4\/index.jpeg?p=a%3D1%26co%3D1.05%26w%3D1400%26h%3D750%26r%3Dcontain%26f%3Dwebp 1400w\" media=\"(min-width: 1400px)\" \/><\/p>\n<div class=\"caption svelte-1xbw4f3\"><span class=\"captionText svelte-1xbw4f3\"><span class=\"source svelte-1xbw4f3\">Foto: Poli\u021bia Rom\u00e2n\u0103<\/span><\/span><\/div>\n<\/div>\n<p>Incidentul s-a produs \u00een seara zilei de s\u00e2mb\u0103t\u0103, 29 august, \u00eentr-un bloc din cartierul Mihai Bravu din Bucure\u0219ti. Proprietarul ar fi mers la apartamentul s\u0103u pentru a-i cere chiria\u0219ului s\u0103 p\u0103r\u0103seasc\u0103 locuin\u021ba, dup\u0103 mai multe luni \u00een care acesta nu \u0219i-ar fi achitat obliga\u021biile.<\/p>\n<p>B\u0103rbatul nu ar fi plecat din locuin\u021b\u0103, iar proprietarul ar fi venit ulterior \u00eenso\u021bit de cel pu\u021bin cinci persoane. Grupul ar fi \u00eencercat s\u0103 for\u021beze u\u0219a apartamentului cu o rang\u0103 de fier.<\/p>\n<h2>Conflictul a degenerat \u00een b\u0103taie<\/h2>\n<p>Situa\u021bia a escaladat, iar \u00eentre cele dou\u0103 grupuri ar fi izbucnit un scandal. Mai multe persoane s-ar fi lovit cu pumnii \u0219i picioarele, iar chiria\u0219ul\u00a0<a href=\"https:\/\/adevarul.ro\/stiri-locale\/bucuresti\/scandal-cu-spray-lacrimogen-la-coada-la-2551632.html\">ar fi folosit spray lacrimogen\u00a0<\/a>pentru a se ap\u0103ra.<\/p>\n<p>Speria\u021bi de zgomotele provocate de b\u0103taie, vecinii au alertat autorit\u0103\u021bile. La fa\u021ba locului ar fi fost trimise trei echipaje de poli\u021bie pentru a calma spiritele \u0219i a separa persoanele implicate.<\/p>\n<p>Odat\u0103 ajun\u0219i la bloc, poli\u021bi\u0219tii au intervenit pentru a opri conflictul \u0219i au \u00eenceput verific\u0103rile pentru a stabili cu exactitate cum s-au desf\u0103\u0219urat evenimentele.<\/p>\n<p>At\u00e2t proprietarul, c\u00e2t \u0219i chiria\u0219ul au fost condu\u0219i la sec\u021bia de poli\u021bie pentru a da declara\u021bii.<\/p>\n<h2>Chiria\u0219ul ar fi r\u0103mas f\u0103r\u0103 monitor dup\u0103 alterca\u021bie<\/h2>\n<p>Dup\u0103 plecarea poli\u021bi\u0219tilor, conflictul nu s-ar fi \u00eencheiat complet. Potrivit unor surse pentru\u00a0<a href=\"https:\/\/www.gandul.ro\/actualitate\/scandal-proprietar-chirias-bucuresti-20993600\" rel=\"nofollow\">G\u00e2ndul,<\/a>\u00a0proprietarul \u0219i chiria\u0219ul s-ar fi \u00eentors \u00een cartier \u0219i ar fi continuat s\u0103 discute despre plecarea celui din urm\u0103 din apartament.<\/p>\n<p>Chiria\u0219ul s-ar fi pl\u00e2ns c\u0103, \u00een timpul violen\u021belor, monitorul computerului s\u0103u ar fi fost spart.<\/p>\n<p>\u00cen acela\u0219i timp, \u00een apropierea blocului ar fi fost v\u0103zute haine aruncate pe strad\u0103, sub fereastra apartamentului, iar mai mul\u021bi indivizi ar fi transportat piese de mobilier. Imaginile ar fi indicat c\u0103 chiria\u0219ul a \u00eenceput s\u0103 \u00ee\u0219i scoat\u0103 bunurile din locuin\u021b\u0103 \u0219i ar fi decis s\u0103 nu mai r\u0103m\u00e2n\u0103 \u00een apartament peste noapte.<\/p>\n<p><\/main><\/p>\n<footer class=\"svelte-x63bga\">\n<div class=\"related-wrap related-footer svelte-78g0vl\"><span class=\"related-label svelte-78g0vl\">Cite\u0219te \u0219i<\/span><a class=\"related svelte-78g0vl\" data-gtrack=\"{&quot;event&quot;:&quot;utm_click&quot;,&quot;data&quot;:{&quot;event_category&quot;:&quot;article_related&quot;}}\" href=\"https:\/\/adevarul.ro\/stiri-interne\/evenimente\/amenintari-si-scandal-la-o-petrecere-din-2552699.html\" title=\"Alt articol de interes pentru tine\"><img decoding=\"async\" class=\"thumb svelte-78g0vl\" src=\"https:\/\/cdn.adh.reperio.news\/image-7\/7eee1789-946f-4a4b-8ced-815a29de5f39\/index.png?p=f%3Dwebp%26w%3D120%26h%3D80%26r%3Dcover%26a%3D0\" alt loading=\"lazy\" width=\"80\" height=\"54\"><span class=\"title svelte-78g0vl\">Amenin\u021b\u0103ri \u0219i scandal la o petrecere din Bucure\u0219ti: Costel Biju ar fi fost \u0219antajat s\u0103 c\u00e2nte. Un b\u0103rbat a fost pus sub control judiciar<\/span><\/a><a class=\"related svelte-78g0vl\" data-gtrack=\"{&quot;event&quot;:&quot;utm_click&quot;,&quot;data&quot;:{&quot;event_category&quot;:&quot;article_related&quot;}}\" href=\"https:\/\/adevarul.ro\/stiri-interne\/evenimente\/scene-revoltatoare-in-sectorul-1-un-politist-2552753.html\" title=\"Alt articol de interes pentru tine\"><img decoding=\"async\" class=\"thumb svelte-78g0vl\" src=\"https:\/\/cdn.adh.reperio.news\/image-f\/ffb4696b-87ae-463a-a81d-b04c9daa2be9\/index.jpeg?p=f%3Dwebp%26w%3D120%26h%3D80%26r%3Dcover%26a%3D0\" alt loading=\"lazy\" width=\"80\" height=\"54\"><span class=\"title svelte-78g0vl\">Scene revolt\u0103toare \u00een Sectorul 1: Un poli\u021bist local \u00eei arunc\u0103 marfa pe jos unei b\u0103tr\u00e2ne care pl\u00e2nge. Primarul cere anchet\u0103 disciplinar\u0103<\/span><\/a><a class=\"related svelte-78g0vl\" data-gtrack=\"{&quot;event&quot;:&quot;utm_click&quot;,&quot;data&quot;:{&quot;event_category&quot;:&quot;article_related&quot;}}\" href=\"https:\/\/adevarul.ro\/stiri-locale\/pitesti\/accident-mortal-in-arges-un-barbat-de-58-de-ani-a-2552882.html\" title=\"Alt articol de interes pentru tine\"><img decoding=\"async\" class=\"thumb svelte-78g0vl\" src=\"https:\/\/cdn.adh.reperio.news\/image-e\/e7778c89-5ed6-4637-8a64-18b66a10373e\/index.jpeg?p=f%3Dwebp%26w%3D120%26h%3D80%26r%3Dcover%26a%3D0\" alt loading=\"lazy\" width=\"80\" height=\"54\"><span class=\"title svelte-78g0vl\">Accident mortal \u00een Arge\u0219. Un b\u0103rbat de 58 de ani a murit dup\u0103 ce s-a r\u0103sturnat cu ATV-ul \u00eentr-un p\u00e2r\u00e2u<\/span><\/a><\/div>\n<div class=\"meta svelte-x63bga\">\n<div class=\"authors svelte-x63bga\"><span class=\"names svelte-x63bga\"><a href=\"https:\/\/adevarul.ro\/author\/2086\" rel=\"author\" class=\"svelte-x63bga\">Oana Ababei<\/a><\/span><\/p>\n<div class=\"_hydratable\" data-props=\"%7B%22showLive%22%3Atrue%7D\" data-context=\"%7B%22parentBlockColumnCount%22%3A%7B%22value%22%3A0%2C%22type%22%3A%22store%2Freadable%22%7D%2C%22parentBlockBackgroundColor%22%3A%7B%22type%22%3A%22store%2Freadable%22%7D%7D\" data-component=\"ShareButton\">\n<div class=\"shareButtons svelte-itwbrr\">\n<div class=\"liveSessions metaFont svelte-1maxmbf\"><span class=\"value svelte-1maxmbf\">1<\/span> live <\/div>\n<\/div>\n<\/div>\n<\/div>\n<div class=\"tags svelte-1l3vwp1\"><span class=\"tags-label metaFont svelte-1l3vwp1\">Cite\u0219te mai multe despre<\/span><\/p>\n<div class=\"tags-list svelte-1l3vwp1\"><a href=\"https:\/\/adevarul.ro\/tag\/bataie\" title=\"Ultimele \u0219tiri despre bataie\" class=\"tag-pill svelte-1l3vwp1\">bataie<\/a><a href=\"https:\/\/adevarul.ro\/tag\/conflict\" title=\"Ultimele \u0219tiri despre conflict\" class=\"tag-pill svelte-1l3vwp1\">conflict<\/a><a href=\"https:\/\/adevarul.ro\/tag\/chiria%C8%99\" title=\"Ultimele \u0219tiri despre chiria\u0219\" class=\"tag-pill svelte-1l3vwp1\">chiria\u0219<\/a><\/div>\n<\/div>\n<\/div>\n<p><a class=\"moreFromCategory svelte-x63bga\" href=\"https:\/\/adevarul.ro\/stiri-locale\/bucuresti\" title=\"Bucure\u0219ti\">Mai multe din <strong class=\"svelte-x63bga\">Bucure\u0219ti<\/strong> \u203a<\/a><\/footer>\n<\/article>\n<p>[analyse_source url=&#8221;https:\/\/adevarul.ro\/stiri-locale\/bucuresti\/un-proprietar-a-vrut-sa-si-evacueze-chiriasul-cu-2552923.html&#8221;]<\/p>\n","protected":false},"excerpt":{"rendered":"<p>[analyse_image type=&#8221;featured&#8221; src=&#8221;https:\/\/cdn.adh.reperio.news\/image-3\/31935225-69e8-4003-8623-39fa500218d4\/index.jpeg?p=f%3Djpeg%26w%3D1200%26h%3D630%26r%3Dcover&#8221;] Home \u0218tiri locale Bucure\u0219ti Un proprietar a vrut s\u0103-\u0219i evacueze chiria\u0219ul cu ranga. B\u0103taie \u00eentr-un bloc din Bucure\u0219ti Scandal de propor\u021bii, \u00een noaptea de s\u00e2mb\u0103t\u0103 spre duminic\u0103, \u00eentr-un bloc din Sectorul 3 al Capitalei. Un proprietar ar fi venit \u00eenso\u021bit de mai mul\u021bi b\u0103rba\u021bi \u0219i ar fi \u00eencercat s\u0103-\u0219i evacueze chiria\u0219ul, despre [&hellip;]<\/p>\n","protected":false},"author":1,"featured_media":0,"comment_status":"open","ping_status":"","sticky":false,"template":"","format":"standard","meta":{"footnotes":""},"categories":[89],"tags":[19,226],"class_list":["post-2119046","post","type-post","status-publish","format-standard","hentry","category-romania","tag-adevarul","tag-crawlmanager"],"_links":{"self":[{"href":"https:\/\/analyse.optim.biz\/index.php?rest_route=\/wp\/v2\/posts\/2119046","targetHints":{"allow":["GET"]}}],"collection":[{"href":"https:\/\/analyse.optim.biz\/index.php?rest_route=\/wp\/v2\/posts"}],"about":[{"href":"https:\/\/analyse.optim.biz\/index.php?rest_route=\/wp\/v2\/types\/post"}],"author":[{"embeddable":true,"href":"https:\/\/analyse.optim.biz\/index.php?rest_route=\/wp\/v2\/users\/1"}],"replies":[{"embeddable":true,"href":"https:\/\/analyse.optim.biz\/index.php?rest_route=%2Fwp%2Fv2%2Fcomments&post=2119046"}],"version-history":[{"count":0,"href":"https:\/\/analyse.optim.biz\/index.php?rest_route=\/wp\/v2\/posts\/2119046\/revisions"}],"wp:attachment":[{"href":"https:\/\/analyse.optim.biz\/index.php?rest_route=%2Fwp%2Fv2%2Fmedia&parent=2119046"}],"wp:term":[{"taxonomy":"category","embeddable":true,"href":"https:\/\/analyse.optim.biz\/index.php?rest_route=%2Fwp%2Fv2%2Fcategories&post=2119046"},{"taxonomy":"post_tag","embeddable":true,"href":"https:\/\/analyse.optim.biz\/index.php?rest_route=%2Fwp%2Fv2%2Ftags&post=2119046"}],"curies":[{"name":"wp","href":"https:\/\/api.w.org\/{rel}","templated":true}]}}