{"id":2119042,"date":"2026-08-30T08:17:54","date_gmt":"2026-08-30T05:17:54","guid":{"rendered":"https:\/\/analyse.optim.biz\/?p=2119042"},"modified":"2026-08-30T08:17:54","modified_gmt":"2026-08-30T05:17:54","slug":"un-tata-si-fiul-sau-au-prins-in-carlige-un-vultur-in-timpul-unei-partide-de-pescuit","status":"publish","type":"post","link":"https:\/\/analyse.optim.biz\/?p=2119042","title":{"rendered":"Un tat\u0103 \u0219i fiul s\u0103u au prins \u00een c\u00e2rlige un vultur \u00een timpul unei partide de pescuit"},"content":{"rendered":"<p>[analyse_image type=&#8221;featured&#8221; src=&#8221;https:\/\/cdn.adh.reperio.news\/image-0\/0b7a34b2-7161-4b4c-9329-2cf545540064\/index.png?p=f%3Djpeg%26w%3D1200%26h%3D630%26r%3Dcover&#8221;]<\/p>\n<article class=\"svelte-x63bga\">\n<nav>\n<ul class=\"breadcrump svelte-1pk9a69\">\n<li class=\"svelte-1pk9a69\"><a href=\"https:\/\/adevarul.ro\/\" title=\"Adev\u0103rul\" class=\"svelte-1pk9a69\">Home<\/a><\/li>\n<li class=\"svelte-1pk9a69\"><a href=\"https:\/\/adevarul.ro\/stiri-externe\" class=\"svelte-1pk9a69\">\u0218tiri Externe<\/a><\/li>\n<li class=\"svelte-1pk9a69\"><a href=\"https:\/\/adevarul.ro\/stiri-externe\/sua\" class=\"svelte-1pk9a69\">SUA<\/a><\/li>\n<li class=\"svelte-1pk9a69\"><a href=\"https:\/\/adevarul.ro\/stiri-externe\/sua\/un-tata-si-fiul-sau-au-prins-in-carlige-un-vultur-2552940.html\" class=\"svelte-1pk9a69\">Un tat\u0103 \u0219i fiul s\u0103u au prins \u00een c\u00e2rlige un vultur \u00een timpul unei partide de pescuit<\/a><\/li>\n<\/ul>\n<\/nav>\n<p><main class=\"svelte-x63bga\"><\/p>\n<p>O partid\u0103 obi\u0219nuit\u0103 de pescuit s-a transformat \u00eentr-o misiune de salvare pentru un tat\u0103 \u0219i fiul s\u0103u din provincia canadian\u0103 Nova Scotia. Bryan Esbaugh \u0219i fiul s\u0103u \u00een v\u00e2rst\u0103 de 15 ani, Wyatt, pescuiau vineri diminea\u021b\u0103 pe lacul Ponhook, \u00een comitatul Queens, c\u00e2nd au prins accidental un vultur ple\u0219uv \u00een c\u00e2rligele undi\u021bei.<\/p>\n<div class=\"container-image  svelte-1xbw4f3\"><source type=\"image\/webp\" srcset=\"https:\/\/cdn.adh.reperio.news\/image-0\/0b7a34b2-7161-4b4c-9329-2cf545540064\/index.png?p=a%3D1%26co%3D1.05%26w%3D1400%26h%3D750%26r%3Dcontain%26f%3Dwebp 1400w\" media=\"(min-width: 1400px)\" \/><\/p>\n<div class=\"caption svelte-1xbw4f3\"><span class=\"captionText svelte-1xbw4f3\"><span class=\"source svelte-1xbw4f3\">Foto: CNC News \/ Anne-Marie Charron-Esbaugh<\/span><\/span><\/div>\n<\/div>\n<p>B\u0103iatul a povestit c\u0103 pas\u0103rea \u00eei urm\u0103rise timp de aproximativ o jum\u0103tate de or\u0103, zbur\u00e2nd de-a lungul malului \u0219i c\u0103ut\u00e2nd hran\u0103 \u00een ap\u0103.\u00a0<\/p>\n<p><i>\u201eAm v\u0103zut acest vultur ple\u0219uv care ne urm\u0103rea \u00een jurul lacului. A\u0219a c\u0103 ne-am g\u00e2ndit: \u00abO, probabil a\u0219teapt\u0103 s\u0103 prindem un pe\u0219te ca s\u0103 vad\u0103 unde sunt to\u021bi\u00bb\u201d<\/i>, a spus Wyatt, pentru<a href=\"https:\/\/www.cbc.ca\/news\/canada\/nova-scotia\/nova-scotia-father-and-son-haul-hooked-bald-eagle-out-of-lake-safely-free-it-on-shore-9.7325567\" rel=\"nofollow\"> CNS News.\u00a0<\/a><\/p>\n<p>La un moment dat, vulturul s-a \u00eentors pentru \u00eenc\u0103 o \u00eencercare de a g\u0103si hran\u0103. Pas\u0103rea a prins cu ghearele firul \u0219i momelile aflate \u00een ap\u0103 \u0219i a zburat cu ele, \u00eens\u0103 s-a \u00eencurcat \u00een fir \u0219i a c\u0103zut \u00een mijlocul lacului.<\/p>\n<div class=\"raw-block\"><\/div>\n<p><i>\u201eP\u0103rea c\u0103 s-a \u00eencurcat complet \u00een fir \u0219i s-a pr\u0103bu\u0219it \u00een mijlocul lacului. &#8230; Se zb\u0103tea \u0219i d\u0103dea din aripi \u00een toate direc\u021biile\u201d<\/i>, a povestit Bryan.<\/p>\n<p>Cei doi s-au \u00eendreptat imediat cu barca spre pas\u0103rea aflat\u0103 \u00een ap\u0103. C\u00e2nd au ajuns la ea, au observat c\u0103 un c\u00e2rlig \u00eei perforase ciocul, \u00een timp ce un altul se prinsese de unul dintre picioare.<\/p>\n<p>Wyatt a reu\u0219it s\u0103 scoat\u0103 vulturul din ap\u0103 \u0219i s\u0103-l urce \u00een barc\u0103.<\/p>\n<p><i>\u201e\u00cencercam s\u0103 st\u0103m departe de el din cauza ghearelor sale mari. &#8230; Probabil c\u00e2nt\u0103re\u0219te \u00een jur de 25 de kilograme\u201d<\/i>, a spus Bryan.<\/p>\n<p>Cei doi au ajuns \u00een cele din urm\u0103 la mal, \u00eens\u0103 pas\u0103rea a c\u0103zut din nou \u00een ap\u0103 \u00een momentul \u00een care \u00eencercau s\u0103 ias\u0103 din barc\u0103. Wyatt a manevrat rapid ambarca\u021biunea \u0219i a reu\u0219it s\u0103 ghideze vulturul p\u00e2n\u0103 la mal.<\/p>\n<p>Acolo, tat\u0103l \u0219i fiul au \u00eenf\u0103\u0219urat pas\u0103rea \u00eentr-un prosop \u0219i, \u00eempreun\u0103, au scos c\u00e2rligele din ciocul \u0219i piciorul acesteia.<\/p>\n<p>Jessica Rock, medic veterinar la Cobequid Wildlife Rehabilitation Centre, a explicat c\u0103 astfel de accidente nu sunt neobi\u0219nuite. Centrul trateaz\u0103 frecvent p\u0103s\u0103ri care r\u0103m\u00e2n prinse \u00een echipamente de pescuit, momeli sau corzi, \u00eens\u0103 cazul vulturului a fost unul aparte.<\/p>\n<p>\u201e<i>Au f\u0103cut, \u00eentr-un fel, tot ce \u0219tiau mai bine s\u0103 fac\u0103 \u0219i, cu siguran\u021b\u0103, au ajutat acest animal\u201d, <\/i>a declarat Rock.<\/p>\n<p>Totu\u0219i, ea recomand\u0103 ca, \u00een astfel de situa\u021bii, oamenii s\u0103 apeleze la speciali\u0219ti:\u00a0<i>\u201eLe recomand\u0103m ca, dac\u0103 se confrunt\u0103 din nou cu o astfel de situa\u021bie \u00een viitor, animalul s\u0103 fie v\u0103zut de un specialist, pentru a ne asigura c\u0103 are cele mai mari \u0219anse de a supravie\u021bui.\u201d<\/i><\/p>\n<h2>Vulturul a primit un nume cu trimitere la Donald Trump<\/h2>\n<p>Dup\u0103 ce pas\u0103rea a fost eliberat\u0103, familia a decis s\u0103-i dea un nume neobi\u0219nuit: <i>\u201eCanadian White-Headed Lake Raptor\u201d<\/i> (<i>\u201eVulturul canadian de lac cu cap alb\u201d<\/i>).<\/p>\n<p>Numele este o glum\u0103 f\u0103cut\u0103 de Bryan pe seama pre\u0219edintelui american Donald Trump, dup\u0103 ce acesta a \u00eencercat s\u0103 schimbe numele Lacului Ontario.<\/p>\n<p>Vulturul ple\u0219uv este unul dintre cele mai cunoscute simboluri ale Statelor Unite, \u00eens\u0103, \u00een acest caz, pas\u0103rea a avut parte de o aventur\u0103 c\u00e2t se poate de canadian\u0103.<\/p>\n<p><\/main><\/p>\n<footer class=\"svelte-x63bga\">\n<div class=\"related-wrap related-footer svelte-78g0vl\"><span class=\"related-label svelte-78g0vl\">Cite\u0219te \u0219i<\/span><a class=\"related svelte-78g0vl\" data-gtrack=\"{&quot;event&quot;:&quot;utm_click&quot;,&quot;data&quot;:{&quot;event_category&quot;:&quot;article_related&quot;}}\" href=\"https:\/\/adevarul.ro\/stiri-externe\/sua\/vulturul-de-aur-pe-care-donald-trump-il-doreste-2540141.html\" title=\"Alt articol de interes pentru tine\"><img decoding=\"async\" class=\"thumb svelte-78g0vl\" src=\"https:\/\/cdn.adh.reperio.news\/image-0\/0303fde8-ec8c-47c6-890e-b85d7373f236\/index.png?p=f%3Dwebp%26w%3D120%26h%3D80%26r%3Dcover%26a%3D0\" alt loading=\"lazy\" width=\"80\" height=\"54\"><span class=\"title svelte-78g0vl\">\u201eVulturul de aur\u201d pe care Donald Trump \u00eel dore\u0219te pe Casa Alb\u0103 a st\u00e2rnit un val de ironii: \u201eL-a angajat pe Vladimir Putin ca decorator\u201d<\/span><\/a><a class=\"related svelte-78g0vl\" data-gtrack=\"{&quot;event&quot;:&quot;utm_click&quot;,&quot;data&quot;:{&quot;event_category&quot;:&quot;article_related&quot;}}\" href=\"https:\/\/adevarul.ro\/stiri-locale\/bucuresti\/simbolurile-pierdute-in-bombardamentele-din-44-2548562.html\" title=\"Alt articol de interes pentru tine\"><img decoding=\"async\" class=\"thumb svelte-78g0vl\" src=\"https:\/\/cdn.adh.reperio.news\/image-d\/d36dc7c6-129c-41ad-b7d6-793e85cc7cd1\/index.jpeg?p=f%3Dwebp%26w%3D120%26h%3D80%26r%3Dcover%26a%3D0\" alt loading=\"lazy\" width=\"80\" height=\"54\"><span class=\"title svelte-78g0vl\">Simbolurile pierdute \u00een bombardamentele din &#8217;44, vulturul \u0219i cei doi grifoni din bronz, reapar pe Palatul Universit\u0103\u021bii<\/span><\/a><a class=\"related svelte-78g0vl\" data-gtrack=\"{&quot;event&quot;:&quot;utm_click&quot;,&quot;data&quot;:{&quot;event_category&quot;:&quot;article_related&quot;}}\" href=\"https:\/\/adevarul.ro\/stiri-externe\/sua\/casa-alba-a-vrut-sa-umileasca-canada-cu-o-2552645.html\" title=\"Alt articol de interes pentru tine\"><img decoding=\"async\" class=\"thumb svelte-78g0vl\" src=\"https:\/\/cdn.adh.reperio.news\/image-f\/f4e5ee9b-191b-4881-a339-a643b5fdda50\/index.jpeg?p=f%3Dwebp%26w%3D120%26h%3D80%26r%3Dcover%26a%3D0\" alt loading=\"lazy\" width=\"80\" height=\"54\"><span class=\"title svelte-78g0vl\">Casa Alb\u0103 a vrut s\u0103 umileasc\u0103 Canada cu o fotografie. Doar c\u0103 vulturul american a pierdut lupta<\/span><\/a><\/div>\n<div class=\"meta svelte-x63bga\">\n<div class=\"authors svelte-x63bga\"><span class=\"names svelte-x63bga\"><a href=\"https:\/\/adevarul.ro\/author\/1899\" rel=\"author\" class=\"svelte-x63bga\">Maria \u0162aga<\/a><\/span><\/p>\n<div class=\"_hydratable\" data-props=\"%7B%22showLive%22%3Atrue%7D\" data-context=\"%7B%22parentBlockColumnCount%22%3A%7B%22value%22%3A0%2C%22type%22%3A%22store%2Freadable%22%7D%2C%22parentBlockBackgroundColor%22%3A%7B%22type%22%3A%22store%2Freadable%22%7D%7D\" data-component=\"ShareButton\">\n<div class=\"shareButtons svelte-itwbrr\">\n<div class=\"liveSessions metaFont svelte-1maxmbf\"><span class=\"value svelte-1maxmbf\">1<\/span> live <\/div>\n<\/div>\n<\/div>\n<\/div>\n<div class=\"tags svelte-1l3vwp1\"><span class=\"tags-label metaFont svelte-1l3vwp1\">Cite\u0219te mai multe despre<\/span><\/p>\n<div class=\"tags-list svelte-1l3vwp1\"><a href=\"https:\/\/adevarul.ro\/tag\/canada\" title=\"Ultimele \u0219tiri despre canada\" class=\"tag-pill svelte-1l3vwp1\">canada<\/a><a href=\"https:\/\/adevarul.ro\/tag\/pescuit\" title=\"Ultimele \u0219tiri despre pescuit\" class=\"tag-pill svelte-1l3vwp1\">pescuit<\/a><a href=\"https:\/\/adevarul.ro\/tag\/vultur\" title=\"Ultimele \u0219tiri despre vultur\" class=\"tag-pill svelte-1l3vwp1\">vultur<\/a><\/div>\n<\/div>\n<\/div>\n<p><a class=\"moreFromCategory svelte-x63bga\" href=\"https:\/\/adevarul.ro\/stiri-externe\/sua\" title=\"S.U.A\">Mai multe din <strong class=\"svelte-x63bga\">SUA<\/strong> \u203a<\/a><\/footer>\n<\/article>\n<p>[analyse_source url=&#8221;https:\/\/adevarul.ro\/stiri-externe\/sua\/un-tata-si-fiul-sau-au-prins-in-carlige-un-vultur-2552940.html&#8221;]<\/p>\n","protected":false},"excerpt":{"rendered":"<p>[analyse_image type=&#8221;featured&#8221; src=&#8221;https:\/\/cdn.adh.reperio.news\/image-0\/0b7a34b2-7161-4b4c-9329-2cf545540064\/index.png?p=f%3Djpeg%26w%3D1200%26h%3D630%26r%3Dcover&#8221;] Home \u0218tiri Externe SUA Un tat\u0103 \u0219i fiul s\u0103u au prins \u00een c\u00e2rlige un vultur \u00een timpul unei partide de pescuit O partid\u0103 obi\u0219nuit\u0103 de pescuit s-a transformat \u00eentr-o misiune de salvare pentru un tat\u0103 \u0219i fiul s\u0103u din provincia canadian\u0103 Nova Scotia. Bryan Esbaugh \u0219i fiul s\u0103u \u00een v\u00e2rst\u0103 de 15 [&hellip;]<\/p>\n","protected":false},"author":1,"featured_media":0,"comment_status":"open","ping_status":"","sticky":false,"template":"","format":"standard","meta":{"footnotes":""},"categories":[89],"tags":[19],"class_list":["post-2119042","post","type-post","status-publish","format-standard","hentry","category-romania","tag-adevarul"],"_links":{"self":[{"href":"https:\/\/analyse.optim.biz\/index.php?rest_route=\/wp\/v2\/posts\/2119042","targetHints":{"allow":["GET"]}}],"collection":[{"href":"https:\/\/analyse.optim.biz\/index.php?rest_route=\/wp\/v2\/posts"}],"about":[{"href":"https:\/\/analyse.optim.biz\/index.php?rest_route=\/wp\/v2\/types\/post"}],"author":[{"embeddable":true,"href":"https:\/\/analyse.optim.biz\/index.php?rest_route=\/wp\/v2\/users\/1"}],"replies":[{"embeddable":true,"href":"https:\/\/analyse.optim.biz\/index.php?rest_route=%2Fwp%2Fv2%2Fcomments&post=2119042"}],"version-history":[{"count":0,"href":"https:\/\/analyse.optim.biz\/index.php?rest_route=\/wp\/v2\/posts\/2119042\/revisions"}],"wp:attachment":[{"href":"https:\/\/analyse.optim.biz\/index.php?rest_route=%2Fwp%2Fv2%2Fmedia&parent=2119042"}],"wp:term":[{"taxonomy":"category","embeddable":true,"href":"https:\/\/analyse.optim.biz\/index.php?rest_route=%2Fwp%2Fv2%2Fcategories&post=2119042"},{"taxonomy":"post_tag","embeddable":true,"href":"https:\/\/analyse.optim.biz\/index.php?rest_route=%2Fwp%2Fv2%2Ftags&post=2119042"}],"curies":[{"name":"wp","href":"https:\/\/api.w.org\/{rel}","templated":true}]}}