{"id":2119036,"date":"2026-08-30T06:18:35","date_gmt":"2026-08-30T03:18:35","guid":{"rendered":"https:\/\/analyse.optim.biz\/?p=2119036"},"modified":"2026-08-30T06:18:35","modified_gmt":"2026-08-30T03:18:35","slug":"extrema-dreapta-nu-mai-bate-la-usa-europei-ii-scrie-deja-agenda","status":"publish","type":"post","link":"https:\/\/analyse.optim.biz\/?p=2119036","title":{"rendered":"Extrema dreapt\u0103 nu mai bate la u\u0219a Europei. \u00cei scrie deja agenda"},"content":{"rendered":"<p>[analyse_image type=&#8221;featured&#8221; src=&#8221;https:\/\/cdn.adh.reperio.news\/image-d\/dd8878ff-bc96-4863-a3c6-0f6e279e6c3e\/index.png?p=f%3Djpeg%26w%3D1200%26h%3D630%26r%3Dcover&#8221;]<\/p>\n<article class=\"svelte-x63bga\">\n<nav>\n<ul class=\"breadcrump svelte-1pk9a69\">\n<li class=\"svelte-1pk9a69\"><a href=\"https:\/\/adevarul.ro\/\" title=\"Adev\u0103rul\" class=\"svelte-1pk9a69\">Home<\/a><\/li>\n<li class=\"svelte-1pk9a69\"><a href=\"https:\/\/adevarul.ro\/blogurile-adevarul\" class=\"svelte-1pk9a69\">Opinii<\/a><\/li>\n<li class=\"svelte-1pk9a69\"><a href=\"https:\/\/adevarul.ro\/blogurile-adevarul\/extrema-dreapta-nu-mai-bate-la-usa-europei-ii-2552924.html\" class=\"svelte-1pk9a69\">Extrema dreapt\u0103 nu mai bate la u\u0219a Europei. \u00cei scrie deja agenda<\/a><\/li>\n<\/ul>\n<\/nav>\n<p><main class=\"svelte-x63bga\"><\/p>\n<p>Toamna electoral\u0103 din 2026 confirm\u0103 ceva ce se vede de c\u00e2\u021biva ani, dar care acum devine imposibil de ignorat: \u00een tot mai multe capitale europene, migra\u021bia a ajuns s\u0103 ocupe centrul dezbaterii politice. Nu economia, nu energia, nu ap\u0103rarea colectiv\u0103, nu competitivitatea global\u0103. Migra\u021bia.<\/p>\n<div class=\"container-image  svelte-1xbw4f3\"><source type=\"image\/webp\" srcset=\"https:\/\/cdn.adh.reperio.news\/image-d\/dd8878ff-bc96-4863-a3c6-0f6e279e6c3e\/index.png?p=a%3D1%26co%3D1.05%26w%3D1400%26h%3D750%26r%3Dcontain%26f%3Dwebp 1400w\" media=\"(min-width: 1400px)\" \/><\/p>\n<div class=\"caption svelte-1xbw4f3\"><span class=\"captionText svelte-1xbw4f3\"><span class=\"source svelte-1xbw4f3\">Foto: ChatGPT<\/span><\/span><\/div>\n<\/div>\n<p>Suedia se preg\u0103te\u0219te de alegeri parlamentare, Germania intr\u0103 \u00eentr-un test regional important \u00een Saxonia-Anhalt, iar Fran\u021ba se apropie de un nou ciclu preziden\u021bial \u00een care partidele tradi\u021bionale par tot mai preocupate s\u0103 nu piard\u0103 teren \u00een fa\u021ba forma\u021biunilor na\u021bionaliste dec\u00e2t s\u0103-\u0219i impun\u0103 propriile teme.<\/p>\n<p>Dincolo de diferen\u021bele dintre aceste \u021b\u0103ri, mecanismul \u00eencepe s\u0103 semene tot mai mult. Partidele de extrem\u0103 dreapt\u0103 nu mai sunt actori marginali care aduc \u00een discu\u021bie o tem\u0103 incomod\u0103 pentru establishment. Ele au ajuns, \u00een multe cazuri, s\u0103 stabileasc\u0103 limbajul, priorit\u0103\u021bile \u0219i chiar limitele dezbaterii \u00een interiorul c\u0103reia celelalte partide sunt obligate s\u0103 r\u0103spund\u0103.<\/p>\n<p>Cu alte cuvinte, nu trebuie neap\u0103rat s\u0103 c\u00e2\u0219tige alegerile pentru a c\u00e2\u0219tiga agenda.<\/p>\n<h2>Suedia: succesul care se \u00eentoarce \u00eempotriva alia\u021bilor<\/h2>\n<p>Cazul suedez este probabil unul dintre cele mai clare.<\/p>\n<p>Democra\u021bii Suedezi, SD, au parcurs \u00eentr-un deceniu un traseu politic spectaculos. De la o forma\u021biune cu r\u0103d\u0103cini \u00een mi\u0219c\u0103ri na\u021bionaliste marginale, partidul a ajuns s\u0103 influen\u021beze direct politica guvernamental\u0103, chiar f\u0103r\u0103 s\u0103 intre oficial \u00een guvern.<\/p>\n<p>Influen\u021ba aceasta nu a r\u0103mas simbolic\u0103.<\/p>\n<p>Ea s-a tradus deja \u00eentr-o \u00een\u0103sprire important\u0103 a legisla\u021biei suedeze privind azilul \u0219i re\u00eentregirea familiei, \u00eentr-o \u021bar\u0103 care fusese cunoscut\u0103 mult\u0103 vreme pentru una dintre cele mai deschise politici europene \u00een domeniu.<\/p>\n<p>Paradoxul este c\u0103 succesul ob\u021binut de SD nu a dus la moderarea partidului.<\/p>\n<p>Dimpotriv\u0103.<\/p>\n<p>Cu c\u00e2t o parte mai mare din agenda sa a fost preluat\u0103 de partidele aflate la guvernare, cu at\u00e2t Democra\u021bii Suedezi au fost \u00eempin\u0219i s\u0103 cear\u0103 mai mult. Liberalii, conservatorii \u0219i cre\u0219tin-democra\u021bii care coopereaz\u0103 cu SD au ajuns astfel \u00eentr-o pozi\u021bie dificil\u0103: orice gest de moderare risc\u0103 s\u0103 fie prezentat drept sl\u0103biciune, iar orice deschidere spre o colaborare mai apropiat\u0103 cu extrema dreapt\u0103 nu mai este suficient\u0103 pentru electoratul acesteia.<\/p>\n<p>Liderii SD pot sanc\u021biona oric\u00e2nd public partenerii care, \u00een opinia lor, nu merg destul de departe.<\/p>\n<p><i>Este ceea ce mul\u021bi anali\u0219ti descriu drept capcana concesiei.<\/i><\/p>\n<p>Odat\u0103 ce un partid tradi\u021bional accept\u0103 cadrul identitar impus de extrema dreapt\u0103 \u0219i \u00eencepe s\u0103 adopte o parte dintre solu\u021biile acesteia, presiunea nu dispare. Dimpotriv\u0103, pragul se mut\u0103. Ce ieri p\u0103rea radical devine politic\u0103 acceptabil\u0103, iar extrema dreapt\u0103 trebuie s\u0103 mearg\u0103 un pas mai departe pentru a-\u0219i p\u0103stra diferen\u021ba \u0219i capacitatea de mobilizare.<\/p>\n<p>Radicalizarea devine astfel nu doar ideologie, ci \u0219i mecanism electoral.<\/p>\n<h2>Germania: Merz, prins \u00eentre propria tab\u0103r\u0103 \u0219i AfD<\/h2>\n<p>\u00cen Germania, Friedrich Merz se confrunt\u0103 cu o dilem\u0103 asem\u0103n\u0103toare, dar dintr-o pozi\u021bie mult mai complicat\u0103: aceea a cancelarului.<\/p>\n<p>Strategia sa a fost relativ clar\u0103. \u00cen\u0103sprirea politicii privind migra\u021bia \u2014 controale mai stricte la frontier\u0103, proceduri accelerate de azil, un discurs mai ferm privind return\u0103rile \u2014 trebuia s\u0103 reduc\u0103 spa\u021biul electoral al Alternative f\u00fcr Deutschland.<\/p>\n<p>Logica era simpl\u0103: dac\u0103 partidele tradi\u021bionale r\u0103spund mai dur preocup\u0103rilor aleg\u0103torilor privind migra\u021bia, o parte dintre ace\u0219tia nu vor mai avea motive s\u0103 voteze AfD.<\/p>\n<p>P\u00e2n\u0103 acum, \u00eens\u0103, rezultatele nu confirm\u0103 pe deplin aceast\u0103 ipotez\u0103.<\/p>\n<p>Alegerile regionale din Saxonia-Anhalt, programate pentru 6 septembrie, au devenit tocmai de aceea un test urm\u0103rit cu aten\u021bie la Berlin.\u00a0<i>AfD are \u0219anse reale s\u0103 ob\u021bin\u0103 pentru prima dat\u0103 \u00een istoria sa func\u021bia de ministru-pre\u0219edinte al unui land.<\/i><\/p>\n<p>Candidatul partidului este prezentat adesea ca av\u00e2nd un profil mai \u201eprezentabil\u201d dec\u00e2t unii dintre liderii tradi\u021bionali ai forma\u021biunii. Dar propunerile sale privind migra\u021bia merg mult dincolo de \u00eent\u0103rirea controlului la frontier\u0103.<\/p>\n<p>Este vorba despre accelerarea expulz\u0103rilor, munc\u0103 obligatorie \u00een folosul comunit\u0103\u021bii pentru solicitan\u021bii de azil \u0219i clase separate pentru copiii refugia\u021bilor.<\/p>\n<p>Aici se vede cel mai bine cum evolueaz\u0103 discursul.<\/p>\n<p>Odat\u0103 acceptat\u0103 ideea c\u0103 imigra\u021bia reprezint\u0103 una dintre principalele probleme politice ale \u021b\u0103rii, dezbaterea nu se mai limiteaz\u0103 la cine poate intra pe teritoriul na\u021bional. Ea se mut\u0103 treptat spre \u00eentrebarea ce se \u00eent\u00e2mpl\u0103 cu cei care sunt deja acolo.<\/p>\n<p>De la controlul frontierelor se ajunge la integrare.<\/p>\n<p>De la integrare, la segregare.<\/p>\n<p>Iar de la restric\u021bionarea intr\u0103rilor, la redefinirea statutului social al celor care au intrat deja.<\/p>\n<p>Fran\u021ba \u0219i tenta\u021bia centrului de a \u00eemprumuta solu\u021bii radicale<\/p>\n<p>\u00cen Fran\u021ba, procesul este poate mai interesant tocmai pentru c\u0103 semnalele nu vin exclusiv dinspre extrema dreapt\u0103.<\/p>\n<p>Ele apar tot mai des \u0219i \u00een interiorul centrului politic \u0219i al dreptei moderate.<\/p>\n<p>Ideea \u00eenfiin\u021b\u0103rii unor centre de returnare \u00een afara teritoriului Uniunii Europene, destinate migran\u021bilor f\u0103r\u0103 forme legale, \u00eencepe s\u0103 fie discutat\u0103 de politicieni care nu provin din zona na\u021bionalist\u0103 tradi\u021bional\u0103.<\/p>\n<p>Fran\u021ba s-a ar\u0103tat oficial sceptic\u0103 fa\u021b\u0103 de astfel de proiecte de externalizare a migra\u021biei. Dar faptul c\u0103 ele sunt acum discutate serios arat\u0103 c\u00e2t de mult s-a deplasat centrul de greutate al dezbaterii.<\/p>\n<p>O solu\u021bie care, \u00een urm\u0103 cu un deceniu, ar fi fost considerat\u0103 marginal\u0103 sau incompatibil\u0103 cu cultura politic\u0103 dominant\u0103 a Uniunii Europene devine treptat o op\u021biune de politic\u0103 public\u0103.<\/p>\n<p>Nu neap\u0103rat pentru c\u0103 extrema dreapt\u0103 a ajuns la guvernare.<\/p>\n<p>Ci pentru c\u0103 partidele tradi\u021bionale \u00eencearc\u0103 s\u0103-i ia tema \u00eenainte de alegeri.<\/p>\n<h2>Presiunea de la Bruxelles \u0219i limitele solidarit\u0103\u021bii europene<\/h2>\n<p>La nivel european, tensiunea este \u0219i mai vizibil\u0103.<\/p>\n<p>Criza din vara anului 2026 de la Ceuta, unde un aflux masiv de migran\u021bi a pus sub presiune capacitatea Spaniei de a administra frontiera extern\u0103 a Uniunii, a readus brutal \u00een discu\u021bie una dintre marile probleme nerezolvate ale proiectului european: cine poart\u0103 costul migra\u021biei?<\/p>\n<p>Statele aflate la frontierele externe spun de ani de zile c\u0103 nu pot suporta singure presiunea.<\/p>\n<p>Statele din interiorul Uniunii sunt reticente s\u0103 accepte redistribuirea migran\u021bilor.<\/p>\n<p>Iar \u00eentre cele dou\u0103 pozi\u021bii, Bruxelles-ul \u00eencearc\u0103 s\u0103 construiasc\u0103 mecanisme comune care sunt contestate aproape imediat de o parte sau alta.<\/p>\n<p>O coali\u021bie de state condus\u0103 informal de Italia \u0219i Danemarca a cerut o abordare mai ferm\u0103, inclusiv finan\u021bare european\u0103 pentru centre de returnare situate \u00een afara continentului.<\/p>\n<p>Este semnificativ c\u0103 aici nu vorbim doar despre guverne provenite din zona dreptei radicale. Danemarca demonstreaz\u0103 de mai mul\u021bi ani c\u0103 o politic\u0103 strict\u0103 privind migra\u021bia poate fi adoptat\u0103 \u0219i de un guvern social-democrat.<\/p>\n<p>Aceasta este una dintre schimb\u0103rile cele mai importante din Europa ultimilor ani.<\/p>\n<p>Migra\u021bia nu mai poate fi \u00eemp\u0103r\u021bit\u0103 simplu \u00eentre o st\u00e2ng\u0103 favorabil\u0103 deschiderii \u0219i o dreapt\u0103 favorabil\u0103 restric\u021biilor.<\/p>\n<p>Tema a traversat vechile grani\u021be ideologice.<\/p>\n<p>Comisia European\u0103 a respins, cel pu\u021bin declarativ, ideea finan\u021b\u0103rii unor astfel de centre externe. Dar simplul fapt c\u0103 propunerea revine constant pe agenda european\u0103 arat\u0103 c\u0103 presiunea pentru schimbarea paradigmei nu dispare.<\/p>\n<h2>Un mecanism care se alimenteaz\u0103 singur<\/h2>\n<p>Toate aceste episoade \u2014 Suedia, Germania, Fran\u021ba, disputa de la Bruxelles \u2014 descriu acela\u0219i fenomen.<\/p>\n<p>Fiecare concesie f\u0103cut\u0103 extremei drepte \u00een problema migra\u021biei nu reduce neap\u0103rat presiunea politic\u0103 exercitat\u0103 de aceasta.<\/p>\n<p>Adesea o m\u0103re\u0219te.<\/p>\n<p>\u021ainta se deplaseaz\u0103.<\/p>\n<p>Mai \u00eent\u00e2i este migra\u021bia neregulamentar\u0103.<\/p>\n<p>Apoi migra\u021bia legal\u0103.<\/p>\n<p>Dup\u0103 aceea, re\u00eentregirea familiei.<\/p>\n<p>Apoi drepturile celor deja stabili\u021bi \u00een \u021bar\u0103.<\/p>\n<p>\u00cen cele din urm\u0103, discu\u021bia poate ajunge la categorii \u00eentregi de cet\u0103\u021beni considera\u021bi insuficient \u201easimila\u021bi\u201d din motive culturale, religioase sau etnice.<\/p>\n<p>Acesta este punctul \u00een care o dezbatere legitim\u0103 despre controlul frontierelor risc\u0103 s\u0103 devin\u0103 altceva.<\/p>\n<p>Orice stat are dreptul \u0219i obliga\u021bia de a-\u0219i controla frontierele. Orice guvern trebuie s\u0103 poat\u0103 discuta despre capacitatea real\u0103 de integrare, despre costurile sociale, despre securitate \u0219i despre num\u0103rul celor pe care societatea \u00eei poate absorbi.<\/p>\n<p>Problema apare atunci c\u00e2nd aceast\u0103 dezbatere este \u00eenlocuit\u0103 de competi\u021bia permanent\u0103 pentru cine poate fi mai radical.<\/p>\n<p>Modelul american al politicilor dure promovate sub administra\u021bia Trump este invocat tot mai des de liderii europeni de extrem\u0103 dreapt\u0103 drept exemplu de urmat.<\/p>\n<p>Efectul nu este doar electoral.<\/p>\n<p>Este \u0219i cultural.<\/p>\n<p>M\u0103suri care, \u00een urm\u0103 cu zece ani, s-ar fi aflat la marginea discursului democratic sunt introduse treptat \u00een centrul conversa\u021biei politice. Sunt discutate, comparate, adaptate \u0219i, uneori, adoptate.<\/p>\n<p>Aceasta este adev\u0103rata victorie a extremei drepte.<\/p>\n<p>Nu neap\u0103rat num\u0103rul de ministere pe care le controleaz\u0103.<\/p>\n<p><i>Ci capacitatea de a decide despre ce discut\u0103 ceilal\u021bi.<\/i><\/p>\n<h2>Capcana partidelor tradi\u021bionale<\/h2>\n<p>Pentru partidele de centru-dreapta, centru-st\u00e2nga sau liberale, problema este real\u0103 \u0219i nu poate fi rezolvat\u0103 prin simpla condamnare moral\u0103 a adversarilor.<\/p>\n<p>Exist\u0103 o nelini\u0219te autentic\u0103 a unei p\u0103r\u021bi a electoratului european \u00een privin\u021ba migra\u021biei.<\/p>\n<p>Exist\u0103 presiune asupra serviciilor publice.<\/p>\n<p>Exist\u0103 probleme de integrare.<\/p>\n<p>Exist\u0103 criminalitate, tensiuni culturale \u0219i comunit\u0103\u021bi \u00een care statul a administrat prost consecin\u021bele schimb\u0103rilor demografice.<\/p>\n<p>A ignora aceste realit\u0103\u021bi \u00eenseamn\u0103 a face cadou tema exact partidelor radicale.<\/p>\n<p>Dar nici strategia opus\u0103 nu pare s\u0103 func\u021bioneze foarte bine.<\/p>\n<p>Partidele tradi\u021bionale au \u00eencercat s\u0103 preia selectiv teme, limbaj \u0219i solu\u021bii ale extremei drepte, sper\u00e2nd c\u0103 astfel \u00eei vor reduce atractivitatea.<\/p>\n<p>Rezultatul poate fi exact invers.<\/p>\n<p>\u00cen momentul \u00een care un partid de guvern\u0103m\u00e2nt accept\u0103 premisa adversarului \u2014 c\u0103 migra\u021bia reprezint\u0103 problema central\u0103 \u00een jurul c\u0103reia trebuie organizat\u0103 \u00eentreaga politic\u0103 \u2014 el legitimeaz\u0103 cadrul de g\u00e2ndire al acestuia.<\/p>\n<p>Aleg\u0103torul poate ajunge atunci la o concluzie foarte simpl\u0103: dac\u0103 diagnosticul extremei drepte este corect, de ce s\u0103 voteze copia \u0219i nu originalul?<\/p>\n<p>Aici se afl\u0103 dilema politic\u0103 european\u0103 a anului 2026.<\/p>\n<p><i>Nu dac\u0103 migra\u021bia va r\u0103m\u00e2ne pe agenda public\u0103. Va r\u0103m\u00e2ne.<\/i><\/p>\n<p><i>\u0218i nici dac\u0103 statele europene vor adopta politici mai restrictive. Procesul este deja \u00een desf\u0103\u0219urare.<\/i><\/p>\n<p><i>\u00centrebarea este dac\u0103 for\u021bele democratice tradi\u021bionale vor reu\u0219i s\u0103 construiasc\u0103 un r\u0103spuns propriu \u2014 unul care s\u0103 combine controlul real al frontierelor cu integrarea, securitatea cu respectarea legii, capacitatea statului de a spune \u201enu\u201d cu obliga\u021bia de a nu transforma milioane de oameni \u00eentr-o categorie politic\u0103 permanent suspect\u0103.<\/i><\/p>\n<p>Pentru c\u0103, dac\u0103 nu reu\u0219esc, extrema dreapt\u0103 nici m\u0103car nu trebuie s\u0103 c\u00e2\u0219tige peste tot.<\/p>\n<p>\u00cei este suficient s\u0103-i oblige pe ceilal\u021bi s\u0103 vorbeasc\u0103 limba ei. Iar \u00een tot mai multe capitale europene, exact acest lucru \u00eencepe deja s\u0103 se \u00eent\u00e2mple.<\/p>\n<p><b>Post Scriptum<\/b>: Rom\u00e2nia poate avea impresia c\u0103 aceast\u0103 confruntare european\u0103 \u00een jurul migra\u021biei se desf\u0103\u0219oar\u0103 \u00eenc\u0103 la distan\u021b\u0103. Nu avem presiunea migratorie a Italiei sau Spaniei, nici experien\u021ba suedez\u0103 a integr\u0103rii unui num\u0103r foarte mare de refugia\u021bi \u0219i nici tensiunile politice pe care imigra\u021bia le-a produs \u00een Germania \u0219i Fran\u021ba. Ar fi \u00eens\u0103 o eroare s\u0103 credem c\u0103, din acest motiv, Rom\u00e2nia va r\u0103m\u00e2ne \u00een afara fenomenului. Temele politice europene circul\u0103 ast\u0103zi mult mai repede dec\u00e2t oamenii care traverseaz\u0103 frontierele.<\/p>\n<p>Pentru Bucure\u0219ti, problema are chiar o particularitate. Rom\u00e2nia este simultan frontier\u0103 extern\u0103 a Uniunii Europene, stat Schengen \u0219i \u021bar\u0103 aflat\u0103 \u00een apropierea imediat\u0103 a dou\u0103 mari surse de instabilitate \u2014 r\u0103zboiul din Ucraina \u0219i vulnerabilitatea Republicii Moldova. \u00cen acela\u0219i timp, economia rom\u00e2neasc\u0103 a \u00eenceput s\u0103 depind\u0103 tot mai vizibil de muncitori veni\u021bi din afara Uniunii Europene. Aceast\u0103 combina\u021bie va transforma inevitabil migra\u021bia \u00eentr-o tem\u0103 politic\u0103 intern\u0103 mai important\u0103 dec\u00e2t este ast\u0103zi.<\/p>\n<p>Pericolul ar fi ca dezbaterea s\u0103 \u00eenceap\u0103 abia atunci c\u00e2nd subiectul va fi deja confiscat de partidele radicale. Rom\u00e2nia are nevoie de o discu\u021bie serioas\u0103 despre c\u00e2\u021bi muncitori str\u0103ini poate integra, \u00een ce condi\u021bii, cum func\u021bioneaz\u0103 controlul frontierelor, ce obliga\u021bii au angajatorii, cum sunt prevenite exploatarea \u0219i apari\u021bia unor comunit\u0103\u021bi izolate \u0219i, mai ales, cum separ\u0103m imigra\u021bia economic\u0103 legal\u0103 de migra\u021bia ilegal\u0103 \u0219i de problemele reale de securitate. A pune toate aceste categorii \u00een aceea\u0219i cutie poate fi electoral profitabil, dar administrativ \u0219i strategic este o eroare.<\/p>\n<p>Exist\u0103 \u0219i o lec\u021bie politic\u0103 mai larg\u0103. Rom\u00e2nia nu trebuie s\u0103 repete mecanic traseul unor democra\u021bii occidentale, unde partidele tradi\u021bionale au ignorat mult\u0103 vreme nelini\u0219tile unei p\u0103r\u021bi a popula\u021biei, pentru ca apoi, speriate de ascensiunea extremei drepte, s\u0103 \u00eenceap\u0103 s\u0103-i copieze limbajul \u0219i solu\u021biile. \u00centre negarea problemei \u0219i transformarea str\u0103inului \u00een \u021bap isp\u0103\u0219itor exist\u0103 un spa\u021biu enorm pentru politici publice ra\u021bionale.<\/p>\n<p>Tocmai aici ar trebui s\u0103 fie diferen\u021ba rom\u00e2neasc\u0103: statul s\u0103 discute despre migra\u021bie \u00eenainte ca frica s\u0103 o fac\u0103 \u00een locul lui. Pentru c\u0103 experien\u021ba european\u0103 arat\u0103 c\u0103, odat\u0103 ce partidele radicale reu\u0219esc s\u0103 stabileasc\u0103 termenii conversa\u021biei, partidele tradi\u021bionale intr\u0103 \u00eentr-o curs\u0103 pe care rareori o mai pot c\u00e2\u0219tiga.\u00a0<b>Rom\u00e2nia are \u00eenc\u0103 avantajul timpului. \u00centrebarea este dac\u0103 \u00eel va folosi pentru a construi o politic\u0103 a migra\u021biei sau \u00eel va pierde p\u00e2n\u0103 c\u00e2nd migra\u021bia va construi, la r\u00e2ndul ei, o nou\u0103 politic\u0103 rom\u00e2neasc\u0103.<\/b><\/p>\n<p><\/main><\/p>\n<footer class=\"svelte-x63bga\">\n<div class=\"meta svelte-x63bga\">\n<div class=\"tags svelte-1l3vwp1\"><span class=\"tags-label metaFont svelte-1l3vwp1\">Cite\u0219te mai multe despre<\/span><\/p>\n<div class=\"tags-list svelte-1l3vwp1\"><a href=\"https:\/\/adevarul.ro\/tag\/donald%20trump\" title=\"Ultimele \u0219tiri despre donald trump\" class=\"tag-pill svelte-1l3vwp1\">donald trump<\/a><a href=\"https:\/\/adevarul.ro\/tag\/germania\" title=\"Ultimele \u0219tiri despre germania\" class=\"tag-pill svelte-1l3vwp1\">germania<\/a><a href=\"https:\/\/adevarul.ro\/tag\/fran%C8%9Ba\" title=\"Ultimele \u0219tiri despre fran\u021ba\" class=\"tag-pill svelte-1l3vwp1\">fran\u021ba<\/a><a href=\"https:\/\/adevarul.ro\/tag\/uniunea%20european%C4%83\" title=\"Ultimele \u0219tiri despre uniunea european\u0103\" class=\"tag-pill svelte-1l3vwp1\">uniunea european\u0103<\/a><a href=\"https:\/\/adevarul.ro\/tag\/italia\" title=\"Ultimele \u0219tiri despre italia\" class=\"tag-pill svelte-1l3vwp1\">italia<\/a><a href=\"https:\/\/adevarul.ro\/tag\/europa\" title=\"Ultimele \u0219tiri despre europa\" class=\"tag-pill svelte-1l3vwp1\">europa<\/a><a href=\"https:\/\/adevarul.ro\/tag\/comisia%20european%C4%83\" title=\"Ultimele \u0219tiri despre comisia european\u0103\" class=\"tag-pill svelte-1l3vwp1\">comisia european\u0103<\/a><a href=\"https:\/\/adevarul.ro\/tag\/suedia\" title=\"Ultimele \u0219tiri despre suedia\" class=\"tag-pill svelte-1l3vwp1\">suedia<\/a><a href=\"https:\/\/adevarul.ro\/tag\/danemarca\" title=\"Ultimele \u0219tiri despre danemarca\" class=\"tag-pill svelte-1l3vwp1\">danemarca<\/a><a href=\"https:\/\/adevarul.ro\/tag\/migra%C8%9Bie\" title=\"Ultimele \u0219tiri despre migra\u021bie\" class=\"tag-pill svelte-1l3vwp1\">migra\u021bie<\/a><a href=\"https:\/\/adevarul.ro\/tag\/extrema%20dreapt%C4%83\" title=\"Ultimele \u0219tiri despre extrema dreapt\u0103\" class=\"tag-pill svelte-1l3vwp1\">extrema dreapt\u0103<\/a><a href=\"https:\/\/adevarul.ro\/tag\/azil\" title=\"Ultimele \u0219tiri despre azil\" class=\"tag-pill svelte-1l3vwp1\">azil<\/a><a href=\"https:\/\/adevarul.ro\/tag\/na%C8%9Bionalism\" title=\"Ultimele \u0219tiri despre na\u021bionalism\" class=\"tag-pill svelte-1l3vwp1\">na\u021bionalism<\/a><a href=\"https:\/\/adevarul.ro\/tag\/integrare\" title=\"Ultimele \u0219tiri despre integrare\" class=\"tag-pill svelte-1l3vwp1\">integrare<\/a><a href=\"https:\/\/adevarul.ro\/tag\/imigra%C8%9Bie\" title=\"Ultimele \u0219tiri despre imigra\u021bie\" class=\"tag-pill svelte-1l3vwp1\">imigra\u021bie<\/a><a href=\"https:\/\/adevarul.ro\/tag\/populism\" title=\"Ultimele \u0219tiri despre populism\" class=\"tag-pill svelte-1l3vwp1\">populism<\/a><a href=\"https:\/\/adevarul.ro\/tag\/friedrich%20merz\" title=\"Ultimele \u0219tiri despre friedrich merz\" class=\"tag-pill svelte-1l3vwp1\">friedrich merz<\/a><a href=\"https:\/\/adevarul.ro\/tag\/afd\" title=\"Ultimele \u0219tiri despre afd\" class=\"tag-pill svelte-1l3vwp1\">afd<\/a><a href=\"https:\/\/adevarul.ro\/tag\/securitate%20european%C4%83\" title=\"Ultimele \u0219tiri despre securitate european\u0103\" class=\"tag-pill svelte-1l3vwp1\">securitate european\u0103<\/a><a href=\"https:\/\/adevarul.ro\/tag\/ceuta\" title=\"Ultimele \u0219tiri despre ceuta\" class=\"tag-pill svelte-1l3vwp1\">ceuta<\/a><a href=\"https:\/\/adevarul.ro\/tag\/politica%20european%C4%83\" title=\"Ultimele \u0219tiri despre politica european\u0103\" class=\"tag-pill svelte-1l3vwp1\">politica european\u0103<\/a><\/div>\n<\/div>\n<\/div>\n<p><a class=\"moreFromCategory svelte-x63bga\" href=\"https:\/\/adevarul.ro\/blogurile-adevarul\" title=\"Opinii\">Mai multe din <strong class=\"svelte-x63bga\">Opinii<\/strong> \u203a<\/a><\/footer>\n<\/article>\n<p>[analyse_source url=&#8221;https:\/\/adevarul.ro\/blogurile-adevarul\/extrema-dreapta-nu-mai-bate-la-usa-europei-ii-2552924.html&#8221;]<\/p>\n","protected":false},"excerpt":{"rendered":"<p>[analyse_image type=&#8221;featured&#8221; src=&#8221;https:\/\/cdn.adh.reperio.news\/image-d\/dd8878ff-bc96-4863-a3c6-0f6e279e6c3e\/index.png?p=f%3Djpeg%26w%3D1200%26h%3D630%26r%3Dcover&#8221;] Home Opinii Extrema dreapt\u0103 nu mai bate la u\u0219a Europei. \u00cei scrie deja agenda Toamna electoral\u0103 din 2026 confirm\u0103 ceva ce se vede de c\u00e2\u021biva ani, dar care acum devine imposibil de ignorat: \u00een tot mai multe capitale europene, migra\u021bia a ajuns s\u0103 ocupe centrul dezbaterii politice. Nu economia, nu energia, nu [&hellip;]<\/p>\n","protected":false},"author":1,"featured_media":0,"comment_status":"open","ping_status":"","sticky":false,"template":"","format":"standard","meta":{"footnotes":""},"categories":[89],"tags":[19,226],"class_list":["post-2119036","post","type-post","status-publish","format-standard","hentry","category-romania","tag-adevarul","tag-crawlmanager"],"_links":{"self":[{"href":"https:\/\/analyse.optim.biz\/index.php?rest_route=\/wp\/v2\/posts\/2119036","targetHints":{"allow":["GET"]}}],"collection":[{"href":"https:\/\/analyse.optim.biz\/index.php?rest_route=\/wp\/v2\/posts"}],"about":[{"href":"https:\/\/analyse.optim.biz\/index.php?rest_route=\/wp\/v2\/types\/post"}],"author":[{"embeddable":true,"href":"https:\/\/analyse.optim.biz\/index.php?rest_route=\/wp\/v2\/users\/1"}],"replies":[{"embeddable":true,"href":"https:\/\/analyse.optim.biz\/index.php?rest_route=%2Fwp%2Fv2%2Fcomments&post=2119036"}],"version-history":[{"count":0,"href":"https:\/\/analyse.optim.biz\/index.php?rest_route=\/wp\/v2\/posts\/2119036\/revisions"}],"wp:attachment":[{"href":"https:\/\/analyse.optim.biz\/index.php?rest_route=%2Fwp%2Fv2%2Fmedia&parent=2119036"}],"wp:term":[{"taxonomy":"category","embeddable":true,"href":"https:\/\/analyse.optim.biz\/index.php?rest_route=%2Fwp%2Fv2%2Fcategories&post=2119036"},{"taxonomy":"post_tag","embeddable":true,"href":"https:\/\/analyse.optim.biz\/index.php?rest_route=%2Fwp%2Fv2%2Ftags&post=2119036"}],"curies":[{"name":"wp","href":"https:\/\/api.w.org\/{rel}","templated":true}]}}