{"id":2119017,"date":"2026-08-30T08:22:47","date_gmt":"2026-08-30T05:22:47","guid":{"rendered":"https:\/\/analyse.optim.biz\/?p=2119017"},"modified":"2026-08-30T08:22:47","modified_gmt":"2026-08-30T05:22:47","slug":"ro-alert-in-nord-estul-judetului-tulcea-o-drona-detectata-in-apropierea-frontierei-cu-romania","status":"publish","type":"post","link":"https:\/\/analyse.optim.biz\/?p=2119017","title":{"rendered":"RO-Alert \u00een nord-estul jude\u021bului Tulcea. O dron\u0103, detectat\u0103 \u00een apropierea frontierei cu Rom\u00e2nia"},"content":{"rendered":"<p>[analyse_image type=&#8221;featured&#8221; src=&#8221;https:\/\/s.iw.ro\/gateway\/g\/ZmlsZVNvdXJjZT1odHRwJTNBJTJGJTJG\/c3RvcmFnZTA4dHJhbnNjb2Rlci5yY3Mt\/cmRzLnJvJTJGc3RvcmFnZSUyRjIwMjYl\/MkYwOCUyRjE0JTJGMjkwODA0MV8yOTA4\/MDQxX0Ryb25hLWthbWlrYXplXy1Gb3Rv\/LVByb2ZpbWVkaWEtSW1hZ2VzLTE1MzZ4\/MTEyOS0xLmpwZWcmdz0xMjAwJmg9NjMw\/JnpjPTEmaGFzaD1iOTc5MDRmN2RiZjQxNDZjMTA0Y2U0NDU1OTJiYWIxNQ==.thumb.jpg&#8221;]<\/p>\n<div class=\"entry data-app-meta data-app-meta-article\" data-embed-base-url-canonical=\"https:\/\/www.digi24.ro\/embed\/stiri\/actualitate\/social\/ro-alert-in-nord-estul-judetului-tulcea-o-drona-detectata-in-apropierea-frontierei-cu-romania-3927267\">\n<p data-index=\"1\"><strong>Un mesaj RO-Alert a fost transmis duminic\u0103, 30 august, pentru nord-estul jude\u021bului Tulcea, dup\u0103 ce sistemele radar ale Ministerului Ap\u0103r\u0103rii Na\u021bionale au detectat o \u021bint\u0103 aerian\u0103 \u00een apropierea frontierei cu Rom\u00e2nia.<\/strong><\/p>\n<p data-index=\"2\">Potrivit MApN, \u021binta a fost detectat\u0103 la ora 10:36, la aproximativ 20 de kilometri est de V\u00e2lcove, \u00een Ucraina, \u00een proximitatea frontierei rom\u00e2ne. Dou\u0103 aeronave F-16 din Baza 86 Aerian\u0103 Borcea au monitorizat situa\u021bia \u00eencep\u00e2nd cu ora 10:36.<\/p>\n<p data-index=\"3\">\u00cen urma notific\u0103rii Centrului Na\u021bional Militar de Comand\u0103, Inspectoratul General pentru Situa\u021bii de Urgen\u021b\u0103 a transmis, la ora 10:50, un mesaj RO-Alert valabil pentru nord-estul jude\u021bului Tulcea. P\u00e2n\u0103 \u00een prezent, autorit\u0103\u021bile nu au anun\u021bat c\u0103 \u021binta aerian\u0103 ar fi p\u0103truns \u00een spa\u021biul aerian rom\u00e2nesc.<\/p>\n<h2 id=\"highlight-3927267-1\">Mai multe alerte \u00een ultimele zile<\/h2>\n<p data-index=\"4\">Mesajul de duminic\u0103 vine dup\u0103 o serie de alerte transmise \u00een ultimele zile pentru nordul \u0219i estul jude\u021bului Tulcea, pe fondul activit\u0103\u021bii aeriene din apropierea grani\u021bei cu Ucraina.<\/p>\n<p data-index=\"5\">Pe 27 august, locuitorii din zon\u0103 au primit mai multe mesaje RO-Alert. Primul a fost transmis la ora 06:54, dup\u0103 detectarea unei \u021binte aeriene la aproximativ trei kilometri nord de V\u00e2lcove, \u00een Ucraina. MApN a precizat atunci c\u0103 nu a fost detectat\u0103 nicio p\u0103trundere \u00een spa\u021biul aerian na\u021bional.<\/p>\n<p data-index=\"6\">Un al doilea mesaj a fost transmis \u00een aceea\u0219i zi, la ora 10:18, dup\u0103 detectarea unui grup de \u021binte aeriene \u00een spa\u021biul aerian ucrainean, \u00een apropierea frontierei cu Rom\u00e2nia. Dou\u0103 aeronave F-18 spaniole \u0219i un elicopter rom\u00e2nesc au fost ridicate pentru monitorizarea situa\u021biei.<\/p>\n<p data-index=\"7\">\u00cen cursul serii de 27 august a fost transmis un nou mesaj RO-Alert pentru nordul jude\u021bului Tulcea, dup\u0103 detectarea unei \u021binte aeriene la aproximativ 33 de kilometri nord de Insula \u0218erpilor. Nici \u00een aceste situa\u021bii nu au fost raportate p\u0103trunderi \u00een spa\u021biul aerian rom\u00e2nesc.<\/p>\n<p data-index=\"8\">Cu o sear\u0103 \u00eenainte, pe 26 august, fusese transmis un alt mesaj RO-Alert pentru nordul jude\u021bului Tulcea, dup\u0103 detectarea unei \u021binte aeriene la nord de V\u00e2lcove, \u00een Ucraina. Un elicopter IAR-330 PUMA SOCAT al For\u021belor Aeriene Rom\u00e2ne a fost ridicat pentru monitorizarea situa\u021biei.<\/p>\n<p> Editor : <a href=\"https:\/\/www.digi24.ro\/autor\/andreea-rubica\"> A.R. <\/a><\/p>\n<\/div>\n<p>[analyse_source url=&#8221;https:\/\/www.digi24.ro\/stiri\/actualitate\/social\/ro-alert-in-nord-estul-judetului-tulcea-o-drona-detectata-in-apropierea-frontierei-cu-romania-3927267&#8243;]<\/p>\n","protected":false},"excerpt":{"rendered":"<p>[analyse_image type=&#8221;featured&#8221; src=&#8221;https:\/\/s.iw.ro\/gateway\/g\/ZmlsZVNvdXJjZT1odHRwJTNBJTJGJTJG\/c3RvcmFnZTA4dHJhbnNjb2Rlci5yY3Mt\/cmRzLnJvJTJGc3RvcmFnZSUyRjIwMjYl\/MkYwOCUyRjE0JTJGMjkwODA0MV8yOTA4\/MDQxX0Ryb25hLWthbWlrYXplXy1Gb3Rv\/LVByb2ZpbWVkaWEtSW1hZ2VzLTE1MzZ4\/MTEyOS0xLmpwZWcmdz0xMjAwJmg9NjMw\/JnpjPTEmaGFzaD1iOTc5MDRmN2RiZjQxNDZjMTA0Y2U0NDU1OTJiYWIxNQ==.thumb.jpg&#8221;] Un mesaj RO-Alert a fost transmis duminic\u0103, 30 august, pentru nord-estul jude\u021bului Tulcea, dup\u0103 ce sistemele radar ale Ministerului Ap\u0103r\u0103rii Na\u021bionale au detectat o \u021bint\u0103 aerian\u0103 \u00een apropierea frontierei cu Rom\u00e2nia. Potrivit MApN, \u021binta a fost detectat\u0103 la ora 10:36, la aproximativ 20 de kilometri est de V\u00e2lcove, \u00een Ucraina, \u00een proximitatea [&hellip;]<\/p>\n","protected":false},"author":1,"featured_media":0,"comment_status":"open","ping_status":"","sticky":false,"template":"","format":"standard","meta":{"footnotes":""},"categories":[89],"tags":[],"class_list":["post-2119017","post","type-post","status-publish","format-standard","hentry","category-romania"],"_links":{"self":[{"href":"https:\/\/analyse.optim.biz\/index.php?rest_route=\/wp\/v2\/posts\/2119017","targetHints":{"allow":["GET"]}}],"collection":[{"href":"https:\/\/analyse.optim.biz\/index.php?rest_route=\/wp\/v2\/posts"}],"about":[{"href":"https:\/\/analyse.optim.biz\/index.php?rest_route=\/wp\/v2\/types\/post"}],"author":[{"embeddable":true,"href":"https:\/\/analyse.optim.biz\/index.php?rest_route=\/wp\/v2\/users\/1"}],"replies":[{"embeddable":true,"href":"https:\/\/analyse.optim.biz\/index.php?rest_route=%2Fwp%2Fv2%2Fcomments&post=2119017"}],"version-history":[{"count":0,"href":"https:\/\/analyse.optim.biz\/index.php?rest_route=\/wp\/v2\/posts\/2119017\/revisions"}],"wp:attachment":[{"href":"https:\/\/analyse.optim.biz\/index.php?rest_route=%2Fwp%2Fv2%2Fmedia&parent=2119017"}],"wp:term":[{"taxonomy":"category","embeddable":true,"href":"https:\/\/analyse.optim.biz\/index.php?rest_route=%2Fwp%2Fv2%2Fcategories&post=2119017"},{"taxonomy":"post_tag","embeddable":true,"href":"https:\/\/analyse.optim.biz\/index.php?rest_route=%2Fwp%2Fv2%2Ftags&post=2119017"}],"curies":[{"name":"wp","href":"https:\/\/api.w.org\/{rel}","templated":true}]}}