{"id":2118996,"date":"2026-08-30T08:22:30","date_gmt":"2026-08-30T05:22:30","guid":{"rendered":""},"modified":"2026-08-30T08:22:30","modified_gmt":"2026-08-30T05:22:30","slug":"bataie-pe-o-strada-din-boldu","status":"publish","type":"post","link":"https:\/\/analyse.optim.biz\/?p=2118996","title":{"rendered":"B\u0103taie pe o strad\u0103 din Boldu"},"content":{"rendered":"<p>[analyse_image type=&#8221;featured&#8221; src=&#8221;https:\/\/blitz24.ro\/wp-content\/uploads\/2023\/04\/dn22-boldu-ramnicelu.jpg&#8221;]<\/p>\n<div class=\"cm-entry-summary\">\n<p align=\"justify\"><strong><span>\u00cen ziua de 27 august, poli\u021bi\u0219tii din cadrul Sec\u021biei de poli\u021bie rural\u0103 R\u00e2mnicelu au re\u021binut pentru 24 de ore, pe baz\u0103 de ordonan\u021b\u0103, o persoan\u0103 cercetat\u0103 pentru lovirea sau alte violen\u021be.<\/span><\/strong><\/p>\n<p align=\"justify\"><span>Fapta a fost sesizat\u0103 \u00een seara de 25 august.<\/span><\/p>\n<p align=\"justify\"><span>Din cercet\u0103ri a reie\u0219it c\u0103, \u00een seara de 25 august , \u00een timp ce se aflau pe o strad\u0103 din Boldu, \u00een urma unui conflict spontan, persoana cercetat\u0103, un b\u0103rbat de 31 de ani, din Ghergheasa, ar fi agresat un cunoscut, un b\u0103rbat de 36 de ani, din aceea\u0219i localitate.<\/span><\/p>\n<p align=\"justify\"><span>Ca urmare a leziunilor suferite, persoana v\u0103t\u0103mat\u0103 a fost preluat\u0103 de ambulan\u021b\u0103 pentru \u00eengrijiri medicale.<\/span><\/p>\n<p align=\"justify\">CITE\u0218TE \u0218I <a href=\"https:\/\/blitz24.ro\/anchete\/firmele-al-karon-si-geda-com-obligate-sa-explice-cum-au-subevaluat-contractul-de-intretinere-a-drumurilor-din-judetul-buzau\/?fbclid=IwY2xjawUAxh5wZG9mBWV4dG4DYWVtAjExAHNydGMGYXBwX2lkEDIyMjAzOTE3ODgyMDA4OTIAAR6oB4gOz998_bm2ptnpNppQhRsP2koEActTift5TgHMV3BrSYZbDHu9RHl47A_aem_KbfdR9jiibtn748dOxW9nA\">Firmele Al Karon \u0219i Geda Com obligate s\u0103 explice cum au subevaluat contractul de \u00eentre\u021binere a drumurilor din jude\u021bul Buz\u0103u<\/a><\/p>\n<p align=\"justify\"><span>\u00cen cauz\u0103, poli\u021bi\u0219tii continu\u0103 cercet\u0103rile, sub coordonarea parchetului, pentru stabilirea \u00eentregii activit\u0103\u021bi infrac\u021bionale a b\u0103rbatului.<\/span><\/p>\n<\/div>\n<p>[analyse_source url=&#8221;https:\/\/blitz24.ro\/stiri-locale\/actualitate\/bataie-pe-o-strada-din-boldu\/&#8221;]<\/p>\n","protected":false},"excerpt":{"rendered":"<p>[analyse_image type=&#8221;featured&#8221; src=&#8221;https:\/\/blitz24.ro\/wp-content\/uploads\/2023\/04\/dn22-boldu-ramnicelu.jpg&#8221;] \u00cen ziua de 27 august, poli\u021bi\u0219tii din cadrul Sec\u021biei de poli\u021bie rural\u0103 R\u00e2mnicelu au re\u021binut pentru 24 de ore, pe baz\u0103 de ordonan\u021b\u0103, o persoan\u0103 cercetat\u0103 pentru lovirea sau alte violen\u021be. Fapta a fost sesizat\u0103 \u00een seara de 25 august. Din cercet\u0103ri a reie\u0219it c\u0103, \u00een seara de 25 august , \u00een [&hellip;]<\/p>\n","protected":false},"author":1,"featured_media":0,"comment_status":"open","ping_status":"","sticky":false,"template":"","format":"standard","meta":{"footnotes":""},"categories":[2],"tags":[],"class_list":["post-2118996","post","type-post","status-publish","format-standard","hentry","category-politics"],"_links":{"self":[{"href":"https:\/\/analyse.optim.biz\/index.php?rest_route=\/wp\/v2\/posts\/2118996","targetHints":{"allow":["GET"]}}],"collection":[{"href":"https:\/\/analyse.optim.biz\/index.php?rest_route=\/wp\/v2\/posts"}],"about":[{"href":"https:\/\/analyse.optim.biz\/index.php?rest_route=\/wp\/v2\/types\/post"}],"author":[{"embeddable":true,"href":"https:\/\/analyse.optim.biz\/index.php?rest_route=\/wp\/v2\/users\/1"}],"replies":[{"embeddable":true,"href":"https:\/\/analyse.optim.biz\/index.php?rest_route=%2Fwp%2Fv2%2Fcomments&post=2118996"}],"version-history":[{"count":0,"href":"https:\/\/analyse.optim.biz\/index.php?rest_route=\/wp\/v2\/posts\/2118996\/revisions"}],"wp:attachment":[{"href":"https:\/\/analyse.optim.biz\/index.php?rest_route=%2Fwp%2Fv2%2Fmedia&parent=2118996"}],"wp:term":[{"taxonomy":"category","embeddable":true,"href":"https:\/\/analyse.optim.biz\/index.php?rest_route=%2Fwp%2Fv2%2Fcategories&post=2118996"},{"taxonomy":"post_tag","embeddable":true,"href":"https:\/\/analyse.optim.biz\/index.php?rest_route=%2Fwp%2Fv2%2Ftags&post=2118996"}],"curies":[{"name":"wp","href":"https:\/\/api.w.org\/{rel}","templated":true}]}}