{"id":2118994,"date":"2026-08-30T07:23:57","date_gmt":"2026-08-30T04:23:57","guid":{"rendered":"https:\/\/analyse.optim.biz\/?p=2118994"},"modified":"2026-08-30T07:23:57","modified_gmt":"2026-08-30T04:23:57","slug":"harta-cod-galben-de-ploi-torentiale-vijelii-si-grindina-in-zone-din-zece-judete","status":"publish","type":"post","link":"https:\/\/analyse.optim.biz\/?p=2118994","title":{"rendered":"HART\u0102 Cod Galben de ploi toren\u021biale, vijelii \u0219i grindin\u0103 \u00een zone din zece jude\u0163e"},"content":{"rendered":"<p>[analyse_image type=&#8221;featured&#8221; src=&#8221;https:\/\/s.iw.ro\/gateway\/g\/ZmlsZVNvdXJjZT1odHRwJTNBJTJGJTJG\/c3RvcmFnZTA4dHJhbnNjb2Rlci5yY3Mt\/cmRzLnJvJTJGc3RvcmFnZSUyRjIwMjUl\/MkYxMCUyRjA3JTJGMjM4NzE2MV8yMzg3\/MTYxX2NvLXJvc3UtYnVjdXJlc3RpLmpw\/ZyZ3PTEyMDAmaD02MzAmemM9MSZoYXNo\/PWVkYjRhMmEwNDhkNTg5MWZmNzQ5NzVhNzllMWU0NzYz.thumb.jpg&#8221;]<\/p>\n<div class=\"entry data-app-meta data-app-meta-article\" data-embed-base-url-canonical=\"https:\/\/www.digi24.ro\/embed\/meteo\/harta-cod-galben-de-ploi-torentiale-vijelii-si-grindina-in-zone-din-zece-judete-3927231\">\n<p data-index=\"1\"><strong>Administra\u0163ia Na\u0163ional\u0103 de Meteorologie (ANM) a emis, duminic\u0103, o aten\u0163ionare Cod Galben de instabilitate atmosferic\u0103, averse toren\u0163iale \u015fi intensific\u0103ri ale v\u00e2ntului, valabil\u0103 pe parcursul acestei zile \u00een zone din zece jude\u0163e.<\/strong><\/p>\n<p data-index=\"2\">Conform prognozei de specialitate, p\u00e2n\u0103 la ora 20:00, local, \u00een Carpa\u0163ii Orientali, Meridionali \u015fi \u00een nord-vestul Moldovei vor fi perioade cu averse toren\u0163iale moderate cantitativ, desc\u0103rc\u0103ri electrice, v\u00e2nt puternic (viteze la rafal\u0103 de 50 &#8211; 70 km\/h) \u015fi izolat grindin\u0103 de mici dimensiuni (1 &#8211; 2 cm).<\/p>\n<p data-index=\"3\">\u00cen intervale scurte de timp (\u00eentre o or\u0103 \u015fi trei ore), cantit\u0103\u0163ile de ap\u0103 vor fi de 15 &#8211; 20 l\/mp \u015fi pe arii restr\u00e2nse de 25 &#8211; 30 l\/mp.<\/p>\n<p data-index=\"4\"><img loading=\"lazy\" decoding=\"async\" class=\"alignnone size-full wp-image-3927233\" src=\"https:\/\/s.iw.ro\/gateway\/g\/ZmlsZVNvdXJjZT1odHRwJTNBJTJGJTJG\/c3RvcmFnZTA4dHJhbnNjb2Rlci5yY3Mt\/cmRzLnJvJTJGc3RvcmFnZSUyRjIwMjYl\/MkYwOCUyRjMwJTJGMjkzMDA0M18yOTMw\/MDQzX2hhcnRhLTYuanBnJnc9ODAwJmhh\/c2g9YzUwNTlkYmZjMTc2NDMzODk2MTExZjVjZjg3N2FhOWQ=.thumb.jpg\" alt width=\"1257\" height=\"848\" data-skip-htmlfix=\"1\"><\/p>\n<p data-index=\"5\">Jude\u0163ele vizate de aten\u0163ionare sunt: Suceava, Neam\u0163, Bac\u0103u, Vrancea, Buz\u0103u, Prahova, D\u00e2mbovi\u0163a, Arge\u015f, V\u00e2lcea \u015fi Bra\u015fov.<\/p>\n<p data-index=\"6\">Meteorologii precizeaz\u0103 c\u0103 fenomene specifice instabilit\u0103\u0163ii atmosferice se vor semnala \u015fi \u00een restul zonei montane, precum \u015fi pe arii restr\u00e2nse \u00een Transilvania \u015fi \u00een zonele submontane ale Moldovei.<\/p>\n<h2 id=\"highlight-3927231-1\">Cod galben de canicul\u0103<\/h2>\n<p data-index=\"7\">Luni (31 august), \u00een Cri\u0219ana, Banat, Maramure\u0219, vestul Transilvaniei, vestul \u0219i sudul Olteniei \u0219i sud-vestul Munteniei, vor fi temperaturi deosebit de ridicate \u0219i local canicul\u0103. Disconfortul termic va fi ridicat iar indicele temperatur\u0103-umezeal\u0103 (ITU) va atinge pragul critic de 80 de unit\u0103\u021bi. Temperaturile maxime se vor situa \u00eentre 33 \u0219i 37 de grade, cu cele mai mari valori \u00een C\u00e2mpia de Vest.<\/p>\n<p data-index=\"8\"><img loading=\"lazy\" decoding=\"async\" class=\"alignnone size-full wp-image-3927249\" src=\"https:\/\/s.iw.ro\/gateway\/g\/ZmlsZVNvdXJjZT1odHRwJTNBJTJGJTJG\/c3RvcmFnZTA4dHJhbnNjb2Rlci5yY3Mt\/cmRzLnJvJTJGc3RvcmFnZSUyRjIwMjYl\/MkYwOCUyRjMwJTJGMjkzMDA2MF8yOTMw\/MDYwX2hhcnRhLTMtMS5qcGcmdz04MDAm\/aGFzaD00YTI1NThlNDI0Y2Y1ZDI5YTMzMjk1YzAxMjEyMjMxZQ==.thumb.jpg\" alt width=\"1270\" height=\"847\" data-skip-htmlfix=\"1\"><\/p>\n<p data-index=\"9\">Duminic\u0103 (30 august), \u00een regiunile vestice \u0219i sud-vestice vor fi temperaturi maxime \u00een jurul a 34 de grade, astfel c\u0103 disconfortul termic va fi ridicat, iar indicele temperatur\u0103-umezeal\u0103 (ITU) va atinge izolat pragul critic de 80 de unit\u0103\u021bi.<\/p>\n<h2 id=\"highlight-3927231-2\">Vremea \u00een Bucure\u0219ti<\/h2>\n<p data-index=\"10\">Duminic\u0103, vremea va fi c\u0103lduroas\u0103. Cerul va fi variabil pe parcursul zilei \u0219i mai mult senin noaptea, iar v\u00e2ntul va sufla slab p\u00e2n\u0103 la moderat. Temperatura maxim\u0103 se va situa \u00een jurul a 31 de grade \u0219i cea minim\u0103 va fi de 15&#8230;17 grade.<\/p>\n<p data-index=\"11\">Luni, vremea se va men\u021bine c\u0103lduroas\u0103. Cerul va fi mai mult senin, iar v\u00e2ntul va sufla slab \u0219i moderat. Temperatura maxim\u0103 va fi de 32&#8230;33 de grade.<\/p>\n<p data-index=\"12\">\u00cen intervalul 30 august, ora 10 &#8211; 31 august, ora 21, pentru municipiul Bucure\u0219ti nu va fi \u00een vigoare o aten\u021bionare sau avertizare meteorologic\u0103.<\/p>\n<p> Editor : <a href=\"https:\/\/www.digi24.ro\/autor\/alina-popescu\"> A.P. <\/a><\/p>\n<\/div>\n<p>[analyse_source url=&#8221;https:\/\/www.digi24.ro\/meteo\/harta-cod-galben-de-ploi-torentiale-vijelii-si-grindina-in-zone-din-zece-judete-3927231&#8243;]<\/p>\n","protected":false},"excerpt":{"rendered":"<p>[analyse_image type=&#8221;featured&#8221; src=&#8221;https:\/\/s.iw.ro\/gateway\/g\/ZmlsZVNvdXJjZT1odHRwJTNBJTJGJTJG\/c3RvcmFnZTA4dHJhbnNjb2Rlci5yY3Mt\/cmRzLnJvJTJGc3RvcmFnZSUyRjIwMjUl\/MkYxMCUyRjA3JTJGMjM4NzE2MV8yMzg3\/MTYxX2NvLXJvc3UtYnVjdXJlc3RpLmpw\/ZyZ3PTEyMDAmaD02MzAmemM9MSZoYXNo\/PWVkYjRhMmEwNDhkNTg5MWZmNzQ5NzVhNzllMWU0NzYz.thumb.jpg&#8221;] Administra\u0163ia Na\u0163ional\u0103 de Meteorologie (ANM) a emis, duminic\u0103, o aten\u0163ionare Cod Galben de instabilitate atmosferic\u0103, averse toren\u0163iale \u015fi intensific\u0103ri ale v\u00e2ntului, valabil\u0103 pe parcursul acestei zile \u00een zone din zece jude\u0163e. Conform prognozei de specialitate, p\u00e2n\u0103 la ora 20:00, local, \u00een Carpa\u0163ii Orientali, Meridionali \u015fi \u00een nord-vestul Moldovei vor fi perioade cu [&hellip;]<\/p>\n","protected":false},"author":1,"featured_media":0,"comment_status":"open","ping_status":"","sticky":false,"template":"","format":"standard","meta":{"footnotes":""},"categories":[89],"tags":[11],"class_list":["post-2118994","post","type-post","status-publish","format-standard","hentry","category-romania","tag-digi24"],"_links":{"self":[{"href":"https:\/\/analyse.optim.biz\/index.php?rest_route=\/wp\/v2\/posts\/2118994","targetHints":{"allow":["GET"]}}],"collection":[{"href":"https:\/\/analyse.optim.biz\/index.php?rest_route=\/wp\/v2\/posts"}],"about":[{"href":"https:\/\/analyse.optim.biz\/index.php?rest_route=\/wp\/v2\/types\/post"}],"author":[{"embeddable":true,"href":"https:\/\/analyse.optim.biz\/index.php?rest_route=\/wp\/v2\/users\/1"}],"replies":[{"embeddable":true,"href":"https:\/\/analyse.optim.biz\/index.php?rest_route=%2Fwp%2Fv2%2Fcomments&post=2118994"}],"version-history":[{"count":0,"href":"https:\/\/analyse.optim.biz\/index.php?rest_route=\/wp\/v2\/posts\/2118994\/revisions"}],"wp:attachment":[{"href":"https:\/\/analyse.optim.biz\/index.php?rest_route=%2Fwp%2Fv2%2Fmedia&parent=2118994"}],"wp:term":[{"taxonomy":"category","embeddable":true,"href":"https:\/\/analyse.optim.biz\/index.php?rest_route=%2Fwp%2Fv2%2Fcategories&post=2118994"},{"taxonomy":"post_tag","embeddable":true,"href":"https:\/\/analyse.optim.biz\/index.php?rest_route=%2Fwp%2Fv2%2Ftags&post=2118994"}],"curies":[{"name":"wp","href":"https:\/\/api.w.org\/{rel}","templated":true}]}}