{"id":2118991,"date":"2026-08-30T07:19:47","date_gmt":"2026-08-30T04:19:47","guid":{"rendered":"https:\/\/analyse.optim.biz\/?p=2118991"},"modified":"2026-08-30T07:19:47","modified_gmt":"2026-08-30T04:19:47","slug":"un-sentiment-de-apocalipsa-vara-2026-in-europa-fereastra-catre-viitorul-sumbru-al-crizei-climatice","status":"publish","type":"post","link":"https:\/\/analyse.optim.biz\/?p=2118991","title":{"rendered":"\u201eUn sentiment de apocalips\u0103\u201d. Vara 2026 \u00een Europa, fereastr\u0103 c\u0103tre viitorul sumbru al crizei climatice&#8230;"},"content":{"rendered":"<p>[analyse_image type=&#8221;featured&#8221; src=&#8221;https:\/\/s.iw.ro\/gateway\/g\/ZmlsZVNvdXJjZT1odHRwJTNBJTJGJTJG\/c3RvcmFnZTA4dHJhbnNjb2Rlci5yY3Mt\/cmRzLnJvJTJGc3RvcmFnZSUyRjIwMjYl\/MkYwOCUyRjMwJTJGMjkzMDAzN18yOTMw\/MDM3X3Byb2ZpbWVkaWEtMDk4NTk1MjY5\/Mi5qcGcmdz0xMjAwJmg9NjMwJnpjPTEm\/aGFzaD02Y2M1YmMzZTg4OGZiMTg0MmFkNzRlMjY3YjQzYzRiNA==.thumb.jpg&#8221;]<\/p>\n<div class=\"entry data-app-meta data-app-meta-article\" data-embed-base-url-canonical=\"https:\/\/www.digi24.ro\/embed\/stiri\/externe\/ue\/un-sentiment-de-apocalipsa-vara-2026-in-europa-fereastra-catre-viitorul-sumbru-al-crizei-climatice-canicula-incendii-seceta-3927223\">\n<p data-index=\"1\"><strong><span lang=\"ro-RO\">Terase pustii, obloane \u00eenchise \u00een plin\u0103 zi, peisaje transformate \u00een \u00eentinderi aride \u015fi o c\u0103ldur\u0103 cople\u015fitoare care p\u0103rea s\u0103 nu se mai termine niciodat\u0103: vara anului 2026 va r\u0103m\u00e2ne aceea \u00een care schimb\u0103rile climatice s-au impus, brutal, \u00een via\u0163a de zi cu zi a europenilor, relateaz\u0103 AFP, <\/span><span lang=\"ro-RO\">\u00eentr-un amplu material.<\/span><\/strong><\/p>\n<h2 id=\"highlight-3927223-1\">Niveluri excep\u021bionale ale temperaturilor \u00een toat\u0103\u00a0 Europa<\/h2>\n<p data-index=\"2\">Mult\u0103 vreme, vara a fost <span lang=\"ro-RO\">\u201e<\/span>sezonul frumos\u201d, cel care era <span lang=\"ro-RO\">a\u0219teptat <\/span><span lang=\"ro-RO\">cu<\/span> ner\u0103bdare. Dar anul acesta, lipsa de griji a zilelor frumoase s-a transformat adesea \u00eentr-un co\u015fmar climatic.<\/p>\n<p data-index=\"3\">\u201eNu mai pot. (&#8230;) Valurile de c\u0103ldur\u0103 nu se opresc. De fiecare dat\u0103, crezi c\u0103 se termin\u0103, dar de fapt revin\u201d, m\u0103rturisea pe 11 august Ayse Gurbuz, \u00een v\u00e2rst\u0103 de 25 de ani, student\u0103 la Lyon.<\/p>\n<p data-index=\"4\">De la sf\u00e2r\u015fitul lunii mai, valurile de c\u0103ldur\u0103 s-au succedat, cu temperaturi adesea apropiate sau superioare pragului de 40\u00b0C.<\/p>\n<p data-index=\"5\">\u201eO reamintire brutal\u0103 a consecin\u0163elor \u00een spiral\u0103 ale crizei climatice, at\u00e2t umane, c\u00e2t \u015fi economice\u201d, avertiza \u00eenc\u0103 din 27 mai Simon Stiell, responsabilul ONU pentru clim\u0103, potrivit News.ro.<\/p>\n<p data-index=\"6\">Peste tot \u00een Europa s-a instalat un nou reflex: a urm\u0103ri cu anxietate cum urc\u0103 termometrul, a fi cu ochii pe buletinele meteorologice. Cu aceea\u015fi \u00eentrebare \u00een minte: c\u00e2nd se va opri asta?<\/p>\n<p data-index=\"7\">P\u00e2n\u0103 pe 19 august, Fran\u0163a \u00eenregistrase deja 52 de zile cu valuri de canicul\u0103, \u00eencep\u00e2nd de la jum\u0103tatea lunii iunie &#8211; un record, \u00een condi\u0163iile \u00een care vara \u00eenc\u0103 nu se \u00eencheiase. \u00centre fiecare episod, perioadele de r\u0103coare au durat doar c\u00e2teva zile.<\/p>\n<p data-index=\"8\">De asemenea, peste tot \u00een Europa, temperaturile au atins niveluri excep\u0163ionale: 45,1 \u00b0C la And\u00fajar (Spania) pe 22 iunie, 48,4 \u00b0C la Orani (Sardinia) pe 19 iulie, sau chiar 42,2 \u00b0C \u00een Slovacia \u015fi 37 \u00b0C \u00een Danemarca, recorduri absolute. Lunile iunie \u015fi iulie au fost cele mai calde \u00eenregistrate vreodat\u0103 \u00een Europa.<\/p>\n<p data-index=\"9\">Dar pentru Jean Jouzel, nu este nimic nea\u015fteptat: <span lang=\"ro-RO\">\u201e<\/span>Ceea ce tr\u0103im acum este ceea ce comunitatea noastr\u0103 (n.r. \u015ftiin\u0163ific\u0103) prevede de aproximativ 30 de ani\u201d, explic\u0103 pentru AFP reputatul climatolog <span lang=\"ro-RO\">\u0219i fostul vicepre\u0219edinte al grupului \u0219tiin\u021bific al<\/span> GIEC.<\/p>\n<h2 id=\"highlight-3927223-2\"><span lang=\"ro-RO\">La fel ca la COVID<\/span><\/h2>\n<p data-index=\"10\">Pe 21 iunie, prima zi de var\u0103 astronomic\u0103, tonul era deja prezent: \u0162ara Bascilor \u015fi opt ora\u015fe italiene au trecut la alert\u0103 ro\u015fie de canicul\u0103, \u00een timp ce mai multe localit\u0103\u0163i franceze \u015fi-au anulat <span lang=\"ro-RO\">\u201e<\/span>F\u00eate de la musique\u201d. \u015ecoli \u00eenchise, festivaluri, transmisiuni ale Cupei Mondiale sau focurile de Sf\u00e2ntul Ioan anulate: vara \u00eencepea prost, dar acesta era doar \u00eenceputul.<\/p>\n<p data-index=\"11\">Cur\u00e2nd, a fost necesar ca oamenii s\u0103 r\u0103m\u00e2n\u0103 acas\u0103 pentru a sc\u0103pa de c\u0103ldura sufocant\u0103.<\/p>\n<p data-index=\"12\">\u201e\u00cemi aminte\u015fte de COVID\u201d, declara pe 30 iunie Djamila, o pensionar\u0103 din Paris.<\/p>\n<p data-index=\"13\">Aparatele de aer condi\u0163ionat \u015fi ventilatoarele au fost luate cu asalt. Nop\u0163ile, devenite tropicale, au epuizat nervii \u015fi organismele oamenilor.<\/p>\n<p data-index=\"14\">De la jum\u0103tatea lunii iunie p\u00e2n\u0103 la jum\u0103tatea lunii august, \u00een Europa au fost \u00eenregistrate peste 32.000 de decese suplimentare &#8211; e doar un bilan\u0163 provizoriu.<\/p>\n<p data-index=\"15\">Num\u0103rul persoanelor care sufer\u0103 de eco-anxietate a crescut cu 2,6 milioane, potrivit unui studiu al Observatorului Eco-Anxiet\u0103\u0163ii (OBESCA).<\/p>\n<p data-index=\"16\">\u201eAm avut un sentiment de apocalips\u0103 \u00een aceast\u0103 var\u0103\u201d, m\u0103rturise\u015fte Cyril Chedeville, un b\u0103rbat de 59 de ani din Gironde, departamentul din sud-vestul Fran\u0163ei <span lang=\"ro-RO\">\u201e<\/span>paralizat\u201d de dezastrele climatice ne\u00eencetate.<\/p>\n<h2 id=\"highlight-3927223-3\">Un cerc vicios<\/h2>\n<p data-index=\"17\">La c\u0103ldur\u0103 s-au ad\u0103ugat furtuni, secet\u0103 \u015fi incendii, ca \u00eentr-un cerc vicios.<\/p>\n<p data-index=\"18\">Din sudul Europei p\u00e2n\u0103 \u00een regiunile mai nordice, incendiile au mistuit aproape 600.000 de hectare p\u00e2n\u0103 pe 12 august, stric\u00e2nd vacan\u0163ele \u015fi for\u0163\u00e2nd mii de oameni s\u0103 se evacueze <span lang=\"ro-RO\">\u201e<\/span>cu un nod \u00een stomac\u201d.<\/p>\n<p data-index=\"19\">\u00cen Fran\u0163a, un mega-incendiu a devastat 42.000 de hectare \u00een Gironde la jum\u0103tatea lunii iulie, distrug\u00e2nd par\u0163ial satul Le Porge. Cu c\u00e2teva zile \u00eenainte, por\u0163iuni \u00eentregi din p\u0103durea de la Fontainebleau fuseser\u0103 cuprinse de fl\u0103c\u0103ri.<\/p>\n<p data-index=\"20\">\u00cen Castilia \u015fi Le\u00f3n (Spania), Mar\u00eda \u00c1ngeles Ca\u00f1ete, \u00een v\u00e2rst\u0103 de 54 de ani, \u015fi-a v\u0103zut cele dou\u0103 campinguri transformate \u00een cenu\u015f\u0103. <span lang=\"ro-RO\">\u201e<\/span>Am pierdut totul. (&#8230;) Este cel mai r\u0103u lucru care \u0163i se poate \u00eent\u00e2mpla \u00een via\u0163\u0103\u201d.<\/p>\n<p data-index=\"21\">Mai la nord, Belgia \u015fi chiar Sco\u0163ia, cu un incendiu care a cuprins legendarul Arthur&#8217;s Seat, nu au fost nici ele cru\u0163ate.<\/p>\n<p data-index=\"22\">La aceste imagini apocaliptice se adaug\u0103 un dezastru mai insidios: seceta, care a transformat peisajele \u00eenverzite \u00een orizonturi pustii.<\/p>\n<p data-index=\"23\">La sf\u00e2r\u015fitul lunii iulie, jum\u0103tate din continent era afectat. \u00cen Fran\u0163a, Elve\u0163ia, Austria \u015fi Slovenia, umiditatea solului a sc\u0103zut la niveluri istorice.<\/p>\n<p data-index=\"24\">\u201eTotul s-a uscat brusc (&#8230;) singurele plante care au crescut sunt m\u0103cri\u015ful \u015fi ciulinii<span lang=\"ro-RO\">\u201d<\/span>, poveste\u015fte John Pawsey, un fermier britanic de 62 de ani, \u00een fa\u0163a c\u00e2mpurilor sale de quinoa arse de soare.<\/p>\n<h2 id=\"highlight-3927223-4\">Apa, o resurs<span lang=\"ro-RO\">\u0103 din ce \u00een ce mai pre\u021bioas\u0103<\/span><\/h2>\n<p data-index=\"25\">Marile fluvii, precum Rinul, Loara sau Tamisa, au \u00eenregistrat o sc\u0103dere a debitului, unele por\u0163iuni reduc\u00e2ndu-se la un firicel sub\u0163ire. Cursurile de ap\u0103 \u015fi iazurile au disp\u0103rut, l\u0103s\u00e2nd \u00een urm\u0103 p\u0103m\u00e2nturi cr\u0103pate. Dun\u0103rea, al doilea cel mai lung fluviu din Europa, care traverseaz\u0103 sau m\u0103rgine\u015fte cele mai multe \u0163\u0103ri din lume &#8211; 10, iar bazinul s\u0103u hidrografic cuprinde teritorii din 19 \u0163\u0103ri, a ajuns la un nivel sc\u0103zut istoric \u015fi a provocat <a href=\"https:\/\/www.digi24.ro\/stiri\/economie\/energie\/centrala-nucleara-de-la-cernavoda-se-opreste-astazi-pe-termen-nedeterminat-deconectarea-reactorului-2-se-face-treptat-3904427\" target=\"_blank\" rel=\"noopener\" data-skip-linkfix=\"1\">oprirea centralei nucleare de la Cernavod\u0103<\/a>.<\/p>\n<p data-index=\"26\">\u201eEste un peisaj selenar \u015fi este trist. A\u015f vrea s\u0103 nu mai v\u0103d acest peisaj\u201d, rezuma pe 10 iulie primarul din Morteau (Fran\u0163a), \u00een fa\u0163a r\u00e2ului Doubs, deja secat.<\/p>\n<p data-index=\"27\">Nivelul p\u00e2nzei freatice, de\u015fi s-a re\u00eenc\u0103rcat bine \u00een aceast\u0103 iarn\u0103, a \u00eenceput s\u0103 scad\u0103 \u00een Fran\u0163a, \u00een Piemontul italian \u015fi \u00een Spania, oblig\u00e2nd mai multe localit\u0103\u0163i s\u0103 fie aprovizionate cu ap\u0103 potabil\u0103.<\/p>\n<p data-index=\"28\">\u015ei pe c\u00e2mpuri a lipsit cronic apa, afect\u00e2nd randamentele culturilor de porumb \u015fi floarea-soarelui \u015fi contribuind la recoltarea timpurie a strugurilor \u015fi a cerealelor.<\/p>\n<p data-index=\"29\">Pentru animale, c\u0103ldura a fost uneori mortal\u0103.<\/p>\n<p data-index=\"30\">\u201eIeri, jum\u0103tate dintre pui au murit, sufoca\u0163i de c\u0103ldur\u0103 (&#8230;) \u00cen 42 de ani de carier\u0103, n-am mai v\u0103zut a\u015fa ceva\u201d, povestea la sf\u00e2r\u015fitul lunii iunie pentru AFP St\u00e9phane Delapr\u00e9, cresc\u0103tor de p\u0103s\u0103ri din Vend\u00e9e.<\/p>\n<p data-index=\"31\">Chiar \u015fi pe mare, termometrul a luat-o razna. \u00cen iulie, Marea Mediteran\u0103 a \u00eenregistrat cea mai ridicat\u0103 temperatur\u0103 medie la suprafa\u0163\u0103 m\u0103surat\u0103 vreodat\u0103 pentru aceast\u0103 lun\u0103, de 27,07 \u00b0C.<\/p>\n<p data-index=\"32\">O var\u0103 infernal\u0103, care pare un avertisment. <span lang=\"ro-RO\">\u201e<\/span>\u00cen 2100, exist\u0103 mari \u015fanse ca anul 2026, dac\u0103 ne raport<span lang=\"ro-RO\">\u0103m<\/span> la acesta, s\u0103 fie considerat \u00abo var\u0103 normal\u0103\u00bb<span lang=\"ro-RO\">\u201d<\/span>, avertizeaz\u0103 Jean Jouzel, f\u0103c\u00e2nd apel la o <span lang=\"ro-RO\">\u201e<\/span>con\u015ftientizare\u201d.<\/p>\n<p data-index=\"33\">\u201eTrebuie s\u0103 \u00een\u0163elegem c\u0103 ne \u00eendrept\u0103m spre o catastrof\u0103 dac\u0103 nu redres\u0103m curbele emisiilor de gaze cu efect de ser\u0103\u201d, avertizeaz\u0103 climatologul \u00een v\u00e2rst\u0103 de 79 de ani din Bretania natal\u0103, unde termometrul a dep\u0103\u015fit de mai multe ori 40 \u00b0C \u00een aceast\u0103 var\u0103.<\/p>\n<p data-index=\"34\"><strong><span lang=\"ro-RO\">Cite\u0219te \u0219i:<\/span><\/strong><\/p>\n<p data-index=\"35\"><strong><a href=\"https:\/\/www.digi24.ro\/stiri\/sci-tech\/natura-si-mediu\/el-nino-a-devenit-cu-aproape-40-mai-puternic-nicio-tara-nu-este-pe-deplin-protejata-avertismentul-cercetatorilor-3925199\" target=\"_blank\" rel=\"noopener\" data-skip-linkfix=\"1\"><span lang=\"ro-RO\">El Ni\u00f1o a devenit cu aproape 40% mai puternic: \u201eNicio \u021bar\u0103 nu este pe deplin protejat\u0103\u201d. Avertismentul cercet\u0103torilor<\/span><\/a><\/strong><\/p>\n<p> Editor : <a href=\"https:\/\/www.digi24.ro\/autor\/stefana-radu\"> \u0218.R. <\/a><\/p>\n<\/div>\n<p>[analyse_source url=&#8221;https:\/\/www.digi24.ro\/stiri\/externe\/ue\/un-sentiment-de-apocalipsa-vara-2026-in-europa-fereastra-catre-viitorul-sumbru-al-crizei-climatice-canicula-incendii-seceta-3927223&#8243;]<\/p>\n","protected":false},"excerpt":{"rendered":"<p>[analyse_image type=&#8221;featured&#8221; src=&#8221;https:\/\/s.iw.ro\/gateway\/g\/ZmlsZVNvdXJjZT1odHRwJTNBJTJGJTJG\/c3RvcmFnZTA4dHJhbnNjb2Rlci5yY3Mt\/cmRzLnJvJTJGc3RvcmFnZSUyRjIwMjYl\/MkYwOCUyRjMwJTJGMjkzMDAzN18yOTMw\/MDM3X3Byb2ZpbWVkaWEtMDk4NTk1MjY5\/Mi5qcGcmdz0xMjAwJmg9NjMwJnpjPTEm\/aGFzaD02Y2M1YmMzZTg4OGZiMTg0MmFkNzRlMjY3YjQzYzRiNA==.thumb.jpg&#8221;] Terase pustii, obloane \u00eenchise \u00een plin\u0103 zi, peisaje transformate \u00een \u00eentinderi aride \u015fi o c\u0103ldur\u0103 cople\u015fitoare care p\u0103rea s\u0103 nu se mai termine niciodat\u0103: vara anului 2026 va r\u0103m\u00e2ne aceea \u00een care schimb\u0103rile climatice s-au impus, brutal, \u00een via\u0163a de zi cu zi a europenilor, relateaz\u0103 AFP, \u00eentr-un amplu material. Niveluri excep\u021bionale [&hellip;]<\/p>\n","protected":false},"author":1,"featured_media":0,"comment_status":"open","ping_status":"","sticky":false,"template":"","format":"standard","meta":{"footnotes":""},"categories":[89],"tags":[11],"class_list":["post-2118991","post","type-post","status-publish","format-standard","hentry","category-romania","tag-digi24"],"_links":{"self":[{"href":"https:\/\/analyse.optim.biz\/index.php?rest_route=\/wp\/v2\/posts\/2118991","targetHints":{"allow":["GET"]}}],"collection":[{"href":"https:\/\/analyse.optim.biz\/index.php?rest_route=\/wp\/v2\/posts"}],"about":[{"href":"https:\/\/analyse.optim.biz\/index.php?rest_route=\/wp\/v2\/types\/post"}],"author":[{"embeddable":true,"href":"https:\/\/analyse.optim.biz\/index.php?rest_route=\/wp\/v2\/users\/1"}],"replies":[{"embeddable":true,"href":"https:\/\/analyse.optim.biz\/index.php?rest_route=%2Fwp%2Fv2%2Fcomments&post=2118991"}],"version-history":[{"count":0,"href":"https:\/\/analyse.optim.biz\/index.php?rest_route=\/wp\/v2\/posts\/2118991\/revisions"}],"wp:attachment":[{"href":"https:\/\/analyse.optim.biz\/index.php?rest_route=%2Fwp%2Fv2%2Fmedia&parent=2118991"}],"wp:term":[{"taxonomy":"category","embeddable":true,"href":"https:\/\/analyse.optim.biz\/index.php?rest_route=%2Fwp%2Fv2%2Fcategories&post=2118991"},{"taxonomy":"post_tag","embeddable":true,"href":"https:\/\/analyse.optim.biz\/index.php?rest_route=%2Fwp%2Fv2%2Ftags&post=2118991"}],"curies":[{"name":"wp","href":"https:\/\/api.w.org\/{rel}","templated":true}]}}