{"id":2118983,"date":"2026-08-30T04:00:00","date_gmt":"2026-08-30T01:00:00","guid":{"rendered":"https:\/\/analyse.optim.biz\/?p=2118983"},"modified":"2026-08-30T04:00:00","modified_gmt":"2026-08-30T01:00:00","slug":"dictatul-de-la-viena-prin-ochii-ministrului-de-externe-al-romaniei-in-clipa-aceea-mi-am-pierdut-cunostinta","status":"publish","type":"post","link":"https:\/\/analyse.optim.biz\/?p=2118983","title":{"rendered":"Dictatul de la Viena prin ochii ministrului de Externe al Rom\u00e2niei: \u201e\u00cen clipa aceea, mi-am pierdut cuno\u015ftin\u0163a\u201d"},"content":{"rendered":"<p>[analyse_image type=&#8221;featured&#8221; src=&#8221;https:\/\/newsweek.ro\/resize\/sFX3t4t1AR55yOILdSnBjR9plMMCPY__9b6GN_4ZkQE\/rs:fill:1200:630:1\/g:ce\/aHR0cHM6Ly9uZXdzd2Vlay5yby9zdG9yYWdlL211bHRpbWVkaWEvMjAyNi8wOC9CajdtaXlORDBScHlnVWZ4WXVBZjdqblhadlVpZklUWUhzOHlFUERGLmpwZw.webp&#8221;]<\/p>\n<article>\n<h1 class=\"font-title text-3xl md:text-4xl font-bold mb-4 leading-tight\">\n                    Dictatul de la Viena prin ochii ministrului de Externe al Rom\u00e2niei: \u201e\u00cen clipa aceea, mi-am pierdut cuno\u015ftin\u0163a\u201d<br \/>\n                <\/h1>\n<div class=\"flex flex-col md:flex-row items-start md:items-center justify-between space-y-4 md:space-y-0 mb-4\">\n<div class=\"flex items-center justify-start leading-none\"><a href=\"https:\/\/newsweek.ro\/istorie\" class=\"bg-red-600 text-white text-base uppercase font-title font-bold leading-none px-2 py-1\"><br \/>\n                            Istorie<br \/>\n                        <\/a><span class=\"text-zinc-500 mx-1 leading-none text-nowrap\">\u2022 DE<\/span><a href=\"https:\/\/newsweek.ro\/autor\/gabriel-penes\"><span class=\"text-red-600 text-base uppercase leading-none\">Gabriel Pene\u0219<\/span><\/a><\/div>\n<div class=\"flex flex-col items-start md:items-end space-y-0.5\"><span class=\"text-sm text-zinc-500 text-base leading-none\"><br \/>\n                            Data public\u0103rii: 30.08.2026 \u2022 07:00<br \/>\n                        <\/span><span class=\"text-sm text-zinc-500 text-base leading-none\"><br \/>\n                                Data actualiz\u0103rii: 30.08.2026 \u2022 09:47<br \/>\n                            <\/span><\/div>\n<\/div>\n<div class=\"flex flex-col justify-center items-center\">\n<div class=\"w-full relative\">\n<figure class=\"relative w-full aspect-4\/3 bg-zinc-500 z-0\">\n                                                <source srcset=\"https:\/\/newsweek.ro\/resize\/1tRtNy2Ztuyg0rV2EEJn4nNYweY2Kif3V_BVJqN_Q8o\/rs:fill:800:600:1\/g:ce\/aHR0cHM6Ly9uZXdzd2Vlay5yby9zdG9yYWdlL211bHRpbWVkaWEvMjAyNi8wOC9CajdtaXlORDBScHlnVWZ4WXVBZjdqblhadlVpZklUWUhzOHlFUERGLmpwZw.webp\" media=\"(min-width: 1200px)\" \/><figcaption class=\"absolute bottom-0 left-0 w-full bg-black\/50 m-0 px-4 py-2\"><span class=\"block text-sm md:text-base text-white font-title font-semibold leading-tight\">Semnarea Dictatului de la Viena de c\u0103tre ministrul de externe al Ungariei, contele Istv\u00e1n Cs\u00e2ky &#8211; Foto: arhiva<\/span><\/figcaption><\/figure>\n<figure class=\"relative w-full aspect-4\/3 bg-zinc-500 z-0\">\n                                                <source srcset=\"https:\/\/newsweek.ro\/resize\/i5W1oogK1N4wAlpDrIsdX6Prt2bFNQ3DwQ-vY1iisMo\/rs:fill:800:600:1\/g:ce\/aHR0cHM6Ly9uZXdzd2Vlay5yby9zdG9yYWdlL211bHRpbWVkaWEvMjAyNi8wOC83T3pHamRZM3Z2eDhLZFNOdUpRUjlHb2tmMTYxeUdLUmlTVDh1WjRqLmpwZw.webp\" media=\"(min-width: 1200px)\" \/><figcaption class=\"absolute bottom-0 left-0 w-full bg-black\/50 m-0 px-4 py-2\"><span class=\"block text-sm md:text-base text-white font-title font-semibold leading-tight\">Harta Rom\u00e2niei \u00een 1940<\/span><\/figcaption><\/figure>\n<figure class=\"relative w-full aspect-4\/3 bg-zinc-500 z-0\">\n                                                <source srcset=\"https:\/\/newsweek.ro\/resize\/3bSFzrGcGF5DLnqiEhlqJuy0AxBp-NHEDIeK_EGPtZs\/rs:fill:800:600:1\/g:ce\/aHR0cHM6Ly9uZXdzd2Vlay5yby9zdG9yYWdlL211bHRpbWVkaWEvMjAyNi8wOC9udncwSmd1dlR4R040NzdycXNMamxOaUIxTHNCOE9zMXdCTGVlcVRBLmpwZw.webp\" media=\"(min-width: 1200px)\" \/><figcaption class=\"absolute bottom-0 left-0 w-full bg-black\/50 m-0 px-4 py-2\"><span class=\"block text-sm md:text-base text-white font-title font-semibold leading-tight\">Mihail Manoilescu<\/span><\/figcaption><\/figure>\n<\/div>\n<\/div>\n<p class=\"break-words text-left text-lg md:text-xl text-zinc-700 font-text font-bold my-8\">\n                    Dictatul de la Viena de la 30 august 1940 a reprezentat \u201ebomboana de pe coliva\u201d Rom\u00e2niei Mari, la nici 22 de ani de la \u00eenf\u0103ptuirea acesteia. \u00cen acea zi, ministrul de externe Mihail Manoilescu a fost pus \u00een fa\u021ba unui fapt \u00eemplinit: Ungaria prelua o bun\u0103 parte a Transilvaniei.\n                <\/p>\n<div class=\"content break-words text-left text-lg md:text-xl font-text px-4 md:px-8 mt-8\">\n<p>Dictatul de la Viena a reprezentat lovitura cea mai dur\u0103 din unul dintre cei mai negri ani din istoria Rom\u00e2niei.<\/p>\n<p>\u00cen contextul celui de-Al Doilea R\u0103zboi Mondial, \u021bara noastr\u0103 pierduse deja Basarabia \u0219i Bucovina de Nord, \u00een urma ultimatumului sovietic de la finalul lui iunie 1940.<\/p>\n<p>Dar, \u00een august, Rom\u00e2nia s-a confruntat cu preten\u021biile unei Ungarii fasciste, condus\u0103 de amiralul Horthy, la o bun\u0103 parte din teritoriul Transilvaniei.<\/p>\n<p>\u00cen acea zi, ministrul de Externe, Mihail Manoilescu, a le\u0219inat \u00een clipa \u00een care a v\u0103zut harta cu raptul teritorial aprobat de Germania hitlerist\u0103 \u0219i Italia lui Mussolini.<\/p>\n<h2>Dictatul de la Viena, impus Rom\u00eeniei de Germania nazist\u0103 \u0219i de Italia lui Mussolini<\/h2>\n<p>La 30 august 1940, Rom\u00e2nia a fost silit\u0103 s\u0103 cedeze aproape jum\u0103tate din teritoriul Transilvaniei &#8211; (43.492 km\u00b2) &#8211; \u00een favoarea Ungariei horthyste.<\/p>\n<p>Zona cedat\u0103 ca urmare a actului a r\u0103mas cunoscut\u0103 \u00een istorie ca Transilvania de Nord.<\/p>\n<p>Ungaria \u00ee\u0219i f\u0103cuse cunoscute preten\u021biilr teritoriale asupra vecinilor, chiar \u00eenainte de declan\u0219area celui de-Al Doilea R\u0103zboi Mondial.\u00a0<\/p>\n<p><strong>Cite\u0219te \u0219i<\/strong>: <a href=\"https:\/\/newsweek.ro\/istorie\/romania-vanduta-rusiei-inainte-de-ialta-in-1944-actul-de-la-moscova-semnat-la-o-sticla-de-whisky\" target=\"_blank\" rel=\"noopener\">Rom\u00e2nia, v\u00e2ndut\u0103 Rusiei \u00eenainte de Ialta, \u00een 1944. Actul de la Moscova semnat la o sticl\u0103 de whisky<\/a><\/p>\n<p>Astfel, \u00een urma Primului Dictat de la Viena (2 noiembrie 1938), Ungaria ob\u021binuse o por\u021biune din Slovacia &#8211; \u021binut supranumit \u201eFelvid\u00e9k\u201d (\u201eProvincia de Sus\u201d), \u00een timpul Imperiului Austro-Ungar.<\/p>\n<p>De asemenea, la mijlocul lunii martie 1939, ocupase Ucraina Subcarpatic\u0103 (Rutenia) autonom\u0103, adic\u0103 regiunea Transcarpatia de ast\u0103zi din Ucraina.\u00a0<\/p>\n<p>Dar marele \u201eof\u201d al politicii expansioniste maghiare era Transilvania, unit\u0103 cu Rom\u00e2nia la 1 decembrie 1918, act recunoscut \u00een plan interna\u021bional prin Tratatul de la Trianon din 4 iunie 1920 ce a urmat Primului R\u0103zboi Mondial.<\/p>\n<p>\u00cen acest sens, \u00eenc\u0103 din ianuarie 1940, la Vene\u0163ia au avut loc convorbiri \u00eentre mini\u015ftrii de Externe ai Italiei \u015fi Ungariei, con\u0163ii Galeazzo Ciano \u015fi Istv\u00e1n Cs\u00e2ky.<\/p>\n<p>Acesta din urm\u0103 a ar\u0103tat c\u0103 \u0163ara sa avea un program maximal \u015fi unul minimal \u00een privin\u0163a revendic\u0103rii Transilvaniei.<\/p>\n<figure class=\"image\"><img decoding=\"async\" class=\"w-full h-full object-cover\" src=\"https:\/\/newsweek.ro\/resize\/ncSiwOtYkDUXgIRynP8bbFLU_iu_SXnV5MG33WBK8UY\/rs:fill:800:0:1\/g:ce\/aHR0cHM6Ly9uZXdzd2Vlay5yby9zdG9yYWdlL211bHRpbWVkaWEvMjAyNi8wOC83T3pHamRZM3Z2eDhLZFNOdUpRUjlHb2tmMTYxeUdLUmlTVDh1WjRqLmpwZw.webp\" alt=\"Harta Rom\u00e2niei \u00een 1940\"><figcaption>Colorate cu negru sunt teritoriile pierdute de Rom\u00e2nia Mare pe parcursul anului 1940 &#8211; Foto: arhiva<\/figcaption><\/figure>\n<p>Afl\u00e2ndu-se \u00een sfera lor de influen\u0163\u0103 \u015fi pentru a-i men\u0163ine \u00een orbita Axei, Adolf Hitler a decis s\u0103 fac\u0103 pe plac Ungariei \u015fi s\u0103-i dea ce-\u015fi dore\u015fte, adic\u0103 o bun\u0103 parte din Transilvania.<\/p>\n<p>Preten\u0163iile Ungariei erau deosebit de mari, dar, culmea, Hitler a limitat aceste preten\u0163ii, dar nu din dragoste pentru poporul rom\u00e2n, ci din ra\u021biuni strategice.<\/p>\n<p><strong>Cite\u0219te \u0219i<\/strong>: <a href=\"https:\/\/newsweek.ro\/timp-liber\/recunoasteti-personajul-drama-teribila-a-actorului-care-l-a-jucat-pe-carol-al-ii-lea-cum-a-murit\" target=\"_blank\" rel=\"noopener\">Recunoa\u0219te\u021bi personajul? Drama teribil\u0103 a actorului care l-a jucat pe Carol al II-lea. Cum a murit?<\/a><\/p>\n<p>Una ar fi grija pentru petrolul rom\u00e2nesc, esen\u0163ial pentru ma\u015fina de r\u0103zboi german\u0103 \u00een est, alta avea leg\u0103tur\u0103 cu noile realit\u0103\u0163i politice. URSS trecuse de partea Angliei \u00eempotriva nem\u0163ilor, iar Rom\u00e2nia putea servi \u015fi ca aliat, dar \u015fi ca baz\u0103 german\u0103.<\/p>\n<p>\u201eRu\u015fii sunt foarte aproape de c\u00e2mpurile noastre de petrol (n.r. &#8211; de cele din Rom\u00e2nia), doar la 30-50 de minute. Se poate s\u0103 trebuiasc\u0103 s\u0103 stabilim un cuib pentru vulturii no\u015ftri\u201d, spunea Hitler \u00een aceea perioad\u0103.<\/p>\n<p>Tocmai de aceea, el nu dorea s\u0103 dezmembreze prea mult Rom\u00e2nia. Trebuia \u00eens\u0103 s\u0103-i mul\u0163umeasc\u0103 \u015fi pe unguri. Ini\u0163ial a cerut ca rom\u00e2nii \u015fi ungurii s\u0103 se \u00eent\u00e2lneasc\u0103 \u015fi s\u0103 cad\u0103 de acord<\/p>\n<p>\u00cen cadrul tratativelor rom\u00e2no-ungare de la Turnu Severin (16-24 august), Ungaria a revendicat mai mult de jum\u0103tate din teritoriul Transilvaniei.<\/p>\n<p>Mai precis, a pretins 69.000 km2, cu 3,9 milioane locuitori (dintre care 2,2 milioane rom\u00e2ni).<\/p>\n<h2>Ungaria pretindea o bucat\u0103 mult mai mare din Transilvania<\/h2>\n<p>\u201eTeritoriul revendicat cuprindea spa\u0163iul transilvan de la nord de Mure\u015f, trec\u00e2nd Ungariei Aradul, Alba Iulia \u015fi Bra\u015fovul, dar l\u0103s\u00e2nd Rom\u00e2niei Blajul, Media\u015ful \u015fi Sighi\u015foara\u201d, preciza regretatul istoric Florin Constantiniu \u00een lucrarea \u201eO istorie sincer\u0103 a poporului rom\u00e2n\u201d.<\/p>\n<p>Tratativele au e\u015fuat \u00eens\u0103, iar ungurii erau deci\u015fi s\u0103 invadeze Rom\u00e2nia.<\/p>\n<p>V\u0103z\u00e2nd c\u0103 cele dou\u0103 p\u0103r\u0163i nu ajung la o concluzie, Hitler a decis s\u0103 fac\u0103 el ordine \u00een partea aceasta de Europ\u0103, dat fiind c\u0103 avea nevoie de ambele \u021b\u0103ri ca aliate pentru viitoarea ofensiv\u0103 din est contra URSS.<\/p>\n<p>\u00cen acest context tensionat, Germania \u0219i Italia au redactat actul care consfiin\u021bea cedarea de c\u0103tre Rom\u00e2nia a unei p\u0103r\u021bi a Transilvaniei c\u0103tre Ungaria.<\/p>\n<p>Pe 29 august 1940, o delega\u021bie din care f\u0103ceau parte ministrul de externe al Rom\u00e2niei, Mihail Manoilescu \u0219i ardealeanul Valer Pop, fost ministru al Justi\u021biei \u00een diferite guverne anterioare, s-a deplasat la Viena pentru a lua la cuno\u0219tin\u021b\u0103 hot\u0103r\u00e2rea lui Hitler \u0219i Mussolini \u0219i a semna documentul respectiv.<\/p>\n<p>Mini\u015ftrii de externe german Joachim von Ribbentrop \u015fi italian, Galeazzo Ciano, au cerut la Viena, \u00een mod ultimativ, guvernului rom\u00e2n s\u0103 comunice p\u00e2n\u0103 la ora 24.00, \u00een noaptea de 29\/30 august, dac\u0103 accept\u0103 sau nu \u201earbitrajul\u201d.<\/p>\n<p>Regele Carol al II-lea a convocat de urgen\u021b\u0103 Consiliul de Coroan\u0103, care s-a \u00eentrunit la orele 3 noaptae, la care au participat membri ai guvernului condus de prim-ministrul Ion Gigurtu \u0219i al\u021be personalit\u0103\u021bi ale vie\u021bii politice \u0219i culturale rom\u00e2ne\u0219ti.<\/p>\n<p>De\u0219i discu\u021biile au fost aprinse \u0219i contradictorii, la fel ca \u00een cazul accept\u0103rii ultimatumului dat de URSS, \u00een iunie, 21 de participan\u0163i s-au pronun\u0163at pentru acceptarea \u201earbitrajului\u201d, 10 au fost contra, iar unul s-a ab\u0163inut.<\/p>\n<figure class=\"image\"><img decoding=\"async\" class=\"w-full h-full object-cover\" src=\"https:\/\/newsweek.ro\/resize\/m1rqExjqpTaAokaa8Y26736jla5tyeUYWjJuxH-YzrY\/rs:fill:800:0:1\/g:ce\/aHR0cHM6Ly9uZXdzd2Vlay5yby9zdG9yYWdlL211bHRpbWVkaWEvMjAyNi8wOC9udncwSmd1dlR4R040NzdycXNMamxOaUIxTHNCOE9zMXdCTGVlcVRBLmpwZw.webp\" alt=\"Mihail Manoilescu\"><figcaption>Mihai Manoilescu, ministrul de Externe al Rom\u00e2niei \u00een august 1940 &#8211; Foto: arhiva<\/figcaption><\/figure>\n<p>Astfel, Rom\u00e2niei i-au fost luate nordul Transilvaniei, \u00eencep\u00e2nd de la Oradea, partea de sud-vest, \u015fi Maramure\u015f, partea de nord, \u00eenglob\u00e2nd Clujul \u015fi jude\u0163ele de-a lungul versan\u0163ilor vestici ai Carpa\u0163ilor, p\u00e2n\u0103 \u00een apropiere de Bra\u015fov.<\/p>\n<p>\u00cen total, 43.492 km p\u0103tra\u0163i din teritoriul na\u0163ional \u015fi 2.667.000 de locuitori, din care 50,2% rom\u00e2ni, 37% unguri, 5,7% evrei \u015fi 2,8% secui.<\/p>\n<p>\u00cen mod cinic, Germania \u015fi Italia au garantat inviolabilitatea noilor frontiere ciuntite ale Rom\u00e2niei.<\/p>\n<p><strong>Cite\u0219te \u0219i:<\/strong><a href=\"https:\/\/newsweek.ro\/istorie\/de-cate-ori-a-invadat-rusia-teritoriul-romaniei-ecaterina-cea-mare-prima-care-a-intrat-in-moldova\" target=\"_blank\" rel=\"noopener\">De c\u00e2te ori a invadat Rusia teritoriul Rom\u00e2niei? Ecaterina cea Mare, prima care a intrat \u00een Moldova<\/a><\/p>\n<p>C\u00e2nd i-a fost prezentat\u0103 harta cu noile grani\u021be ale Rom\u00e2niei, ministrul de Externe rom\u00e2n a le\u0219inat.<\/p>\n<p>Episodul a fost relatat chiar de Mihail Manoilescu, \u00een cartea sa, \u201eDictatul de la Viena. Memorii iulie-august 1940\u201d, ap\u0103rut\u0103 laEditura Enciclopedic\u0103, \u00een 1991, potrivit <a href=\"https:\/\/ebooks.unibuc.ro\/istorie\/istorie1918-1940\/13-11.htm?fbclid=IwY2xjawE9AMVleHRuA2FlbQIxMAABHSX-AAHK7N1PPgWGu7uwdZujQfd937ElXkWa7MvwzL-dpD88a-kor9fDfw_aem_cKyXto93eoxjvUJTwK68mA\" target=\"_blank\" rel=\"noopener\">ebooks.unibuc.ro.<\/a><\/p>\n<h2>Rom\u00e2nia a pierdut o treime din teritoriu \u0219i popula\u021bie, \u00een 1940<\/h2>\n<p>\u201eAm observat \u00eent\u00e2i c\u0103 este o harta rom\u00e2neasc\u0103. Am desf\u0103cut-o cu nordul \u00een jos, ceea ce m-a f\u0103cut s\u0103 nu \u00een\u0163eleg nimic. Mi-a \u00eentors-o Schmidt. Ochii mei c\u0103utau t\u0103ietura de la grani\u0163a de vest pe care cu to\u0163ii o a\u015fteptam.<\/p>\n<p>Mi-am dat seama \u00eens\u0103 c\u0103 este altceva. Am urm\u0103rit cu ochii grani\u0163a care pornea de la Oradea c\u0103tre r\u0103s\u0103rit, alunec\u00e2nd sub linia ferat\u0103 \u015fi am \u00een\u0163eles c\u0103 cuprindea \u015fi Clujul &#8230;<\/p>\n<p>Am \u00eenceput s\u0103 nu mai v\u0103d. C\u00e2nd mi-am dat seama c\u0103 grani\u0163a coboar\u0103 \u00een jos ca s\u0103 cuprind\u0103 secuimea am mai avut, \u00een disperarea mea, un singur g\u00e2nd: Bra\u015fovul! O mic\u0103 u\u015furare: Bra\u015fovul r\u0103m\u00e2ne la noi.<\/p>\n<p>C\u00e2nd am privit \u00een toat\u0103 groz\u0103via \u00eemp\u0103r\u0163irea Transilvaniei, am \u00een\u0163eles c\u0103 puterile care \u00eemi erau mult sl\u0103bite m\u0103 p\u0103r\u0103sesc cu totul. Tabloul dinaintea ochilor s-a f\u0103cut neclar, ca un nor galben cenu\u015fiu, din cenu\u015fiu, negru &#8230;<\/p>\n<p>\u00cen clipa aceea, mi-am pierdut cuno\u015ftin\u0163a. Nu mai tr\u0103isem o asemenea senza\u0163ie fizic\u0103 dec\u00e2t cu 22 de ani \u00een urm\u0103, c\u00e2nd o injec\u0163ie cu novocain\u0103 la o opera\u0163ie m\u0103 f\u0103cuse s\u0103 trec pentru o clip\u0103 pe lumea cealalt\u0103, de unde mi-am revenit cu ajutoare medicale date in extremis.<\/p>\n<p>Acum aveam pentru a doua oar\u0103 impresia net\u0103 c\u0103 am trecut dincolo. Cineva a cerut pentru mine un pahar cu ap\u0103. Dornberg (n.r. &#8211; \u0219eful Protocolului Ministerului de Externe german \u00eentre 1938-1945) a deschis u\u015fa alerg\u00e2nd prin mul\u0163imea care umplea s\u0103lile strig\u00e2nd: \u201eun pahar cu ap\u0103, un pahar cu ap\u0103&#8230;\u201d.<\/p>\n<p>Peste un minut mi l-au adus. Valer Pop mi l-a dat \u00een sil\u0103 s\u0103-l beau. Am \u00eenceput s\u0103 v\u0103d din nou \u015fi am avut puterea s\u0103 duc mai departe calvarul.<\/p>\n<p>Mi s-au prezentat actele spre semnare. Am scos tocul meu cu cerneal\u0103 verde, cu care scrisesem at\u00e2tea lucruri frumoase \u015fi at\u00e2tea g\u00e2nduri bune pentru \u0163ara mea. Am isc\u0103lit tot f\u0103r\u0103 s\u0103 mai citesc. Valer Pop citea pentru mine.<\/p>\n<p>De altfel, nu mai era nimic de verificat: actele erau cunoscute, harta tot a\u015fa\u201d, scria chiar Mihail Manoilescu.<\/p>\n<p>La 30 august 1940, la Palatul Belvedere din Viena, Mihail Manoilescu a semnat actul respectiv, \u00een timp ce Valer Pop a refuzat s\u0103-\u0219i pun\u0103 semn\u0103tura pe el.<\/p>\n<p>Consiliul de Coroan\u0103 a fost convocat din nou la Bucure\u015fti, iar \u00een fa\u0163a amenin\u0163\u0103rii Germaniei \u015fi a trupelor ruse\u015fti de-a lungul Prutului, a distrugerii complete a Rom\u00e2niei, \u015fi consider\u00e2nd c\u0103 avea de ales \u201e\u00eentre salvarea fiin\u0163ei politice a statului nostru \u015fi posibilitatea dispari\u0163iei lui\u201d, a hot\u0103r\u00e2t, cu 19 voturi pentru, 10 contra \u015fi o ab\u0163inere, acceptarea deciziei de la Viena.<\/p>\n<p>Astfel, dup\u0103 nici 22 de ani, Rom\u00e2nia Mare disp\u0103rea \u00eenghi\u021bit\u0103 de jocurile cinice ale politicii.<\/p>\n<p>Spre deosebire de Basarabia \u0219i de nordul Bucovinei, partea din Transilvania \u201er\u0103pit\u0103\u201d \u00een 1940 s-a \u00eentors la Rom\u00e2nia dup\u0103 Al Doilea R\u0103zboi Mondial. E drept, aceast\u0103 revenire avea s\u0103 aibe un pre\u021b uria\u0219 pe alte planuri.<\/p>\n<p>Pierderile suferite de Rom\u00e2nia \u00een 1940, ca urmare a ced\u0103rii Basarabiei, Bucovinei de Nord, Transilvaniei de Nord \u015fi Dobrogei de Sud au fost imense, \u00eensum\u00e2nd peste o treime din suprafa\u021ba \u021b\u0103rii \u0219i din num\u0103rul de locuitori.<\/p>\n<p>De asemenea, \u021bara noastr\u0103 a pierdut 38,5% din resursele de aur, 87,6% din cele de argint, 64,7% din produc\u0163ia de cupru, 97,6% din cea de plumb, rezervele de zinc, conform <a href=\"https:\/\/www.art-emis.ro\/istorie\/dictatul-de-la-viena-confesiuni-1\" target=\"_blank\" rel=\"noopener\">art-emis.ro<\/a>.<\/p>\n<p>\u00cen acela\u0219i timp, suprafa\u021ba agricol\u0103 s-a redus de la 13.874.000 ha, c\u00e2t era \u00een 1938, la 8.809.000 ha, \u00een septembrie 1940, iar aproape 7 milioane de rom\u00e2ni au r\u0103mas sub st\u0103p\u00e2nire str\u0103in\u0103.\u00a0<\/p>\n<p>La doar o s\u0103pt\u0103m\u00e2na de la tragicul rapt teritorial, la 6 septembrie 1940, Carol al II-lea, sub presiunea popula\u021biei, a armatei \u0219i a altor politicieni, a abandonat tronul \u00een favoarea fiului s\u0103u, Mihai I, &#8211; pe care-l detronase \u00een iunie 1930 &#8211; conducerea statului rom\u00e2n fiindu-i \u00eencredin\u021bat\u0103, \u00eens\u0103, generalului Ion Antonescu, numit prim-ministru cu dou\u0103 zile mai devreme.<\/p>\n<p><strong>Cite\u0219te \u0219i:<\/strong><a href=\"https:\/\/newsweek.ro\/istorie\/casa-mica-locul-unde-regele-mihai-l-a-arestat-pe-ion-antonescu-la-23-august-1944-ce-s-a-intamplat-cu-ea\" target=\"_blank\" rel=\"noopener\"> \u201eCasa Mic\u0103\u201d, locul unde Regele Mihai l-a arestat pe Ion Antonescu, la 23 august 1944. Ce s-a \u00eent\u00e2mplat cu ea?<\/a><\/p>\n<p>Ultimul glon\u021b \u00een trupul fostei Rom\u00e2nii Mari a fost tras la 7 septembrie 1940, prin semnarea, la Craiova, a tratatului care prevedea cedarea Cadrilaterului (jude\u0163ele Durostor \u015fi Caliacra) c\u0103tre Bulgaria.<\/p>\n<p>Ulterior, dup\u0103 r\u0103sturnarea guvernului Antonescu la 23 august 1944 \u0219i \u00eentoarcerea armelor contra Germaniei naziste, armat\u0103 roman\u0103 a participat \u00een toamna anului 1944 la luptele pentru eliberarea Transilvaniei de Nord.<\/p>\n<p>Uniunea Sovietic\u0103 a acceptat c\u0103 Transilvania de Nord s\u0103 fie redat\u0103 Rom\u00e2niei, cu condi\u021bia instaur\u0103rii la Bucure\u0219ti a unui guvern procomunist.<\/p>\n<p>Administra\u021bia civil\u0103 rom\u00e2neasc\u0103 a revenit \u00een Transilvania abia \u00een martie 1945, dup\u0103 formarea guvernului condus de dr. Petru Groza,\u00a0<\/p>\n<p>\u00cen decursul Conferin\u021bei de Pace de la Paris, guvernul Ungariei a urm\u0103rit s\u0103 p\u0103streze o parte a teritoriului primit prin Dictatul de la Viena.<\/p>\n<p>Demersul a r\u0103mas f\u0103r\u0103 rezultat, \u00eenc\u00e2t articolul 1, punctul 2, al tratatului de pace cu Ungaria \u0219i articolul 2 al tratatului de pace cu Rom\u00e2nia prev\u0103d nulitatea acordului \u00eencheiat prin \u201earbitrajul\u201d de la Viena, din 30 august 1940, \u0219i restabilirea frontierei existen\u021be la 1 ianuarie 1938 \u00eentre Rom\u00e2nia \u0219i Ungaria.<\/p>\n<\/div>\n<\/article>\n<article class=\"group border-b md:border-b-0 border-zinc-400 py-2 md:py-0\"><a href=\"https:\/\/www.digisport.ro\/special\/avea-un-job-de-vis-si-o-cunostea-toata-tara-dar-totul-s-a-schimbat-dupa-ce-s-a-casatorit-toate-marile-iubiri-au-un-sfarsit-4457965\" target=\"_blank\" rel=\"external\"><\/p>\n<div class=\"flex flex-row md:flex-col items-center gap-2\">\n<div class=\"flex-none w-auto md:w-full\">\n<figure class=\"relative w-20 md:w-full aspect-square md:aspect-4\/3 bg-zinc-500 z-0 overflow-hidden\">\n                        <source srcset=\"https:\/\/newsweek.ro\/resize\/GXtBBpA78W_Evb__laZDABDoyNuTuJZpeWuQpjZmQeE\/rs:fill:250:188:1\/g:ce\/aHR0cHM6Ly9zLml3LnJvL2dhdGV3YXkvZy9abWxzWlZOdmRYSmpaVDFvZEhSd0pUTkJKVEpHSlRKRy9jM1J2Y21GblpUQXhaR2xuYVhNdWNtTnpMWEprY3k1eS9ieVV5Um5OMGIzSmhaMlVsTWtZeU1ESTJKVEpHTURnbC9Na1l6TUNVeVJqSTVNams1T0RsZk1qa3lPVGs0T1Y5VC9ZM0psWlc1emFHOTBMVEl3TWpZdE1EZ3RNekF0TURnMS9PREV3TG5CdVp5WjNQVFU1TUNab1BUTXpNaVo2WXoweC9KbWhoYzJnOU56VmhaR1ZqTlRZMFpETmpOVFEwTldSbE0yVTFZekJqWWpsbU1EWTRORGs9LnRodW1iLmpwZw.webp\" media=\"(min-width: 1200px)\" \/><figcaption class=\"hidden md:block absolute z-10 bottom-0 left-0 bg-digisport p-1\"><span class=\"block font-title text-white text-xs text-nowrap font-bold uppercase leading-none\">Digi Sport<\/span><\/figcaption><\/figure>\n<\/div>\n<div class=\"grow flex flex-col gap-1 md:gap-2 \"><span class=\"md:hidden font-title text-xs md:text-sm text-digisport text-nowrap font-bold uppercase leading-none\"><br \/>\n                    Digi Sport<br \/>\n                <\/span><span class=\"font-title font-bold text-base md:text-base text-black group-hover:text-red-600 leading-tight\"><br \/>\n                    Avea un job de vis \u0219i o cuno\u0219tea toat\u0103 \u021bara, dar totul s-a schimbat dup\u0103 ce s-a c\u0103s\u0103torit + \u201dToate marile iubiri au un sf\u00e2r\u0219it\u201d<br \/>\n                <\/span><\/div>\n<\/div>\n<p><\/a><\/article>\n<article class=\"group border-b md:border-b-0 border-zinc-400 py-2 md:py-0\"><a href=\"https:\/\/www.digisport.ro\/special\/mihai-stoica-a-fost-impuscat-doua-gloante-in-cap-4457979\" target=\"_blank\" rel=\"external\"><\/p>\n<div class=\"flex flex-row md:flex-col items-center gap-2\">\n<div class=\"flex-none w-auto md:w-full\">\n<figure class=\"relative w-20 md:w-full aspect-square md:aspect-4\/3 bg-zinc-500 z-0 overflow-hidden\">\n                        <source srcset=\"https:\/\/newsweek.ro\/resize\/TgahAXdycWF5-M0fskP6Rvr7zMAhx1OqPjk7oSRetfQ\/rs:fill:250:188:1\/g:ce\/aHR0cHM6Ly9zLml3LnJvL2dhdGV3YXkvZy9abWxzWlZOdmRYSmpaVDFvZEhSd0pUTkJKVEpHSlRKRy9jM1J2Y21GblpUQXhaR2xuYVhNdWNtTnpMWEprY3k1eS9ieVV5Um5OMGIzSmhaMlVsTWtZeU1ESTJKVEpHTURNbC9Na1l5TmlVeVJqSTJOVFEzTXpGZk1qWTFORGN6TVY5Qi9SRlZPUVZKRlFTMUhSVTVGVWtGTVFTMUJMVVpGUkVWUy9RVlJKUlVrdFVrOU5RVTVGTFVSRkxVWlBWRUpCVEMweC9PRjh3TTE4eU1ESTJMVEl1YW5CbkpuYzlOVGt3Sm1nOS9Nek15Sm5walBURW1hR0Z6YUQwNE9ERmtOR05tTURJeE1USm1aakExWXpsbE9ETXhZekk0TURjMk4yUXpZZz09LnRodW1iLmpwZw.webp\" media=\"(min-width: 1200px)\" \/><figcaption class=\"hidden md:block absolute z-10 bottom-0 left-0 bg-digisport p-1\"><span class=\"block font-title text-white text-xs text-nowrap font-bold uppercase leading-none\">Digi Sport<\/span><\/figcaption><\/figure>\n<\/div>\n<div class=\"grow flex flex-col gap-1 md:gap-2 \"><span class=\"md:hidden font-title text-xs md:text-sm text-digisport text-nowrap font-bold uppercase leading-none\"><br \/>\n                    Digi Sport<br \/>\n                <\/span><span class=\"font-title font-bold text-base md:text-base text-black group-hover:text-red-600 leading-tight\"><br \/>\n                    Mihai Stoica: \u201dA fost \u00eempu\u0219cat, dou\u0103 gloan\u021be \u00een cap\u201d<br \/>\n                <\/span><\/div>\n<\/div>\n<p><\/a><\/article>\n<article class=\"group border-b md:border-b-0 border-zinc-400 py-2 md:py-0\"><a href=\"https:\/\/www.digisport.ro\/fotbal\/liga-1\/michael-jackson-a-aterizat-la-otopeni-si-lumea-s-a-calcat-in-picioare-sa-l-vada-cine-i-asta-4458201\" target=\"_blank\" rel=\"external\"><\/p>\n<div class=\"flex flex-row md:flex-col items-center gap-2\">\n<div class=\"flex-none w-auto md:w-full\">\n<figure class=\"relative w-20 md:w-full aspect-square md:aspect-4\/3 bg-zinc-500 z-0 overflow-hidden\">\n                        <source srcset=\"https:\/\/newsweek.ro\/resize\/puJ9E8lq91ZqMvtp9hnNFe7TZ7Pru5Wga5CxZ-uHIYs\/rs:fill:250:188:1\/g:ce\/aHR0cHM6Ly9zLml3LnJvL2dhdGV3YXkvZy9abWxzWlZOdmRYSmpaVDFvZEhSd0pUTkJKVEpHSlRKRy9jM1J2Y21GblpUQXhaR2xuYVhNdWNtTnpMWEprY3k1eS9ieVV5Um5OMGIzSmhaMlVsTWtZeU1ESTJKVEpHTURnbC9Na1l6TUNVeVJqSTVNekF4TVRsZk1qa3pNREV4T1Y5VC9ZM0psWlc1emFHOTBMVEl3TWpZdE1EZ3RNekF0TVRFMS9OVFUwTG5CdVp5WjNQVFU1TUNab1BUTXpNaVo2WXoweC9KbWhoYzJnOVlqYzJNbU0xWVRnM05UVTNOVE14WVRGaVpXTmxZMlF4T0dObU5qY3lNRGc9LnRodW1iLmpwZw.webp\" media=\"(min-width: 1200px)\" \/><figcaption class=\"hidden md:block absolute z-10 bottom-0 left-0 bg-digisport p-1\"><span class=\"block font-title text-white text-xs text-nowrap font-bold uppercase leading-none\">Digi Sport<\/span><\/figcaption><\/figure>\n<\/div>\n<div class=\"grow flex flex-col gap-1 md:gap-2 \"><span class=\"md:hidden font-title text-xs md:text-sm text-digisport text-nowrap font-bold uppercase leading-none\"><br \/>\n                    Digi Sport<br \/>\n                <\/span><span class=\"font-title font-bold text-base md:text-base text-black group-hover:text-red-600 leading-tight\"><br \/>\n                    \u201dMichael Jackson\u201d a aterizat la Otopeni \u0219i lumea \u201ds-a c\u0103lcat \u00een picioare\u201d s\u0103-l vad\u0103: \u201dCine-i \u0103sta?\u201d<br \/>\n                <\/span><\/div>\n<\/div>\n<p><\/a><\/article>\n<article class=\"group border-b md:border-b-0 border-zinc-400 py-2 md:py-0\"><a href=\"https:\/\/www.digi24.ro\/stiri\/sci-tech\/cum-se-explica-numarul-mare-de-cutremure-devastatoare-care-au-avut-loc-in-acest-an-pare-a-fi-un-tipar-3924883\" target=\"_blank\" rel=\"external\"><\/p>\n<div class=\"flex flex-row md:flex-col items-center gap-2\">\n<div class=\"flex-none w-auto md:w-full\">\n<figure class=\"relative w-20 md:w-full aspect-square md:aspect-4\/3 bg-zinc-500 z-0 overflow-hidden\">\n                        <source srcset=\"https:\/\/newsweek.ro\/resize\/XM0rA2SIANqgUK4Lf7Z37OCsmNf8VL8n8xrQoQCc884\/rs:fill:250:188:1\/g:ce\/aHR0cHM6Ly9zLml3LnJvL2dhdGV3YXkvZy9abWxzWlZOdmRYSmpaVDFvZEhSd0pUTkJKVEpHSlRKRy9jM1J2Y21GblpUQTRkSEpoYm5OamIyUmxjaTV5WTNNdC9jbVJ6TG5KdkpUSkdjM1J2Y21GblpTVXlSakl3TWpZbC9Na1l3TnlVeVJqQXlKVEpHTWpneE56VTJNMTh5T0RFMy9OVFl6WDNCeWIyWnBiV1ZrYVdFdE1URXhNemczTnpjeC9OUzVxY0djbWR6MDFPVEFtYUQwek16SW1lbU05TVNaby9ZWE5vUFdJek1EWTNPVEE1WldFMk0ySTJOek5qTldGbU5qWTVPR05pTkRKa1lUVXcudGh1bWIuanBn.webp\" media=\"(min-width: 1200px)\" \/><figcaption class=\"hidden md:block absolute z-10 bottom-0 left-0 bg-digi24 p-1\"><span class=\"block font-title text-white text-xs text-nowrap font-bold uppercase leading-none\">Digi24<\/span><\/figcaption><\/figure>\n<\/div>\n<div class=\"grow flex flex-col gap-1 md:gap-2 \"><span class=\"md:hidden font-title text-xs md:text-sm text-digi24 text-nowrap font-bold uppercase leading-none\"><br \/>\n                    Digi24<br \/>\n                <\/span><span class=\"font-title font-bold text-base md:text-base text-black group-hover:text-red-600 leading-tight\"><br \/>\n                    Cum se explic\u0103 num\u0103rul mare de cutremure devastatoare care au avut loc \u00een acest an. \u201ePare a fi un tipar\u201d<br \/>\n                <\/span><\/div>\n<\/div>\n<p><\/a><\/article>\n<article class=\"group border-b md:border-b-0 border-zinc-400 py-2 md:py-0\"><a href=\"https:\/\/www.digi24.ro\/stiri\/externe\/sua\/cum-a-ajuns-o-superputere-ca-statele-unite-sa-depinda-atat-de-mult-de-ajutorul-finlandei-in-arctica-rusia-si-china-marile-amenintari-3926253\" target=\"_blank\" rel=\"external\"><\/p>\n<div class=\"flex flex-row md:flex-col items-center gap-2\">\n<div class=\"flex-none w-auto md:w-full\">\n<figure class=\"relative w-20 md:w-full aspect-square md:aspect-4\/3 bg-zinc-500 z-0 overflow-hidden\">\n                        <source srcset=\"https:\/\/newsweek.ro\/resize\/ku0eHX9DmoDPEPrdzWoArV-Q1PYEtSwQ2YwZ30xlny4\/rs:fill:250:188:1\/g:ce\/aHR0cHM6Ly9zLml3LnJvL2dhdGV3YXkvZy9abWxzWlZOdmRYSmpaVDFvZEhSd0pUTkJKVEpHSlRKRy9jM1J2Y21GblpUQTRkSEpoYm5OamIyUmxjaTV5WTNNdC9jbVJ6TG5KdkpUSkdjM1J2Y21GblpTVXlSakl3TWpZbC9Na1l3T0NVeVJqSTVKVEpHTWpreU9UTTRPRjh5T1RJNS9Nemc0WDNOd1lYSm5ZWFJ2WVhKbExXUmxMV2RvWldGMC9ZUzFtYVc1c1lXNWtZUzVxY0djbWR6MDFPVEFtYUQwei9NekltZW1NOU1TWm9ZWE5vUFRJd1ptWXlabUZoT0dZNU5EaGtabU0xTlRjeFpUYzROekE0TmpkbE9XVmsudGh1bWIuanBn.webp\" media=\"(min-width: 1200px)\" \/><figcaption class=\"hidden md:block absolute z-10 bottom-0 left-0 bg-digi24 p-1\"><span class=\"block font-title text-white text-xs text-nowrap font-bold uppercase leading-none\">Digi24<\/span><\/figcaption><\/figure>\n<\/div>\n<div class=\"grow flex flex-col gap-1 md:gap-2 \"><span class=\"md:hidden font-title text-xs md:text-sm text-digi24 text-nowrap font-bold uppercase leading-none\"><br \/>\n                    Digi24<br \/>\n                <\/span><span class=\"font-title font-bold text-base md:text-base text-black group-hover:text-red-600 leading-tight\"><br \/>\n                    Cum a ajuns o superputere ca Statele Unite s\u0103 depind\u0103 at\u00e2t de mult de ajutorul Finlandei \u00een Arctica. Rusia \u0219i China, marile amenin\u021b\u0103ri<br \/>\n                <\/span><\/div>\n<\/div>\n<p><\/a><\/article>\n<article class=\"group border-b md:border-b-0 border-zinc-400 py-2 md:py-0\"><a href=\"https:\/\/www.digi24.ro\/stiri\/actualitate\/capcana-shrinkflation-in-magazinele-din-romania-mii-de-produse-la-raft-cu-pret-neschimbat-dar-gramaj-redus-se-cunoaste-la-buzunar-3926263\" target=\"_blank\" rel=\"external\"><\/p>\n<div class=\"flex flex-row md:flex-col items-center gap-2\">\n<div class=\"flex-none w-auto md:w-full\">\n<figure class=\"relative w-20 md:w-full aspect-square md:aspect-4\/3 bg-zinc-500 z-0 overflow-hidden\">\n                        <source srcset=\"https:\/\/newsweek.ro\/resize\/R44zbhkZYblGk8lW-2oA8VBUJdyQu1lLkxOqhhUW5GU\/rs:fill:250:188:1\/g:ce\/aHR0cHM6Ly9zLml3LnJvL2dhdGV3YXkvZy9abWxzWlZOdmRYSmpaVDFvZEhSd0pUTkJKVEpHSlRKRy9jM1J2Y21GblpUQTRkSEpoYm5OamIyUmxjaTV5WTNNdC9jbVJ6TG5KdkpUSkdjM1J2Y21GblpTVXlSakl3TWpZbC9Na1l3T0NVeVJqSTRKVEpHTWpreU9UTTRNMTh5T1RJNS9Nemd6WDBkbGRIUjVTVzFoWjJWekxXRXdNRFE0TFRBdy9NRE0wT0M1cWNHY21kejAxT1RBbWFEMHpNekltZW1NOS9NU1pvWVhOb1BUQTBaV1JqWkdGaE5HTXhORGswTVdFeFlUaGlPR0pqWlRZeVl6SXpNMlJsLnRodW1iLmpwZw.webp\" media=\"(min-width: 1200px)\" \/><figcaption class=\"hidden md:block absolute z-10 bottom-0 left-0 bg-digi24 p-1\"><span class=\"block font-title text-white text-xs text-nowrap font-bold uppercase leading-none\">Digi24<\/span><\/figcaption><\/figure>\n<\/div>\n<div class=\"grow flex flex-col gap-1 md:gap-2 \"><span class=\"md:hidden font-title text-xs md:text-sm text-digi24 text-nowrap font-bold uppercase leading-none\"><br \/>\n                    Digi24<br \/>\n                <\/span><span class=\"font-title font-bold text-base md:text-base text-black group-hover:text-red-600 leading-tight\"><br \/>\n                    Capcana shrinkflation \u00een magazinele din Rom\u00e2nia: Mii de produse la raft cu pre\u021b neschimbat, dar gramaj redus. \u201eSe cunoa\u0219te la buzunar\u201d<br \/>\n                <\/span><\/div>\n<\/div>\n<p><\/a><\/article>\n<article class=\"group border-b md:border-b-0 border-zinc-400 py-2 md:py-0\"><a href=\"https:\/\/adevarul.ro\/economie\/venezuela-vrea-afara-din-organizatia-tarilor-2552820.html?utm_source=Site&amp;utm_medium=newsweek&amp;utm_campaign=CrossExtern\" target=\"_blank\" rel=\"external\"><\/p>\n<div class=\"flex flex-row md:flex-col items-center gap-2\">\n<div class=\"flex-none w-auto md:w-full\">\n<figure class=\"relative w-20 md:w-full aspect-square md:aspect-4\/3 bg-zinc-500 z-0 overflow-hidden\">\n                        <source srcset=\"https:\/\/newsweek.ro\/resize\/8Wxp1ZETECns_7nRKtNxUq7jYrkXPjuo1ew5guOM4BQ\/rs:fill:250:188:1\/g:ce\/aHR0cHM6Ly9jZG4uYWRoLnJlcGVyaW8ubmV3cy9pbWFnZS03LzdlY2NkNzNhLTdmNGItNDYxYi05NDNlLTZiNWE4YjljMjZmOS9pbmRleC5qcGVnP3A9ZiUzRHBuZyUyNnclM0Q2NTAlMjZoJTNENjUwJTI2ciUzRGNvbnRhaW4lMjZxJTNEOTElMjZhJTNEMA.webp\" media=\"(min-width: 1200px)\" \/><figcaption class=\"hidden md:block absolute z-10 bottom-0 left-0 bg-adevarul p-1\"><span class=\"block font-title text-white text-xs text-nowrap font-bold uppercase leading-none\">Adev\u0103rul<\/span><\/figcaption><\/figure>\n<\/div>\n<div class=\"grow flex flex-col gap-1 md:gap-2 \"><span class=\"md:hidden font-title text-xs md:text-sm text-adevarul text-nowrap font-bold uppercase leading-none\"><br \/>\n                    Adev\u0103rul<br \/>\n                <\/span><span class=\"font-title font-bold text-base md:text-base text-black group-hover:text-red-600 leading-tight\"><br \/>\n                    Venezuela vrea afar\u0103 din Organiza\u021bia \u021a\u0103rilor Exportatoare de Petrol. Cum poate schimba pia\u021ba mondial\u0103<br \/>\n                <\/span><\/div>\n<\/div>\n<p><\/a><\/article>\n<article class=\"group border-b md:border-b-0 border-zinc-400 py-2 md:py-0\"><a href=\"https:\/\/newsweek.ro\/istorie\/dictatul-de-la-viena-prin-ochii-ministrului-de-externe-al-romaniei-in-clipa-aceea-mi-am-pierdut-cunostinta?utm_source=rss&amp;utm_medium=feed&amp;utm_campaign=rss_digi24_homepage\" target=\"_blank\" rel=\"external\"><\/p>\n<div class=\"flex flex-row md:flex-col items-center gap-2\">\n<div class=\"flex-none w-auto md:w-full\">\n<figure class=\"relative w-20 md:w-full aspect-square md:aspect-4\/3 bg-zinc-500 z-0 overflow-hidden\">\n                        <source srcset=\"https:\/\/newsweek.ro\/resize\/UvZkKBHvazk2fWhoxXycY6ERBUDk9z5TlimMvd4DlM8\/rs:fill:250:188:1\/g:ce\/aHR0cHM6Ly9uZXdzd2Vlay5yby9yZXNpemUva2xlejY5ZjRtU1J5azI3cDVOTVhXemtpNlFPQi1fWDhQZWVPVnRmckNnay9yczpmaWxsOjEyMDA6OTAwOjEvZzpjZS9hSFIwY0hNNkx5OXVaWGR6ZDJWbGF5NXlieTl6ZEc5eVlXZGxMMjExYkhScGJXVmthV0V2TWpBeU5pOHdPQzlDYWpkdGFYbE9SREJTY0hsblZXWjRXWFZCWmpkcWJsaGFkbFZwWmtsVVdVaHpPSGxGVUVSR0xtcHdady53ZWJw.webp\" media=\"(min-width: 1200px)\" \/><figcaption class=\"hidden md:block absolute z-10 bottom-0 left-0 bg-newsweek p-1\"><span class=\"block font-title text-white text-xs text-nowrap font-bold uppercase leading-none\">Newsweek<\/span><\/figcaption><\/figure>\n<\/div>\n<div class=\"grow flex flex-col gap-1 md:gap-2 \"><span class=\"md:hidden font-title text-xs md:text-sm text-newsweek text-nowrap font-bold uppercase leading-none\"><br \/>\n                    Newsweek<br \/>\n                <\/span><span class=\"font-title font-bold text-base md:text-base text-black group-hover:text-red-600 leading-tight\"><br \/>\n                    Dictatul de la Viena prin ochii ministrului de Externe al Rom\u00e2niei: \u201e\u00cen clipa aceea, mi-am pierdut cuno\u015ftin\u0163a\u201d<br \/>\n                <\/span><\/div>\n<\/div>\n<p><\/a><\/article>\n<article class=\"group border-b md:border-b-0 border-zinc-400 py-2 md:py-0\"><a href=\"https:\/\/newsweek.ro\/social\/somajul-tehnic-poate-conta-la-pensie-ce-trebuie-sa-stie-pensionarii-care-au-trecut-prin-astfel-de-perioade?utm_source=rss&amp;utm_medium=feed&amp;utm_campaign=rss_digi24_article\" target=\"_blank\" rel=\"external\"><\/p>\n<div class=\"flex flex-row md:flex-col items-center gap-2\">\n<div class=\"flex-none w-auto md:w-full\">\n<figure class=\"relative w-20 md:w-full aspect-square md:aspect-4\/3 bg-zinc-500 z-0 overflow-hidden\">\n                        <source srcset=\"https:\/\/newsweek.ro\/resize\/lEgxSA_539HzVtyu8VfO0iZcgTM7gHXk5wUTRuMA2eE\/rs:fill:250:188:1\/g:ce\/aHR0cHM6Ly9uZXdzd2Vlay5yby9yZXNpemUvaHJUZEQyV0N5SVQwRDk5V2U1M0ZUZkIwZ1ZWUk1IY1lTNzBJNEZJdTgwQS9yczpmaWxsOjEyMDA6OTAwOjEvZzpjZS9hSFIwY0hNNkx5OXVaWGR6ZDJWbGF5NXlieTl6ZEc5eVlXZGxMMjExYkhScGJXVmthV0V2TWpBeU5pOHdPQzlyWm1seWRHdDViVWcwYzJkQ2FHRjJla1ZDVkhWRVlYVkdPSGhZUmt0UFVtaEZabTAwU21kRUxtcHdady53ZWJw.webp\" media=\"(min-width: 1200px)\" \/><figcaption class=\"hidden md:block absolute z-10 bottom-0 left-0 bg-newsweek p-1\"><span class=\"block font-title text-white text-xs text-nowrap font-bold uppercase leading-none\">Newsweek<\/span><\/figcaption><\/figure>\n<\/div>\n<div class=\"grow flex flex-col gap-1 md:gap-2 \"><span class=\"md:hidden font-title text-xs md:text-sm text-newsweek text-nowrap font-bold uppercase leading-none\"><br \/>\n                    Newsweek<br \/>\n                <\/span><span class=\"font-title font-bold text-base md:text-base text-black group-hover:text-red-600 leading-tight\"><br \/>\n                    \u0218omajul tehnic poate conta la pensie? Ce trebuie s\u0103 \u0219tie pensionarii care au trecut prin astfel de perioade<br \/>\n                <\/span><\/div>\n<\/div>\n<p><\/a><\/article>\n<article class=\"group\"><a href=\"https:\/\/newsweek.ro\/istorie\/care-a-fost-primul-cinematograf-din-romania-imagini-in-miscare-au-fost-proiectate-in-premiera-din-1896\"><\/p>\n<div class=\"flex flex-col gap-1 md:gap-2\">\n<figure class=\"relative w-full aspect-4\/3 bg-zinc-500 z-0 overflow-hidden\">\n                            <source srcset=\"https:\/\/newsweek.ro\/resize\/3DH9gDydmt2gA6ZX5hEZWkukmw57pAYncE1r2YKgnk0\/rs:fill:250:188:1\/g:ce\/aHR0cHM6Ly9uZXdzd2Vlay5yby9zdG9yYWdlL211bHRpbWVkaWEvMjAyNi8wOC95UHdTa211dHVYSm5jbXJjUGQybUl5ME5nd2JrT1ZrRERqams0ZlA2LmpwZw.webp\" media=\"(min-width: 1200px)\" \/><\/figure>\n<p><span class=\"text-base font-title font-bold text-black group-hover:text-red-600 leading-tight\"><br \/>\n                        Care a fost primul cinematograf din Rom\u00e2nia? Imagini \u00een mi\u0219care au fost proiectate, \u00een premier\u0103, din 1896<br \/>\n                    <\/span><\/div>\n<p><\/a><\/article>\n<article class=\"group\"><a href=\"https:\/\/newsweek.ro\/istorie\/singurul-domnitor-al-moldovei-care-a-fost-si-domn-al-tarii-ucrainei-a-murit-de-inima-rea-in-inchisoare\"><\/p>\n<div class=\"flex flex-col gap-1 md:gap-2\">\n<figure class=\"relative w-full aspect-4\/3 bg-zinc-500 z-0 overflow-hidden\">\n                            <source srcset=\"https:\/\/newsweek.ro\/resize\/n9Xl9Ae7CT-ldLeb-wL-nf0JUCwfezZKHVZ3xk0edAU\/rs:fill:250:188:1\/g:ce\/aHR0cHM6Ly9uZXdzd2Vlay5yby9zdG9yYWdlL211bHRpbWVkaWEvMjAyNi8wOC95enFLSkhJWmlKUUlQYVRQS3ZpejNGTHpZVEJSV0FCMWx0NnNsUDdmLmpwZw.webp\" media=\"(min-width: 1200px)\" \/><\/figure>\n<p><span class=\"text-base font-title font-bold text-black group-hover:text-red-600 leading-tight\"><br \/>\n                        Singurul domnitor al Moldovei care a fost \u0219i \u201edomn al \u021a\u0103rii Ucrainei\u201d. A murit de \u201einim\u0103 rea\u201d, \u00een \u00eenchisoare<br \/>\n                    <\/span><\/div>\n<p><\/a><\/article>\n<article class=\"group\"><a href=\"https:\/\/newsweek.ro\/istorie\/care-este-cea-mai-veche-fabrica-din-romania-infiintata-pe-vremea-ocupatiei-rusesti-in-tarile-romane\"><\/p>\n<div class=\"flex flex-col gap-1 md:gap-2\">\n<figure class=\"relative w-full aspect-4\/3 bg-zinc-500 z-0 overflow-hidden\">\n                            <source srcset=\"https:\/\/newsweek.ro\/resize\/mNaXF4H1sqgDEok_lRXG9JjuPSTLXMaaL0xg5eL53bQ\/rs:fill:250:188:1\/g:ce\/aHR0cHM6Ly9uZXdzd2Vlay5yby9zdG9yYWdlL211bHRpbWVkaWEvMjAyNi8wOC9nblRzZEtTSUlhbjdLbUNCaDVEcnI1djc1b1FpZkxSaGloaFZGRUhpLmpwZw.webp\" media=\"(min-width: 1200px)\" \/><\/figure>\n<p><span class=\"text-base font-title font-bold text-black group-hover:text-red-600 leading-tight\"><br \/>\n                        Care este cea mai veche fabric\u0103 din Rom\u00e2nia,? \u00cenfiin\u021bat\u0103 pe vremea ocupa\u021biei ruse\u0219ti \u00een \u021a\u0103rile Rom\u00e2ne<br \/>\n                    <\/span><\/div>\n<p><\/a><\/article>\n<article class=\"group\"><a href=\"https:\/\/newsweek.ro\/istorie\/descoperire-arheologica-un-vas-cu-text-in-greaca-descoperit-intr-o-cetate-dacica-de-pe-vremea-lui-burebista\"><\/p>\n<div class=\"flex flex-col gap-1 md:gap-2\">\n<figure class=\"relative w-full aspect-4\/3 bg-zinc-500 z-0 overflow-hidden\">\n                            <source srcset=\"https:\/\/newsweek.ro\/resize\/Yhvxs1WJwXo1IBL5Fcg5ToTg7goRKGja_w4kj9aYgH4\/rs:fill:250:188:1\/g:ce\/aHR0cHM6Ly9uZXdzd2Vlay5yby9zdG9yYWdlL211bHRpbWVkaWEvMjAyNi8wOC9BRzloZnRpN3VxbUtvbGtsM3U0bHFXNU9kc1lGNXgzZWJhRkJoT1lzLmpwZw.webp\" media=\"(min-width: 1200px)\" \/><\/figure>\n<p><span class=\"text-base font-title font-bold text-black group-hover:text-red-600 leading-tight\"><br \/>\n                        Descoperire arheologic\u0103. Un vas cu text \u00een greac\u0103, g\u0103sit \u00eentr-o cetate dacic\u0103 de pe vremea lui Burebista<br \/>\n                    <\/span><\/div>\n<p><\/a><\/article>\n<article class=\"group\"><a href=\"https:\/\/newsweek.ro\/istorie\/35-de-ani-de-independenta-pentru-republica-moldova-desteapta-te-romane-imnul-national-timp-de-patru-ani\"><\/p>\n<div class=\"flex flex-col gap-1 md:gap-2\">\n<figure class=\"relative w-full aspect-4\/3 bg-zinc-500 z-0 overflow-hidden\">\n                            <source srcset=\"https:\/\/newsweek.ro\/resize\/v1-9XGwx1uFrgJqwH0Fmexb7z61VbWTBoEh0dstRQpc\/rs:fill:250:188:1\/g:ce\/aHR0cHM6Ly9uZXdzd2Vlay5yby9zdG9yYWdlL211bHRpbWVkaWEvMjAyNi8wOC9WTkh5TGNqV0hJZUpFeFRMcWpwRmNPQTFRZDloUFkyNlptN3lvYkU1LmpwZw.webp\" media=\"(min-width: 1200px)\" \/><\/figure>\n<p><span class=\"text-base font-title font-bold text-black group-hover:text-red-600 leading-tight\"><br \/>\n                        35 de ani de independen\u021b\u0103 pentru Republica Moldova. \u201eDe\u0219teapt\u0103-te rom\u00e2ne\u201d, imnul na\u021bional timp de patru ani<br \/>\n                    <\/span><\/div>\n<p><\/a><\/article>\n<article class=\"group\"><a href=\"https:\/\/newsweek.ro\/istorie\/zid-dintr-o-fortificatie-dacica-descoperit-la-pietroasa-mica-gruiu-darii-zona-locuita-de-acum-3000-de-ani\"><\/p>\n<div class=\"flex flex-col gap-1 md:gap-2\">\n<figure class=\"relative w-full aspect-4\/3 bg-zinc-500 z-0 overflow-hidden\">\n                            <source srcset=\"https:\/\/newsweek.ro\/resize\/Ot2MUsyFFJw06_U1MP3UiXVFQaK2vqsUEErEhFSmbQo\/rs:fill:250:188:1\/g:ce\/aHR0cHM6Ly9uZXdzd2Vlay5yby9zdG9yYWdlL211bHRpbWVkaWEvMjAyNi8wOC9KZXpQQ3NxNDN2VUN1RzhWdFdpdGE1bFpMQnNnZm9DUDJKQmZNVEozLmpwZw.webp\" media=\"(min-width: 1200px)\" \/><\/figure>\n<p><span class=\"text-base font-title font-bold text-black group-hover:text-red-600 leading-tight\"><br \/>\n                        Zid dintr-o fortifica\u021bie dacic\u0103, descoperit la Pietroasa Mic\u0103\u2013Gruiu D\u0103rii. Zona, locuit\u0103 de acum 3.000 de ani<br \/>\n                    <\/span><\/div>\n<p><\/a><\/article>\n<article class=\"py-2 border-b border-zinc-400 group\"><a href=\"https:\/\/newsweek.ro\/politica\/siegfried-muresan-despre-pnrr-alegerea-este-simpla-fondurile-europene-pentru-romania-sau-guvern-psd\"><\/p>\n<div class=\"flex gap-2\"><span class=\"flex-none text-red-600 font-title font-bold leading-tight\">12:10<\/span><span class=\"grow flex font-title font-bold text-base text-black group-hover:text-red-600 leading-tight\"><br \/>\n                    Siegfried Mure\u0219an, despre PNRR: \u201eAlegerea este simpl\u0103: fondurile europene pentru Rom\u00e2nia sau guvern PSD\u201d<br \/>\n                <\/span><\/div>\n<p><\/a><\/article>\n<article class=\"py-2 border-b border-zinc-400 group\"><a href=\"https:\/\/newsweek.ro\/opinii\/ultimele-zile-ale-lui-ilie-bolojan-la-cotroceni-de-ce-asta-ar-putea-fi-o-veste-buna\"><\/p>\n<div class=\"flex gap-2\"><span class=\"flex-none text-red-600 font-title font-bold leading-tight\">12:00<\/span><span class=\"grow flex font-title font-bold text-base text-black group-hover:text-red-600 leading-tight\"><br \/>\n                    Ultimele zile ale lui Ilie Bolojan la Cotroceni. De ce asta ar putea fi o veste bun\u0103?<br \/>\n                <\/span><\/div>\n<p><\/a><\/article>\n<article class=\"py-2 border-b border-zinc-400 group\"><a href=\"https:\/\/newsweek.ro\/timp-liber\/spune-adio-afidelor-amestecul-simplu-facut-din-doua-ingrediente-naturale-te-scapa-de-daunatori\"><\/p>\n<div class=\"flex gap-2\"><span class=\"flex-none text-red-600 font-title font-bold leading-tight\">11:45<\/span><span class=\"grow flex font-title font-bold text-base text-black group-hover:text-red-600 leading-tight\"><br \/>\n                    Spune adio afidelor. Amestecul simplu f\u0103cut din dou\u0103 ingrediente naturale te scap\u0103 de d\u0103un\u0103tori<br \/>\n                <\/span><\/div>\n<p><\/a><\/article>\n<article class=\"py-2 border-b border-zinc-400 group\"><a href=\"https:\/\/newsweek.ro\/actualitate\/politia-608-persoane-cautate-in-sistemul-schengen-depistate-intr-o-saptamana\"><\/p>\n<div class=\"flex gap-2\"><span class=\"flex-none text-red-600 font-title font-bold leading-tight\">11:30<\/span><span class=\"grow flex font-title font-bold text-base text-black group-hover:text-red-600 leading-tight\"><br \/>\n                    Poli\u021bia: 608 persoane c\u0103utate \u00een Sistemul Schengen, depistate \u00eentr-o s\u0103pt\u0103m\u00e2n\u0103<br \/>\n                <\/span><\/div>\n<p><\/a><\/article>\n<article class=\"py-2 border-b border-zinc-400 group\"><a href=\"https:\/\/newsweek.ro\/actualitate\/un-nou-mesaj-ro-alert-in-tulcea-oamenii-au-fost-avertizati-de-posibilitatea-caderii-unor-drone\"><\/p>\n<div class=\"flex gap-2\"><span class=\"flex-none text-red-600 font-title font-bold leading-tight\">11:15<\/span><span class=\"grow flex font-title font-bold text-base text-black group-hover:text-red-600 leading-tight\"><br \/>\n                    Un nou mesaj RO-ALERT \u00een Tulcea. Oamenii au fost avertiza\u021bi de posibilitatea c\u0103derii unor drone<br \/>\n                <\/span><\/div>\n<p><\/a><\/article>\n<article class=\"py-2 border-b border-zinc-400 group\"><a href=\"https:\/\/newsweek.ro\/social\/nu-mai-folositi-aceste-biciclete-electrice-producatorul-retrage-cinci-modele-din-cauza-unui-risc-grav\"><\/p>\n<div class=\"flex gap-2\"><span class=\"flex-none text-red-600 font-title font-bold leading-tight\">11:00<\/span><span class=\"grow flex font-title font-bold text-base text-black group-hover:text-red-600 leading-tight\"><br \/>\n                    Nu mai folosi\u021bi aceste biciclete electrice. Produc\u0103torul retrage cinci modele din cauza unui risc grav<br \/>\n                <\/span><\/div>\n<p><\/a><\/article>\n<article class=\"py-2 border-b border-zinc-400 group\"><a href=\"https:\/\/newsweek.ro\/actualitate\/meteo-alerta-de-ploi-torentiale-vijelii-si-grindina-in-10-judete-harta-zonelor-afectate\"><\/p>\n<div class=\"flex gap-2\"><span class=\"flex-none text-red-600 font-title font-bold leading-tight\">10:45<\/span><span class=\"grow flex font-title font-bold text-base text-black group-hover:text-red-600 leading-tight\"><br \/>\n                    METEO Alert\u0103 de ploi toren\u021biale, vijelii \u0219i grindin\u0103 \u00een 10 jude\u021be. HARTA zonelor afectate<br \/>\n                <\/span><\/div>\n<p><\/a><\/article>\n<article class=\"py-2 border-b border-zinc-400 group\"><a href=\"https:\/\/newsweek.ro\/actualitate\/romania-trimite-un-nou-contingent-de-pompieri-in-grecia-al-treilea-schimb-pleaca-astazi\"><\/p>\n<div class=\"flex gap-2\"><span class=\"flex-none text-red-600 font-title font-bold leading-tight\">10:30<\/span><span class=\"grow flex font-title font-bold text-base text-black group-hover:text-red-600 leading-tight\"><br \/>\n                    Rom\u00e2nia trimite un nou contingent de pompieri \u00een Grecia. Al treilea schimb pleac\u0103 ast\u0103zi<br \/>\n                <\/span><\/div>\n<p><\/a><\/article>\n<article class=\"py-2 border-b border-zinc-400 group\"><a href=\"https:\/\/newsweek.ro\/sanatate\/o-planta-uitata-din-pajistile-noastre-e-plina-de-vitamina-c-azi-o-calcam-dar-candva-hranea-generatii-intregi\"><\/p>\n<div class=\"flex gap-2\"><span class=\"flex-none text-red-600 font-title font-bold leading-tight\">10:15<\/span><span class=\"grow flex font-title font-bold text-base text-black group-hover:text-red-600 leading-tight\"><br \/>\n                    O plant\u0103 uitat\u0103 din paji\u0219tile noastre e plin\u0103 de vitamina C. Azi o c\u0103lc\u0103m, dar c\u00e2ndva hr\u0103nea genera\u021bii \u00eentregi<br \/>\n                <\/span><\/div>\n<p><\/a><\/article>\n<article class=\"py-2 border-b border-zinc-400 group\"><a href=\"https:\/\/newsweek.ro\/international\/islanda-voteaza-daca-intra-in-ue-nu-conduce-la-limita-in-referendum-ce-urmeaza\"><\/p>\n<div class=\"flex gap-2\"><span class=\"flex-none text-red-600 font-title font-bold leading-tight\">10:00<\/span><span class=\"grow flex font-title font-bold text-base text-black group-hover:text-red-600 leading-tight\"><br \/>\n                    Islanda voteaz\u0103 dac\u0103 intr\u0103 \u00een UE. \u201eNu\u201d conduce la limit\u0103 \u00een referendum. Ce urmeaz\u0103?<br \/>\n                <\/span><\/div>\n<p><\/a><\/article>\n<article class=\"py-2 border-b border-zinc-400 group\"><a href=\"https:\/\/newsweek.ro\/politica\/nicusor-dan-se-intalneste-cu-grindeanu-bolojan-fritz-hunor-si-pambuccian-la-ora-1800\" class=\"group\"><\/p>\n<div class=\"flex items-center\">\n<div class=\"flex-none\">\n<figure class=\"w-20 aspect-square bg-zinc-500 z-0 overflow-hidden\"><img decoding=\"async\" class=\"w-full h-full object-cover\" src=\"https:\/\/newsweek.ro\/resize\/LZ67kK1zyMzUQaM8gZDHKswQRQFIloa98Dy7lGTbmL8\/rs:fill:100:100:1\/g:ce\/aHR0cHM6Ly9uZXdzd2Vlay5yby9zdG9yYWdlL211bHRpbWVkaWEvMjAyNi8wNi9DYVdSNjM0cUVlVlZ5QlpQTlNJV0lsMWFqalNwZ0ExRWhBR2RRUWY4LmpwZw.webp\" alt=\"Nicu\u0219or Dan - Foto: Profimedia Images\" loading=\"lazy\"><\/figure>\n<\/div>\n<div class=\"grow flex flex-col justify-between ml-2\"><span class=\"font-title font-bold text-base text-black group-hover:text-red-600 leading-tight\"><br \/>\n                        Nicu\u0219or Dan s-a \u00eent\u00e2lnit cu PNL, PSD, UDMR \u0219i USR. Desemnarea premierului a fost am\u00e2nat\u0103<br \/>\n                    <\/span><\/div>\n<\/div>\n<p><\/a><\/article>\n<article class=\"py-2 border-b border-zinc-400 group\"><a href=\"https:\/\/newsweek.ro\/politica\/bolojan-despre-candidatura-lui-siegfried-muresan-la-functia-de-premier-este-o-solutie-pentru-romania\" class=\"group\"><\/p>\n<div class=\"flex items-center\">\n<div class=\"flex-none\">\n<figure class=\"w-20 aspect-square bg-zinc-500 z-0 overflow-hidden\"><img decoding=\"async\" class=\"w-full h-full object-cover\" src=\"https:\/\/newsweek.ro\/resize\/GfF7-ZMPCWi8vrzpNr5TwQkNCFVHCj30LaQxZa1vBLQ\/rs:fill:100:100:1\/g:ce\/aHR0cHM6Ly9uZXdzd2Vlay5yby9zdG9yYWdlL211bHRpbWVkaWEvMjAyNi8wNi9Jb3dUYzB3OEVFVVVERERlV1F2dU9Jbk4xWmw0UDFBT3padG0yNXhvLmpwZw.webp\" alt=\"PNL - Foto: Facebook\/Siegfried Mure\u0219an\" loading=\"lazy\"><\/figure>\n<\/div>\n<div class=\"grow flex flex-col justify-between ml-2\"><span class=\"font-title font-bold text-base text-black group-hover:text-red-600 leading-tight\"><br \/>\n                        Bolojan, despre candidatura lui Siegfried Mure\u0219an la func\u021bia de premier: \u201eEste o solu\u021bie pentru Rom\u00e2nia\u201d<br \/>\n                    <\/span><\/div>\n<\/div>\n<p><\/a><\/article>\n<article class=\"py-2 border-b border-zinc-400 group\"><a href=\"https:\/\/newsweek.ro\/politica\/ludovic-orban-pnl-si-usr-nu-au-cum-sa-voteze-un-guvern-minoritar-psd-condus-de-grindeanu\" class=\"group\"><\/p>\n<div class=\"flex items-center\">\n<div class=\"flex-none\">\n<figure class=\"w-20 aspect-square bg-zinc-500 z-0 overflow-hidden\"><img decoding=\"async\" class=\"w-full h-full object-cover\" src=\"https:\/\/newsweek.ro\/resize\/p1CxWGPp8eV3L7BVKObHLeyV5x7DLZmm48bvyl15Nvc\/rs:fill:100:100:1\/g:ce\/aHR0cHM6Ly9uZXdzd2Vlay5yby9zdG9yYWdlL211bHRpbWVkaWEvMjAyNi8wNi8yME1iSnBzRkgwdWdOYmJSTzR0SFNLckdlcDJmcUZGdWJZVDdSOE9zLmpwZw.webp\" alt=\"Ludovic Orban - Foto: Profimedia Images\" loading=\"lazy\"><\/figure>\n<\/div>\n<div class=\"grow flex flex-col justify-between ml-2\"><span class=\"font-title font-bold text-base text-black group-hover:text-red-600 leading-tight\"><br \/>\n                        Ludovic Orban: PNL \u0219i USR nu au cum s\u0103 voteze un guvern minoritar PSD condus de Grindeanu<br \/>\n                    <\/span><\/div>\n<\/div>\n<p><\/a><\/article>\n<article class=\"py-2 border-b border-zinc-400 group\"><a href=\"https:\/\/newsweek.ro\/politica\/nici-psd-nici-nicusor-dan-nu-vor-sa-semneze-in-orb-acordul-de-guvernare-propus-de-pnl-usr-udmr\" class=\"group\"><\/p>\n<div class=\"flex items-center\">\n<div class=\"flex-none\">\n<figure class=\"w-20 aspect-square bg-zinc-500 z-0 overflow-hidden\"><img decoding=\"async\" class=\"w-full h-full object-cover\" src=\"https:\/\/newsweek.ro\/resize\/IGmYLrEv4OCTm_2j4v4DUYWElHmghZBu65DkILlhfyM\/rs:fill:100:100:1\/g:ce\/aHR0cHM6Ly9uZXdzd2Vlay5yby9zdG9yYWdlL211bHRpbWVkaWEvMjAyNi8wNi9tRU9MZ1BQQXV4ZFczRHBBQU1VOTc0cWFBaU0wanFsY2JNeWU3bTBVLmpwZw.webp\" alt=\"Negocieri PSD - Nicu\u0219or Dan, la Cotroceni - Foto: Inquam Photos \/George C\u0103lin (Imagine cu rol ilustrativ)\" loading=\"lazy\"><\/figure>\n<\/div>\n<div class=\"grow flex flex-col justify-between ml-2\"><span class=\"font-title font-bold text-base text-black group-hover:text-red-600 leading-tight\"><br \/>\n                        Nici PSD, nici Nicu\u0219or Dan nu vor s\u0103 semneze \u201e\u00een orb\u201d acordul de guvernare propus de PNL-USR-UDMR<br \/>\n                    <\/span><\/div>\n<\/div>\n<p><\/a><\/article>\n<article class=\"py-2 border-b border-zinc-400 group\"><a href=\"https:\/\/newsweek.ro\/politica\/remus-pricopie-apel-pentru-armistitiu-politic-adrian-vestea-sa-se-retraga-iar-negocierile-sa-fie-reluate\" class=\"group\"><\/p>\n<div class=\"flex items-center\">\n<div class=\"flex-none\">\n<figure class=\"w-20 aspect-square bg-zinc-500 z-0 overflow-hidden\"><img decoding=\"async\" class=\"w-full h-full object-cover\" src=\"https:\/\/newsweek.ro\/resize\/eUR4Rl7LP8z7m1qZqEs1YLP_IweJsvzlpJzh-k9REC4\/rs:fill:100:100:1\/g:ce\/aHR0cHM6Ly9uZXdzd2Vlay5yby9zdG9yYWdlL211bHRpbWVkaWEvMjAyNi8wNi9CWEdqdzRLVGo1a3lQNEhMSVI2aWxmaHV4MU1ud2k4YWtGTG1RV00yLmpwZw.webp\" alt=\"Remus Pricopie, rectorul SNSPA Foto: Newsweek\" loading=\"lazy\"><\/figure>\n<\/div>\n<div class=\"grow flex flex-col justify-between ml-2\"><span class=\"font-title font-bold text-base text-black group-hover:text-red-600 leading-tight\"><br \/>\n                        Remus Pricopie, apel pentru &#8220;armisti\u021biu politic&#8221;: Adrian Ve\u0219tea s\u0103 se retrag\u0103, iar negocierile s\u0103 fie reluate<br \/>\n                    <\/span><\/div>\n<\/div>\n<p><\/a><\/article>\n<article class=\"py-2 border-b border-zinc-400 group block\"><a href=\"https:\/\/newsweek.ro\/opinii\/ultimele-zile-ale-lui-ilie-bolojan-la-cotroceni-de-ce-asta-ar-putea-fi-o-veste-buna\"><\/p>\n<div class=\"flex items-center gap-2\">\n<div class=\"flex-none\">\n<figure class=\"w-28 aspect-4\/3 bg-zinc-500 border-0 border-zinc-300 z-0 overflow-hidden\"><img decoding=\"async\" class=\"w-full h-full object-cover\" src=\"https:\/\/newsweek.ro\/resize\/OJTaGRjP3IRwSMwpBiHR-Z4KCO_QZb2Cw606wbRIoek\/rs:fill:200:150:1\/g:ce\/aHR0cHM6Ly9uZXdzd2Vlay5yby9zdG9yYWdlL2F1dGhvcnMvVkYzVlVyVlV6N0VMM2o0WUZuTGdCU3E0MVlpem5Gb0Y0R2VIUFVrZS5wbmc.webp\" alt=\"Petre B\u0103dic\u0103\" loading=\"lazy\"><\/figure>\n<\/div>\n<div class=\"grow flex flex-col gap-1\"><span class=\"text-red-600 text-sm text-nowrap font-title font-bold leading-none\"><br \/>\n                        Petre B\u0103dic\u0103<br \/>\n                    <\/span><span class=\"font-title font-bold text-sm text-black group-hover:text-red-600 leading-tight\"><br \/>\n                        Ultimele zile ale lui Ilie Bolojan la Cotroceni. De ce asta ar putea fi o veste bun\u0103?<br \/>\n                    <\/span><\/div>\n<\/div>\n<p><\/a><\/article>\n<article class=\"py-2 border-b border-zinc-400 group block\"><a href=\"https:\/\/newsweek.ro\/opinii\/somerul-calin-georgescu-ridica-in-slavi-mainile-batatorite-ale-taranilor\"><\/p>\n<div class=\"flex items-center gap-2\">\n<div class=\"flex-none\">\n<figure class=\"w-28 aspect-4\/3 bg-zinc-500 border-0 border-zinc-300 z-0 overflow-hidden\"><img decoding=\"async\" class=\"w-full h-full object-cover\" src=\"https:\/\/newsweek.ro\/resize\/OJTaGRjP3IRwSMwpBiHR-Z4KCO_QZb2Cw606wbRIoek\/rs:fill:200:150:1\/g:ce\/aHR0cHM6Ly9uZXdzd2Vlay5yby9zdG9yYWdlL2F1dGhvcnMvVkYzVlVyVlV6N0VMM2o0WUZuTGdCU3E0MVlpem5Gb0Y0R2VIUFVrZS5wbmc.webp\" alt=\"Petre B\u0103dic\u0103\" loading=\"lazy\"><\/figure>\n<\/div>\n<div class=\"grow flex flex-col gap-1\"><span class=\"text-red-600 text-sm text-nowrap font-title font-bold leading-none\"><br \/>\n                        Petre B\u0103dic\u0103<br \/>\n                    <\/span><span class=\"font-title font-bold text-sm text-black group-hover:text-red-600 leading-tight\"><br \/>\n                        Ipocrizie la maxim: \u0218omerul C\u0103lin Georgescu ridic\u0103 \u00een sl\u0103vi m\u00e2inile b\u0103t\u0103torite ale \u021b\u0103ranilor<br \/>\n                    <\/span><\/div>\n<\/div>\n<p><\/a><\/article>\n<article class=\"py-2 border-b border-zinc-400 group block\"><a href=\"https:\/\/newsweek.ro\/opinii\/intalnirea-inexplicabila-dintre-un-miliardar-pro-european-si-calin-georgescu\"><\/p>\n<div class=\"flex items-center gap-2\">\n<div class=\"flex-none\">\n<figure class=\"w-28 aspect-4\/3 bg-zinc-500 border-0 border-zinc-300 z-0 overflow-hidden\"><img decoding=\"async\" class=\"w-full h-full object-cover\" src=\"https:\/\/newsweek.ro\/resize\/OJTaGRjP3IRwSMwpBiHR-Z4KCO_QZb2Cw606wbRIoek\/rs:fill:200:150:1\/g:ce\/aHR0cHM6Ly9uZXdzd2Vlay5yby9zdG9yYWdlL2F1dGhvcnMvVkYzVlVyVlV6N0VMM2o0WUZuTGdCU3E0MVlpem5Gb0Y0R2VIUFVrZS5wbmc.webp\" alt=\"Petre B\u0103dic\u0103\" loading=\"lazy\"><\/figure>\n<\/div>\n<div class=\"grow flex flex-col gap-1\"><span class=\"text-red-600 text-sm text-nowrap font-title font-bold leading-none\"><br \/>\n                        Petre B\u0103dic\u0103<br \/>\n                    <\/span><span class=\"font-title font-bold text-sm text-black group-hover:text-red-600 leading-tight\"><br \/>\n                        \u00cent\u00e2lnirea inexplicabil\u0103 dintre un miliardar pro-european \u0219i C\u0103lin Georgescu<br \/>\n                    <\/span><\/div>\n<\/div>\n<p><\/a><\/article>\n<article class=\"group mt-2\"><a href=\"https:\/\/newsweek.ro\/international\/raport-de-razboi-2025-timpul-se-accelereaza\"><\/p>\n<div class=\"leading-tight\"><span class=\"inline text-base font-title font-bold text-black group-hover:text-red-600 leading-tight\"><br \/>\n                    Raport de r\u0103zboi 2025. Trump adopt\u0103 o politic\u0103 izola\u021bionist\u0103. China \u00eenclin\u0103 spre Rusia. UE, de straj\u0103 Ucrainei<br \/>\n                <\/span><\/div>\n<p><\/a><\/article>\n<article class=\"group mt-2\"><a href=\"https:\/\/newsweek.ro\/international\/cu-cat-lucrurile-se-schimba-mai-mult\"><\/p>\n<div class=\"leading-tight\"><span class=\"inline text-base font-title font-bold text-black group-hover:text-red-600 leading-tight\"><br \/>\n                    Cu c\u00e2t lucrurile se schimb\u0103 mai mult. Protestele tinerilor se \u00eentind \u00een toat\u0103 lumea. Ce greutate au?<br \/>\n                <\/span><\/div>\n<p><\/a><\/article>\n<article class=\"group mt-2\"><a href=\"https:\/\/newsweek.ro\/international\/jocul-numerelor-lui-trump\"><\/p>\n<div class=\"leading-tight\"><span class=\"inline text-base font-title font-bold text-black group-hover:text-red-600 leading-tight\"><br \/>\n                    Jocul numerelor lui Trump. Cota de popularitate a pre\u0219edintelui se pr\u0103bu\u0219e\u0219te. Care sunt cauzele?<br \/>\n                <\/span><\/div>\n<p><\/a><\/article>\n<article class=\"group mt-2\"><a href=\"https:\/\/newsweek.ro\/international\/calmantul-chinezesc\"><\/p>\n<div class=\"leading-tight\"><span class=\"inline text-base font-title font-bold text-black group-hover:text-red-600 leading-tight\"><br \/>\n                    Ascensiunea Chinei ca putere nuclear\u0103 sperie Rusia. Putin, pus cu botul pe labe?<br \/>\n                <\/span><\/div>\n<p><\/a><\/article>\n<article class=\"group mt-2\"><a href=\"https:\/\/newsweek.ro\/international\/nu-este-usor-sa-fii-ecologist\"><\/p>\n<div class=\"leading-tight\"><span class=\"inline text-base font-title font-bold text-black group-hover:text-red-600 leading-tight\"><br \/>\n                    Nu este u\u0219or s\u0103 fii ecologist. Trecerea de la preocup\u0103ri morale la preocup\u0103ri materiale<br \/>\n                <\/span><\/div>\n<p><\/a><\/article>\n<article class=\"group mt-2\"><a href=\"https:\/\/newsweek.ro\/international\/mostenirea-coroanei-in-miscare\"><\/p>\n<div class=\"leading-tight\"><span class=\"inline text-base font-title font-bold text-black group-hover:text-red-600 leading-tight\"><br \/>\n                    Mo\u0219tenirea coroanei \u00een mi\u0219care. Regele Charles s\u0103rb\u0103tore\u0219te\u00a0o jum\u0103tate de secol de munc\u0103<br \/>\n                <\/span><\/div>\n<p><\/a><\/article>\n<article class=\"group mt-2\"><a href=\"https:\/\/newsweek.ro\/tehnologie\/soldatul-viitorului\"><\/p>\n<div class=\"leading-tight\"><span class=\"inline text-base font-title font-bold text-black group-hover:text-red-600 leading-tight\"><br \/>\n                    Soldatul viitorului. \u00eenalt de 1,75 m \u0219i c\u00e2nt\u0103rind 80 kg, trage cu arma \u0219i cost\u0103 150.000$<br \/>\n                <\/span><\/div>\n<p><\/a><\/article>\n<article class=\"group mt-2\"><a href=\"https:\/\/newsweek.ro\/cultura\/iertare-pentru-mineri-un-documentar-dur-filmat-timp-de-patru-ani\"><\/p>\n<div class=\"leading-tight\"><span class=\"inline text-base font-title font-bold text-black group-hover:text-red-600 leading-tight\"><br \/>\n                    \u201eIertare pentru mineri\u201c \u2013 un documentar dur, filmat timp de patru ani<br \/>\n                <\/span><\/div>\n<p><\/a><\/article>\n<article class=\"py-2 border-b border-zinc-400 group\"><a href=\"https:\/\/newsweek.ro\/sport\/arnold-schwarzenegger-secretul-formei-la-79-de-ani-ma-antrenez-ca-sa-pot-face-lucrurile-care-conteaza\"><\/p>\n<div class=\"flex items-center gap-2\">\n<div class=\"flex-none\">\n<figure class=\"w-20 aspect-square bg-zinc-500 z-0 overflow-hidden\"><img decoding=\"async\" class=\"w-full h-full object-cover\" src=\"https:\/\/newsweek.ro\/resize\/G3JYG1LlrEsKxdFPhrjlvEDYqHv-BcWzUmLhhiYq0x8\/rs:fill:100:100:1\/g:ce\/aHR0cHM6Ly9uZXdzd2Vlay5yby9zdG9yYWdlL211bHRpbWVkaWEvMjAyNi8wOC9XS2JmN1hTb24xZ0duUnB4ekVhUkZzOE5FZjRnQXhVNnZBYTROamJJLmpwZw.webp\" alt=\"Arnold Schwarzenegger este fost culturist profesionist, actor, fost guvernator al Californiei \u0219i sus\u021bin\u0103tor al fitnessului \u0219i s\u0103n\u0103t\u0103\u021bii publice Foto: profimediaimages.ro\" loading=\"lazy\"><\/figure>\n<\/div>\n<div class=\"grow flex flex-col gap-1\"><span class=\"w-fit bg-red-600 text-white text-xs font-title font-bold uppercase py-0.5 px-2 leading-none\"><br \/>\n                        Arnold Schwarzenegger<br \/>\n                    <\/span><span class=\"font-title font-bold text-base text-white group-hover:text-red-600 leading-tight\"><br \/>\n                        Arnold Schwarzenegger, secretul formei la 79 de ani: \u201eM\u0103 antrenez ca s\u0103 pot face lucrurile care conteaz\u0103\u201d<br \/>\n                    <\/span><\/div>\n<\/div>\n<p><\/a><\/article>\n<article class=\"py-2 border-b border-zinc-400 group\"><a href=\"https:\/\/newsweek.ro\/international\/mesajele-unui-presedinte-influenteaza-bursele-cum-vrea-trump-media-sa-scoata-bani-din-asta\"><\/p>\n<div class=\"flex items-center gap-2\">\n<div class=\"flex-none\">\n<figure class=\"w-20 aspect-square bg-zinc-500 z-0 overflow-hidden\"><img decoding=\"async\" class=\"w-full h-full object-cover\" src=\"https:\/\/newsweek.ro\/resize\/CgBYuGj1CeCd-hU5BQeSgtbEn8nOaWOekhfoHZm74R4\/rs:fill:100:100:1\/g:ce\/aHR0cHM6Ly9uZXdzd2Vlay5yby9zdG9yYWdlL211bHRpbWVkaWEvMjAyNi8wOC93SURvbno5eU9DdXlEMmM2YUxyYnNQdW1ROHR3MlhEZ0o2SWlJSHVKLndlYnA.webp\" alt=\"Foto: profimediaimages.ro\" loading=\"lazy\"><\/figure>\n<\/div>\n<div class=\"grow flex flex-col gap-1\"><span class=\"w-fit bg-red-600 text-white text-xs font-title font-bold uppercase py-0.5 px-2 leading-none\"><br \/>\n                        Newsweek Editors<br \/>\n                    <\/span><span class=\"font-title font-bold text-base text-white group-hover:text-red-600 leading-tight\"><br \/>\n                        Mesajele unui pre\u0219edinte influen\u021beaz\u0103 bursele. Cum vrea Trump Media s\u0103 scoat\u0103 bani din asta<br \/>\n                    <\/span><\/div>\n<\/div>\n<p><\/a><\/article>\n<article class=\"py-2 border-b border-zinc-400 group\"><a href=\"https:\/\/newsweek.ro\/social\/centrele-de-date-noul-inamic-al-americanilor-revolta-a-ajuns-la-amenintari-si-impuscaturi\"><\/p>\n<div class=\"flex items-center gap-2\">\n<div class=\"flex-none\">\n<figure class=\"w-20 aspect-square bg-zinc-500 z-0 overflow-hidden\"><img decoding=\"async\" class=\"w-full h-full object-cover\" src=\"https:\/\/newsweek.ro\/resize\/o24wz-XT6h0YOkPReD8XaAIkAwdtU4EBuCjcGiA6_bU\/rs:fill:100:100:1\/g:ce\/aHR0cHM6Ly9uZXdzd2Vlay5yby9zdG9yYWdlL211bHRpbWVkaWEvMjAyNi8wOC9sQ3phMndKdFJMS0lwZUJUSk5xZ3JOVk9JNFU5RW1Ub1FBUDNjcGFBLmpwZw.webp\" alt=\"Centru de date Amazon \u00een Oregon Foto: profimediaimages.ro\" loading=\"lazy\"><\/figure>\n<\/div>\n<div class=\"grow flex flex-col gap-1\"><span class=\"w-fit bg-red-600 text-white text-xs font-title font-bold uppercase py-0.5 px-2 leading-none\"><br \/>\n                        Jesus Mesa<br \/>\n                    <\/span><span class=\"font-title font-bold text-base text-white group-hover:text-red-600 leading-tight\"><br \/>\n                        Centrele de date, noul inamic al americanilor. Revolta a ajuns la amenin\u021b\u0103ri \u0219i \u00eempu\u0219c\u0103turi<br \/>\n                    <\/span><\/div>\n<\/div>\n<p><\/a><\/article>\n<article class=\"w-full flex-none group\"><a href=\"https:\/\/newsweek.ro\/economie\/video-adrian-zuckerman-china-si-rusia-ataca-romania-prin-propaganda-si-razboi-cibernetic\"><\/p>\n<div class=\"flex flex-col gap-2\">\n<figure class=\"relative w-full aspect-3\/2 bg-zinc-500 z-0 overflow-hidden\"><img decoding=\"async\" class=\"w-full h-full object-cover\" src=\"https:\/\/newsweek.ro\/resize\/0nxlTsoS48uhTRXiln0qpSWwH9M0XhUl7tmg79kifXo\/rs:fill:400:300:1\/g:ce\/aHR0cHM6Ly9uZXdzd2Vlay5yby9zdG9yYWdlL211bHRpbWVkaWEvMjAyNi8wNS9jbFFWcXJFZTJtNzBUQnNZNnN1cW11aGZvMDJiRlJrTnRHQ1RiRnBxLmpwZw.webp\" alt=\"Adrian Zuckerman, fost ambasador al SUA \u00een Rom\u00e2nia - Foto: Newsweek Rom\u00e2nia\" loading=\"lazy\"><figcaption class=\"absolute z-10 bottom-0 left-0 uppercase bg-red-600 p-2\"><span class=\"block text-white text-sm text-nowrap font-bold leading-none\">Economie<\/span><\/figcaption><\/figure>\n<p><span class=\"text-base md:text-xl font-title font-bold text-black group-hover:text-red-600 leading-tight\"><br \/>\n                            VIDEO Adrian Zuckerman: China \u0219i Rusia atac\u0103 Rom\u00e2nia prin propagand\u0103 \u0219i r\u0103zboi cibernetic<br \/>\n                        <\/span><\/p>\n<p class=\"text-zinc-700 font-text text-sm leading-tight\">\n                            Fostul ambasador al SUA \u00een Rom\u00e2nia, Adrian Zuckerman a avertizat la IT &amp; Cyber Summit 2026, organizat de Newsweek Rom\u00e2nia, c\u0103 Rom\u00e2nia \u0219i statele democratice sunt \u021binta unui r\u0103zboi hibrid \u0219i cibernetic tot mai agresiv.\n                        <\/p>\n<\/div>\n<p><\/a><\/article>\n<article class=\"w-full flex-none group\"><a href=\"https:\/\/newsweek.ro\/economie\/facilitati-fiscale-pentru-firme-in-pachetul-trei-al-guvernului-amortizare-accelerata-credit-fiscal-si-bonus\"><\/p>\n<div class=\"flex flex-col gap-2\">\n<figure class=\"relative w-full aspect-3\/2 bg-zinc-500 z-0 overflow-hidden\"><img decoding=\"async\" class=\"w-full h-full object-cover\" src=\"https:\/\/newsweek.ro\/resize\/0WzKRBg1_kweNc0er6jQq0KYOA_YqJ3hfhw4jfc_ktI\/rs:fill:400:300:1\/g:ce\/aHR0cHM6Ly9uZXdzd2Vlay5yby9zdG9yYWdlL211bHRpbWVkaWEvMjAyNi8wMy9XZFduVTZyQkZzWkFjbGJkVEZYejlZcEhCYWVJSGZwYWRYNXhlbDZNLmpwZw.webp\" alt=\"Imagine cu rol ilustrativ Foto: pexels.com\" loading=\"lazy\"><figcaption class=\"absolute z-10 bottom-0 left-0 uppercase bg-red-600 p-2\"><span class=\"block text-white text-sm text-nowrap font-bold leading-none\">Economie<\/span><\/figcaption><\/figure>\n<p><span class=\"text-base md:text-xl font-title font-bold text-black group-hover:text-red-600 leading-tight\"><br \/>\n                            Facilit\u0103\u021bi fiscale pentru firme \u00een pachetul trei al Guvernului: amortizare supraaccelerat\u0103 \u0219i credit fiscal<br \/>\n                        <\/span><\/p>\n<p class=\"text-zinc-700 font-text text-sm leading-tight\">\n                            Pachetul trei de m\u0103suri fiscale aduce \u0219i facilit\u0103\u021bi pentru companii: prag mai mare pentru mijloace fixe, amortizare supraaccelerat\u0103, credit fiscal pentru cercetare-dezvoltare \u0219i deduceri pentru firmele listate la burs\u0103.  Consultantul fiscal M\u0103d\u0103lina Ion explic\u0103 impactul acestora.\n                        <\/p>\n<\/div>\n<p><\/a><\/article>\n<article class=\"w-full flex-none group\"><a href=\"https:\/\/newsweek.ro\/economie\/video-ce-ne-aduce-pachetul-trei-de-masuri-al-guvernului-bolojan\"><\/p>\n<div class=\"flex flex-col gap-2\">\n<figure class=\"relative w-full aspect-3\/2 bg-zinc-500 z-0 overflow-hidden\"><img decoding=\"async\" class=\"w-full h-full object-cover\" src=\"https:\/\/newsweek.ro\/resize\/klv72PexuUJRhL5PnUjP1BRvzZXhp8hRIGRc2V4skY4\/rs:fill:400:300:1\/g:ce\/aHR0cHM6Ly9uZXdzd2Vlay5yby9zdG9yYWdlL211bHRpbWVkaWEvMjAyNi8wMi9raDY1WVR1eDVDTUVWMktqS3oyM3lLbUdMUjVKN1M4cDJ3ZHUxRzFKLmpwZw.webp\" alt=\"Foto: INQUAM Photos\/George C\u0103lin\" loading=\"lazy\"><figcaption class=\"absolute z-10 bottom-0 left-0 uppercase bg-red-600 p-2\"><span class=\"block text-white text-sm text-nowrap font-bold leading-none\">Economie<\/span><\/figcaption><\/figure>\n<p><span class=\"text-base md:text-xl font-title font-bold text-black group-hover:text-red-600 leading-tight\"><br \/>\n                            VIDEO Ce ne aduce Pachetul trei de m\u0103suri al Guvernului Bolojan? Cine pierde \u0219i cine c\u00e2\u0219tig\u0103?<br \/>\n                        <\/span><\/p>\n<p class=\"text-zinc-700 font-text text-sm leading-tight\">\n                            Pachetul trei de m\u0103suri economice anun\u021bat de Guvernul Bolojan include m\u0103suri de relansare economic\u0103 \u0219i de reform\u0103 a administra\u021biei locale \u0219i centrale.\n                        <\/p>\n<\/div>\n<p><\/a><\/article>\n<article class=\"w-full flex-none group\"><a href=\"https:\/\/newsweek.ro\/economie\/impozit-chirii-2026-dispar-norme-venit-proprietari\"><\/p>\n<div class=\"flex flex-col gap-2\">\n<figure class=\"relative w-full aspect-3\/2 bg-zinc-500 z-0 overflow-hidden\"><img decoding=\"async\" class=\"w-full h-full object-cover\" src=\"https:\/\/newsweek.ro\/resize\/2ESy0L1xsAoXByTmfCVC9Fcj0xbAtOas6o9UtrsTkG8\/rs:fill:400:300:1\/g:ce\/aHR0cHM6Ly9uZXdzd2Vlay5yby9zdG9yYWdlL211bHRpbWVkaWEvMjAyNi8wMS83aXBkSGVLN0ZHUjEyN1U5UlFEVjVtY000TUFqSHV6Znp4V2JETkpSLmpwZw.webp\" alt=\"Impozitul pe veniturile din chirii se schimb\u0103 radical \u00een 2026 - imagine cu rol ilustrativ Foto: pexels.com\" loading=\"lazy\"><figcaption class=\"absolute z-10 bottom-0 left-0 uppercase bg-red-600 p-2\"><span class=\"block text-white text-sm text-nowrap font-bold leading-none\">Economie<\/span><\/figcaption><\/figure>\n<p><span class=\"text-base md:text-xl font-title font-bold text-black group-hover:text-red-600 leading-tight\"><br \/>\n                            VIDEO Impozitarea veniturilor din chirii \u00een 2026: dispar normele de venit, cresc obliga\u021biile proprietarilor<br \/>\n                        <\/span><\/p>\n<p class=\"text-zinc-700 font-text text-sm leading-tight\">\n                            Regimul de impozitare a veniturilor din chirii se modific\u0103 din 2026. Consultantul fiscal M\u0103d\u0103lina Ion explic\u0103 pentru Newsweek Rom\u00e2nia ce se schimb\u0103 \u0219i cine va pl\u0103ti mai mult.\n                        <\/p>\n<\/div>\n<p><\/a><\/article>\n<article class=\"w-full flex-none group\"><a href=\"https:\/\/newsweek.ro\/sanatate\/video-4-zile-fara-mancare-cat-am-slabit-ce-s-a-intamplat-cu-organismul-meu-si-ce-zice-medicul-despre-fasting\"><\/p>\n<div class=\"flex flex-col gap-2\">\n<figure class=\"relative w-full aspect-3\/2 bg-zinc-500 z-0 overflow-hidden\"><img decoding=\"async\" class=\"w-full h-full object-cover\" src=\"https:\/\/newsweek.ro\/resize\/rYrPynsl9nD9AKs7k2N1hlHL6R2CWpCMTMMAU7ysW9c\/rs:fill:400:300:1\/g:ce\/aHR0cHM6Ly9uZXdzd2Vlay5yby9zdG9yYWdlL211bHRpbWVkaWEvMjAyNi8wMi9RUU1YUzcydm51RVZJN0l1TnlrdGtTNzdkU3FQSUJKcFNWTExqd0NCLnBuZw.webp\" alt=\"Alina Burlacu, medic endocrinolog \u0219i Mihai Du\u021b\u0103, red. \u0219ef adj. Newsweek Rom\u00e2nia Foto: NWR\" loading=\"lazy\"><figcaption class=\"absolute z-10 bottom-0 left-0 uppercase bg-red-600 p-2\"><span class=\"block text-white text-sm text-nowrap font-bold leading-none\">S\u0103n\u0103tate<\/span><\/figcaption><\/figure>\n<p><span class=\"text-base md:text-xl font-title font-bold text-black group-hover:text-red-600 leading-tight\"><br \/>\n                            VIDEO 4 zile f\u0103r\u0103 m\u00e2ncare: c\u00e2t am sl\u0103bit, ce s-a \u00eent\u00e2mplat cu organismul meu \u0219i ce zice medicul despre fasting<br \/>\n                        <\/span><\/p>\n<p class=\"text-zinc-700 font-text text-sm leading-tight\">\n                            Postul intermitent a devenit una dintre cele mai populare metode de sl\u0103bit, \u00eens\u0103 speciali\u0219tii avertizeaz\u0103 c\u0103 efectele nu sunt \u00eentotdeauna cele a\u0219teptate. Mihai Du\u021b\u0103 a testat pe propriul corp cum e s\u0103 nu m\u0103n\u00e2nci nimic timp de patru zile.\n                        <\/p>\n<\/div>\n<p><\/a><\/article>\n<article class=\"w-full flex-none group\"><a href=\"https:\/\/newsweek.ro\/sanatate\/video-care-au-fost-cele-mai-complicate-repatrieri-medicale-in-2025\"><\/p>\n<div class=\"flex flex-col gap-2\">\n<figure class=\"relative w-full aspect-3\/2 bg-zinc-500 z-0 overflow-hidden\"><img decoding=\"async\" class=\"w-full h-full object-cover\" src=\"https:\/\/newsweek.ro\/resize\/dh3sM0AJgLynGToH6vwwkhT5T2WTvviFhD82TMK7PHQ\/rs:fill:400:300:1\/g:ce\/aHR0cHM6Ly9uZXdzd2Vlay5yby9zdG9yYWdlL211bHRpbWVkaWEvMjAyNS8xMi9KM1JpdXB0NUxmeVI2ZmVQQUo0NkpOeFdXc1JSbURCcDBJZUVGNDNuLmpwZw.webp\" alt=\"Medicii Valentin Ding\u0103 \u0219i Adrian Simion sunt singurii rom\u00e2ni acredita\u021bi pentru reaptrieri medicale Foto: arhiva personal\u0103\" loading=\"lazy\"><figcaption class=\"absolute z-10 bottom-0 left-0 uppercase bg-red-600 p-2\"><span class=\"block text-white text-sm text-nowrap font-bold leading-none\">S\u0103n\u0103tate<\/span><\/figcaption><\/figure>\n<p><span class=\"text-base md:text-xl font-title font-bold text-black group-hover:text-red-600 leading-tight\"><br \/>\n                            VIDEO Care au fost cele mai complicate repatrieri medicale \u00een 2025. Evacu\u0103ri din Bagdad \u0219i Gaza<br \/>\n                        <\/span><\/p>\n<p class=\"text-zinc-700 font-text text-sm leading-tight\">\n                            Doi medici rom\u00e2ni specializa\u021bi \u00een repatrieri medicale la nivel interna\u021bional au povestit la Newsweek Life care au fost cele mai complicate cazuri pe care le-au avut \u00een 2025. Au fost inclusiv \u00een zone de conflict.\n                        <\/p>\n<\/div>\n<p><\/a><\/article>\n<article class=\"w-full flex-none group\"><a href=\"https:\/\/newsweek.ro\/tehnologie\/video-ce-ai-nevoie-pentru-a-organiza-un-eveniment-reusit-nu-conteaza-doar-echipamentele\"><\/p>\n<div class=\"flex flex-col gap-2\">\n<figure class=\"relative w-full aspect-3\/2 bg-zinc-500 z-0 overflow-hidden\"><img decoding=\"async\" class=\"w-full h-full object-cover\" src=\"https:\/\/newsweek.ro\/resize\/l4xiuLSn3b8iKWWigdAZ1O6YXblRM7n_Bzz8_KBUcsI\/rs:fill:400:300:1\/g:ce\/aHR0cHM6Ly9uZXdzd2Vlay5yby9zdG9yYWdlL211bHRpbWVkaWEvMjAyNS8xMi9hZ3V2am5RNFlhVktkbnJjNGZIZFU2clFHdE5rUDk4b2RmZWJZVXd5LmpwZw.webp\" alt=\"De ce ai nevoie pentru a organiza un eveniment reu\u0219it Foto: NWR\" loading=\"lazy\"><figcaption class=\"absolute z-10 bottom-0 left-0 uppercase bg-red-600 p-2\"><span class=\"block text-white text-sm text-nowrap font-bold leading-none\">Tehnologie<\/span><\/figcaption><\/figure>\n<p><span class=\"text-base md:text-xl font-title font-bold text-black group-hover:text-red-600 leading-tight\"><br \/>\n                            VIDEO De ce ai nevoie pentru a organiza un eveniment reu\u0219it. Nu conteaz\u0103 doar echipamentele<br \/>\n                        <\/span><\/p>\n<p class=\"text-zinc-700 font-text text-sm leading-tight\">\n                            Evenimentele organizate de companii, dar nu numai, depind acum \u00een mare m\u0103sur\u0103 de noile tehnologii, de calitatea echipamentelor dar \u0219i de preg\u0103tirea celor care le folosesc. Ast\u0103zi, majoritatea evenimentelor sunt transmise live \u0219i pot fi urm\u0103rite de zeci de mii de oameni \u00een direct.\n                        <\/p>\n<\/div>\n<p><\/a><\/article>\n<article class=\"py-2 border-b border-zinc-400 group\"><a href=\"https:\/\/newsweek.ro\/social\/vor-plati-cass-la-pensie-si-pensionarii-care-au-pensii-sub-2000-lei-cerere-neasteptata-de-la-ue\"><\/p>\n<div class=\"flex items-center gap-2\">\n<div class=\"flex-none\">\n<figure class=\"w-20 aspect-square bg-zinc-500 z-0 overflow-hidden\"><img decoding=\"async\" class=\"w-full h-full object-cover\" src=\"https:\/\/newsweek.ro\/resize\/To1jdb8Hnf67dL5uXOHNFTerLEZbgyvuKj5EBJYdnfI\/rs:fill:100:100:1\/g:ce\/aHR0cHM6Ly9uZXdzd2Vlay5yby9zdG9yYWdlL211bHRpbWVkaWEvMjAyNi8wOC9DaVUwTE5CRXhtUTh5SVdGQzdRcDVPamJyTHRBOVRUcHRvbmVWdFJzLmpwZw.webp\" alt=\"Pensionari la pensie - Foto: Magnific\" loading=\"lazy\"><\/figure>\n<\/div>\n<div class=\"grow flex flex-col gap-1\">\n<div class=\"flex items-center justify-between\"><span class=\"font-title text-red-600 text-xs md:text-sm text-nowrap font-bold uppercase leading-none\"><br \/>\n                            Social<br \/>\n                        <\/span><\/p>\n<div class=\"flex justify-end text-zinc-500 text-base font-semibold leading-none\"> 2\n                        <\/div>\n<\/div>\n<p><span class=\"font-title font-bold text-base text-black group-hover:text-red-600 leading-tight\"><br \/>\n                        Scenariu: Vor pl\u0103ti CASS la pensie \u0219i pensionarii care au pensii sub 2.000 lei. Propunere nea\u0219teptat\u0103 de la UE<br \/>\n                    <\/span><\/div>\n<\/div>\n<p><\/a><\/article>\n<article class=\"py-2 border-b border-zinc-400 group\"><a href=\"https:\/\/newsweek.ro\/economie\/marea-neagra-nu-taie-jumatate-facturile-cat-vom-plati-real-gazul-neptun-deep\"><\/p>\n<div class=\"flex items-center gap-2\">\n<div class=\"flex-none\">\n<figure class=\"w-20 aspect-square bg-zinc-500 z-0 overflow-hidden\"><img decoding=\"async\" class=\"w-full h-full object-cover\" src=\"https:\/\/newsweek.ro\/resize\/MUdwZDtboYeXM1wjvB_1ZRNPnhkKp1BfSyCFjoAxLHo\/rs:fill:100:100:1\/g:ce\/aHR0cHM6Ly9uZXdzd2Vlay5yby9zdG9yYWdlL211bHRpbWVkaWEvMjAyNi8wOC9SWXhiTEFSNWpYMUxEdVU3THpnSUVaaTFhQks0ZDJnRW1RSmpiZlg2LmpwZw.webp\" alt=\"Plaforma de foraj Transocean Barents, care va opera z\u0103c\u0103m\u00e2ntul gazeifer Neptun Deep - Foto: INQUAM PHOTOS\/George C\u0103lin\" loading=\"lazy\"><\/figure>\n<\/div>\n<div class=\"grow flex flex-col gap-1\">\n<div class=\"flex items-center justify-between\"><span class=\"font-title text-red-600 text-xs md:text-sm text-nowrap font-bold uppercase leading-none\"><br \/>\n                            Economie<br \/>\n                        <\/span><\/p>\n<div class=\"flex justify-end text-zinc-500 text-base font-semibold leading-none\"> 2\n                        <\/div>\n<\/div>\n<p><span class=\"font-title font-bold text-base text-black group-hover:text-red-600 leading-tight\"><br \/>\n                        Cu c\u00e2t va sc\u0103dea factura la gaz dup\u0103 \u00eenceperea exploat\u0103rii z\u0103c\u0103m\u00e2ntului Neptun Deep din Marea Neagr\u0103?<br \/>\n                    <\/span><\/div>\n<\/div>\n<p><\/a><\/article>\n<article class=\"py-2 border-b border-zinc-400 group\"><a href=\"https:\/\/newsweek.ro\/timp-liber\/parul-nu-va-deveni-gras-pana-la-o-saptamana-un-ingredient-care-merita-adaugat-in-samponul-tau\"><\/p>\n<div class=\"flex items-center gap-2\">\n<div class=\"flex-none\">\n<figure class=\"w-20 aspect-square bg-zinc-500 z-0 overflow-hidden\"><img decoding=\"async\" class=\"w-full h-full object-cover\" src=\"https:\/\/newsweek.ro\/resize\/X03X-VkKQpC-qwjbYoUYOvxG7rWVdQmuo2wiNmyO9Jg\/rs:fill:100:100:1\/g:ce\/aHR0cHM6Ly9uZXdzd2Vlay5yby9zdG9yYWdlL211bHRpbWVkaWEvMjAyNi8wOC9FdUFITWZnVU81NUczenBUT3pDYlV0b21zYlBKY0FsMnU3dk9aZTBrLmpwZw.webp\" alt=\"Femeie care se spal\u0103 pe p\u0103r - Foto: Magnific.com (Imagine cu rol ilustrativ)\" loading=\"lazy\"><\/figure>\n<\/div>\n<div class=\"grow flex flex-col gap-1\">\n<div class=\"flex items-center justify-between\"><span class=\"font-title text-red-600 text-xs md:text-sm text-nowrap font-bold uppercase leading-none\"><br \/>\n                            Timp liber<br \/>\n                        <\/span><\/p>\n<div class=\"flex justify-end text-zinc-500 text-base font-semibold leading-none\"> 1\n                        <\/div>\n<\/div>\n<p><span class=\"font-title font-bold text-base text-black group-hover:text-red-600 leading-tight\"><br \/>\n                        P\u0103rul nu va deveni gras p\u00e2n\u0103 la o s\u0103pt\u0103m\u00e2n\u0103 &#8211; un ingredient care merit\u0103 ad\u0103ugat \u00een \u0219amponul t\u0103u<br \/>\n                    <\/span><\/div>\n<\/div>\n<p><\/a><\/article>\n<article class=\"py-2 border-b border-zinc-400 group\"><a href=\"https:\/\/newsweek.ro\/politica\/siegfried-muresan-despre-pnrr-alegerea-este-simpla-fondurile-europene-pentru-romania-sau-guvern-psd\"><\/p>\n<div class=\"flex gap-2\"><span class=\"flex-none text-red-600 font-title font-bold leading-tight\">12:10<\/span><span class=\"grow flex font-title font-bold text-base text-black group-hover:text-red-600 leading-tight\"><br \/>\n                    Siegfried Mure\u0219an, despre PNRR: \u201eAlegerea este simpl\u0103: fondurile europene pentru Rom\u00e2nia sau guvern PSD\u201d<br \/>\n                <\/span><\/div>\n<p><\/a><\/article>\n<article class=\"py-2 border-b border-zinc-400 group\"><a href=\"https:\/\/newsweek.ro\/opinii\/ultimele-zile-ale-lui-ilie-bolojan-la-cotroceni-de-ce-asta-ar-putea-fi-o-veste-buna\"><\/p>\n<div class=\"flex gap-2\"><span class=\"flex-none text-red-600 font-title font-bold leading-tight\">12:00<\/span><span class=\"grow flex font-title font-bold text-base text-black group-hover:text-red-600 leading-tight\"><br \/>\n                    Ultimele zile ale lui Ilie Bolojan la Cotroceni. De ce asta ar putea fi o veste bun\u0103?<br \/>\n                <\/span><\/div>\n<p><\/a><\/article>\n<article class=\"py-2 border-b border-zinc-400 group\"><a href=\"https:\/\/newsweek.ro\/timp-liber\/spune-adio-afidelor-amestecul-simplu-facut-din-doua-ingrediente-naturale-te-scapa-de-daunatori\"><\/p>\n<div class=\"flex gap-2\"><span class=\"flex-none text-red-600 font-title font-bold leading-tight\">11:45<\/span><span class=\"grow flex font-title font-bold text-base text-black group-hover:text-red-600 leading-tight\"><br \/>\n                    Spune adio afidelor. Amestecul simplu f\u0103cut din dou\u0103 ingrediente naturale te scap\u0103 de d\u0103un\u0103tori<br \/>\n                <\/span><\/div>\n<p><\/a><\/article>\n<article class=\"py-2 border-b border-zinc-400 group\"><a href=\"https:\/\/newsweek.ro\/actualitate\/politia-608-persoane-cautate-in-sistemul-schengen-depistate-intr-o-saptamana\"><\/p>\n<div class=\"flex gap-2\"><span class=\"flex-none text-red-600 font-title font-bold leading-tight\">11:30<\/span><span class=\"grow flex font-title font-bold text-base text-black group-hover:text-red-600 leading-tight\"><br \/>\n                    Poli\u021bia: 608 persoane c\u0103utate \u00een Sistemul Schengen, depistate \u00eentr-o s\u0103pt\u0103m\u00e2n\u0103<br \/>\n                <\/span><\/div>\n<p><\/a><\/article>\n<article class=\"py-2 border-b border-zinc-400 group\"><a href=\"https:\/\/newsweek.ro\/actualitate\/un-nou-mesaj-ro-alert-in-tulcea-oamenii-au-fost-avertizati-de-posibilitatea-caderii-unor-drone\"><\/p>\n<div class=\"flex gap-2\"><span class=\"flex-none text-red-600 font-title font-bold leading-tight\">11:15<\/span><span class=\"grow flex font-title font-bold text-base text-black group-hover:text-red-600 leading-tight\"><br \/>\n                    Un nou mesaj RO-ALERT \u00een Tulcea. Oamenii au fost avertiza\u021bi de posibilitatea c\u0103derii unor drone<br \/>\n                <\/span><\/div>\n<p><\/a><\/article>\n<article class=\"py-2 border-b border-zinc-400 group\"><a href=\"https:\/\/newsweek.ro\/social\/nu-mai-folositi-aceste-biciclete-electrice-producatorul-retrage-cinci-modele-din-cauza-unui-risc-grav\"><\/p>\n<div class=\"flex gap-2\"><span class=\"flex-none text-red-600 font-title font-bold leading-tight\">11:00<\/span><span class=\"grow flex font-title font-bold text-base text-black group-hover:text-red-600 leading-tight\"><br \/>\n                    Nu mai folosi\u021bi aceste biciclete electrice. Produc\u0103torul retrage cinci modele din cauza unui risc grav<br \/>\n                <\/span><\/div>\n<p><\/a><\/article>\n<article class=\"py-2 border-b border-zinc-400 group\"><a href=\"https:\/\/newsweek.ro\/actualitate\/meteo-alerta-de-ploi-torentiale-vijelii-si-grindina-in-10-judete-harta-zonelor-afectate\"><\/p>\n<div class=\"flex gap-2\"><span class=\"flex-none text-red-600 font-title font-bold leading-tight\">10:45<\/span><span class=\"grow flex font-title font-bold text-base text-black group-hover:text-red-600 leading-tight\"><br \/>\n                    METEO Alert\u0103 de ploi toren\u021biale, vijelii \u0219i grindin\u0103 \u00een 10 jude\u021be. HARTA zonelor afectate<br \/>\n                <\/span><\/div>\n<p><\/a><\/article>\n<article class=\"py-2 border-b border-zinc-400 group\"><a href=\"https:\/\/newsweek.ro\/actualitate\/romania-trimite-un-nou-contingent-de-pompieri-in-grecia-al-treilea-schimb-pleaca-astazi\"><\/p>\n<div class=\"flex gap-2\"><span class=\"flex-none text-red-600 font-title font-bold leading-tight\">10:30<\/span><span class=\"grow flex font-title font-bold text-base text-black group-hover:text-red-600 leading-tight\"><br \/>\n                    Rom\u00e2nia trimite un nou contingent de pompieri \u00een Grecia. Al treilea schimb pleac\u0103 ast\u0103zi<br \/>\n                <\/span><\/div>\n<p><\/a><\/article>\n<article class=\"py-2 border-b border-zinc-400 group\"><a href=\"https:\/\/newsweek.ro\/sanatate\/o-planta-uitata-din-pajistile-noastre-e-plina-de-vitamina-c-azi-o-calcam-dar-candva-hranea-generatii-intregi\"><\/p>\n<div class=\"flex gap-2\"><span class=\"flex-none text-red-600 font-title font-bold leading-tight\">10:15<\/span><span class=\"grow flex font-title font-bold text-base text-black group-hover:text-red-600 leading-tight\"><br \/>\n                    O plant\u0103 uitat\u0103 din paji\u0219tile noastre e plin\u0103 de vitamina C. Azi o c\u0103lc\u0103m, dar c\u00e2ndva hr\u0103nea genera\u021bii \u00eentregi<br \/>\n                <\/span><\/div>\n<p><\/a><\/article>\n<article class=\"py-2 border-b border-zinc-400 group\"><a href=\"https:\/\/newsweek.ro\/international\/islanda-voteaza-daca-intra-in-ue-nu-conduce-la-limita-in-referendum-ce-urmeaza\"><\/p>\n<div class=\"flex gap-2\"><span class=\"flex-none text-red-600 font-title font-bold leading-tight\">10:00<\/span><span class=\"grow flex font-title font-bold text-base text-black group-hover:text-red-600 leading-tight\"><br \/>\n                    Islanda voteaz\u0103 dac\u0103 intr\u0103 \u00een UE. \u201eNu\u201d conduce la limit\u0103 \u00een referendum. Ce urmeaz\u0103?<br \/>\n                <\/span><\/div>\n<p><\/a><\/article>\n<article class=\"py-2 border-b border-zinc-400 group\"><a href=\"https:\/\/newsweek.ro\/international\/focuri-de-arma-la-o-petrecere-rave-in-elvetia-mai-multe-victime-operatiune-de-amploare-a-politiei\"><\/p>\n<div class=\"flex gap-2\"><span class=\"flex-none text-red-600 font-title font-bold leading-tight\">09:45<\/span><span class=\"grow flex font-title font-bold text-base text-black group-hover:text-red-600 leading-tight\"><br \/>\n                    Focuri de arm\u0103 la o petrecere rave \u00een Elve\u021bia. Poli\u021bia anun\u021b\u0103 c\u0103 un om ar fi fost ucis si mai mul\u021bi sunt r\u0103ni\u021b<br \/>\n                <\/span><\/div>\n<p><\/a><\/article>\n<article class=\"py-2 border-b border-zinc-400 group\"><a href=\"https:\/\/newsweek.ro\/actualitate\/peste-124000-de-persoane-au-trecut-frontiera-romaniei-in-24-de-ore-100-de-fapte-ilegale-constatate\"><\/p>\n<div class=\"flex gap-2\"><span class=\"flex-none text-red-600 font-title font-bold leading-tight\">09:30<\/span><span class=\"grow flex font-title font-bold text-base text-black group-hover:text-red-600 leading-tight\"><br \/>\n                    Peste 124.000 de persoane au trecut frontiera Rom\u00e2niei \u00een 24 de ore. 100 de fapte ilegale, constatate<br \/>\n                <\/span><\/div>\n<p><\/a><\/article>\n<article class=\"py-2 border-b border-zinc-400 group\"><a href=\"https:\/\/newsweek.ro\/sport\/ignacio-buse-a-castigat-turneul-atp-de-la-winston-salem-peruanul-a-scris-istorie-la-22-de-ani\"><\/p>\n<div class=\"flex gap-2\"><span class=\"flex-none text-red-600 font-title font-bold leading-tight\">09:15<\/span><span class=\"grow flex font-title font-bold text-base text-black group-hover:text-red-600 leading-tight\"><br \/>\n                    Ignacio Buse a c\u00e2\u0219tigat turneul ATP de la Winston-Salem. Peruanul a scris istorie la 22 de ani<br \/>\n                <\/span><\/div>\n<p><\/a><\/article>\n<article class=\"py-2 border-b border-zinc-400 group\"><a href=\"https:\/\/newsweek.ro\/social\/intrebarile-care-pot-distruge-definitiv-o-relatie-ce-nu-ar-trebui-sa-i-spui-niciodata-partenerului-tau\"><\/p>\n<div class=\"flex gap-2\"><span class=\"flex-none text-red-600 font-title font-bold leading-tight\">09:00<\/span><span class=\"grow flex font-title font-bold text-base text-black group-hover:text-red-600 leading-tight\"><br \/>\n                    \u00centreb\u0103rile care pot distruge definitiv o rela\u021bie. Ce nu ar trebui s\u0103-i spui niciodat\u0103 partenerului t\u0103u?<br \/>\n                <\/span><\/div>\n<p><\/a><\/article>\n<article class=\"py-2 border-b border-zinc-400 group\"><a href=\"https:\/\/newsweek.ro\/stiinta\/un-mister-preistoric-descoperit-la-cateva-sute-de-kilometri-de-romania-e-mai-vechi-decat-stonehenge\"><\/p>\n<div class=\"flex gap-2\"><span class=\"flex-none text-red-600 font-title font-bold leading-tight\">08:45<\/span><span class=\"grow flex font-title font-bold text-base text-black group-hover:text-red-600 leading-tight\"><br \/>\n                    Un mister preistoric, descoperit la c\u00e2teva sute de kilometri de Rom\u00e2nia. E mai vechi dec\u00e2t Stonehenge<br \/>\n                <\/span><\/div>\n<p><\/a><\/article>\n<\/p>\n<p>[analyse_source url=&#8221;https:\/\/newsweek.ro\/istorie\/dictatul-de-la-viena-prin-ochii-ministrului-de-externe-al-romaniei-in-clipa-aceea-mi-am-pierdut-cunostinta?utm_source=adevarul.ro&amp;utm_medium=feed&amp;utm_campaign=crossout&#8221;]<\/p>\n","protected":false},"excerpt":{"rendered":"<p>[analyse_image type=&#8221;featured&#8221; src=&#8221;https:\/\/newsweek.ro\/resize\/sFX3t4t1AR55yOILdSnBjR9plMMCPY__9b6GN_4ZkQE\/rs:fill:1200:630:1\/g:ce\/aHR0cHM6Ly9uZXdzd2Vlay5yby9zdG9yYWdlL211bHRpbWVkaWEvMjAyNi8wOC9CajdtaXlORDBScHlnVWZ4WXVBZjdqblhadlVpZklUWUhzOHlFUERGLmpwZw.webp&#8221;] Dictatul de la Viena prin ochii ministrului de Externe al Rom\u00e2niei: \u201e\u00cen clipa aceea, mi-am pierdut cuno\u015ftin\u0163a\u201d Istorie \u2022 DEGabriel Pene\u0219 Data public\u0103rii: 30.08.2026 \u2022 07:00 Data actualiz\u0103rii: 30.08.2026 \u2022 09:47 Semnarea Dictatului de la Viena de c\u0103tre ministrul de externe al Ungariei, contele Istv\u00e1n Cs\u00e2ky &#8211; Foto: arhiva Harta Rom\u00e2niei \u00een [&hellip;]<\/p>\n","protected":false},"author":1,"featured_media":0,"comment_status":"open","ping_status":"","sticky":false,"template":"","format":"standard","meta":{"footnotes":""},"categories":[89],"tags":[],"class_list":["post-2118983","post","type-post","status-publish","format-standard","hentry","category-romania"],"_links":{"self":[{"href":"https:\/\/analyse.optim.biz\/index.php?rest_route=\/wp\/v2\/posts\/2118983","targetHints":{"allow":["GET"]}}],"collection":[{"href":"https:\/\/analyse.optim.biz\/index.php?rest_route=\/wp\/v2\/posts"}],"about":[{"href":"https:\/\/analyse.optim.biz\/index.php?rest_route=\/wp\/v2\/types\/post"}],"author":[{"embeddable":true,"href":"https:\/\/analyse.optim.biz\/index.php?rest_route=\/wp\/v2\/users\/1"}],"replies":[{"embeddable":true,"href":"https:\/\/analyse.optim.biz\/index.php?rest_route=%2Fwp%2Fv2%2Fcomments&post=2118983"}],"version-history":[{"count":0,"href":"https:\/\/analyse.optim.biz\/index.php?rest_route=\/wp\/v2\/posts\/2118983\/revisions"}],"wp:attachment":[{"href":"https:\/\/analyse.optim.biz\/index.php?rest_route=%2Fwp%2Fv2%2Fmedia&parent=2118983"}],"wp:term":[{"taxonomy":"category","embeddable":true,"href":"https:\/\/analyse.optim.biz\/index.php?rest_route=%2Fwp%2Fv2%2Fcategories&post=2118983"},{"taxonomy":"post_tag","embeddable":true,"href":"https:\/\/analyse.optim.biz\/index.php?rest_route=%2Fwp%2Fv2%2Ftags&post=2118983"}],"curies":[{"name":"wp","href":"https:\/\/api.w.org\/{rel}","templated":true}]}}