{"id":2118971,"date":"2026-08-30T05:43:14","date_gmt":"2026-08-30T02:43:14","guid":{"rendered":"https:\/\/analyse.optim.biz\/?p=2118971"},"modified":"2026-08-30T05:43:14","modified_gmt":"2026-08-30T02:43:14","slug":"focuri-de-arma-la-o-petrecere-rave-in-elvetia-un-om-a-murit-si-cinci-au-fost-raniti-atacatorii-sunt-inca","status":"publish","type":"post","link":"https:\/\/analyse.optim.biz\/?p=2118971","title":{"rendered":"Focuri de arm\u0103 la o petrecere rave \u00een Elve\u0163ia: Un om a murit \u015fi cinci au fost r\u0103ni\u0163i. Atacatorii sunt \u00eenc\u0103&#8230;"},"content":{"rendered":"<p>[analyse_image type=&#8221;featured&#8221; src=&#8221;https:\/\/s.iw.ro\/gateway\/g\/ZmlsZVNvdXJjZT1odHRwJTNBJTJGJTJG\/c3RvcmFnZTA4dHJhbnNjb2Rlci5yY3Mt\/cmRzLnJvJTJGc3RvcmFnZSUyRjIwMjYl\/MkYwOCUyRjMwJTJGMjkyOTk2OV8yOTI5\/OTY5X3Byb2ZpbWVkaWEtMDE5MjY0ODkw\/MS5qcGcmdz0xMjAwJmg9NjMwJnpjPTEm\/aGFzaD02ZGE0Nzg2OGE0ZDcyODhiNjdiMjcwYjE3NDc3Yjc1Yw==.thumb.jpg&#8221;]<\/p>\n<div class=\"entry data-app-meta data-app-meta-article\" data-embed-base-url-canonical=\"https:\/\/www.digi24.ro\/embed\/stiri\/externe\/focuri-de-arma-la-o-petrecere-rave-din-elvetia-politia-anunta-mai-multe-victime-3927183\">\n<p data-index=\"1\"><strong>Focuri de arm\u0103 au f\u0103cut mai multe victime \u00een noaptea de s\u00e2mb\u0103t\u0103 spre duminic\u0103 la o petrecere rave \u00een Aarau, \u00een nordul Elve\u0163iei, \u00een apropiere de Zurich, a anun\u0163at poli\u0163ia. Un om a murit \u0219i 5 au fost r\u0103ni\u021bi, iar autorii atacului sunt \u00eenc\u0103 \u00een libertate.<\/strong><\/p>\n<p data-index=\"2\"><strong>ACTUALIZARE 10.12\u00a0<\/strong>Focurile de arm\u0103 care au avut loc \u00een noaptea de s\u00e2mb\u0103t\u0103 spre duminic\u0103 \u00een marja unei petreceri rave de la un hipodrom din Aarau, \u00een nordul Elve\u0163iei, \u00een apropiere de Zurich, au f\u0103cut un mort \u015fi cinci r\u0103ni\u0163i, a anun\u0163at poli\u0163ia, preciz\u00e2nd c\u0103 autorii atacului sunt \u00eenc\u0103 \u00een libertate, relateaz\u0103 AFP \u0219i Agerpres.<\/p>\n<p data-index=\"3\">&#8220;Conform primelor constat\u0103ri, focurile de arm\u0103 din aceast\u0103 noapte din sectorul Schachen din Aarau au dus la un deces \u015fi cinci r\u0103ni\u0163i, unii dintre ace\u015ftia \u00een stare grav\u0103. C\u0103utarea autorilor, care sunt \u00een prezent necunoscu\u0163i, este \u00een desf\u0103\u015furare&#8221;, a anun\u0163at poli\u0163ia din cantonul Aargau pe platforma X.<\/p>\n<p data-index=\"4\">Poli\u0163ia a ad\u0103ugat c\u0103 &#8220;posibilele motive \u015fi circumstan\u0163ele exacte ale incidentului r\u0103m\u00e2n neclare deocamdat\u0103&#8221;.<\/p>\n<p data-index=\"5\">\u00centr-o \u00eenregistrare video de pe site-ul tabloidului Blick se aud focuri de arm\u0103 succesive.<\/p>\n<p data-index=\"6\">Zone \u00eentinse din ora\u015ful Aarau sunt izolate, a precizat poli\u0163ia, iar prezen\u0163a sa dincolo de localitate este sporit\u0103 ca m\u0103sur\u0103 de precau\u0163ie.<\/p>\n<p data-index=\"7\">Elve\u0163ia are una dintre cele mai mari rate de de\u0163inere de arme din Europa, de\u015fi \u00eempu\u015fc\u0103turile violente sunt rare, iar \u00een 2019 a aprobat reguli mai stricte de control al armelor.<\/p>\n<p data-index=\"8\"><strong>\u0218TIRE INI\u021aIAL\u0102:<\/strong> \u201eAarau: Focuri de arm\u0103 la un eveniment din Schachen. Mai multe victime. Opera\u0163iune poli\u0163ieneasc\u0103 ampl\u0103 \u00een desf\u0103\u015furare. Sta\u0163i departe de zon\u0103\u201d, a transmis poli\u0163ia pe X, f\u0103r\u0103 a oferi detalii suplimentare \u00een acest moment.<\/p>\n<p data-index=\"9\">Conform presei locale, opera\u0163iunea poli\u0163iei \u00een curs ar putea \u00eensemna c\u0103 suspec\u0163ii sunt \u00een continuare c\u0103uta\u0163i.<\/p>\n<p data-index=\"10\">Ziarul elve\u0163ian Blick a relatat pe site-ul s\u0103u c\u0103 focurile de arm\u0103 au fost trase \u00eenainte de ora 03:00 (01:00 GMT) \u00een marja &#8216;Aarauer Rave&#8217;, o petrecere techno anual\u0103 care a atras aproximativ 3.500 de persoane la hipodromul din Aarau de s\u00e2mb\u0103t\u0103, ora 15:00, \u015fi p\u00e2n\u0103 duminic\u0103, ora 02:00.<\/p>\n<p data-index=\"11\">Incidentul \u201ear fi avut loc la hipodrom\u201d, a declarat purt\u0103toarea de cuv\u00e2nt a poli\u0163iei, Vanessa Rumpold, pentru ziar. Deocamdat\u0103, poli\u0163ia poate confirma c\u0103 \u201emai multe focuri de arm\u0103 au fost trase \u00een cadrul unui grup mare de persoane\u201d, a ad\u0103ugat ea.<\/p>\n<p data-index=\"12\">Conform ziarului, un martor a spus c\u0103 a auzit \u201efocuri de arm\u0103 \u00een rafal\u0103\u201d.<\/p>\n<p> Editor : <a href=\"https:\/\/www.digi24.ro\/autor\/alina-popescu\"> A.P. <\/a><\/p>\n<\/div>\n<p>[analyse_source url=&#8221;https:\/\/www.digi24.ro\/stiri\/externe\/focuri-de-arma-la-o-petrecere-rave-din-elvetia-politia-anunta-mai-multe-victime-3927183&#8243;]<\/p>\n","protected":false},"excerpt":{"rendered":"<p>[analyse_image type=&#8221;featured&#8221; src=&#8221;https:\/\/s.iw.ro\/gateway\/g\/ZmlsZVNvdXJjZT1odHRwJTNBJTJGJTJG\/c3RvcmFnZTA4dHJhbnNjb2Rlci5yY3Mt\/cmRzLnJvJTJGc3RvcmFnZSUyRjIwMjYl\/MkYwOCUyRjMwJTJGMjkyOTk2OV8yOTI5\/OTY5X3Byb2ZpbWVkaWEtMDE5MjY0ODkw\/MS5qcGcmdz0xMjAwJmg9NjMwJnpjPTEm\/aGFzaD02ZGE0Nzg2OGE0ZDcyODhiNjdiMjcwYjE3NDc3Yjc1Yw==.thumb.jpg&#8221;] Focuri de arm\u0103 au f\u0103cut mai multe victime \u00een noaptea de s\u00e2mb\u0103t\u0103 spre duminic\u0103 la o petrecere rave \u00een Aarau, \u00een nordul Elve\u0163iei, \u00een apropiere de Zurich, a anun\u0163at poli\u0163ia. Un om a murit \u0219i 5 au fost r\u0103ni\u021bi, iar autorii atacului sunt \u00eenc\u0103 \u00een libertate. ACTUALIZARE 10.12\u00a0Focurile de arm\u0103 care au [&hellip;]<\/p>\n","protected":false},"author":1,"featured_media":0,"comment_status":"open","ping_status":"","sticky":false,"template":"","format":"standard","meta":{"footnotes":""},"categories":[89],"tags":[226,11],"class_list":["post-2118971","post","type-post","status-publish","format-standard","hentry","category-romania","tag-crawlmanager","tag-digi24"],"_links":{"self":[{"href":"https:\/\/analyse.optim.biz\/index.php?rest_route=\/wp\/v2\/posts\/2118971","targetHints":{"allow":["GET"]}}],"collection":[{"href":"https:\/\/analyse.optim.biz\/index.php?rest_route=\/wp\/v2\/posts"}],"about":[{"href":"https:\/\/analyse.optim.biz\/index.php?rest_route=\/wp\/v2\/types\/post"}],"author":[{"embeddable":true,"href":"https:\/\/analyse.optim.biz\/index.php?rest_route=\/wp\/v2\/users\/1"}],"replies":[{"embeddable":true,"href":"https:\/\/analyse.optim.biz\/index.php?rest_route=%2Fwp%2Fv2%2Fcomments&post=2118971"}],"version-history":[{"count":0,"href":"https:\/\/analyse.optim.biz\/index.php?rest_route=\/wp\/v2\/posts\/2118971\/revisions"}],"wp:attachment":[{"href":"https:\/\/analyse.optim.biz\/index.php?rest_route=%2Fwp%2Fv2%2Fmedia&parent=2118971"}],"wp:term":[{"taxonomy":"category","embeddable":true,"href":"https:\/\/analyse.optim.biz\/index.php?rest_route=%2Fwp%2Fv2%2Fcategories&post=2118971"},{"taxonomy":"post_tag","embeddable":true,"href":"https:\/\/analyse.optim.biz\/index.php?rest_route=%2Fwp%2Fv2%2Ftags&post=2118971"}],"curies":[{"name":"wp","href":"https:\/\/api.w.org\/{rel}","templated":true}]}}