{"id":2118930,"date":"2026-08-30T06:54:07","date_gmt":"2026-08-30T03:54:07","guid":{"rendered":"https:\/\/analyse.optim.biz\/?p=2118930"},"modified":"2026-08-30T06:54:07","modified_gmt":"2026-08-30T03:54:07","slug":"detaliul-observat-de-alexandru-ciucu-cu-cine-seamana-de-fapt-fiicele-lui-si-ale-alinei-sorescu","status":"publish","type":"post","link":"https:\/\/analyse.optim.biz\/?p=2118930","title":{"rendered":"Detaliul observat de Alexandru Ciucu. Cu cine seam\u0103n\u0103, de fapt, fiicele lui \u0219i ale Alinei Sorescu"},"content":{"rendered":"<p>[analyse_image type=&#8221;featured&#8221; src=&#8221;https:\/\/cdn.adh.reperio.news\/image-d\/dcb6b918-bd3e-4666-9ffc-719b63d40974\/index.png?p=f%3Djpeg%26w%3D1200%26h%3D630%26r%3Dcover%26c%3D0.104%252C0%252C0.896%252C1&#8243;]<\/p>\n<article class=\"svelte-16kvm1c\">\n<section class=\"body svelte-16kvm1c\">\n<p class=\"svelte-16kvm1c\">Dup\u0103 o perioad\u0103 \u00een care rela\u021bia dintre Alexandru Ciucu \u0219i<br \/>\nAlina Sorescu a fost marcat\u0103 de tensiuni \u0219i dispute, cei doi au reu\u0219it s\u0103 lase<br \/>\nne\u00een\u021belegerile \u00een urm\u0103 \u0219i s\u0103 p\u0103streze o <a href=\"https:\/\/click.ro\/vedete\/vedete-romanesti\/paula-seling-reactie-neasteptata-dupa-ce-relatia-2552234.html\">rela\u021bie<\/a><br \/>\ncivilizat\u0103 de dragul fiicelor lor. Designerul a vorbit recent despre Raisa \u0219i<br \/>\nCarolina \u0219i a dezv\u0103luit cum sunt cele dou\u0103 fete \u0219i cu cine seam\u0103n\u0103 mai mult.<\/p>\n<div class=\"container-image  svelte-1xbw4f3\"><source type=\"image\/webp\" srcset=\"https:\/\/cdn.adh.reperio.news\/image-d\/dcb6b918-bd3e-4666-9ffc-719b63d40974\/index.png?p=a%3D1%26co%3D1.05%26w%3D1400%26h%3D650%26r%3Dcontain%26f%3Dwebp 1400w\" media=\"(min-width: 1400px)\" \/><\/p>\n<div class=\"caption svelte-1xbw4f3\"><span class=\"captionText svelte-1xbw4f3\">Alexandru Ciucu, dezv\u0103luiri nea\u0219teptate despre fiicele lui <span class=\"source svelte-1xbw4f3\">Foto: arhiva Click!<\/span><\/span><\/div>\n<\/div>\n<p class=\"svelte-16kvm1c\">Alexandru Ciucu \u0219i Alina Sorescu au divor\u021bat oficial \u00een urm\u0103<br \/>\ncu aproximativ un an \u0219i jum\u0103tate, dup\u0103 trei ani \u00een care \u0219i-au disputat \u00een<br \/>\ninstan\u021b\u0103 mai multe aspecte ale desp\u0103r\u021birii. Perioada respectiv\u0103 a fost una<br \/>\ndificil\u0103 pentru am\u00e2ndoi, iar <a href=\"https:\/\/click.ro\/vedete\/vedete-romanesti\/primele-declaratii-alexandru-constantin-va-2552644.html\">declara\u021biile<\/a><br \/>\n\u0219i repro\u0219urile dintre cei doi au \u021binut mult timp prima pagin\u0103 a presei.<\/p>\n<p class=\"svelte-16kvm1c\">\u00cen cele din urm\u0103, \u00eens\u0103, lucrurile par s\u0103 se fi a\u0219ezat.<br \/>\nPentru Carolina \u0219i Raisa, fostul cuplu \u00eencearc\u0103 s\u0103 p\u0103streze o rela\u021bie c\u00e2t mai<br \/>\nechilibrat\u0103 \u0219i s\u0103 le ofere fetelor stabilitatea de care au nevoie.<\/p>\n<p class=\"svelte-16kvm1c\">Recent, Alexandru Ciucu a vorbit despre cele dou\u0103 fiice ale<br \/>\nsale \u0219i despre personalit\u0103\u021bile lor. Designerul a explicat c\u0103, de\u0219i fetele au<br \/>\ntr\u0103s\u0103turi de la ambii p\u0103rin\u021bi, fiecare pare s\u0103 fi mo\u0219tenit anumite<br \/>\ncaracteristici mai accentuat.<\/p>\n<h2>Vacan\u021bele al\u0103turi de fiice au un \u201efarmec aparte\u201d<\/h2>\n<p class=\"svelte-16kvm1c\"><i>\u201eTrebuie s\u0103 spun c\u0103 sunt un melanj din am\u00e2ndoi, at\u00e2t la<br \/>\nfizic, la fizionomie, c\u00e2t \u0219i la felul de a fi. Carolina seam\u0103n\u0103 mai mult cu<br \/>\nmine la fizic, dar are mai multe tr\u0103s\u0103turi de la Alina, din felul ei de a fi \u0219i<br \/>\nla Raisa e cumva invers<\/i>\u201d, a spus designerul pentru <a href=\"https:\/\/www.viva.ro\/vedete-si-evenimente\/alexandru-ciucu-tata-fiice-re-3983968\" rel=\"nofollow\">viva.ro<\/a>.<\/p>\n<p class=\"svelte-16kvm1c\">Alexandru Ciucu a povestit \u0219i despre una dintre pasiunile<br \/>\ncare le apropie pe fete de tat\u0103l lor: timpul petrecut \u00eempreun\u0103, inclusiv<br \/>\nvacan\u021bele \u00een care familia este \u00eenso\u021bit\u0103 de animalul de companie.<\/p>\n<p class=\"svelte-16kvm1c\">C\u00e2inele Cairo ocup\u0103 un loc special \u00een via\u021ba fetelor, iar<br \/>\ndesignerul a m\u0103rturisit c\u0103 o vacan\u021b\u0103 al\u0103turi de patruped are o atmosfer\u0103<br \/>\naparte.<\/p>\n<p class=\"svelte-16kvm1c\"><i>\u201eMai nou mergem \u00een vacan\u021be cu Cairo, cu c\u00e2inele pe care<br \/>\nl-am \u0219i pierdut acum ceva timp, dar l-am \u0219i g\u0103sit, ceea ce m-a bucurat enorm.<br \/>\nAm descoperit c\u0103 vacan\u021bele cu al nostru c\u0103\u021bel au a\u0219a un farmec aparte<\/i>\u201d, a<br \/>\npovestit creatorul de mod\u0103.<\/p>\n<aside class=\"related-articles svelte-q9e0q8\"><span class=\"related-label svelte-q9e0q8\">Mai multe pentru tine<\/span><\/p>\n<div class=\"related-list svelte-q9e0q8\"><a href=\"https:\/\/click.ro\/vedete\/vedete-romanesti\/alexandru-ciucu-prima-reactie-dupa-controversa-de-2547675.html\" class=\"related-card svelte-q9e0q8\"><\/p>\n<div class=\"related-image svelte-q9e0q8\"><source type=\"image\/webp\" srcset=\"https:\/\/cdn.adh.reperio.news\/image-d\/d3bb6aeb-9e74-40b3-a68f-601d30e8bb11\/index.jpeg?p=a%3D1%26co%3D1.05%26w%3D120%26h%3D80%26r%3Dcover%26f%3Dwebp 120w\" media=\"(min-width: 120px)\" \/><\/div>\n<p><span class=\"related-title svelte-q9e0q8\">Alexandru Ciucu, prima reac\u021bie dup\u0103 controversa de la Nibiru: \u201eNu credeam c\u0103 o s\u0103 ias\u0103 a\u0219a mare discu\u021bie\u201d<\/span><\/a><a href=\"https:\/\/click.ro\/vedete\/vedete-romanesti\/alexandru-ciucu-marturisiri-sincere-despre-o-noua-2549066.html\" class=\"related-card svelte-q9e0q8\"><\/p>\n<div class=\"related-image svelte-q9e0q8\"><source type=\"image\/webp\" srcset=\"https:\/\/cdn.adh.reperio.news\/image-d\/dcb6b918-bd3e-4666-9ffc-719b63d40974\/index.png?p=a%3D1%26co%3D1.05%26w%3D120%26h%3D80%26r%3Dcover%26f%3Dwebp 120w\" media=\"(min-width: 120px)\" \/><\/div>\n<p><span class=\"related-title svelte-q9e0q8\">Alexandru Ciucu, m\u0103rturisiri sincere despre o nou\u0103 rela\u021bie \u0219i un posibil copil: \u201eNu \u0219tiu dac\u0103 ar fi corect\u201d<\/span><\/a><a href=\"https:\/\/adevarul.ro\/stil-de-viata\/magazin\/copilul-imparat-si-barbarul-oamenii-care-au-adus-2552047.html?utm_source=click.ro&amp;utm_campaign=cross\" class=\"related-card svelte-q9e0q8\"><\/p>\n<div class=\"related-image svelte-q9e0q8\"><source type=\"image\/webp\" srcset=\"https:\/\/cdn.adh.reperio.news\/image-b\/be8e914b-a9c6-4849-a74f-ad1c3e0b643f\/index.jpeg?p=a%3D1%26co%3D1.05%26w%3D120%26h%3D80%26r%3Dcover%26f%3Dwebp 120w\" media=\"(min-width: 120px)\" \/><\/div>\n<p><span class=\"related-title svelte-q9e0q8\">Copilul \u00eemp\u0103rat \u0219i barbarul, oamenii care au adus o nou\u0103 er\u0103. Cum s-a pr\u0103bu\u0219it cel mai longeviv imperiu din istoria lumii <\/span><\/a><\/div>\n<\/aside>\n<h2>Dou\u0103 s\u0103pt\u0103m\u00e2ni \u0219i aproape 2.500 de kilometri prin Rom\u00e2nia<\/h2>\n<p class=\"svelte-16kvm1c\">La sf\u00e2r\u0219itul lunii trecute, <a href=\"https:\/\/click.ro\/vedete\/vedete-romanesti\/ce-s-a-intamplat-in-vacanta-lui-alexandru-ciucu-cu-2547115.html\">Alexandru<br \/>\nCiucu<\/a> a petrecut dou\u0103 s\u0103pt\u0103m\u00e2ni al\u0103turi de Raisa \u0219i Carolina \u00eentr-o vacan\u021b\u0103<br \/>\nprin Rom\u00e2nia. Cei trei au parcurs aproape 2.500 de kilometri \u0219i au descoperit<br \/>\n\u00eempreun\u0103 numeroase locuri importante din punct de vedere istoric \u0219i religios.<\/p>\n<p class=\"svelte-16kvm1c\">La scurt timp, Alexandru Ciucu a avut parte \u0219i de o situa\u021bie<br \/>\nnepl\u0103cut\u0103 la Nibiru. Designerul nu a putut intra \u00een incinta festivalului<br \/>\nal\u0103turi de c\u00e2inele s\u0103u, Cairo, astfel c\u0103 planurile sale au fost date peste cap.<\/p>\n<\/section>\n<footer class=\"svelte-16kvm1c\">\n<div class=\"authors svelte-16kvm1c\"><a href=\"https:\/\/click.ro\/author\/1966\" class=\"svelte-16kvm1c\">Andreea Fecioru<\/a><\/div>\n<div class=\"tags svelte-16kvm1c\"><a href=\"https:\/\/click.ro\/tag\/alexandru%20ciucu\" title=\"Ultimele \u0219tiri despre alexandru ciucu\" class=\"svelte-16kvm1c\">alexandru ciucu<\/a><a href=\"https:\/\/click.ro\/tag\/fiice\" title=\"Ultimele \u0219tiri despre fiice\" class=\"svelte-16kvm1c\">fiice<\/a><a href=\"https:\/\/click.ro\/tag\/alina%20sorescu\" title=\"Ultimele \u0219tiri despre alina sorescu\" class=\"svelte-16kvm1c\">alina sorescu<\/a><\/div>\n<\/footer>\n<\/article>\n<p>[analyse_source url=&#8221;https:\/\/click.ro\/vedete\/vedete-romanesti\/detaliul-observat-de-alexandru-ciucu-cu-cine-2552926.html?utm_source=adevarul.ro&amp;utm_campaign=homepage&#8221;]<\/p>\n","protected":false},"excerpt":{"rendered":"<p>[analyse_image type=&#8221;featured&#8221; src=&#8221;https:\/\/cdn.adh.reperio.news\/image-d\/dcb6b918-bd3e-4666-9ffc-719b63d40974\/index.png?p=f%3Djpeg%26w%3D1200%26h%3D630%26r%3Dcover%26c%3D0.104%252C0%252C0.896%252C1&#8243;] Dup\u0103 o perioad\u0103 \u00een care rela\u021bia dintre Alexandru Ciucu \u0219i Alina Sorescu a fost marcat\u0103 de tensiuni \u0219i dispute, cei doi au reu\u0219it s\u0103 lase ne\u00een\u021belegerile \u00een urm\u0103 \u0219i s\u0103 p\u0103streze o rela\u021bie civilizat\u0103 de dragul fiicelor lor. Designerul a vorbit recent despre Raisa \u0219i Carolina \u0219i a dezv\u0103luit cum sunt cele [&hellip;]<\/p>\n","protected":false},"author":1,"featured_media":0,"comment_status":"open","ping_status":"","sticky":false,"template":"","format":"standard","meta":{"footnotes":""},"categories":[89],"tags":[],"class_list":["post-2118930","post","type-post","status-publish","format-standard","hentry","category-romania"],"_links":{"self":[{"href":"https:\/\/analyse.optim.biz\/index.php?rest_route=\/wp\/v2\/posts\/2118930","targetHints":{"allow":["GET"]}}],"collection":[{"href":"https:\/\/analyse.optim.biz\/index.php?rest_route=\/wp\/v2\/posts"}],"about":[{"href":"https:\/\/analyse.optim.biz\/index.php?rest_route=\/wp\/v2\/types\/post"}],"author":[{"embeddable":true,"href":"https:\/\/analyse.optim.biz\/index.php?rest_route=\/wp\/v2\/users\/1"}],"replies":[{"embeddable":true,"href":"https:\/\/analyse.optim.biz\/index.php?rest_route=%2Fwp%2Fv2%2Fcomments&post=2118930"}],"version-history":[{"count":0,"href":"https:\/\/analyse.optim.biz\/index.php?rest_route=\/wp\/v2\/posts\/2118930\/revisions"}],"wp:attachment":[{"href":"https:\/\/analyse.optim.biz\/index.php?rest_route=%2Fwp%2Fv2%2Fmedia&parent=2118930"}],"wp:term":[{"taxonomy":"category","embeddable":true,"href":"https:\/\/analyse.optim.biz\/index.php?rest_route=%2Fwp%2Fv2%2Fcategories&post=2118930"},{"taxonomy":"post_tag","embeddable":true,"href":"https:\/\/analyse.optim.biz\/index.php?rest_route=%2Fwp%2Fv2%2Ftags&post=2118930"}],"curies":[{"name":"wp","href":"https:\/\/api.w.org\/{rel}","templated":true}]}}