{"id":2118929,"date":"2026-08-30T04:00:29","date_gmt":"2026-08-30T01:00:29","guid":{"rendered":"https:\/\/analyse.optim.biz\/?p=2118929"},"modified":"2026-08-30T04:00:29","modified_gmt":"2026-08-30T01:00:29","slug":"cand-este-echinoctiul-de-toamna-2026-de-la-ce-data-noptile-devin-mai-lungi-decat-zilele","status":"publish","type":"post","link":"https:\/\/analyse.optim.biz\/?p=2118929","title":{"rendered":"C\u00e2nd este echinoc\u021biul de toamn\u0103 2026: De la ce dat\u0103 nop\u021bile devin mai lungi dec\u00e2t zilele"},"content":{"rendered":"<p>[analyse_image type=&#8221;featured&#8221; src=&#8221;https:\/\/s.iw.ro\/gateway\/g\/ZmlsZVNvdXJjZT1odHRwJTNBJTJGJTJG\/c3RvcmFnZTA4dHJhbnNjb2Rlci5yY3Mt\/cmRzLnJvJTJGc3RvcmFnZSUyRjIwMjYl\/MkYwOCUyRjI4JTJGMjkyODkzM18yOTI4\/OTMzX0VjaGlub2N0aXVsLWRlLXRvYW1u\/YS0yMDI2Xy1Gb3RvLUdldHR5LUltYWdl\/cy5qcGcmdz0xMjAwJmg9NjMwJnpjPTEm\/aGFzaD02NzgwY2VmYTY2MzMzNTE0YzBmODhiNmZmNDg4NDJhNA==.thumb.jpg&#8221;]<\/p>\n<div class=\"entry data-app-meta data-app-meta-article\" data-embed-base-url-canonical=\"https:\/\/www.digi24.ro\/embed\/stiri\/actualitate\/evenimente\/cand-este-echinoctiul-de-toamna-2026-de-la-ce-data-noptile-devin-mai-lungi-decat-zilele-3925793\">\n<p data-index=\"1\"><strong>Echinoc\u021biul de toamn\u0103 din 2026 va avea loc pe 23 septembrie, la ora 03:05, ora Rom\u00e2niei, \u0219i va marca \u00eenceputul toamnei astronomice \u00een emisfera nordic\u0103. Din aceast\u0103 perioad\u0103, durata zilelor va continua s\u0103 scad\u0103, iar nop\u021bile vor deveni treptat mai lungi, p\u00e2n\u0103 la solsti\u021biul de iarn\u0103 din 21 decembrie.<\/strong><\/p>\n<p data-index=\"2\">\u00cen acela\u0219i timp, \u00een emisfera sudic\u0103, echinoc\u021biul de toamn\u0103 marcheaz\u0103 \u00eenceputul prim\u0103verii astronomice, ceea ce \u00eenseamn\u0103 c\u0103 anotimpurile se schimb\u0103 \u00een sens opus fa\u021b\u0103 de emisfera nordic\u0103.<\/p>\n<h2 id=\"highlight-3925793-1\">C\u00e2nd are loc echinoc\u021biul de toamn\u0103 \u00een 2026<\/h2>\n<p data-index=\"3\">Echinoc\u021biul de toamn\u0103 din 2026 va avea loc \u00een noaptea de 22 spre 23 septembrie, la ora 03:05, ora Rom\u00e2niei. Acest fenomen astronomic marcheaz\u0103 \u00eenceputul toamnei astronomice \u00een emisfera nordic\u0103.<\/p>\n<p data-index=\"4\">\u00cen aceea\u0219i perioad\u0103, \u00een emisfera sudic\u0103 \u00eencepe prim\u0103vara astronomic\u0103, cele dou\u0103 jum\u0103t\u0103\u021bi ale Globului av\u00e2nd anotimpuri opuse. Echinoc\u021biul reprezint\u0103 momentul \u00een care Soarele traverseaz\u0103 ecuatorul ceresc, iar durata zilei \u0219i a nop\u021bii este, \u00een linii mari, apropiat\u0103. ( Surs\u0103: <a href=\"https:\/\/astro-urseanu.ro\/echinoctiul-de-toamna\/\" target=\"_blank\" rel=\"noopener\" data-skip-linkfix=\"1\">Observatorul Astronomic \u201eAmiral Vasilce Urseanu\u201d<\/a>)<\/p>\n<h3>Cum se produce echinoc\u021biul<\/h3>\n<p data-index=\"5\">Fenomenul are loc atunci c\u00e2nd longitudinea astronomic\u0103 a Soarelui ajunge la 180 de grade, iar astrul traverseaz\u0103 ecuatorul ceresc, trec\u00e2nd din emisfera nordic\u0103 a sferei cere\u0219ti \u00een cea sudic\u0103.<\/p>\n<p data-index=\"6\">\u00cen apropierea echinoc\u021biului, Soarele r\u0103sare aproape de punctul cardinal est \u0219i apune \u00een apropierea celui vestic. La latitudinile Rom\u00e2niei, acesta ajunge la amiaz\u0103 la o \u00een\u0103l\u021bime de aproximativ 45 de grade deasupra orizontului.<\/p>\n<p data-index=\"7\">Dup\u0103 acest moment, traiectoria aparent\u0103 a astrului pe cer devine tot mai joas\u0103. R\u0103s\u0103ritul se produce mai t\u00e2rziu, apusul mai devreme, iar intervalul cu lumin\u0103 natural\u0103 se reduce p\u00e2n\u0103 la solsti\u021biul de iarn\u0103 din 21 decembrie.<\/p>\n<h3>De unde provine cuv\u00e2ntul \u201eechinoc\u021biu\u201d<\/h3>\n<p data-index=\"8\">Termenul \u201eechinoc\u021biu\u201d provine din francezul \u201e\u00e9quinoxe\u201d, cu originea \u00een latinescul \u201eaequinoctium\u201d. Denumirea este format\u0103 din cuvintele \u201eaequus\u201d, care \u00eenseamn\u0103 \u201eegal\u201d, \u0219i \u201enox, noctis\u201d, cu sensul de \u201enoapte\u201d.<\/p>\n<p data-index=\"9\">Numele face trimitere la apropierea dintre durata zilei \u0219i cea a nop\u021bii, caracteristic\u0103 celor dou\u0103 echinoc\u021bii care se produc \u00een fiecare an, prim\u0103vara \u0219i toamna.<\/p>\n<h2 id=\"highlight-3925793-2\">Tradi\u021bii \u0219i obiceiuri la \u00eenceputul toamnei<\/h2>\n<p data-index=\"10\">Dincolo de semnifica\u021bia astronomic\u0103, aceast\u0103 perioad\u0103 este legat\u0103, \u00een cultura rural\u0103 rom\u00e2neasc\u0103, de \u00eencheierea treptat\u0103 a recolt\u0103rii \u0219i de preg\u0103tirea gospod\u0103riilor pentru sezonul rece.<\/p>\n<p data-index=\"11\">Dup\u0103 str\u00e2ngerea roadelor, oamenii pun recoltele la p\u0103strare, preg\u0103tesc proviziile \u0219i lemnele pentru foc \u0219i organizeaz\u0103 spa\u021biile destinate depozit\u0103rii alimentelor.<\/p>\n<p data-index=\"12\">\u00cen numeroase localit\u0103\u021bi sunt organizate t\u00e2rguri \u0219i pie\u021be de toamn\u0103, unde sunt valorificate fructele, legumele \u0219i celelalte produse ale sezonului. Aceste evenimente p\u0103streaz\u0103, \u00een forme adaptate prezentului, leg\u0103tura tradi\u021bional\u0103 dintre venirea toamnei, recolt\u0103 \u0219i apropierea iernii.<\/p>\n<h2 id=\"highlight-3925793-3\">C\u00e2nd trece Rom\u00e2nia la ora de iarn\u0103 \u00een 2026<\/h2>\n<p data-index=\"13\">Trecerea la ora de iarn\u0103 va avea loc \u00een noaptea de s\u00e2mb\u0103t\u0103, 24 octombrie, spre duminic\u0103, 25 octombrie 2026. La ora 04:00, ceasurile vor fi date \u00eenapoi, astfel \u00eenc\u00e2t ora 04:00 va deveni 03:00.<\/p>\n<p> Editor : <a href=\"https:\/\/www.digi24.ro\/autor\/marina-cimpoaca\"> M.C. <\/a><\/p>\n<\/div>\n<p>[analyse_source url=&#8221;https:\/\/www.digi24.ro\/stiri\/actualitate\/evenimente\/cand-este-echinoctiul-de-toamna-2026-de-la-ce-data-noptile-devin-mai-lungi-decat-zilele-3925793&#8243;]<\/p>\n","protected":false},"excerpt":{"rendered":"<p>[analyse_image type=&#8221;featured&#8221; src=&#8221;https:\/\/s.iw.ro\/gateway\/g\/ZmlsZVNvdXJjZT1odHRwJTNBJTJGJTJG\/c3RvcmFnZTA4dHJhbnNjb2Rlci5yY3Mt\/cmRzLnJvJTJGc3RvcmFnZSUyRjIwMjYl\/MkYwOCUyRjI4JTJGMjkyODkzM18yOTI4\/OTMzX0VjaGlub2N0aXVsLWRlLXRvYW1u\/YS0yMDI2Xy1Gb3RvLUdldHR5LUltYWdl\/cy5qcGcmdz0xMjAwJmg9NjMwJnpjPTEm\/aGFzaD02NzgwY2VmYTY2MzMzNTE0YzBmODhiNmZmNDg4NDJhNA==.thumb.jpg&#8221;] Echinoc\u021biul de toamn\u0103 din 2026 va avea loc pe 23 septembrie, la ora 03:05, ora Rom\u00e2niei, \u0219i va marca \u00eenceputul toamnei astronomice \u00een emisfera nordic\u0103. Din aceast\u0103 perioad\u0103, durata zilelor va continua s\u0103 scad\u0103, iar nop\u021bile vor deveni treptat mai lungi, p\u00e2n\u0103 la solsti\u021biul de iarn\u0103 din 21 decembrie. \u00cen acela\u0219i timp, [&hellip;]<\/p>\n","protected":false},"author":1,"featured_media":0,"comment_status":"open","ping_status":"","sticky":false,"template":"","format":"standard","meta":{"footnotes":""},"categories":[89],"tags":[],"class_list":["post-2118929","post","type-post","status-publish","format-standard","hentry","category-romania"],"_links":{"self":[{"href":"https:\/\/analyse.optim.biz\/index.php?rest_route=\/wp\/v2\/posts\/2118929","targetHints":{"allow":["GET"]}}],"collection":[{"href":"https:\/\/analyse.optim.biz\/index.php?rest_route=\/wp\/v2\/posts"}],"about":[{"href":"https:\/\/analyse.optim.biz\/index.php?rest_route=\/wp\/v2\/types\/post"}],"author":[{"embeddable":true,"href":"https:\/\/analyse.optim.biz\/index.php?rest_route=\/wp\/v2\/users\/1"}],"replies":[{"embeddable":true,"href":"https:\/\/analyse.optim.biz\/index.php?rest_route=%2Fwp%2Fv2%2Fcomments&post=2118929"}],"version-history":[{"count":0,"href":"https:\/\/analyse.optim.biz\/index.php?rest_route=\/wp\/v2\/posts\/2118929\/revisions"}],"wp:attachment":[{"href":"https:\/\/analyse.optim.biz\/index.php?rest_route=%2Fwp%2Fv2%2Fmedia&parent=2118929"}],"wp:term":[{"taxonomy":"category","embeddable":true,"href":"https:\/\/analyse.optim.biz\/index.php?rest_route=%2Fwp%2Fv2%2Fcategories&post=2118929"},{"taxonomy":"post_tag","embeddable":true,"href":"https:\/\/analyse.optim.biz\/index.php?rest_route=%2Fwp%2Fv2%2Ftags&post=2118929"}],"curies":[{"name":"wp","href":"https:\/\/api.w.org\/{rel}","templated":true}]}}