{"id":2118919,"date":"2026-08-30T06:52:31","date_gmt":"2026-08-30T03:52:31","guid":{"rendered":""},"modified":"2026-08-30T06:52:31","modified_gmt":"2026-08-30T03:52:31","slug":"apa-potabila-in-movila-banului-mihailesti-amaru-si-glodeanu-sarat","status":"publish","type":"post","link":"https:\/\/analyse.optim.biz\/?p=2118919","title":{"rendered":"Ap\u0103 potabil\u0103 \u00een Movila Banului, Mih\u0103ile\u0219ti, Amaru \u0219i Glodeanu S\u0103rat"},"content":{"rendered":"<p>[analyse_image type=&#8221;featured&#8221; src=&#8221;https:\/\/www.buzau.net\/stiri-din-buzau\/wp-content\/uploads\/2026\/08\/apa-potabila-in-movila-banului-mihailesti-amaru-si-glodeanu-sarat.jpg&#8221;]<\/p>\n<div id=\"mvp-content-main\" class=\"left relative\">\n<p>Locuitorii din comunele Movila Banului, Amaru, Glodeanu S\u0103rat \u0219i Mih\u0103ile\u0219ti vor beneficia de o re\u021bea modern\u0103 de alimentare cu ap\u0103 potabil\u0103, \u00een urma unui amplu proiect de investi\u021bii. Anun\u021bul a fost f\u0103cut de deputatul Romeo Lungu, pre\u0219edintele PSD Buz\u0103u, al\u0103turi de primarii celor patru localit\u0103\u021bi, dup\u0103 o \u00eent\u00e2lnire de lucru la care a participat \u0219i administratorul public al Consiliului Jude\u021bean, Alexandru Stoica.<\/p>\n<p>Proiectul a \u00eenregistrat un progres semnificativ odat\u0103 cu finalizarea unui nou tronson al conductei de aduc\u021biune \u00een comuna Amaru, care va deservi mai multe localit\u0103\u021bi din zon\u0103. Pentru locuitorii din Movila Banului, rezultatele sunt iminente, estim\u00e2ndu-se c\u0103 vor avea ap\u0103 la robinet \u00een aproximativ dou\u0103 s\u0103pt\u0103m\u00e2ni. Investi\u021bia continu\u0103 \u0219i pentru celelalte trei comune, Amaru, Mih\u0103ile\u0219ti \u0219i Glodeanu S\u0103rat, comunit\u0103\u021bi care a\u0219teapt\u0103 de ani de zile accesul la un serviciu esen\u021bial.<\/p>\n<blockquote>\n<p>\u201eVorbim despre comune care au a\u0219teptat ani de zile pentru un serviciu firesc \u00een 2026: ap\u0103 potabil\u0103. Vom continua s\u0103 sprijinim astfel de investi\u021bii. Apa, canalizarea \u0219i infrastructura de baz\u0103 trebuie s\u0103 ajung\u0103 \u00een fiecare comunitate din jude\u021b\u201d, a transmis deputatul Romeo Lungu, pre\u0219edintele PSD Buz\u0103u.<\/p>\n<\/blockquote>\n<p>Finan\u021barea acestui proiect a fost asigurat\u0103 din surse combinate, incluz\u00e2nd fonduri locale, sume alocate de Consiliul Jude\u021bean \u0219i un amendament introdus de parlamentarii PSD la bugetul de stat, demonstr\u00e2nd o colaborare eficient\u0103 \u00eentre administra\u021bia local\u0103, jude\u021bean\u0103 \u0219i central\u0103 pentru \u00eembun\u0103t\u0103\u021birea calit\u0103\u021bii vie\u021bii cet\u0103\u021benilor.<\/p>\n<div class=\"heateor_sss_sharing_container heateor_sss_horizontal_sharing\" data-heateor-sss-href=\"https:\/\/www.buzau.net\/stiri-din-buzau\/apa-potabila-in-movila-banului-mihailesti-amaru-si-glodeanu-sarat\/\">\n<div class=\"heateor_sss_sharing_title\">DISTRIBUIE ACEST ARTICOL<\/div>\n<\/div>\n<\/div>\n<p>[analyse_source url=&#8221;https:\/\/www.buzau.net\/stiri-din-buzau\/apa-potabila-in-movila-banului-mihailesti-amaru-si-glodeanu-sarat\/&#8221;]<\/p>\n","protected":false},"excerpt":{"rendered":"<p>[analyse_image type=&#8221;featured&#8221; src=&#8221;https:\/\/www.buzau.net\/stiri-din-buzau\/wp-content\/uploads\/2026\/08\/apa-potabila-in-movila-banului-mihailesti-amaru-si-glodeanu-sarat.jpg&#8221;] Locuitorii din comunele Movila Banului, Amaru, Glodeanu S\u0103rat \u0219i Mih\u0103ile\u0219ti vor beneficia de o re\u021bea modern\u0103 de alimentare cu ap\u0103 potabil\u0103, \u00een urma unui amplu proiect de investi\u021bii. Anun\u021bul a fost f\u0103cut de deputatul Romeo Lungu, pre\u0219edintele PSD Buz\u0103u, al\u0103turi de primarii celor patru localit\u0103\u021bi, dup\u0103 o \u00eent\u00e2lnire de lucru la care [&hellip;]<\/p>\n","protected":false},"author":1,"featured_media":0,"comment_status":"open","ping_status":"","sticky":false,"template":"","format":"standard","meta":{"footnotes":""},"categories":[2],"tags":[],"class_list":["post-2118919","post","type-post","status-publish","format-standard","hentry","category-politics"],"_links":{"self":[{"href":"https:\/\/analyse.optim.biz\/index.php?rest_route=\/wp\/v2\/posts\/2118919","targetHints":{"allow":["GET"]}}],"collection":[{"href":"https:\/\/analyse.optim.biz\/index.php?rest_route=\/wp\/v2\/posts"}],"about":[{"href":"https:\/\/analyse.optim.biz\/index.php?rest_route=\/wp\/v2\/types\/post"}],"author":[{"embeddable":true,"href":"https:\/\/analyse.optim.biz\/index.php?rest_route=\/wp\/v2\/users\/1"}],"replies":[{"embeddable":true,"href":"https:\/\/analyse.optim.biz\/index.php?rest_route=%2Fwp%2Fv2%2Fcomments&post=2118919"}],"version-history":[{"count":0,"href":"https:\/\/analyse.optim.biz\/index.php?rest_route=\/wp\/v2\/posts\/2118919\/revisions"}],"wp:attachment":[{"href":"https:\/\/analyse.optim.biz\/index.php?rest_route=%2Fwp%2Fv2%2Fmedia&parent=2118919"}],"wp:term":[{"taxonomy":"category","embeddable":true,"href":"https:\/\/analyse.optim.biz\/index.php?rest_route=%2Fwp%2Fv2%2Fcategories&post=2118919"},{"taxonomy":"post_tag","embeddable":true,"href":"https:\/\/analyse.optim.biz\/index.php?rest_route=%2Fwp%2Fv2%2Ftags&post=2118919"}],"curies":[{"name":"wp","href":"https:\/\/api.w.org\/{rel}","templated":true}]}}