{"id":2118912,"date":"2026-08-30T04:00:15","date_gmt":"2026-08-30T01:00:15","guid":{"rendered":"https:\/\/analyse.optim.biz\/?p=2118912"},"modified":"2026-08-30T04:00:15","modified_gmt":"2026-08-30T01:00:15","slug":"sfant-important-praznuit-pe-30-august-2026-cine-isi-serbeaza-onomastica-si-ce-semnificatie-are-sarbatoarea","status":"publish","type":"post","link":"https:\/\/analyse.optim.biz\/?p=2118912","title":{"rendered":"Sf\u00e2nt important pr\u0103znuit pe 30 august 2026. Cine \u00ee\u0219i serbeaz\u0103 onomastica \u0219i ce semnifica\u021bie are s\u0103rb\u0103toarea"},"content":{"rendered":"<p>[analyse_image type=&#8221;featured&#8221; src=&#8221;https:\/\/s.iw.ro\/gateway\/g\/ZmlsZVNvdXJjZT1odHRwJTNBJTJGJTJG\/c3RvcmFnZTA4dHJhbnNjb2Rlci5yY3Mt\/cmRzLnJvJTJGc3RvcmFnZSUyRjIwMjYl\/MkYwOCUyRjI1JTJGMjkyNDg3MV8yOTI0\/ODcxX1NmYW50dWwtQWxleGFuZHJ1LTIw\/MjZfLUZvdG8tR2V0dHktSW1hZ2VzLmpw\/ZyZ3PTEyMDAmaD02MzAmemM9MSZoYXNo\/PTRkMWM0ZTNiNzJiYTkwMGY2ODJkOTQ1OWMxZTRkODZi.thumb.jpg&#8221;]<\/p>\n<div class=\"entry data-app-meta data-app-meta-article\" data-embed-base-url-canonical=\"https:\/\/www.digi24.ro\/embed\/stiri\/actualitate\/evenimente\/sfant-important-praznuit-pe-30-august-2026-cine-isi-serbeaza-onomastica-si-ce-semnificatie-are-sarbatoarea-3920735\">\n<p data-index=\"1\"><strong>\u00cen calendarul ortodox, Sf\u00e2ntul Ierarh Alexandru este pr\u0103znuit la 30 august, zi \u00een care numero\u0219i rom\u00e2ni \u00ee\u0219i s\u0103rb\u0103toresc onomastica. Patriarh al Constantinopolului \u0219i participant la Primul Sinod Ecumenic de la Niceea, acesta a r\u0103mas cunoscut pentru ap\u0103rarea \u00eenv\u0103\u021b\u0103turii bisericii \u00een timpul marilor dispute religioase care au marcat primele veacuri cre\u0219tine.<\/strong><\/p>\n<p data-index=\"2\">Via\u021ba sa, legat\u0103 de una dintre perioadele definitorii ale cre\u0219tinismului timpuriu, a r\u0103mas \u00een memoria bisericii drept un exemplu de credin\u021b\u0103, \u00een\u021belepciune \u0219i devotament.<\/p>\n<h2 id=\"highlight-3920735-1\">Ce semnific\u0103 o s\u0103rb\u0103toare marcat\u0103 cu cruce neagr\u0103 \u00een calendarul ortodox<\/h2>\n<p data-index=\"3\">\u201e\u00cen calendarul ortodox, s\u0103rb\u0103torile marcate cu cruce neagr\u0103 sunt zile dedicate pomenirii unor sfin\u021bi sau evenimente religioase care nu au rangul marilor praznice ori al s\u0103rb\u0103torilor \u00eensemnate cu cruce ro\u0219ie. Chiar dac\u0103 slujbele sunt mai simple dec\u00e2t \u00een cazul marilor s\u0103rb\u0103tori, aceste zile au o semnifica\u021bie spiritual\u0103 important\u0103 pentru credincio\u0219i.<\/p>\n<p data-index=\"4\">Aceste s\u0103rb\u0103tori \u00eei invit\u0103 pe credincio\u0219i s\u0103 \u00eencetineasc\u0103 ritmul cotidian, s\u0103 se roage \u0219i s\u0103 mediteze, amintindu-le c\u0103 via\u021ba spiritual\u0103 se construie\u0219te nu numai prin marile praznice, ci \u0219i prin gesturile mici de evlavie \u0219i aten\u021bie fa\u021b\u0103 de sfin\u021bi.\u201d, a explicat preotul Marius Oblu pentru Digi24.ro<\/p>\n<h2 id=\"highlight-3920735-2\">Cine a fost Sf\u00e2ntul Ierarh Alexandru<\/h2>\n<p data-index=\"5\">Potrivit tradi\u021biei biserice\u0219ti, Sf\u00e2ntul Ierarh Alexandru s-a n\u0103scut \u00een anul 239, \u00een Calabria, regiune din sudul Italiei de ast\u0103zi, \u00eentr-o familie cre\u0219tin\u0103, fiind fiul lui Gheorghe \u0219i al Vrienei. \u00cenc\u0103 din tinere\u021be, \u0219i-a \u00eendreptat via\u021ba spre rug\u0103ciune \u0219i nevoin\u021b\u0103, aleg\u00e2nd pentru o perioad\u0103 s\u0103 tr\u0103iasc\u0103 \u00een pustnicie. \u00cen vremea prigoanelor \u00eempotriva cre\u0219tinilor, a trecut prin numeroase \u00eencerc\u0103ri, care i-au \u00eent\u0103rit credin\u021ba \u0219i i-au conturat drumul c\u0103tre slujirea bisericii.<\/p>\n<p data-index=\"6\">Ulterior, a plecat \u00een Grecia \u00eempreun\u0103 cu ucenicii s\u0103i Vitalie \u0219i Nichifor, iar de acolo a ajuns la Bizan\u021b, cetatea care avea s\u0103 devin\u0103 Constantinopol, unul dintre cele mai importante centre ale cre\u0219tin\u0103t\u0103\u021bii r\u0103s\u0103ritene. Aici l-a \u00eent\u00e2lnit pe Sf\u00e2ntul Mitrofan, episcopul ora\u0219ului, care, din cauza v\u00e2rstei \u00eenaintate, avea nevoie de sprijin \u00een \u00eendeplinirea \u00eendatoririlor arhiere\u0219ti. \u00cen anul 314, acesta l-a hirotonit pe Alexandru horepiscop, treapt\u0103 bisericeasc\u0103 ce presupunea exercitarea unor responsabilit\u0103\u021bi episcopale \u0219i p\u0103storirea comunit\u0103\u021bilor cre\u0219tine din teritoriile aflate \u00een apropierea unei cet\u0103\u021bi.<\/p>\n<h3>Sf\u00e2ntul Alexandru la Sinodul de la Niceea<\/h3>\n<p data-index=\"7\">Un moment important din via\u021ba Sf\u00e2ntului Alexandru a fost participarea la Primul Sinod Ecumenic de la Niceea, convocat \u00een anul 325 de \u00eemp\u0103ratul Constantin cel Mare. Din cauza v\u00e2rstei \u00eenaintate \u0219i a st\u0103rii precare de s\u0103n\u0103tate, Sf\u00e2ntul Mitrofan nu a putut lua parte la \u00eentrunire, motiv pentru care l-a trimis pe Alexandru s\u0103 \u00eel reprezinte.<\/p>\n<p data-index=\"8\">Potrivit tradi\u021biei biserice\u0219ti, acesta s-a num\u0103rat printre ap\u0103r\u0103torii dreptei credin\u021be \u00een disputa provocat\u0103 de \u00eenv\u0103\u021b\u0103tura lui Arie. Controversa arian\u0103, una dintre cele mai importante confrunt\u0103ri teologice ale primelor veacuri cre\u0219tine, privea raportul dintre Fiul \u0219i Dumnezeu Tat\u0103l. Sinodul a condamnat doctrina sus\u021binut\u0103 de Arie \u0219i a afirmat c\u0103 Iisus Hristos este deofiin\u021b\u0103 cu Tat\u0103l, formulare inclus\u0103 \u00een Crezul adoptat la Niceea.<\/p>\n<p data-index=\"9\">Dup\u0103 \u00eencheierea lucr\u0103rilor, Alexandru s-a \u00eentors la Bizan\u021b. Conform unei relat\u0103ri p\u0103strate \u00een scrierile biserice\u0219ti, Sf\u00e2ntului Mitrofan i s-ar fi vestit apropierea sf\u00e2r\u0219itului vie\u021bii, precum \u0219i faptul c\u0103 Alexandru avea s\u0103-i urmeze \u00een scaunul arhieresc. Dup\u0103 moartea acestuia, Alexandru a fost \u00eensc\u0103unat arhiepiscop \u0219i a preluat p\u0103storirea bisericii din cetatea care avea s\u0103 devin\u0103 Constantinopol.<\/p>\n<h3>Minunea petrecut\u0103 \u00eenainte de reprimirea lui Arie \u00een biseric\u0103<\/h3>\n<p data-index=\"10\">Unul dintre cele mai cunoscute episoade asociate vie\u021bii Sf\u00e2ntului Ierarh Alexandru este moartea lui Arie, preotul ale c\u0103rui \u00eenv\u0103\u021b\u0103turi au provocat una dintre marile controverse teologice ale cre\u0219tinismului timpuriu. Dup\u0103 condamnarea doctrinei sale la Sinodul de la Niceea, sus\u021bin\u0103torii acestuia au \u00eencercat s\u0103 ob\u021bin\u0103 reprimirea lui \u00een comuniunea bisericii.<\/p>\n<p data-index=\"11\">Potrivit tradi\u021biei biserice\u0219ti, Sf\u00e2ntul Alexandru s-a opus acestei hot\u0103r\u00e2ri \u0219i s-a rugat cu st\u0103ruin\u021b\u0103 pentru ap\u0103rarea dreptei credin\u021be \u0219i p\u0103strarea unit\u0103\u021bii comunit\u0103\u021bii cre\u0219tine. Arie urma s\u0103 fie primit \u00eentr-o biseric\u0103 din Constantinopol, \u00eens\u0103 a murit subit \u00eenainte ca acest lucru s\u0103 se \u00eent\u00e2mple.<\/p>\n<p data-index=\"12\">Relat\u0103rile hagiografice au interpretat evenimentul drept un r\u0103spuns la rug\u0103ciunile Sf\u00e2ntului Alexandru \u0219i o interven\u021bie prin care a fost \u00eempiedicat\u0103 revenirea lui Arie \u00een comuniunea eclezial\u0103.<\/p>\n<h3>Ultimii ani \u0219i trecerea la cele ve\u0219nice<\/h3>\n<p data-index=\"13\">Sf\u00e2ntul Alexandru a p\u0103storit l\u0103ca\u0219ul din Constantinopol p\u00e2n\u0103 la o v\u00e2rst\u0103 \u00eenaintat\u0103, fiind prezentat \u00een tradi\u021bia bisericeasc\u0103 drept un ierarh preocupat de ap\u0103rarea dreptei credin\u021be \u0219i de \u00eendrumarea duhovniceasc\u0103 a credincio\u0219ilor. O parte important\u0103 a slujirii sale a fost marcat\u0103 de confruntarea cu arianismul, doctrin\u0103 care continua s\u0103 provoace tensiuni \u00een comunit\u0103\u021bile cre\u0219tine chiar \u0219i dup\u0103 condamnarea ei la Sinodul de la Niceea.<\/p>\n<p data-index=\"14\">Potrivit relat\u0103rilor hagiografice, Sf\u00e2ntul Alexandru a trecut la cele ve\u0219nice \u00een jurul anului 337, dup\u0103 o \u00eendelungat\u0103 activitate pus\u0103 \u00een slujba bisericii. Este pr\u0103znuit \u00een calendarul ortodox la 30 august, \u00eempreun\u0103 cu Sfin\u021bii Ierarhi Ioan \u0219i Pavel cel Nou, Patriarhii Constantinopolului.<\/p>\n<h2 id=\"highlight-3920735-3\">Tradi\u021bii \u0219i obiceiuri respectate pe 30 august, de Sf\u00e2ntul Alexandru<\/h2>\n<p data-index=\"15\">\u201eUnul dintre cele mai importante obiceiuri este participarea la Sf\u00e2nta Liturghie, unde credincio\u0219ii se roag\u0103 pentru s\u0103n\u0103tate, pace sufleteasc\u0103 \u0219i ocrotirea celor dragi. De asemenea, se pot aprinde lum\u00e2n\u0103ri \u0219i se pot face rug\u0103ciuni pentru cei vii \u0219i pentru cei trecu\u021bi la cele ve\u0219nice.<\/p>\n<p data-index=\"16\">Milostenia reprezint\u0103, de asemenea, o practic\u0103 specific\u0103 vie\u021bii cre\u0219tine. Cei care doresc pot oferi alimente, daruri sau sprijin persoanelor aflate \u00een dificultate, ca expresie a grijii fa\u021b\u0103 de aproapele. Totodat\u0103, ziua de s\u0103rb\u0103toare este un moment potrivit pentru lini\u0219te, \u00eemp\u0103care \u0219i evitarea conflictelor, fiind dedicat\u0103 rug\u0103ciunii \u0219i apropierii de cei dragi.\u201d, a mai ad\u0103ugat preotul<\/p>\n<h2 id=\"highlight-3920735-4\">Cine \u00ee\u0219i serbeaz\u0103 onomastica pe 30 august<\/h2>\n<p data-index=\"17\">De s\u0103rb\u0103toarea Sf\u00e2ntului Ierarh \u00ee\u0219i pot celebra onomastica persoanele care poart\u0103 prenumele Alexandru \u0219i Alexandra. \u00cen mod obi\u0219nuit, sunt felicita\u021bi \u0219i cei care au nume considerate derivate sau forme familiare ale acestora, precum Alex, Alexa, Alecu, Sandu \u0219i Sanda.<\/p>\n<h3>Ce \u00eenseamn\u0103 numele Alexandru<\/h3>\n<p data-index=\"18\">Prenumele Alexandru provine din grecescul \u201eAlexandros\u201d. Din punct de vedere etimologic, acesta este asociat verbului \u201ealexein\u201d, care \u00eenseamn\u0103 \u201ea ap\u0103ra\u201d sau \u201ea proteja\u201d, \u0219i substantivului aner, cu forma de genitiv andros, av\u00e2nd sensul de \u201eb\u0103rbat\u201d ori \u201eom\u201d.<\/p>\n<p data-index=\"19\">Numele este interpretat, astfel, prin expresii precum \u201eap\u0103r\u0103torul oamenilor\u201d sau \u201ecel care \u00eei protejeaz\u0103 pe ceilal\u021bi\u201d. De-a lungul timpului, a fost asociat cu idei precum puterea, curajul, hot\u0103r\u00e2rea \u0219i spiritul protector. \u00cen contextul s\u0103rb\u0103torii din 30 august, acesta evoc\u0103 \u0219i ap\u0103rarea credin\u021bei, prin leg\u0103tura cu Sf\u00e2ntul Ierarh Alexandru.<\/p>\n<p> Editor : <a href=\"https:\/\/www.digi24.ro\/autor\/marina-cimpoaca\"> M.C. <\/a><\/p>\n<\/div>\n<p>[analyse_source url=&#8221;https:\/\/www.digi24.ro\/stiri\/actualitate\/evenimente\/sfant-important-praznuit-pe-30-august-2026-cine-isi-serbeaza-onomastica-si-ce-semnificatie-are-sarbatoarea-3920735&#8243;]<\/p>\n","protected":false},"excerpt":{"rendered":"<p>[analyse_image type=&#8221;featured&#8221; src=&#8221;https:\/\/s.iw.ro\/gateway\/g\/ZmlsZVNvdXJjZT1odHRwJTNBJTJGJTJG\/c3RvcmFnZTA4dHJhbnNjb2Rlci5yY3Mt\/cmRzLnJvJTJGc3RvcmFnZSUyRjIwMjYl\/MkYwOCUyRjI1JTJGMjkyNDg3MV8yOTI0\/ODcxX1NmYW50dWwtQWxleGFuZHJ1LTIw\/MjZfLUZvdG8tR2V0dHktSW1hZ2VzLmpw\/ZyZ3PTEyMDAmaD02MzAmemM9MSZoYXNo\/PTRkMWM0ZTNiNzJiYTkwMGY2ODJkOTQ1OWMxZTRkODZi.thumb.jpg&#8221;] \u00cen calendarul ortodox, Sf\u00e2ntul Ierarh Alexandru este pr\u0103znuit la 30 august, zi \u00een care numero\u0219i rom\u00e2ni \u00ee\u0219i s\u0103rb\u0103toresc onomastica. Patriarh al Constantinopolului \u0219i participant la Primul Sinod Ecumenic de la Niceea, acesta a r\u0103mas cunoscut pentru ap\u0103rarea \u00eenv\u0103\u021b\u0103turii bisericii \u00een timpul marilor dispute religioase care au marcat primele veacuri cre\u0219tine. Via\u021ba sa, [&hellip;]<\/p>\n","protected":false},"author":1,"featured_media":0,"comment_status":"open","ping_status":"","sticky":false,"template":"","format":"standard","meta":{"footnotes":""},"categories":[89],"tags":[11],"class_list":["post-2118912","post","type-post","status-publish","format-standard","hentry","category-romania","tag-digi24"],"_links":{"self":[{"href":"https:\/\/analyse.optim.biz\/index.php?rest_route=\/wp\/v2\/posts\/2118912","targetHints":{"allow":["GET"]}}],"collection":[{"href":"https:\/\/analyse.optim.biz\/index.php?rest_route=\/wp\/v2\/posts"}],"about":[{"href":"https:\/\/analyse.optim.biz\/index.php?rest_route=\/wp\/v2\/types\/post"}],"author":[{"embeddable":true,"href":"https:\/\/analyse.optim.biz\/index.php?rest_route=\/wp\/v2\/users\/1"}],"replies":[{"embeddable":true,"href":"https:\/\/analyse.optim.biz\/index.php?rest_route=%2Fwp%2Fv2%2Fcomments&post=2118912"}],"version-history":[{"count":0,"href":"https:\/\/analyse.optim.biz\/index.php?rest_route=\/wp\/v2\/posts\/2118912\/revisions"}],"wp:attachment":[{"href":"https:\/\/analyse.optim.biz\/index.php?rest_route=%2Fwp%2Fv2%2Fmedia&parent=2118912"}],"wp:term":[{"taxonomy":"category","embeddable":true,"href":"https:\/\/analyse.optim.biz\/index.php?rest_route=%2Fwp%2Fv2%2Fcategories&post=2118912"},{"taxonomy":"post_tag","embeddable":true,"href":"https:\/\/analyse.optim.biz\/index.php?rest_route=%2Fwp%2Fv2%2Ftags&post=2118912"}],"curies":[{"name":"wp","href":"https:\/\/api.w.org\/{rel}","templated":true}]}}