{"id":2118889,"date":"2026-08-30T06:32:51","date_gmt":"2026-08-30T03:32:51","guid":{"rendered":"https:\/\/analyse.optim.biz\/?p=2118889"},"modified":"2026-08-30T06:32:51","modified_gmt":"2026-08-30T03:32:51","slug":"sambata-dedicata-tineretului-si-muzicii-pop-talente-locale-dans-sportiv-si-show-uri-live-de-senzatie-cu","status":"publish","type":"post","link":"https:\/\/analyse.optim.biz\/?p=2118889","title":{"rendered":"S\u00e2mb\u0103t\u0103 dedicat\u0103 tineretului \u0219i muzicii\u00a0pop:\u00a0talente\u00a0locale, dans\u00a0sportiv \u0219i\u00a0show-uri\u00a0live de\u00a0senza\u021bie\u00a0cu"},"content":{"rendered":"<p>[analyse_image type=&#8221;featured&#8221; src=&#8221;https:\/\/liberinteleorman.ro\/wp-content\/uploads\/2026\/08\/02b5f603-1255-4b79-a86f-d98fca10562c.jpeg&#8221;]<\/p>\n<div class=\"entry-content single56__content single56__post_content single56__body_area\">\n<p>A doua zi a Zilelor Municipiului Alexandria a adus o schimbare complet\u0103 de ritm \u0219i o energie molipsitoare. S\u00e2mb\u0103t\u0103, 29 august, atmosfera din fa\u021ba scenei a fost dominat\u0103 de publicul t\u00e2n\u0103r, familii \u0219i adolescen\u021bi care au venit s\u0103-\u0219i sus\u021bin\u0103 colegii talenta\u021bi \u0219i s\u0103 asiste la spectacolele unora dintre cei mai aprecia\u021bi arti\u0219ti ai momentului din industria muzical\u0103 rom\u00e2neasc\u0103.<\/p>\n<p>Evenimentul a fost coordonat de la microfon de prezentatorul MC Tom Cr\u00eengureanu, care a \u021binut publicul conectat \u00eentre momentele artistice, a interac\u021bionat permanent cu cei din primele r\u00e2nduri \u0219i a \u00eemp\u0103r\u021bit o sumedenie de premii \u00een public, aduc\u00e2nd un plus de entuziasm spectatorilor \u00eenainte de a introduce fiecare artist pe scen\u0103.<\/p>\n<p>Prima parte a serii, programat\u0103 \u00eencep\u00e2nd cu ora 19:00, a fost o adev\u0103rat\u0103 ramp\u0103 de lansare \u0219i recunoa\u0219tere pentru tinerele talente locale. Ruxandra Arghirescu, Cezar Vladimir Voinea, Loraine de Hillerin \u0219i Rebeca Rizea au urcat pe scen\u0103 cu piese din repertoriul na\u021bional \u0219i interna\u021bional, bucur\u00e2ndu-se de aprecierea \u0219i \u00eencuraj\u0103rile constante ale spectatorilor. Momentele vocale au fost completate \u00een mod spectaculos de demonstra\u021bia dinamic\u0103 sus\u021binut\u0103 de sportivii de la Clubul Sportiv \u201eSIBBA\u201d, care au captat aten\u021bia tuturor prin sincronizare, ritm \u0219i mi\u0219c\u0103ri de dans modern.<\/p>\n<p>De la ora 20:30, intensitatea a crescut sim\u021bitor odat\u0103 cu debutul concertelor mari. Primul artist care a urcat pe scen\u0103 a fost Edward Sanda, \u00eent\u00e2mpinat cu urale de tinerii alex\u0103ndreni. Cu o interpretare plin\u0103 de emo\u021bie \u0219i refrene cunoscute din topurile radio, artistul a reu\u0219it s\u0103 creeze o leg\u0103tur\u0103 str\u00e2ns\u0103 cu publicul, care a fredonat al\u0103turi de el pe toat\u0103 durata presta\u021biei.<\/p>\n<p>Spectacolul a continuat la cote \u00eenalte cu show-ul exploziv al artistei Ruby. Cu o prezen\u021b\u0103 scenic\u0103 vibrant\u0103, dans \u0219i mult\u0103 comunicare direct\u0103 cu spectatorii, Ruby a transformat \u00eentreaga zon\u0103 \u00eentr-un imens ring de dans. Hiturile sale au ridicat audien\u021ba \u00een picioare, iar miile de telefoane aprinse au luminat spa\u021biul de concert.<\/p>\n<p>Finalul serii i-a apar\u021binut artistului The Urs, unul dintre cele mai \u00een vog\u0103 nume ale scenei muzicale actuale. Cu un stil inconfundabil \u0219i versuri care au atins coarda sensibil\u0103 a publicului t\u00e2n\u0103r, interpretul a oferit un concert intens. Spectatorii au c\u00e2ntat vers cu vers fiecare pies\u0103 p\u00e2n\u0103 la \u00eencheierea programului, la ora 23:30.<\/p>\n<p>A doua sear\u0103 a Zilelor Municipiului Alexandria a confirmat \u00eenc\u0103 o dat\u0103 succesul evenimentului, demonstr\u00e2nd c\u0103 ora\u0219ul \u0219tie s\u0103 fie gazda perfect\u0103 pentru divertisment modern, energie pozitiv\u0103 \u0219i muzic\u0103 de calitate.<\/p>\n<p><a href=\"https:\/\/liberinteleorman.ro\/debut-in-ritm-de-sarbatoare-si-traditie-la-zilele-municipiului-alexandria-2026-hora-folclor-autentic-si-artisti-indragiti-in-prima-seara-de-spectacol\/\">Debut \u00een ritm de s\u0103rb\u0103toare \u0219i tradi\u021bie la Zilele Municipiului Alexandria 2026: hor\u0103, folclor autentic \u0219i arti\u0219ti \u00eendr\u0103gi\u021bi \u00een prima sear\u0103 de spectacol<\/a><\/p>\n<figure class=\"wp-block-gallery has-nested-images columns-default is-cropped wp-block-gallery-1 is-layout-flex wp-block-gallery-is-layout-flex\">\n<figure class=\"wp-block-image size-large\"><a href=\"https:\/\/liberinteleorman.ro\/wp-content\/uploads\/2026\/08\/af6f1eb1-113a-4556-a592-8101d4b3ef4d.jpeg\"><img decoding=\"async\" loading=\"lazy\" width=\"632\" height=\"1024\" data-id=\"43064\" src=\"https:\/\/liberinteleorman.ro\/wp-content\/uploads\/2026\/08\/af6f1eb1-113a-4556-a592-8101d4b3ef4d-632x1024.jpeg\" alt class=\"wp-image-43064\"><\/a><\/figure>\n<figure class=\"wp-block-image size-large\"><a href=\"https:\/\/liberinteleorman.ro\/wp-content\/uploads\/2026\/08\/a5be62d2-fa73-40c9-9263-34f60624b0d5.jpeg\"><img decoding=\"async\" loading=\"lazy\" width=\"576\" height=\"1024\" data-id=\"43055\" src=\"https:\/\/liberinteleorman.ro\/wp-content\/uploads\/2026\/08\/a5be62d2-fa73-40c9-9263-34f60624b0d5-576x1024.jpeg\" alt class=\"wp-image-43055\"><\/a><\/figure>\n<figure class=\"wp-block-image size-large\"><a href=\"https:\/\/liberinteleorman.ro\/wp-content\/uploads\/2026\/08\/1a5f493e-f6a3-410e-a5a6-24739feb2477.jpeg\"><img decoding=\"async\" loading=\"lazy\" width=\"700\" height=\"1024\" data-id=\"43057\" src=\"https:\/\/liberinteleorman.ro\/wp-content\/uploads\/2026\/08\/1a5f493e-f6a3-410e-a5a6-24739feb2477-700x1024.jpeg\" alt class=\"wp-image-43057\"><\/a><\/figure>\n<figure class=\"wp-block-image size-large\"><a href=\"https:\/\/liberinteleorman.ro\/wp-content\/uploads\/2026\/08\/40df5d44-699e-4e6b-b4ee-657f061c0d93.jpeg\"><img decoding=\"async\" loading=\"lazy\" width=\"633\" height=\"1024\" data-id=\"43058\" src=\"https:\/\/liberinteleorman.ro\/wp-content\/uploads\/2026\/08\/40df5d44-699e-4e6b-b4ee-657f061c0d93-633x1024.jpeg\" alt class=\"wp-image-43058\"><\/a><\/figure>\n<figure class=\"wp-block-image size-large\"><a href=\"https:\/\/liberinteleorman.ro\/wp-content\/uploads\/2026\/08\/d6742df9-b0e3-48ca-aa93-e45c67b18c04.jpeg\"><img decoding=\"async\" loading=\"lazy\" width=\"615\" height=\"1024\" data-id=\"43059\" src=\"https:\/\/liberinteleorman.ro\/wp-content\/uploads\/2026\/08\/d6742df9-b0e3-48ca-aa93-e45c67b18c04-615x1024.jpeg\" alt class=\"wp-image-43059\"><\/a><\/figure>\n<figure class=\"wp-block-image size-large\"><a href=\"https:\/\/liberinteleorman.ro\/wp-content\/uploads\/2026\/08\/9c70fd15-b9ac-4bca-85a6-7d14da410c11.jpeg\"><img decoding=\"async\" loading=\"lazy\" width=\"1024\" height=\"577\" data-id=\"43056\" src=\"https:\/\/liberinteleorman.ro\/wp-content\/uploads\/2026\/08\/9c70fd15-b9ac-4bca-85a6-7d14da410c11-1024x577.jpeg\" alt class=\"wp-image-43056\"><\/a><\/figure>\n<figure class=\"wp-block-image size-large\"><a href=\"https:\/\/liberinteleorman.ro\/wp-content\/uploads\/2026\/08\/4fdbc39b-fa69-41b2-b507-1835788bab7b.jpeg\"><img decoding=\"async\" loading=\"lazy\" width=\"652\" height=\"1024\" data-id=\"43062\" src=\"https:\/\/liberinteleorman.ro\/wp-content\/uploads\/2026\/08\/4fdbc39b-fa69-41b2-b507-1835788bab7b-652x1024.jpeg\" alt class=\"wp-image-43062\"><\/a><\/figure>\n<figure class=\"wp-block-image size-large\"><a href=\"https:\/\/liberinteleorman.ro\/wp-content\/uploads\/2026\/08\/87f2b35b-25e7-428c-b636-2748b469e3b0.jpeg\"><img decoding=\"async\" loading=\"lazy\" width=\"669\" height=\"1024\" data-id=\"43061\" src=\"https:\/\/liberinteleorman.ro\/wp-content\/uploads\/2026\/08\/87f2b35b-25e7-428c-b636-2748b469e3b0-669x1024.jpeg\" alt class=\"wp-image-43061\"><\/a><\/figure>\n<figure class=\"wp-block-image size-large\"><a href=\"https:\/\/liberinteleorman.ro\/wp-content\/uploads\/2026\/08\/4eb47509-7ce0-45f4-9f10-a920f764fe90.jpeg\"><img decoding=\"async\" loading=\"lazy\" width=\"1024\" height=\"682\" data-id=\"43063\" src=\"https:\/\/liberinteleorman.ro\/wp-content\/uploads\/2026\/08\/4eb47509-7ce0-45f4-9f10-a920f764fe90-1024x682.jpeg\" alt class=\"wp-image-43063\"><\/a><\/figure>\n<figure class=\"wp-block-image size-large\"><a href=\"https:\/\/liberinteleorman.ro\/wp-content\/uploads\/2026\/08\/d453a329-68ca-44e3-aa73-274051b83ab7.jpeg\"><img decoding=\"async\" loading=\"lazy\" width=\"685\" height=\"1024\" data-id=\"43060\" src=\"https:\/\/liberinteleorman.ro\/wp-content\/uploads\/2026\/08\/d453a329-68ca-44e3-aa73-274051b83ab7-685x1024.jpeg\" alt class=\"wp-image-43060\"><\/a><\/figure>\n<figure class=\"wp-block-image size-large\"><a href=\"https:\/\/liberinteleorman.ro\/wp-content\/uploads\/2026\/08\/0598b798-16e9-4ccc-8287-6282a6e5009e.jpeg\"><img decoding=\"async\" loading=\"lazy\" width=\"615\" height=\"1024\" data-id=\"43054\" src=\"https:\/\/liberinteleorman.ro\/wp-content\/uploads\/2026\/08\/0598b798-16e9-4ccc-8287-6282a6e5009e-615x1024.jpeg\" alt class=\"wp-image-43054\"><\/a><\/figure>\n<\/figure>\n<\/div>\n<p>[analyse_source url=&#8221;https:\/\/liberinteleorman.ro\/sambata-dedicata-tineretului-si-muzicii-pop-talente-locale-dans-sportiv-si-show-uri-live-de-senzatie-cu-edward-sanda-ruby-si-the-urs\/&#8221;]<\/p>\n","protected":false},"excerpt":{"rendered":"<p>[analyse_image type=&#8221;featured&#8221; src=&#8221;https:\/\/liberinteleorman.ro\/wp-content\/uploads\/2026\/08\/02b5f603-1255-4b79-a86f-d98fca10562c.jpeg&#8221;] A doua zi a Zilelor Municipiului Alexandria a adus o schimbare complet\u0103 de ritm \u0219i o energie molipsitoare. S\u00e2mb\u0103t\u0103, 29 august, atmosfera din fa\u021ba scenei a fost dominat\u0103 de publicul t\u00e2n\u0103r, familii \u0219i adolescen\u021bi care au venit s\u0103-\u0219i sus\u021bin\u0103 colegii talenta\u021bi \u0219i s\u0103 asiste la spectacolele unora dintre cei mai aprecia\u021bi arti\u0219ti [&hellip;]<\/p>\n","protected":false},"author":1,"featured_media":0,"comment_status":"open","ping_status":"","sticky":false,"template":"","format":"standard","meta":{"footnotes":""},"categories":[89],"tags":[226,181],"class_list":["post-2118889","post","type-post","status-publish","format-standard","hentry","category-romania","tag-crawlmanager","tag-liberinteleorman-ro"],"_links":{"self":[{"href":"https:\/\/analyse.optim.biz\/index.php?rest_route=\/wp\/v2\/posts\/2118889","targetHints":{"allow":["GET"]}}],"collection":[{"href":"https:\/\/analyse.optim.biz\/index.php?rest_route=\/wp\/v2\/posts"}],"about":[{"href":"https:\/\/analyse.optim.biz\/index.php?rest_route=\/wp\/v2\/types\/post"}],"author":[{"embeddable":true,"href":"https:\/\/analyse.optim.biz\/index.php?rest_route=\/wp\/v2\/users\/1"}],"replies":[{"embeddable":true,"href":"https:\/\/analyse.optim.biz\/index.php?rest_route=%2Fwp%2Fv2%2Fcomments&post=2118889"}],"version-history":[{"count":0,"href":"https:\/\/analyse.optim.biz\/index.php?rest_route=\/wp\/v2\/posts\/2118889\/revisions"}],"wp:attachment":[{"href":"https:\/\/analyse.optim.biz\/index.php?rest_route=%2Fwp%2Fv2%2Fmedia&parent=2118889"}],"wp:term":[{"taxonomy":"category","embeddable":true,"href":"https:\/\/analyse.optim.biz\/index.php?rest_route=%2Fwp%2Fv2%2Fcategories&post=2118889"},{"taxonomy":"post_tag","embeddable":true,"href":"https:\/\/analyse.optim.biz\/index.php?rest_route=%2Fwp%2Fv2%2Ftags&post=2118889"}],"curies":[{"name":"wp","href":"https:\/\/api.w.org\/{rel}","templated":true}]}}