{"id":2118888,"date":"2026-08-30T06:11:47","date_gmt":"2026-08-30T03:11:47","guid":{"rendered":"https:\/\/analyse.optim.biz\/?p=2118888"},"modified":"2026-08-30T06:11:47","modified_gmt":"2026-08-30T03:11:47","slug":"tata-cercetat-penal-dupa-ce-si-a-lasat-fiul-de-13-ani-sa-se-urce-la-volanul-unui-suv","status":"publish","type":"post","link":"https:\/\/analyse.optim.biz\/?p=2118888","title":{"rendered":"Tat\u0103 cercetat penal dup\u0103 ce \u0219i-a l\u0103sat fiul de 13 ani s\u0103 se urce la volanul unui SUV"},"content":{"rendered":"<p>[analyse_image type=&#8221;featured&#8221; src=&#8221;https:\/\/s2.ziareromania.ro\/?mmid=83ef556a552f0b8b17&#8243;]<\/p>\n<div id=\"article__container\" class=\"news__container news__image__container\">\n<h1 class=\"news__title\" title=\"Tat\u0103 cercetat penal dup\u0103 ce \u0219i-a l\u0103sat fiul de 13 ani s\u0103 se urce la volanul unui SUV\">Tat\u0103 cercetat penal dup\u0103 ce \u0219i-a l\u0103sat fiul de 13 ani s\u0103 se urce la volanul unui SUV<\/h1>\n<\/div>\n<div class=\"news__info__content d-flex\">\n<div class=\"d-flex \">\n<div class=\"news__author mar10r\"> Autor: <span><a href=\"https:\/\/ziare.com\/autor\/aniela-manolea\"> Aniela Manolea <\/a><\/span><\/div>\n<div class=\"news__publish\">Vineri, 28 August 2026, ora 17:59<\/div>\n<\/div>\n<div class=\"news__views\">924 citiri<\/div>\n<\/div>\n<div class=\"stanga_stire news__image fleft article__marker\">\n<div class=\"news-image__content news__image__item\"><a class=\"news__image\" data-href=\"https:\/\/s1.ziareromania.ro\/?mmid=83ef556a552f0b8b17\" data-size=\"1024x683\" title=\"Tat\u0103 cercetat penal dup\u0103 ce \u0219i-a l\u0103sat fiul de 13 ani s\u0103 se urce la volanul unui SUV\"><img decoding=\"async\" src=\"https:\/\/tb.ziareromania.ro\/Tat---cercetat-penal-dup---ce---i-a-l--sat-fiul-de-13-ani-s---se-urce-la-volanul-unui-SUV\/83ef556a552f0b8b17\/400\/225\/2\/100\/Tat---cercetat-penal-dup---ce---i-a-l--sat-fiul-de-13-ani-s---se-urce-la-volanul-unui-SUV.jpg\" alt=\"Tat\u0103 cercetat penal dup\u0103 ce \u0219i-a l\u0103sat fiul de 13 ani s\u0103 se urce la volanul unui SUV\" title=\"Tat\u0103 cercetat penal dup\u0103 ce \u0219i-a l\u0103sat fiul de 13 ani s\u0103 se urce la volanul unui SUV\" class=\"img-responsive\"><\/a><\/p>\n<div class=\"news__caption\">Tat\u0103 cercetat penal dup\u0103 ce \u0219i-a l\u0103sat fiul de 13 ani la volanul unui SUV FOTO Facebook\/Poli\u021bia Rom\u00e2n\u0103<\/div>\n<\/div>\n<\/div>\n<div class=\"news__content descriere_main article__marker\">\n<p>Un b\u0103rbat de 41 de ani este cercetat penal dup\u0103 ce i-a \u00eencredin\u021bat ma\u0219ina, un SUV Audi Q7, fiului s\u0103u de 13 ani \u0219i i-a permis s\u0103 o conduc\u0103 pe un drum public. Poli\u021bi\u0219tii s-au autosesizat, transmit reprezentan\u021bii Inspectoratului de Poli\u021bie Jude\u021bean (<a href=\"https:\/\/ziare.com\/stiri\/ipj\/\" title=\"IPJ\">IPJ<\/a>) Suceava, vineri, 28 august.<\/p>\n<p>Potrivit acestora, poli\u021bi\u0219tii au deschis <a href=\"https:\/\/ziare.com\/stiri\/ancheta\/\" title=\"ancheta\">ancheta<\/a> dup\u0103 ce imaginile cu copilul aflat la volan au fost postate pe re\u021belele sociale.<\/p>\n<p>\u201eLucr\u0103torii de poli\u021bie din cadrul Sec\u021biei 13 Poli\u021bie Rural\u0103 Balc\u0103u\u021bi, afl\u00e2ndu-se \u00een exercitarea atribu\u021biilor de serviciu, s-au autosesizat cu privire la o postare \u00een mediul on-line despre existen\u021ba unei posibile situa\u021bii \u00een care un minor conduce un autovehicul f\u0103r\u0103 permis. \u00cen urma verific\u0103rilor efectuate, s-a stabilit faptul c\u0103 un b\u0103rbat de 41 ani, din ora\u0219ul S\u00e2ngeorz-B\u0103i, jude\u021bul Bistri\u021ba-N\u0103s\u0103ud, ce locuie\u0219te f\u0103r\u0103 forme legale \u00een comuna B\u0103lc\u0103u\u021bi, i-a \u00eencredin\u021bat autoturismul personal marca Audi Q7, fiului s\u0103u \u00een v\u00e2rst\u0103 de 13 ani, persoan\u0103 despre care cuno\u0219tea faptul c\u0103 nu posed\u0103 permis de conducere, acesta conduc\u00e2nd vehiculul pe drumul public, pe raza localit\u0103\u021bii D\u0103nila din comuna D\u0103rm\u0103ne\u0219ti\u201d, au precizat oficialii IPJ.<\/p>\n<\/div>\n<p>Copilul este cercetat sub aspectul s\u0103v\u00e2r\u0219irii infrac\u021biunii de \u201econducerea unui vehicul f\u0103r\u0103 permis de conducere\u201d, de\u0219i minorii sub 14 ani nu r\u0103spund penal pentru faptele lor potrivit legisla\u021biei rom\u00e2ne.<\/p>\n<p>Tat\u0103l care a pus \u00een pericol siguran\u021ba rutier\u0103 este cercetat pentru \u201e\u00eencredin\u021barea unui autoturism pentru a fi condus pe drumurile publice unei persoane despre care cuno\u0219tea c\u0103 nu de\u021bine permis de conducere\u201d.<\/p>\n","protected":false},"excerpt":{"rendered":"<p>[analyse_image type=&#8221;featured&#8221; src=&#8221;https:\/\/s2.ziareromania.ro\/?mmid=83ef556a552f0b8b17&#8243;] Tat\u0103 cercetat penal dup\u0103 ce \u0219i-a l\u0103sat fiul de 13 ani s\u0103 se urce la volanul unui SUV Autor: Aniela Manolea Vineri, 28 August 2026, ora 17:59 924 citiri Tat\u0103 cercetat penal dup\u0103 ce \u0219i-a l\u0103sat fiul de 13 ani la volanul unui SUV FOTO Facebook\/Poli\u021bia Rom\u00e2n\u0103 Un b\u0103rbat de 41 de [&hellip;]<\/p>\n","protected":false},"author":1,"featured_media":0,"comment_status":"open","ping_status":"","sticky":false,"template":"","format":"standard","meta":{"footnotes":""},"categories":[89],"tags":[226,22],"class_list":["post-2118888","post","type-post","status-publish","format-standard","hentry","category-romania","tag-crawlmanager","tag-ziare-com"],"_links":{"self":[{"href":"https:\/\/analyse.optim.biz\/index.php?rest_route=\/wp\/v2\/posts\/2118888","targetHints":{"allow":["GET"]}}],"collection":[{"href":"https:\/\/analyse.optim.biz\/index.php?rest_route=\/wp\/v2\/posts"}],"about":[{"href":"https:\/\/analyse.optim.biz\/index.php?rest_route=\/wp\/v2\/types\/post"}],"author":[{"embeddable":true,"href":"https:\/\/analyse.optim.biz\/index.php?rest_route=\/wp\/v2\/users\/1"}],"replies":[{"embeddable":true,"href":"https:\/\/analyse.optim.biz\/index.php?rest_route=%2Fwp%2Fv2%2Fcomments&post=2118888"}],"version-history":[{"count":0,"href":"https:\/\/analyse.optim.biz\/index.php?rest_route=\/wp\/v2\/posts\/2118888\/revisions"}],"wp:attachment":[{"href":"https:\/\/analyse.optim.biz\/index.php?rest_route=%2Fwp%2Fv2%2Fmedia&parent=2118888"}],"wp:term":[{"taxonomy":"category","embeddable":true,"href":"https:\/\/analyse.optim.biz\/index.php?rest_route=%2Fwp%2Fv2%2Fcategories&post=2118888"},{"taxonomy":"post_tag","embeddable":true,"href":"https:\/\/analyse.optim.biz\/index.php?rest_route=%2Fwp%2Fv2%2Ftags&post=2118888"}],"curies":[{"name":"wp","href":"https:\/\/api.w.org\/{rel}","templated":true}]}}