{"id":2118859,"date":"2026-08-29T08:18:18","date_gmt":"2026-08-29T05:18:18","guid":{"rendered":"https:\/\/analyse.optim.biz\/?p=2118859"},"modified":"2026-08-29T08:18:18","modified_gmt":"2026-08-29T05:18:18","slug":"luca-van-boven-quits-vuelta-a-espana-after-completing-stage-7-with-collapsed-lung-and-broken-ribs-from-crash-involving-alessandro-romele","status":"publish","type":"post","link":"https:\/\/analyse.optim.biz\/?p=2118859","title":{"rendered":"Luca Van Boven quits Vuelta a Espa\u00f1a after completing stage 7 with collapsed lung and broken ribs from crash involving Alessandro Romele"},"content":{"rendered":"<p>[analyse_image type=&#8221;featured&#8221; src=&#8221;https:\/\/cdn.mos.cms.futurecdn.net\/A3LyLSaK2iuHKz6Wx6NwXY-1024-80.jpg&#8221;]<\/p>\n<article class=\"m-0 box-border flex flex-row items-center pr-2.5 gap-[15px] w-[278px] h-20 flex-none upnext-article-divider\" role=\"listitem\" aria-label=\"Recommended article 1 of 3\">\n<div class=\"relative flex-none w-20 h-20\">\n<p>    <img decoding=\"async\" src=\"https:\/\/cdn.mos.cms.futurecdn.net\/b72yVfVNrWtLjCwBS8EHse.jpg\" alt=\"Tadej Poga\u010dar wearing the red jersey during the 2026 Vuelta a Espa\u00f1a\" loading=\"lazy\" class=\"rounded-[var(--image--border-radius,0)] w-20 h-20 object-cover flex-none rounded-lg\"><\/p>\n<div class=\"flex items-center justify-center absolute w-4 h-6 left-0 top-0 bg-white\/90 flex-none z-[1]\" aria-hidden=\"true\">\n                                    <span class=\"font-normal text-base leading-[17px] tracking-[1.3px] uppercase text-black flex-none\">1<\/span>\n                                <\/div>\n<\/p><\/div>\n<div class=\"flex flex-col items-center justify-center gap-1.5 w-[173px] h-20 flex-none\">\n<p class=\"font-article-heading font-medium text-base leading-[21px] text-gray-800 w-[173px] line-clamp-3 group-hover:underline\">\n                                    Tadej Poga\u010dar suffers neck fracture and concussion in crash that ends his Vuelta a Espa\u00f1a\n                                <\/p>\n<\/p><\/div>\n<\/article>\n<article class=\"m-0 box-border flex flex-row items-center pr-2.5 gap-[15px] w-[278px] h-20 flex-none upnext-article-divider\" role=\"listitem\" aria-label=\"Recommended article 2 of 3\">\n<div class=\"relative flex-none w-20 h-20\">\n<p>    <img decoding=\"async\" src=\"https:\/\/cdn.mos.cms.futurecdn.net\/PqHdCxLqcsCG3j55wRKHd8.jpg\" alt=\"UAE Team Emirates-XRG riders Domen Novak, Ivo Oliveira, Pavel Sivakov, Pablo Torres, Kevin Vermaerke and Jay Vine dropped from the peloton after the crash and abandon of their team leader Tadej Poga\u010dar\" loading=\"lazy\" class=\"rounded-[var(--image--border-radius,0)] w-20 h-20 object-cover flex-none rounded-lg\"><\/p>\n<div class=\"flex items-center justify-center absolute w-[18px] h-6 left-0 top-0 bg-white\/90 flex-none z-[1]\" aria-hidden=\"true\">\n                                    <span class=\"font-normal text-base leading-[17px] tracking-[1.3px] uppercase text-black flex-none\">2<\/span>\n                                <\/div>\n<\/p><\/div>\n<div class=\"flex flex-col items-center justify-center gap-1.5 w-[173px] h-20 flex-none\">\n<p class=\"font-article-heading font-medium text-base leading-[21px] text-gray-800 w-[173px] line-clamp-3 group-hover:underline\">\n                                    &#8216;It&#8217;s a sad way to end it&#8217; &#8211; exit of Tadej Poga\u010dar sparks wave of sympathy and regret in the Vuelta a Espa\u00f1a peloton\n                                <\/p>\n<\/p><\/div>\n<\/article>\n<article class=\"m-0 box-border flex flex-row items-center pr-2.5 gap-[15px] w-[278px] h-20 flex-none\" role=\"listitem\" aria-label=\"Recommended article 3 of 3\">\n<div class=\"relative flex-none w-20 h-20\">\n<p>    <img decoding=\"async\" src=\"https:\/\/cdn.mos.cms.futurecdn.net\/7d6FJ3mhLbq94pfqzgq9TG.jpg\" alt=\"ARAMON VALDELINARES, SPAIN - AUGUST 29: Andreas Leknessund of Norway and Team Uno-X Mobility during the La Vuelta - 81st Tour of Spain 2026, Stage 7 a 149.48m stage from Vall d&amp;amp;apos;Alba to Aramon Valdelinares 1965m \/ #UCIWT \/ on August 29, 2026 in Aramon Valdelinares, Spain. (Photo by Alexander Hassenstein\/Getty Images)\" loading=\"lazy\" class=\"rounded-[var(--image--border-radius,0)] w-20 h-20 object-cover flex-none rounded-lg\"><\/p>\n<div class=\"flex items-center justify-center absolute w-[18px] h-6 left-0 top-0 bg-white\/90 flex-none z-[1]\" aria-hidden=\"true\">\n                                    <span class=\"font-normal text-base leading-[17px] tracking-[1.3px] uppercase text-black flex-none\">3<\/span>\n                                <\/div>\n<\/p><\/div>\n<div class=\"flex flex-col items-center justify-center gap-1.5 w-[173px] h-20 flex-none\">\n<p class=\"font-article-heading font-medium text-base leading-[21px] text-gray-800 w-[173px] line-clamp-3 group-hover:underline\">\n                                    Vuelta a Espa\u00f1a: Andreas Leknessund, Tobias Johannessen solo away from Wout van Aert in Uno-X Mobility 1-2 on stage 7\n                                <\/p>\n<\/p><\/div>\n<\/article>\n<article class=\"page-content-onecol flex-1\nnews-article article\n\"><\/p>\n<div class=\"widget-area-group widget-area-group-2col flex flex-wrap box-border\">\n<div id=\"widgetArea16\" class=\"widget-area basis-full md:basis-2\/3 widget-area-g-md-vp-2-3 widget-area-g-lg-vp-2-3 widget-area-g-xl-vp-2-3 page-widget-area-16\">\n<div data-widget-type=\"hero\" id=\"hero\" class=\"clear-both widget widget-hero widget-hero widget-hero-hero widget-hero widget-hero-fter-news\">\n<div class=\"clear-both widget-header\">\n<\/div>\n<div class=\"news-article\">\n<header data-component-name=\"Article:Hero\">\n<div id=\"kiosq-metered-message\" class=\"kiosq-metered-message-content\"><\/div>\n<nav class=\"breadcrumb\" aria-label=\"Breadcrumbs\">\n<ol>\n<li>\nPro Cycling\n<\/li>\n<li>\nTeams &amp; Riders\n<\/li>\n<li>\nLotto-Intermarch\u00e9\n<\/li>\n<\/ol>\n<\/nav>\n<h1>Luca Van Boven quits Vuelta a Espa\u00f1a after completing stage 7 with collapsed lung and broken ribs from crash involving Alessandro Romele<\/h1>\n<div class=\"byline-social\">\n<div class=\"vds-byline-block flex flex-row flex-nowrap my-1.5 gap-2 text-left items-start justify-start\" data-component-name=\"Article:BylineBlock\">\n<p>News<\/p>\n<div class=\"my-auto vds-simple-byline\">\n<span class=\"inline-block vds-author\"><br \/>\nBy<br \/>\nAlasdair Fotheringham <\/span><br \/>\n<span class=\"inline-block h-3 my-auto border-l border-solid vds-simple-byline__divider max-sm:hidden\"><\/span><\/p>\n<div class=\"flex gap-1 vds-byline-with-avatar__meta\">\n<span class=\"vds-date block font-normal tracking-normal normal-case text-xs\"><br \/>\nPublished<br \/>\n<time data-component-name=\"UI:DateTime\" datetime=\"2026-08-29T08:18:18Z\" class=\"relative-date\"><br \/>\n29 August 2026<br \/>\n<\/time><br \/>\n<\/span>\n<\/div>\n<\/div>\n<\/div>\n<p class=\"strapline\">Lotto-Intermarch\u00e9 rider squeezed onto pavement and fell heavily after Italian lost balance<\/p>\n<\/div>\n<aside class=\"text-gray-700 flex items-center mx-0 my-5 p-0 justify-start text-left\" id=\"affiliate-disclaimer\" data-component-name=\"AffiliateDisclaimer\" data-hawk-message=\"Affiliate disclaimer removed because hawk deemed there are no affiliate links on this page\">\n<p class=\"text-[color:var(--affiliate-disclaimer--text-color,inherit)] mb-2 text-[length:var(--affiliate-disclaimer--font-size,0.75rem)] leading-[18px] md:text-[13px] [&amp;&gt;a]:text-inherit [&amp;&gt;a]:underline\">\nWhen you purchase through links on our site, we may earn an affiliate commission. Here\u2019s how it works.\n<\/p>\n<\/aside>\n<\/header>\n<\/div>\n<\/div>\n<div data-widget-type=\"contentparsed\" id=\"content\" class=\"clear-both widget widget-contentparsed widget-content widget-contentparsed-content widget-content-parsed widget-content-parsed-content_document \">\n<div class=\"wcp-item-content\">\n<section class=\"content-wrapper\">\n<div class=\"box less-space hero-image-wrapper\">\n<figure class=\"mb-0\">\n<p><img decoding=\"async\" src=\"https:\/\/cdn.mos.cms.futurecdn.net\/A3LyLSaK2iuHKz6Wx6NwXY.jpg\" alt=\"2026 Vuelta a Espa\u00f1a: Luca Van Boven on stage 2\" class=\"rounded-[var(--image--border-radius,0)] block-image-ads hero-image absolute top-0 left-0 w-full h-full object-center\" data-component-name=\"Image\"><figcaption class=\"font-article-copy text-(--image--text--color) font-article-copy mt-2\"> <span class=\"caption-text font-article-copy\">Luca Van Boven is out of the Vuelta following a heavy crashs<\/span><br \/>\n<span class=\"credit font-article-copy\">(Image credit: Getty Images)<\/span><br \/>\n<\/figcaption><\/figure>\n<\/div>\n<div id=\"article-body\" class=\"text-copy bodyCopy auto paywall-locker\">\n<div data-analytics-id=\"utility-bar\" id=\"utility-bar\" class=\"font-ui-heading flex justify-between items-center py-2 border-t border-b border-gray-300 border-solid mb-5 mx-auto\" data-component-name=\"UtilityBar\" data-mrf-recirculation=\"utility-bar\">\n<div class=\"flex gap-2 text-[#333] subcontainer\">\n<div class=\"relative tooltip-container\" role=\"tooltip\">\n<div data-component-name=\"Social:Dropdown\" role=\"menu\" id=\"utilitybar__dropdown--share\" aria-labelledby=\"utilitybar__button--share\" class=\"absolute left-0 top-full w-44 bg-white rounded-md shadow-md border border-neutral-200 z-[9996] list-none m-0 py-2 px-3 border-solid\">\n<ul class=\"m-0!\">\n<li class=\"!p-0 !m-0 list-none border-b border-gray-200 border-solid\">\n<\/li>\n<li class=\"!p-0 !m-0 list-none border-b border-gray-200 border-solid\">\n<p>Facebook<\/p>\n<\/li>\n<li class=\"!p-0 !m-0 list-none border-b border-gray-200 border-solid\">\n<p>X<\/p>\n<\/li>\n<li class=\"!p-0 !m-0 list-none border-b border-gray-200 border-solid\">\n<p>Pinterest<\/p>\n<\/li>\n<li class=\"!p-0 !m-0 list-none border-b border-gray-200 border-solid\">\n<p>Email<\/p>\n<\/li>\n<\/ul>\n<\/div>\n<div class=\"font-ui-heading max-sm:hidden tooltip absolute left-1\/2 bg-gray-900 text-white text-xs leading-none px-3 py-1.5 rounded-md z-[10001] whitespace-nowrap\" id=\"tooltip-share-this-article\" role=\"tooltip\" aria-hidden=\"true\">\nShare this article\n<\/div>\n<\/div>\n<div class=\"relative tooltip-container\" role=\"tooltip\">\n<p>    <span class=\"ml-1 inline-flex h-5 px-2 shrink-0 items-center justify-center self-center overflow-hidden whitespace-nowrap rounded-[10px] bg-primary-500 text-[11px] leading-none font-ui-heading font-semibold text-white\">2<\/span><\/p>\n<div class=\"font-ui-heading max-sm:hidden tooltip absolute left-1\/2 bg-gray-900 text-white text-xs leading-none px-3 py-1.5 rounded-md z-[10001] whitespace-nowrap\" id=\"tooltip-join-the-conversation\" role=\"tooltip\" aria-hidden=\"true\">\nJoin the conversation\n<\/div>\n<\/div>\n<\/div>\n<div class=\"flex gap-2 text-[#333] subcontainer\">\n<div class=\"relative tooltip-container\" role=\"tooltip\">\n<p>Follow us<\/p>\n<div class=\"font-ui-heading max-sm:hidden tooltip absolute left-1\/2 bg-gray-900 text-white text-xs leading-none px-3 py-1.5 rounded-md z-[10001] whitespace-nowrap\" id=\"tooltip-add-us-as-a-preferred-source-on-google\" role=\"tooltip\" aria-hidden=\"true\">\nAdd us as a preferred source on Google\n<\/div>\n<\/div>\n<div class=\"relative tooltip-container\" role=\"tooltip\">\n<div class=\"font-ui-heading max-sm:hidden tooltip absolute left-1\/2 bg-gray-900 text-white text-xs leading-none px-3 py-1.5 rounded-md z-[10001] whitespace-nowrap\" id=\"tooltip-subscribe-to-our-newsletter\" role=\"tooltip\" aria-hidden=\"true\">\nSubscribe to our newsletter\n<\/div>\n<\/div>\n<\/div>\n<\/div>\n<p id=\"elk-046a372a-a37b-11f1-a5ff-ab304c9cf6a8\">Lotto-Intermarch\u00e9 have announced via social media that their rider Luca Van Boven has abandoned the Vuelta a Espa\u00f1a after crashing heavily during stage 7 and managing to complete the day&#8217;s racing with broken ribs and a collapsed lung.<\/p>\n<div id=\"ad-unit-1\" class=\"ad-unit\"><\/div>\n<p>Van Boven fell heavily in kilometre 122 of the mountainous stage, 28km from the finish line, after Alessandro Romele (XDS-Astana) lost his balance after hitting a speed bump in a small town. As a result, the Italian sprinter unintentionally closed out the Belgian, who hit the pavement and crashed.<\/p>\n<p><a id=\"elk-seasonal\"><\/a><\/p>\n<aside data-article-category=\"pro-cycling\" data-block-type=\"embed\" data-render-type=\"fte\" data-skip=\"dealsy\" data-widget-type=\"seasonal\" class=\"ecom-root\"><\/aside>\n<p id=\"elk-046a372a-a37b-11f1-a5ff-ab304c9cf6a8-2\" aria-hidden=\"true\" class=\"kiosq-b\">Romele subsequently received a yellow card penalty for his manoeuvre.<\/p>\n<div class=\"my-6 w-full overflow-hidden rounded-[10px] lg:my-8\" data-component-name=\"JwPlayer:Carousel\" data-jwp-carousel data-jwp-carousel-payload=\"{&quot;ids&quot;:{&quot;playerID&quot;:&quot;jYDCcabO&quot;,&quot;searchPlaylistID&quot;:&quot;gwjdoYHD&quot;,&quot;divID&quot;:&quot;botr_gwjdoYHD_jYDCcabO_div&quot;,&quot;fallbackPlaylistID&quot;:&quot;gwjdoYHD&quot;,&quot;fallbackDivID&quot;:&quot;botr_gwjdoYHD_jYDCcabO_div&quot;,&quot;key&quot;:&quot;X9\/mXVGac0NphghLH9hZaqWA5d3dhAM\/Ih07grnEyMLjuO2E&quot;,&quot;tintLogo&quot;:true,&quot;useSearchPlaylist&quot;:false,&quot;enabled&quot;:true},&quot;signPostingEnabled&quot;:true,&quot;signPostingLinkEnabled&quot;:true,&quot;waitForAdLoad&quot;:false,&quot;hidePlayerOnDesktop&quot;:false,&quot;hidePlayerOnMobile&quot;:false,&quot;hidePlayerOnTablet&quot;:false}\">\n<div class=\"flex flex-nowrap items-center justify-between gap-3 bg-zinc-900 px-[14px] py-3\" data-jwp-carousel-header>\n<div class=\"flex min-w-0 shrink items-center\"><span class=\"inline-flex items-center gap-1.5 text-sm font-article-heading capitalize leading-5 text-white whitespace-nowrap\"><span class=\"jwp-carousel-title-mobile\"><\/span><span class=\"jwp-carousel-title-desktop\">Latest Videos From<\/span><span class=\"jwp-carousel-brand\">Cyclingnews<\/span><\/span><\/div>\n<\/div>\n<div class=\"aspect-video w-full min-h-[200px] lg:min-h-[330px] relative overflow-hidden bg-black\" data-jwp-carousel-container>\n<div class=\"absolute inset-0 size-full\" data-jwp-carousel-player-host><\/div>\n<div class=\"absolute inset-0 size-full items-center justify-center bg-white\" data-jwp-carousel-fallback><\/div>\n<\/div>\n<div class=\"min-h-[44px] bg-zinc-900 px-[14px] py-3\" data-jwp-carousel-signposting><a class=\"invisible block truncate text-sm font-bold leading-5 text-white underline decoration-solid underline-offset-2\" data-jwp-carousel-signposting-link href target=\"_blank\" rel=\"noopener noreferrer\"><span data-jwp-carousel-signposting-title>Watch full video here: <\/span><\/a><\/div>\n<\/div>\n<p aria-hidden=\"true\" class=\"kiosq-b\">Riding as a support rider in the Vuelta for the Lotto leaders, the 26-year-old hilly Classics specialist managed to remount and completed in 178th place, 33:17 down. He was the last rider to finish on a stage with more than 3,500 metres of vertical climbing.<\/p>\n<div id=\"ad-unit-2\" class=\"ad-unit\"><\/div>\n<p aria-hidden=\"true\" class=\"kiosq-b\">The initial medical diagnosis on the official stage report was that Van Boven had suffered bruises and road rash in his lower back and right buttock &#8220;requiring continuous on-course attention for subsequent radiological study.&#8221;<\/p>\n<p>The post-stage check-up revealed the fourth-year pro had suffered two broken ribs and a collapsed lung in the crash, making it impossible for him to continue in the race<\/p>\n<aside data-component-name=\"Recirculation:ArticleRiver\" data-recirculation-type=\"inline\" data-mrf-recirculation=\"Trending Bar\" data-nosnippet class=\"clear-both pt-2 pb-0 mb-4\">\n        <span class=\"\n            flex\n            after:content-[&apos;&apos;] after:flex-1 after:ml-4 after:my-[0.7rem] after:border-t after:border-solid after:border-t-[#ccc]\n            before:content-[&apos;&apos;] before:flex-1 before:mr-4 before:my-[0.7rem] before:border-t before:border-solid before:border-t-[#ccc]\n            font-article-heading pb-0 text-[length:var(--article-river-title--font-size,1em)] uppercase sm:text-[length:var(--article-river-title--font-size,0.875em)] font-bold\n        \"><br \/>\n            You may like<br \/>\n        <\/span><\/p>\n<ul class=\"flex flex-col gap-0 m-0 max-w-full\">\n<li class=\"m-0 list-none border-b border-solid border-[#ededed] py-2\" data-recirculation-id=\"recirculation-card-1\" id=\"recirculation-inline-1\" data-analytics-id=\"recirculation-inline-1\" data-mrf-recirculation=\"recirculation-inline-1\">\n<p>    <img decoding=\"async\" src=\"https:\/\/cdn.mos.cms.futurecdn.net\/W9NpVsRBTco2G7biwoY7Nd.jpg\" alt=\"MONACO, MONACO - AUGUST 23: A general view of Harold Tejada of Colombia, Yevgeniy Fedorov of Kazakhstan, Lorenzo Fortunato of Italy, Victor Langellotti of Monaco, Henok Mulubrhan of Eritrea, Cristian Rodriguez of Spain, Alessandro Romele of Italy, Darren Van Bekkum of Netherlands and Team XDS Astana prior to the La Vuelta - 81st Tour of Spain 2026, Stage 2 a 214.3km from Monaco to Manosque 408m \/ #UCIWT \/ on August 23, 2026 in Monaco, Monaco. (Photo by Alexander Hassenstein\/Getty Images)\" loading=\"lazy\" class=\"rounded-[var(--image--border-radius,0)] aspect-square size-[75px] object-cover shrink-0 rounded-lg\"><\/p>\n<p>                        <span class=\"w-full text-base font-[var(--article-river-item--font-weight,500)] font-article-heading line-clamp-3 md:line-clamp-2\">\u2018It was fair that I got it&#8217; &#8211; Alessandro Romele accepts yellow card for crash incident that led to Luca Van Boven Vuelta a Espa\u00f1a abandon<\/span><\/p>\n<\/li>\n<li class=\"m-0 list-none border-b border-solid border-[#ededed] py-2\" data-recirculation-id=\"recirculation-card-2\" id=\"recirculation-inline-2\" data-analytics-id=\"recirculation-inline-2\" data-mrf-recirculation=\"recirculation-inline-2\">\n<p>    <img decoding=\"async\" src=\"https:\/\/cdn.mos.cms.futurecdn.net\/doaGkPVmHqqaXv63uaUo5K.jpg\" alt=\"MANOSQUE, MONACO - AUGUST 23: Cian Uijtdebroeks of Belgium and Movistar Team reacts after crash during the La Vuelta - 81st Tour of Spain 2026, Stage 2 a 214.3km from Monaco to Manosque 408m \/ #UCIWT \/ on August 23, 2026 in Manosque, Monaco. (Photo by Tim de Waele\/Getty Images)\" loading=\"lazy\" class=\"rounded-[var(--image--border-radius,0)] aspect-square size-[75px] object-cover shrink-0 rounded-lg\"><\/p>\n<p>                        <span class=\"w-full text-base font-[var(--article-river-item--font-weight,500)] font-article-heading line-clamp-3 md:line-clamp-2\">Cian Uijtdebroeks abandons the Vuelta a Espa\u00f1a following tearful last-place finish on stage 4<\/span><\/p>\n<\/li>\n<li class=\"m-0 list-none border-b border-solid border-[#ccc] py-2\" data-recirculation-id=\"recirculation-card-3\" id=\"recirculation-inline-3\" data-analytics-id=\"recirculation-inline-3\" data-mrf-recirculation=\"recirculation-inline-3\">\n<p>    <img decoding=\"async\" src=\"https:\/\/cdn.mos.cms.futurecdn.net\/ChYjgJvszKAKLexRc5wykP.jpg\" alt=\"Florian Lipowitz of Red Bull - BORA - hansgrohe shows signs of his crash after stage 16\" loading=\"lazy\" class=\"rounded-[var(--image--border-radius,0)] aspect-square size-[75px] object-cover shrink-0 rounded-lg\"><\/p>\n<p>                        <span class=\"w-full text-base font-[var(--article-river-item--font-weight,500)] font-article-heading line-clamp-3 md:line-clamp-2\">Florian Lipowitz abandons the Tour de France after a heavy crash during the stage 16 time trial<\/span><\/p>\n<\/li>\n<\/ul>\n<\/aside>\n<p aria-hidden=\"true\" class=\"kiosq-b\">&#8220;Luca will remain in hospital overnight for further observation and will unfortunately not start tomorrow&#8217;s stage. He will continue to be monitored closely,&#8221; the team posted on social media. &#8220;We wish Luca lots of strength and a speedy recovery.&#8221;<\/p>\n<figure id=\"elk-DcmTablCHYm\" aria-hidden=\"true\" class=\"kiosq-b\">\n<div class=\"instagram-embed\">\n<blockquote class=\"instagram-media\" data-instgrm-captioned data-instgrm-version=\"6\">\n<p>A post shared by Lotto-Intermarch\u00e9 (@lottointermarche)<\/p><figcaption><cite><\/p>\n<p>A photo posted by on <\/p>\n<p><\/cite><\/figcaption><\/blockquote>\n<\/div>\n<\/figure>\n<p id=\"elk-fe095e28-a37b-11f1-aee6-dbdec63eeffc\" aria-hidden=\"true\" class=\"kiosq-b\"><em><strong>For unbeatable coverage across road, gravel and tech, subscribe to Cyclingnews. You&#8217;ll get comprehensive race coverage of La Vuelta a Espa\u00f1a, subscriber-exclusive analysis from our expert columnists, in-depth features and industry-leading tech insight. Plus, the Cyclingnews app lets you follow the action wherever you go! <\/strong><\/em><u><em><strong>Join today.<\/strong><\/em><\/u><\/p>\n<div id=\"slice-container-newsletterForm-articleInbodyContent-Z4AXRAjoh3xQuqHRQ6tsn\" class=\"slice-container newsletter-inbodyContent-slice newsletterForm-articleInbodyContent-Z4AXRAjoh3xQuqHRQ6tsn slice-container-newsletterForm\">\n<div data-hydrate=\"true\" class=\"newsletter-form__wrapper newsletter-form__wrapper--inbodyContent\">\n<div class=\"newsletter-form__container\">\n<section class=\"newsletter-form__top-bar\">\n<div class=\"newsletter-form__header\">Get The Leadout Newsletter<\/div>\n<\/section>\n<section class=\"newsletter-form__main-section\">\n<p class=\"newsletter-form__strapline\">The latest race content, interviews, features, reviews and expert buying guides, direct to your inbox!<\/p>\n<footer class=\"newsletter-form__footer \">By submitting your information you agree to the Terms &amp; Conditions and Privacy Policy and are aged 16 or over.<\/footer>\n<\/section>\n<\/div>\n<\/div>\n<\/div>\n<\/div>\n<div id=\"kiosq-app-paywall-js\"><\/div>\n<div id=\"this-will-be-used-for-mpu-2\"><\/div>\n<div class=\"block mb-5\" id=\"articleTag\" data-component-name=\"PostArticleLinks\" data-nosnippet data-mrf-recirculation=\"post-article-links\">\n<div class=\"border-b border-b-black border-solid py-2.5 text-black font-bold uppercase\">TOPICS<\/div>\n<nav class=\"py-2.5 flex gap-2.5 flex-wrap\" data-analytics-id=\"article-tag\" data-mrf-recirculation=\"article-tag\">\n<p>Road<\/p>\n<p>Luca Van Boven<\/p>\n<p>Alessandro Romele<\/p>\n<\/nav>\n<\/div>\n<div id=\"slice-container-authorBio-Z4AXRAjoh3xQuqHRQ6tsn\" class=\"slice-container slice-author-bio authorBio-Z4AXRAjoh3xQuqHRQ6tsn slice-container-authorBio\">\n<div class=\"author author__default-layout author--separator author--collapsible\" data-hydrate=\"true\">\n<div class=\"author__header\">\n<div class=\"author__avatar-block\">\n<figure class=\"image-wrapped__wrapper\" data-bordeaux-image-check=\"false\">\n<div class=\"image-wrapped__widthsetter\">\n<div class=\"image-wrapped__aspect-padding\">\n<div><img decoding=\"async\" src=\"https:\/\/cdn.mos.cms.futurecdn.net\/5QLhaPay9asJvmaNsCjFVZ.jpg\" alt=\"Alasdair Fotheringham\" class=\"author__avatar image-wrapped__image image__image\" loading=\"lazy\"><\/div>\n<\/div>\n<\/div>\n<\/figure>\n<\/div>\n<div class=\"author__heading\">\n<div class=\"author__name\">Alasdair Fotheringham<\/div>\n<div class=\"author__social\">\n<nav class=\"button-social-group author__social-buttons\" aria-labelledby=\"button-social-group- author__social-buttons\">\n<div id=\"button-social-group- author__social-buttons\">Social Links Navigation<\/div>\n<p><span class=\"button-social__icon\"><\/span><\/nav>\n<\/div>\n<\/div>\n<\/div>\n<div class=\"author__bio-wrapper\">\n<div class=\"author__biography\">\n<p>Alasdair Fotheringham has been reporting on cycling since 1991. He has covered every Tour de France since 1992 bar one, as well as numerous other bike races of all shapes and sizes, ranging from the Olympic Games in 2008 to the now sadly defunct Subida a Urkiola hill climb in Spain. As well as working for <em>Cyclingnews<\/em>, he has also written for <em>The Independent<\/em>,\u00a0 <em>The Guardian<\/em>,\u00a0 <em>ProCycling<\/em>, <em>The Express<\/em> and <em>Reuters<\/em>.<\/p>\n<\/div>\n<\/div>\n<\/div>\n<\/div>\n<\/section>\n<div id=\"viafoura-comments\" aria-hidden=\"true\"><\/div>\n<div class=\"relative max-w-[1070px] viafoura-twig-component mt-6 mx-4 lg:mx-0\" data-component-name=\"Viafoura:Comments\" data-nosnippet data-community-guidelines-text=\"&lt;p class=&apos;vfcustom-community-guidelines&apos;&gt;Please follow our &lt;a href=&quot;https:\/\/www.cyclingnews.com\/about\/#section-community-guidelines&quot; target=&quot;_blank&quot;&gt;community guidelines&lt;\/a&gt;.&lt;\/p&gt;\" data-join-the-conversation-text=\"Join the Conversation\">\n<div class=\"relative h-(--truncate-height) sm:h-(--truncate-desktop-height) overflow-hidden transition-[height] duration-150\" data-test-id=\"container\" data-component-name=\"Util:Truncate\" id=\"viafoura-comments-container\">\n<div class=\"relative z-10 viafoura rounded-[var(--comment-widget-border-radius,0)]\" id=\"viafoura-comment-wrapper\" data-test-id=\"content\">\n<div class=\"viafoura\">\n<div>\n<\/div>\n<\/div>\n<\/div>\n<div class=\"absolute bg-gradient-to-t from-[var(--truncate-gradient-color,white)] from-50% h-28 z-20 w-full bottom-0 flex items-end justify-center px-0 rounded-none\">\n<\/div>\n<\/div>\n<div class=\"absolute top-0 left-0 w-full h-full flex items-center justify-center z-50 bg-white\/90 border-1 rounded-b-[var(--comment-widget-border-radius,0)]\">\n<div class=\"p-2 text-center\">\n<p class=\"mb-3 text-lg!\">You must confirm your public display name before commenting<\/p>\n<p class=\"mb-3 text-sm!\">Please logout and then login again, you will then be prompted to enter your display name.<\/p>\n<\/div>\n<\/div>\n<\/div>\n<div class=\"infinite-container\" data-analytics-id=\"infinite-container\" data-component-name=\"SponsoredScroll\" data-mrf-recirculation=\"infinite-container\">\n<div class=\"infinite-trigger\" aria-hidden=\"true\"><\/div>\n<\/div>\n<section class=\"mx-2 my-5 sm:mx-0\">\n<aside class=\"w-full\" data-nosnippet data-mrf-recirculation=\"article-river-stacked\">\n<div data-recirc-id=\"article-river-stacked-adviser:hybrid\">\n<div class=\"text-white py-4 px-3 mb-4 bg-[#333] uppercase font-bold custom-header-styles\">Read more<\/div>\n<div class=\"grid grid-cols-1 gap-4 mt-4 mb-5\">\n<div>\n<div class=\"aspect-[var(--img-listing-aspect-ratio,16\/9)] relative mb-3.5\">\n<p>    <img decoding=\"async\" src=\"https:\/\/cdn.mos.cms.futurecdn.net\/W9NpVsRBTco2G7biwoY7Nd.jpg\" alt=\"MONACO, MONACO - AUGUST 23: A general view of Harold Tejada of Colombia, Yevgeniy Fedorov of Kazakhstan, Lorenzo Fortunato of Italy, Victor Langellotti of Monaco, Henok Mulubrhan of Eritrea, Cristian Rodriguez of Spain, Alessandro Romele of Italy, Darren Van Bekkum of Netherlands and Team XDS Astana prior to the La Vuelta - 81st Tour of Spain 2026, Stage 2 a 214.3km from Monaco to Manosque 408m \/ #UCIWT \/ on August 23, 2026 in Monaco, Monaco. (Photo by Alexander Hassenstein\/Getty Images)\" loading=\"lazy\" class=\"rounded-[var(--image--border-radius,0)] object-cover w-full h-full\"><\/p><\/div>\n<p>                                                                                                <span class=\"custom-subheading-styles\">Teams &amp; Riders<\/span><\/p>\n<p>                            <span class=\"text-base text-black font-bold mx-0 my-2.5 p-0 block custom-text-styles\">\u2018It was fair that I got it&#8217; &#8211; Alessandro Romele accepts yellow card for crash incident that led to Luca Van Boven Vuelta a Espa\u00f1a abandon<\/span><\/p><\/div>\n<div class=\"relative recirc-feed sponsored-card min-h-[250px]\" data-recirc-id=\"article-river-stacked-ads:native-cards\" data-mrf-recirculation=\"article-river-ads\" data-nosnippet data-ad-slot-path=\"feed-sponsored-post\" data-attribute-device=\"all\">\n<div class=\"sponsored-post max-w-full [&amp;.sponsored-post--loaded+.sponsored-post--placeholder]:hidden [&amp;[data-bordeaux-hook-loaded]+.sponsored-post--placeholder]:hidden\"><\/div>\n<div class=\"max-w-full sponsored-post--placeholder animate-pulse\">\n<div class=\"relative!\">\n            <span class=\"font-ui-heading bg-(--ad-slot-badge-bg-color) absolute text-xs font-bold leading-[14px] tracking-normal text-left text-white px-2.5 py-[5px] left-0 top-0 empty:hidden\"><\/span><\/p>\n<div class=\"aspect-[var(--img-listing-aspect-ratio,16\/9)] relative bg-gray-200\"><\/div>\n<p>            <span class=\"text-base text-black font-bold mx-0 my-2.5 p-0 block bg-gray-100\">\u00a0<br \/>\u00a0<\/span>\n        <\/div>\n<\/p><\/div>\n<\/div>\n<div>\n<div class=\"aspect-[var(--img-listing-aspect-ratio,16\/9)] relative mb-3.5\">\n<p>    <img decoding=\"async\" src=\"https:\/\/cdn.mos.cms.futurecdn.net\/doaGkPVmHqqaXv63uaUo5K.jpg\" alt=\"MANOSQUE, MONACO - AUGUST 23: Cian Uijtdebroeks of Belgium and Movistar Team reacts after crash during the La Vuelta - 81st Tour of Spain 2026, Stage 2 a 214.3km from Monaco to Manosque 408m \/ #UCIWT \/ on August 23, 2026 in Manosque, Monaco. (Photo by Tim de Waele\/Getty Images)\" loading=\"lazy\" class=\"rounded-[var(--image--border-radius,0)] object-cover w-full h-full\"><\/p><\/div>\n<p>                                                                                                <span class=\"custom-subheading-styles\">Racing<\/span><\/p>\n<p>                            <span class=\"text-base text-black font-bold mx-0 my-2.5 p-0 block custom-text-styles\">Cian Uijtdebroeks abandons the Vuelta a Espa\u00f1a following tearful last-place finish on stage 4<\/span><\/p><\/div>\n<div class=\"relative recirc-feed sponsored-card min-h-[250px]\" data-recirc-id=\"article-river-stacked-ads:native-cards\" data-mrf-recirculation=\"article-river-ads\" data-nosnippet data-ad-slot-path=\"feed-sponsored-post\" data-attribute-device=\"all\">\n<div class=\"sponsored-post max-w-full [&amp;.sponsored-post--loaded+.sponsored-post--placeholder]:hidden [&amp;[data-bordeaux-hook-loaded]+.sponsored-post--placeholder]:hidden\"><\/div>\n<div class=\"max-w-full sponsored-post--placeholder animate-pulse\">\n<div class=\"relative!\">\n            <span class=\"font-ui-heading bg-(--ad-slot-badge-bg-color) absolute text-xs font-bold leading-[14px] tracking-normal text-left text-white px-2.5 py-[5px] left-0 top-0 empty:hidden\"><\/span><\/p>\n<div class=\"aspect-[var(--img-listing-aspect-ratio,16\/9)] relative bg-gray-200\"><\/div>\n<p>            <span class=\"text-base text-black font-bold mx-0 my-2.5 p-0 block bg-gray-100\">\u00a0<br \/>\u00a0<\/span>\n        <\/div>\n<\/p><\/div>\n<\/div>\n<div>\n<div class=\"aspect-[var(--img-listing-aspect-ratio,16\/9)] relative mb-3.5\">\n<p>    <img decoding=\"async\" src=\"https:\/\/cdn.mos.cms.futurecdn.net\/ChYjgJvszKAKLexRc5wykP.jpg\" alt=\"Florian Lipowitz of Red Bull - BORA - hansgrohe shows signs of his crash after stage 16\" loading=\"lazy\" class=\"rounded-[var(--image--border-radius,0)] object-cover w-full h-full\"><\/p><\/div>\n<p>                                                                                                <span class=\"custom-subheading-styles\">Teams &amp; Riders<\/span><\/p>\n<p>                            <span class=\"text-base text-black font-bold mx-0 my-2.5 p-0 block custom-text-styles\">Florian Lipowitz abandons the Tour de France after a heavy crash during the stage 16 time trial<\/span><\/p><\/div>\n<div class=\"relative recirc-feed sponsored-card min-h-[250px]\" data-recirc-id=\"article-river-stacked-ads:native-cards\" data-mrf-recirculation=\"article-river-ads\" data-nosnippet data-ad-slot-path=\"feed-sponsored-post\" data-attribute-device=\"all\">\n<div class=\"sponsored-post max-w-full [&amp;.sponsored-post--loaded+.sponsored-post--placeholder]:hidden [&amp;[data-bordeaux-hook-loaded]+.sponsored-post--placeholder]:hidden\"><\/div>\n<div class=\"max-w-full sponsored-post--placeholder animate-pulse\">\n<div class=\"relative!\">\n            <span class=\"font-ui-heading bg-(--ad-slot-badge-bg-color) absolute text-xs font-bold leading-[14px] tracking-normal text-left text-white px-2.5 py-[5px] left-0 top-0 empty:hidden\"><\/span><\/p>\n<div class=\"aspect-[var(--img-listing-aspect-ratio,16\/9)] relative bg-gray-200\"><\/div>\n<p>            <span class=\"text-base text-black font-bold mx-0 my-2.5 p-0 block bg-gray-100\">\u00a0<br \/>\u00a0<\/span>\n        <\/div>\n<\/p><\/div>\n<\/div>\n<div>\n<div class=\"aspect-[var(--img-listing-aspect-ratio,16\/9)] relative mb-3.5\">\n<p>    <img decoding=\"async\" src=\"https:\/\/cdn.mos.cms.futurecdn.net\/VmE4rqZpuzWfkPXPfcVxJU.jpg\" alt=\"Lennert Van Eetvelt of Belgium and Team Lotto Intermarche crosses the finish line during the 113th Tour de France 2026, Stage 9 a 155.5km stage from Malemort to Ussel \/ Stage shortened due to a red alert for a heatwave \/ #UCIWT \/ on July 12, 2026 in Ussel, France. (Photo by Dario Belingheri\/Getty Images)\" loading=\"lazy\" class=\"rounded-[var(--image--border-radius,0)] object-cover w-full h-full\"><\/p><\/div>\n<p>                                                                                                <span class=\"custom-subheading-styles\">Racing<\/span><\/p>\n<p>                            <span class=\"text-base text-black font-bold mx-0 my-2.5 p-0 block custom-text-styles\">&#8216;It&#8217;s just about reaching Paris&#8217; &#8211; Rib injury undermines Lennert van Eetvelt&#8217;s Tour de France ambitions<\/span><\/p><\/div>\n<div class=\"relative recirc-feed sponsored-card min-h-[250px]\" data-recirc-id=\"article-river-stacked-ads:native-cards\" data-mrf-recirculation=\"article-river-ads\" data-nosnippet data-ad-slot-path=\"feed-sponsored-post\" data-attribute-device=\"all\">\n<div class=\"sponsored-post max-w-full [&amp;.sponsored-post--loaded+.sponsored-post--placeholder]:hidden [&amp;[data-bordeaux-hook-loaded]+.sponsored-post--placeholder]:hidden\"><\/div>\n<div class=\"max-w-full sponsored-post--placeholder animate-pulse\">\n<div class=\"relative!\">\n            <span class=\"font-ui-heading bg-(--ad-slot-badge-bg-color) absolute text-xs font-bold leading-[14px] tracking-normal text-left text-white px-2.5 py-[5px] left-0 top-0 empty:hidden\"><\/span><\/p>\n<div class=\"aspect-[var(--img-listing-aspect-ratio,16\/9)] relative bg-gray-200\"><\/div>\n<p>            <span class=\"text-base text-black font-bold mx-0 my-2.5 p-0 block bg-gray-100\">\u00a0<br \/>\u00a0<\/span>\n        <\/div>\n<\/p><\/div>\n<\/div>\n<div>\n<div class=\"aspect-[var(--img-listing-aspect-ratio,16\/9)] relative mb-3.5\">\n<p>    <img decoding=\"async\" src=\"https:\/\/cdn.mos.cms.futurecdn.net\/yELL6oysNwvGnFHyk6iWd3.jpg\" alt=\"Markel Beloki walks through the hail after stage 3 was cancelled\" loading=\"lazy\" class=\"rounded-[var(--image--border-radius,0)] object-cover w-full h-full\"><\/p><\/div>\n<p>                                                                                                <span class=\"custom-subheading-styles\">Racing<\/span><\/p>\n<p>                            <span class=\"text-base text-black font-bold mx-0 my-2.5 p-0 block custom-text-styles\">Vuelta a Espa\u00f1a 2026 abandons \u2013\u00a0Van Boven a non-starter on stage 8 as Van Tricht, Uriarte, Gaffuri also crash out<\/span><\/p><\/div>\n<div class=\"relative recirc-feed sponsored-card min-h-[250px]\" data-recirc-id=\"article-river-stacked-ads:native-cards\" data-mrf-recirculation=\"article-river-ads\" data-nosnippet data-ad-slot-path=\"feed-sponsored-post\" data-attribute-device=\"all\">\n<div class=\"sponsored-post max-w-full [&amp;.sponsored-post--loaded+.sponsored-post--placeholder]:hidden [&amp;[data-bordeaux-hook-loaded]+.sponsored-post--placeholder]:hidden\"><\/div>\n<div class=\"max-w-full sponsored-post--placeholder animate-pulse\">\n<div class=\"relative!\">\n            <span class=\"font-ui-heading bg-(--ad-slot-badge-bg-color) absolute text-xs font-bold leading-[14px] tracking-normal text-left text-white px-2.5 py-[5px] left-0 top-0 empty:hidden\"><\/span><\/p>\n<div class=\"aspect-[var(--img-listing-aspect-ratio,16\/9)] relative bg-gray-200\"><\/div>\n<p>            <span class=\"text-base text-black font-bold mx-0 my-2.5 p-0 block bg-gray-100\">\u00a0<br \/>\u00a0<\/span>\n        <\/div>\n<\/p><\/div>\n<\/div>\n<div>\n<div class=\"aspect-[var(--img-listing-aspect-ratio,16\/9)] relative mb-3.5\">\n<p>    <img decoding=\"async\" src=\"https:\/\/cdn.mos.cms.futurecdn.net\/b72yVfVNrWtLjCwBS8EHse.jpg\" alt=\"Tadej Poga\u010dar wearing the red jersey during the 2026 Vuelta a Espa\u00f1a\" loading=\"lazy\" class=\"rounded-[var(--image--border-radius,0)] object-cover w-full h-full\"><\/p><\/div>\n<p>                                                                                                <span class=\"custom-subheading-styles\">Teams &amp; Riders<\/span><\/p>\n<p>                            <span class=\"text-base text-black font-bold mx-0 my-2.5 p-0 block custom-text-styles\">Tadej Poga\u010dar suffers neck fracture and concussion in crash that ends his Vuelta a Espa\u00f1a<\/span><\/p><\/div>\n<div class=\"relative recirc-feed sponsored-card min-h-[250px]\" data-recirc-id=\"article-river-stacked-ads:native-cards\" data-mrf-recirculation=\"article-river-ads\" data-nosnippet data-ad-slot-path=\"feed-sponsored-post\" data-attribute-device=\"all\">\n<div class=\"sponsored-post max-w-full [&amp;.sponsored-post--loaded+.sponsored-post--placeholder]:hidden [&amp;[data-bordeaux-hook-loaded]+.sponsored-post--placeholder]:hidden\"><\/div>\n<div class=\"max-w-full sponsored-post--placeholder animate-pulse\">\n<div class=\"relative!\">\n            <span class=\"font-ui-heading bg-(--ad-slot-badge-bg-color) absolute text-xs font-bold leading-[14px] tracking-normal text-left text-white px-2.5 py-[5px] left-0 top-0 empty:hidden\"><\/span><\/p>\n<div class=\"aspect-[var(--img-listing-aspect-ratio,16\/9)] relative bg-gray-200\"><\/div>\n<p>            <span class=\"text-base text-black font-bold mx-0 my-2.5 p-0 block bg-gray-100\">\u00a0<br \/>\u00a0<\/span>\n        <\/div>\n<\/p><\/div>\n<\/div><\/div>\n<\/p><\/div>\n<\/aside>\n<aside class=\"w-full\" data-nosnippet data-mrf-recirculation=\"article-river-stacked\">\n<div data-recirc-id=\"article-river-stacked-solr:latest-category\">\n<div class=\"text-white py-4 px-3 mb-4 bg-[#333] uppercase font-bold custom-header-styles\">Latest in Teams &amp; Riders<\/div>\n<div class=\"grid grid-cols-1 gap-4 mt-4 mb-5\">\n<div>\n<div class=\"aspect-[var(--img-listing-aspect-ratio,16\/9)] relative mb-3.5\">\n<p>    <img decoding=\"async\" src=\"https:\/\/cdn.mos.cms.futurecdn.net\/E4RkU8rMnBW5TwXorbSCaj.jpg\" alt=\"2026 Classic Lorient Agglom\u00e9ration-Ceratizit podium: second-place Mischa Bredewold (SD Worx-ProTime), winner Elisa Balsamo (Lidl-Trek) and third-place Franziska Koch (FDJ United-Suez)\" loading=\"lazy\" class=\"rounded-[var(--image--border-radius,0)] object-cover w-full h-full\"><\/p><\/div>\n<p>                                                                                                <span class=\"custom-subheading-styles\">Teams &amp; Riders<\/span><\/p>\n<p>                            <span class=\"text-base text-black font-bold mx-0 my-2.5 p-0 block custom-text-styles\">Disappointment at SD Worx-Protime as Mischa Bredewold misses fourth consecutive victory at Classic Lorient Agglom\u00e9ration<\/span><\/p><\/div>\n<div class=\"relative recirc-feed sponsored-card min-h-[250px]\" data-recirc-id=\"article-river-stacked-ads:native-cards\" data-mrf-recirculation=\"article-river-ads\" data-nosnippet data-ad-slot-path=\"feed-sponsored-post\" data-attribute-device=\"all\">\n<div class=\"sponsored-post max-w-full [&amp;.sponsored-post--loaded+.sponsored-post--placeholder]:hidden [&amp;[data-bordeaux-hook-loaded]+.sponsored-post--placeholder]:hidden\"><\/div>\n<div class=\"max-w-full sponsored-post--placeholder animate-pulse\">\n<div class=\"relative!\">\n            <span class=\"font-ui-heading bg-(--ad-slot-badge-bg-color) absolute text-xs font-bold leading-[14px] tracking-normal text-left text-white px-2.5 py-[5px] left-0 top-0 empty:hidden\"><\/span><\/p>\n<div class=\"aspect-[var(--img-listing-aspect-ratio,16\/9)] relative bg-gray-200\"><\/div>\n<p>            <span class=\"text-base text-black font-bold mx-0 my-2.5 p-0 block bg-gray-100\">\u00a0<br \/>\u00a0<\/span>\n        <\/div>\n<\/p><\/div>\n<\/div>\n<div>\n<div class=\"aspect-[var(--img-listing-aspect-ratio,16\/9)] relative mb-3.5\">\n<p>    <img decoding=\"async\" src=\"https:\/\/cdn.mos.cms.futurecdn.net\/PqHdCxLqcsCG3j55wRKHd8.jpg\" alt=\"UAE Team Emirates-XRG riders Domen Novak, Ivo Oliveira, Pavel Sivakov, Pablo Torres, Kevin Vermaerke and Jay Vine dropped from the peloton after the crash and abandon of their team leader Tadej Poga\u010dar\" loading=\"lazy\" class=\"rounded-[var(--image--border-radius,0)] object-cover w-full h-full\"><\/p><\/div>\n<p>                                                                                                <span class=\"custom-subheading-styles\">Teams &amp; Riders<\/span><\/p>\n<p>                            <span class=\"text-base text-black font-bold mx-0 my-2.5 p-0 block custom-text-styles\">&#8216;It&#8217;s a sad way to end it&#8217; &#8211; exit of Tadej Poga\u010dar sparks wave of sympathy and regret in the Vuelta a Espa\u00f1a peloton<\/span><\/p><\/div>\n<div class=\"relative recirc-feed sponsored-card min-h-[250px]\" data-recirc-id=\"article-river-stacked-ads:native-cards\" data-mrf-recirculation=\"article-river-ads\" data-nosnippet data-ad-slot-path=\"feed-sponsored-post\" data-attribute-device=\"all\">\n<div class=\"sponsored-post max-w-full [&amp;.sponsored-post--loaded+.sponsored-post--placeholder]:hidden [&amp;[data-bordeaux-hook-loaded]+.sponsored-post--placeholder]:hidden\"><\/div>\n<div class=\"max-w-full sponsored-post--placeholder animate-pulse\">\n<div class=\"relative!\">\n            <span class=\"font-ui-heading bg-(--ad-slot-badge-bg-color) absolute text-xs font-bold leading-[14px] tracking-normal text-left text-white px-2.5 py-[5px] left-0 top-0 empty:hidden\"><\/span><\/p>\n<div class=\"aspect-[var(--img-listing-aspect-ratio,16\/9)] relative bg-gray-200\"><\/div>\n<p>            <span class=\"text-base text-black font-bold mx-0 my-2.5 p-0 block bg-gray-100\">\u00a0<br \/>\u00a0<\/span>\n        <\/div>\n<\/p><\/div>\n<\/div>\n<div>\n<div class=\"aspect-[var(--img-listing-aspect-ratio,16\/9)] relative mb-3.5\">\n<p>    <img decoding=\"async\" src=\"https:\/\/cdn.mos.cms.futurecdn.net\/cLxnWfvqACbRiM7HpKnEsJ.jpg\" alt=\"Matthew Brennan leads the peloton home to take a sprint victory on stage 2 of the 2026 Vuelta a Espa\u00f1a\" loading=\"lazy\" class=\"rounded-[var(--image--border-radius,0)] object-cover w-full h-full\"><\/p><\/div>\n<p>                                                                                                <span class=\"custom-subheading-styles\">Teams &amp; Riders<\/span><\/p>\n<p>                            <span class=\"text-base text-black font-bold mx-0 my-2.5 p-0 block custom-text-styles\">&#8216;A lot of people thought they were superheroes today&#8217; \u2013 Matthew Brennan laments risk-taking in Vuelta a Espa\u00f1a peloton on a day marked by numerous crashes<\/span><\/p><\/div>\n<div class=\"relative recirc-feed sponsored-card min-h-[250px]\" data-recirc-id=\"article-river-stacked-ads:native-cards\" data-mrf-recirculation=\"article-river-ads\" data-nosnippet data-ad-slot-path=\"feed-sponsored-post\" data-attribute-device=\"all\">\n<div class=\"sponsored-post max-w-full [&amp;.sponsored-post--loaded+.sponsored-post--placeholder]:hidden [&amp;[data-bordeaux-hook-loaded]+.sponsored-post--placeholder]:hidden\"><\/div>\n<div class=\"max-w-full sponsored-post--placeholder animate-pulse\">\n<div class=\"relative!\">\n            <span class=\"font-ui-heading bg-(--ad-slot-badge-bg-color) absolute text-xs font-bold leading-[14px] tracking-normal text-left text-white px-2.5 py-[5px] left-0 top-0 empty:hidden\"><\/span><\/p>\n<div class=\"aspect-[var(--img-listing-aspect-ratio,16\/9)] relative bg-gray-200\"><\/div>\n<p>            <span class=\"text-base text-black font-bold mx-0 my-2.5 p-0 block bg-gray-100\">\u00a0<br \/>\u00a0<\/span>\n        <\/div>\n<\/p><\/div>\n<\/div>\n<div>\n<div class=\"aspect-[var(--img-listing-aspect-ratio,16\/9)] relative mb-3.5\">\n<p>    <img decoding=\"async\" src=\"https:\/\/cdn.mos.cms.futurecdn.net\/UKZMpRpti7HwnURtBmSRWd.jpg\" alt=\"Team manager of UAE Team Emirates, Matxin Joxean Fernandez meets the media after stage 8 of Vuelta a Espa\u00f1a\" loading=\"lazy\" class=\"rounded-[var(--image--border-radius,0)] object-cover w-full h-full\"><\/p><\/div>\n<p>                                                                                                <span class=\"custom-subheading-styles\">Teams &amp; Riders<\/span><\/p>\n<p>                            <span class=\"text-base text-black font-bold mx-0 my-2.5 p-0 block custom-text-styles\">\u2018Right now we have to be with Tadej the person&#8217; &#8211; UAE Team Emirates-XRG management prioritize Poga\u010dar&#8217;s recovery after Vuelta a Espa\u00f1a leader crashes out of race<\/span><\/p><\/div>\n<div class=\"relative recirc-feed sponsored-card min-h-[250px]\" data-recirc-id=\"article-river-stacked-ads:native-cards\" data-mrf-recirculation=\"article-river-ads\" data-nosnippet data-ad-slot-path=\"feed-sponsored-post\" data-attribute-device=\"all\">\n<div class=\"sponsored-post max-w-full [&amp;.sponsored-post--loaded+.sponsored-post--placeholder]:hidden [&amp;[data-bordeaux-hook-loaded]+.sponsored-post--placeholder]:hidden\"><\/div>\n<div class=\"max-w-full sponsored-post--placeholder animate-pulse\">\n<div class=\"relative!\">\n            <span class=\"font-ui-heading bg-(--ad-slot-badge-bg-color) absolute text-xs font-bold leading-[14px] tracking-normal text-left text-white px-2.5 py-[5px] left-0 top-0 empty:hidden\"><\/span><\/p>\n<div class=\"aspect-[var(--img-listing-aspect-ratio,16\/9)] relative bg-gray-200\"><\/div>\n<p>            <span class=\"text-base text-black font-bold mx-0 my-2.5 p-0 block bg-gray-100\">\u00a0<br \/>\u00a0<\/span>\n        <\/div>\n<\/p><\/div>\n<\/div>\n<div>\n<div class=\"aspect-[var(--img-listing-aspect-ratio,16\/9)] relative mb-3.5\">\n<p>    <img decoding=\"async\" src=\"https:\/\/cdn.mos.cms.futurecdn.net\/MPRqYxXGnmuLpKGZJxvxZZ.jpg\" alt=\"Enric Mas holds the red jersey on the podium after stage 8 of the Vuelta a Espa\u00f1a\" loading=\"lazy\" class=\"rounded-[var(--image--border-radius,0)] object-cover w-full h-full\"><\/p><\/div>\n<p>                                                                                                <span class=\"custom-subheading-styles\">Teams &amp; Riders<\/span><\/p>\n<p>                            <span class=\"text-base text-black font-bold mx-0 my-2.5 p-0 block custom-text-styles\">&#8216;I think it&#8217;s something to show respect to him&#8217; \u2013 New Vuelta a Espa\u00f1a leader Enric Mas refuses to wear red jersey on stage 8 podium after Tadej Poga\u010dar&#8217;s abandon<\/span><\/p><\/div>\n<div class=\"relative recirc-feed sponsored-card min-h-[250px]\" data-recirc-id=\"article-river-stacked-ads:native-cards\" data-mrf-recirculation=\"article-river-ads\" data-nosnippet data-ad-slot-path=\"feed-sponsored-post\" data-attribute-device=\"all\">\n<div class=\"sponsored-post max-w-full [&amp;.sponsored-post--loaded+.sponsored-post--placeholder]:hidden [&amp;[data-bordeaux-hook-loaded]+.sponsored-post--placeholder]:hidden\"><\/div>\n<div class=\"max-w-full sponsored-post--placeholder animate-pulse\">\n<div class=\"relative!\">\n            <span class=\"font-ui-heading bg-(--ad-slot-badge-bg-color) absolute text-xs font-bold leading-[14px] tracking-normal text-left text-white px-2.5 py-[5px] left-0 top-0 empty:hidden\"><\/span><\/p>\n<div class=\"aspect-[var(--img-listing-aspect-ratio,16\/9)] relative bg-gray-200\"><\/div>\n<p>            <span class=\"text-base text-black font-bold mx-0 my-2.5 p-0 block bg-gray-100\">\u00a0<br \/>\u00a0<\/span>\n        <\/div>\n<\/p><\/div>\n<\/div>\n<div>\n<div class=\"aspect-[var(--img-listing-aspect-ratio,16\/9)] relative mb-3.5\">\n<p>    <img decoding=\"async\" src=\"https:\/\/cdn.mos.cms.futurecdn.net\/b72yVfVNrWtLjCwBS8EHse.jpg\" alt=\"Tadej Poga\u010dar wearing the red jersey during the 2026 Vuelta a Espa\u00f1a\" loading=\"lazy\" class=\"rounded-[var(--image--border-radius,0)] object-cover w-full h-full\"><\/p><\/div>\n<p>                                                                                                <span class=\"custom-subheading-styles\">Teams &amp; Riders<\/span><\/p>\n<p>                            <span class=\"text-base text-black font-bold mx-0 my-2.5 p-0 block custom-text-styles\">Tadej Poga\u010dar suffers neck fracture and concussion in crash that ends his Vuelta a Espa\u00f1a<\/span><\/p><\/div>\n<div class=\"relative recirc-feed sponsored-card min-h-[250px]\" data-recirc-id=\"article-river-stacked-ads:native-cards\" data-mrf-recirculation=\"article-river-ads\" data-nosnippet data-ad-slot-path=\"feed-sponsored-post\" data-attribute-device=\"all\">\n<div class=\"sponsored-post max-w-full [&amp;.sponsored-post--loaded+.sponsored-post--placeholder]:hidden [&amp;[data-bordeaux-hook-loaded]+.sponsored-post--placeholder]:hidden\"><\/div>\n<div class=\"max-w-full sponsored-post--placeholder animate-pulse\">\n<div class=\"relative!\">\n            <span class=\"font-ui-heading bg-(--ad-slot-badge-bg-color) absolute text-xs font-bold leading-[14px] tracking-normal text-left text-white px-2.5 py-[5px] left-0 top-0 empty:hidden\"><\/span><\/p>\n<div class=\"aspect-[var(--img-listing-aspect-ratio,16\/9)] relative bg-gray-200\"><\/div>\n<p>            <span class=\"text-base text-black font-bold mx-0 my-2.5 p-0 block bg-gray-100\">\u00a0<br \/>\u00a0<\/span>\n        <\/div>\n<\/p><\/div>\n<\/div><\/div>\n<\/p><\/div>\n<\/aside>\n<aside class=\"w-full\" data-nosnippet data-mrf-recirculation=\"article-river-stacked\">\n<div data-recirc-id=\"article-river-stacked-solr:latest-articletype\">\n<div class=\"text-white py-4 px-3 mb-4 bg-[#333] uppercase font-bold custom-header-styles\">Latest in News<\/div>\n<div class=\"grid grid-cols-1 gap-4 mt-4 mb-5\">\n<div>\n<div class=\"aspect-[var(--img-listing-aspect-ratio,16\/9)] relative mb-3.5\">\n<p>    <img decoding=\"async\" src=\"https:\/\/cdn.mos.cms.futurecdn.net\/E4RkU8rMnBW5TwXorbSCaj.jpg\" alt=\"2026 Classic Lorient Agglom\u00e9ration-Ceratizit podium: second-place Mischa Bredewold (SD Worx-ProTime), winner Elisa Balsamo (Lidl-Trek) and third-place Franziska Koch (FDJ United-Suez)\" loading=\"lazy\" class=\"rounded-[var(--image--border-radius,0)] object-cover w-full h-full\"><\/p><\/div>\n<p>                                                                                                <span class=\"custom-subheading-styles\">Teams &amp; Riders<\/span><\/p>\n<p>                            <span class=\"text-base text-black font-bold mx-0 my-2.5 p-0 block custom-text-styles\">Disappointment at SD Worx-Protime as Mischa Bredewold misses fourth consecutive victory at Classic Lorient Agglom\u00e9ration<\/span><\/p><\/div>\n<div class=\"relative recirc-feed sponsored-card min-h-[250px]\" data-recirc-id=\"article-river-stacked-ads:native-cards\" data-mrf-recirculation=\"article-river-ads\" data-nosnippet data-ad-slot-path=\"feed-sponsored-post\" data-attribute-device=\"all\">\n<div class=\"sponsored-post max-w-full [&amp;.sponsored-post--loaded+.sponsored-post--placeholder]:hidden [&amp;[data-bordeaux-hook-loaded]+.sponsored-post--placeholder]:hidden\"><\/div>\n<div class=\"max-w-full sponsored-post--placeholder animate-pulse\">\n<div class=\"relative!\">\n            <span class=\"font-ui-heading bg-(--ad-slot-badge-bg-color) absolute text-xs font-bold leading-[14px] tracking-normal text-left text-white px-2.5 py-[5px] left-0 top-0 empty:hidden\"><\/span><\/p>\n<div class=\"aspect-[var(--img-listing-aspect-ratio,16\/9)] relative bg-gray-200\"><\/div>\n<p>            <span class=\"text-base text-black font-bold mx-0 my-2.5 p-0 block bg-gray-100\">\u00a0<br \/>\u00a0<\/span>\n        <\/div>\n<\/p><\/div>\n<\/div>\n<div>\n<div class=\"aspect-[var(--img-listing-aspect-ratio,16\/9)] relative mb-3.5\">\n<p>    <img decoding=\"async\" src=\"https:\/\/cdn.mos.cms.futurecdn.net\/PqHdCxLqcsCG3j55wRKHd8.jpg\" alt=\"UAE Team Emirates-XRG riders Domen Novak, Ivo Oliveira, Pavel Sivakov, Pablo Torres, Kevin Vermaerke and Jay Vine dropped from the peloton after the crash and abandon of their team leader Tadej Poga\u010dar\" loading=\"lazy\" class=\"rounded-[var(--image--border-radius,0)] object-cover w-full h-full\"><\/p><\/div>\n<p>                                                                                                <span class=\"custom-subheading-styles\">Teams &amp; Riders<\/span><\/p>\n<p>                            <span class=\"text-base text-black font-bold mx-0 my-2.5 p-0 block custom-text-styles\">&#8216;It&#8217;s a sad way to end it&#8217; &#8211; exit of Tadej Poga\u010dar sparks wave of sympathy and regret in the Vuelta a Espa\u00f1a peloton<\/span><\/p><\/div>\n<div class=\"relative recirc-feed sponsored-card min-h-[250px]\" data-recirc-id=\"article-river-stacked-ads:native-cards\" data-mrf-recirculation=\"article-river-ads\" data-nosnippet data-ad-slot-path=\"feed-sponsored-post\" data-attribute-device=\"all\">\n<div class=\"sponsored-post max-w-full [&amp;.sponsored-post--loaded+.sponsored-post--placeholder]:hidden [&amp;[data-bordeaux-hook-loaded]+.sponsored-post--placeholder]:hidden\"><\/div>\n<div class=\"max-w-full sponsored-post--placeholder animate-pulse\">\n<div class=\"relative!\">\n            <span class=\"font-ui-heading bg-(--ad-slot-badge-bg-color) absolute text-xs font-bold leading-[14px] tracking-normal text-left text-white px-2.5 py-[5px] left-0 top-0 empty:hidden\"><\/span><\/p>\n<div class=\"aspect-[var(--img-listing-aspect-ratio,16\/9)] relative bg-gray-200\"><\/div>\n<p>            <span class=\"text-base text-black font-bold mx-0 my-2.5 p-0 block bg-gray-100\">\u00a0<br \/>\u00a0<\/span>\n        <\/div>\n<\/p><\/div>\n<\/div>\n<div>\n<div class=\"aspect-[var(--img-listing-aspect-ratio,16\/9)] relative mb-3.5\">\n<p>    <img decoding=\"async\" src=\"https:\/\/cdn.mos.cms.futurecdn.net\/cLxnWfvqACbRiM7HpKnEsJ.jpg\" alt=\"Matthew Brennan leads the peloton home to take a sprint victory on stage 2 of the 2026 Vuelta a Espa\u00f1a\" loading=\"lazy\" class=\"rounded-[var(--image--border-radius,0)] object-cover w-full h-full\"><\/p><\/div>\n<p>                                                                                                <span class=\"custom-subheading-styles\">Teams &amp; Riders<\/span><\/p>\n<p>                            <span class=\"text-base text-black font-bold mx-0 my-2.5 p-0 block custom-text-styles\">&#8216;A lot of people thought they were superheroes today&#8217; \u2013 Matthew Brennan laments risk-taking in Vuelta a Espa\u00f1a peloton on a day marked by numerous crashes<\/span><\/p><\/div>\n<div class=\"relative recirc-feed sponsored-card min-h-[250px]\" data-recirc-id=\"article-river-stacked-ads:native-cards\" data-mrf-recirculation=\"article-river-ads\" data-nosnippet data-ad-slot-path=\"feed-sponsored-post\" data-attribute-device=\"all\">\n<div class=\"sponsored-post max-w-full [&amp;.sponsored-post--loaded+.sponsored-post--placeholder]:hidden [&amp;[data-bordeaux-hook-loaded]+.sponsored-post--placeholder]:hidden\"><\/div>\n<div class=\"max-w-full sponsored-post--placeholder animate-pulse\">\n<div class=\"relative!\">\n            <span class=\"font-ui-heading bg-(--ad-slot-badge-bg-color) absolute text-xs font-bold leading-[14px] tracking-normal text-left text-white px-2.5 py-[5px] left-0 top-0 empty:hidden\"><\/span><\/p>\n<div class=\"aspect-[var(--img-listing-aspect-ratio,16\/9)] relative bg-gray-200\"><\/div>\n<p>            <span class=\"text-base text-black font-bold mx-0 my-2.5 p-0 block bg-gray-100\">\u00a0<br \/>\u00a0<\/span>\n        <\/div>\n<\/p><\/div>\n<\/div>\n<div>\n<div class=\"aspect-[var(--img-listing-aspect-ratio,16\/9)] relative mb-3.5\">\n<p>    <img decoding=\"async\" src=\"https:\/\/cdn.mos.cms.futurecdn.net\/UKZMpRpti7HwnURtBmSRWd.jpg\" alt=\"Team manager of UAE Team Emirates, Matxin Joxean Fernandez meets the media after stage 8 of Vuelta a Espa\u00f1a\" loading=\"lazy\" class=\"rounded-[var(--image--border-radius,0)] object-cover w-full h-full\"><\/p><\/div>\n<p>                                                                                                <span class=\"custom-subheading-styles\">Teams &amp; Riders<\/span><\/p>\n<p>                            <span class=\"text-base text-black font-bold mx-0 my-2.5 p-0 block custom-text-styles\">\u2018Right now we have to be with Tadej the person&#8217; &#8211; UAE Team Emirates-XRG management prioritize Poga\u010dar&#8217;s recovery after Vuelta a Espa\u00f1a leader crashes out of race<\/span><\/p><\/div>\n<div class=\"relative recirc-feed sponsored-card min-h-[250px]\" data-recirc-id=\"article-river-stacked-ads:native-cards\" data-mrf-recirculation=\"article-river-ads\" data-nosnippet data-ad-slot-path=\"feed-sponsored-post\" data-attribute-device=\"all\">\n<div class=\"sponsored-post max-w-full [&amp;.sponsored-post--loaded+.sponsored-post--placeholder]:hidden [&amp;[data-bordeaux-hook-loaded]+.sponsored-post--placeholder]:hidden\"><\/div>\n<div class=\"max-w-full sponsored-post--placeholder animate-pulse\">\n<div class=\"relative!\">\n            <span class=\"font-ui-heading bg-(--ad-slot-badge-bg-color) absolute text-xs font-bold leading-[14px] tracking-normal text-left text-white px-2.5 py-[5px] left-0 top-0 empty:hidden\"><\/span><\/p>\n<div class=\"aspect-[var(--img-listing-aspect-ratio,16\/9)] relative bg-gray-200\"><\/div>\n<p>            <span class=\"text-base text-black font-bold mx-0 my-2.5 p-0 block bg-gray-100\">\u00a0<br \/>\u00a0<\/span>\n        <\/div>\n<\/p><\/div>\n<\/div>\n<div>\n<div class=\"aspect-[var(--img-listing-aspect-ratio,16\/9)] relative mb-3.5\">\n<p>    <img decoding=\"async\" src=\"https:\/\/cdn.mos.cms.futurecdn.net\/MPRqYxXGnmuLpKGZJxvxZZ.jpg\" alt=\"Enric Mas holds the red jersey on the podium after stage 8 of the Vuelta a Espa\u00f1a\" loading=\"lazy\" class=\"rounded-[var(--image--border-radius,0)] object-cover w-full h-full\"><\/p><\/div>\n<p>                                                                                                <span class=\"custom-subheading-styles\">Teams &amp; Riders<\/span><\/p>\n<p>                            <span class=\"text-base text-black font-bold mx-0 my-2.5 p-0 block custom-text-styles\">&#8216;I think it&#8217;s something to show respect to him&#8217; \u2013 New Vuelta a Espa\u00f1a leader Enric Mas refuses to wear red jersey on stage 8 podium after Tadej Poga\u010dar&#8217;s abandon<\/span><\/p><\/div>\n<div class=\"relative recirc-feed sponsored-card min-h-[250px]\" data-recirc-id=\"article-river-stacked-ads:native-cards\" data-mrf-recirculation=\"article-river-ads\" data-nosnippet data-ad-slot-path=\"feed-sponsored-post\" data-attribute-device=\"all\">\n<div class=\"sponsored-post max-w-full [&amp;.sponsored-post--loaded+.sponsored-post--placeholder]:hidden [&amp;[data-bordeaux-hook-loaded]+.sponsored-post--placeholder]:hidden\"><\/div>\n<div class=\"max-w-full sponsored-post--placeholder animate-pulse\">\n<div class=\"relative!\">\n            <span class=\"font-ui-heading bg-(--ad-slot-badge-bg-color) absolute text-xs font-bold leading-[14px] tracking-normal text-left text-white px-2.5 py-[5px] left-0 top-0 empty:hidden\"><\/span><\/p>\n<div class=\"aspect-[var(--img-listing-aspect-ratio,16\/9)] relative bg-gray-200\"><\/div>\n<p>            <span class=\"text-base text-black font-bold mx-0 my-2.5 p-0 block bg-gray-100\">\u00a0<br \/>\u00a0<\/span>\n        <\/div>\n<\/p><\/div>\n<\/div>\n<div>\n<div class=\"aspect-[var(--img-listing-aspect-ratio,16\/9)] relative mb-3.5\">\n<p>    <img decoding=\"async\" src=\"https:\/\/cdn.mos.cms.futurecdn.net\/b72yVfVNrWtLjCwBS8EHse.jpg\" alt=\"Tadej Poga\u010dar wearing the red jersey during the 2026 Vuelta a Espa\u00f1a\" loading=\"lazy\" class=\"rounded-[var(--image--border-radius,0)] object-cover w-full h-full\"><\/p><\/div>\n<p>                                                                                                <span class=\"custom-subheading-styles\">Teams &amp; Riders<\/span><\/p>\n<p>                            <span class=\"text-base text-black font-bold mx-0 my-2.5 p-0 block custom-text-styles\">Tadej Poga\u010dar suffers neck fracture and concussion in crash that ends his Vuelta a Espa\u00f1a<\/span><\/p><\/div>\n<div class=\"relative recirc-feed sponsored-card min-h-[250px]\" data-recirc-id=\"article-river-stacked-ads:native-cards\" data-mrf-recirculation=\"article-river-ads\" data-nosnippet data-ad-slot-path=\"feed-sponsored-post\" data-attribute-device=\"all\">\n<div class=\"sponsored-post max-w-full [&amp;.sponsored-post--loaded+.sponsored-post--placeholder]:hidden [&amp;[data-bordeaux-hook-loaded]+.sponsored-post--placeholder]:hidden\"><\/div>\n<div class=\"max-w-full sponsored-post--placeholder animate-pulse\">\n<div class=\"relative!\">\n            <span class=\"font-ui-heading bg-(--ad-slot-badge-bg-color) absolute text-xs font-bold leading-[14px] tracking-normal text-left text-white px-2.5 py-[5px] left-0 top-0 empty:hidden\"><\/span><\/p>\n<div class=\"aspect-[var(--img-listing-aspect-ratio,16\/9)] relative bg-gray-200\"><\/div>\n<p>            <span class=\"text-base text-black font-bold mx-0 my-2.5 p-0 block bg-gray-100\">\u00a0<br \/>\u00a0<\/span>\n        <\/div>\n<\/p><\/div>\n<\/div><\/div>\n<\/p><\/div>\n<\/aside>\n<\/section>\n<div class=\"related-articles-block\">\n<\/div>\n<\/div>\n<\/div>\n<div data-widget-type=\"ads\" id=\"ads-middle-1\" class=\"clear-both widget widget-ads widget-ads-middle-1 widget-ads-ads-middle-1 widget-no-data widget-ads-flexi_ads_middle1\">\n<div id=\"bdx_flexi_ads_middle1\" data-type=\"ads\" data-ads-type=\"bordeaux\" class=\"flexi_ads_middle1\"><\/div>\n<\/div>\n<\/div>\n<div id=\"widgetArea17\" class=\"widget-area md:basis-1\/3 widget-area-g-md-vp-1-3 widget-area-g-lg-vp-1-3 widget-area-g-xl-vp-1-3 page-widget-area-17\">\n<div data-widget-type=\"empty\" id=\"sidebar\" class=\"clear-both widget widget-empty widget-sidebar widget-empty-sidebar widget-no-data widget-empty\">\n<\/div>\n<div data-widget-type=\"empty\" id=\"sidebar-top\" class=\"clear-both widget widget-empty widget-sidebar-top widget-empty-sidebar-top ad-unit widget-no-data widget-empty\">\n<\/div>\n<div data-widget-type=\"contentparsed\" id=\"follow-us-on-google-news\" class=\"clear-both widget widget-contentparsed widget-follow-us-on-google-news widget-contentparsed-follow-us-on-google-news widget-content-parsed widget-content-parsed-curated \">\n<div class=\"wcp-item-content\">\n<\/div>\n<\/div>\n<div data-widget-type=\"empty\" id=\"sidebar-popular-top\" class=\"clear-both widget widget-empty widget-sidebar-popular-top widget-empty-sidebar-popular-top ad-unit widget-no-data widget-empty\">\n<\/div>\n<div data-widget-type=\"dynamic\" id=\"popular-data\" class=\"clear-both widget widget-dynamic widget-popular-data widget-dynamic-popular-data widget-dynamic-fter-popular-box\">\n<div class=\"clear-both widget-header\">\n<\/div>\n<div class=\"wdn-fte-pb pos-relative space-t20\n\"><\/p>\n<div class=\"slice-container popular-box-slice\">\n<section class=\"popular-box\" data-component-name=\"Slice:PopularBox\">\n<div class=\"popular-box__label\">\n<div class=\"popular-box__label__tab popular-box__label__tab--active\" role=\"heading\">\nLATEST ARTICLES\n<\/div>\n<\/div>\n<ol class=\"popular-box__articles-list popular-box__articles-list--active\">\n<li class=\"popular-box__article-list\">\n<div class=\"popular-box__article-list__container\">\n<div class=\"popular-box__article-list__image-wrapper\">\n<div>\n<p><img decoding=\"async\" src=\"https:\/\/cdn.mos.cms.futurecdn.net\/prBAptdvbJ3B45dRr6k3QR.jpg\" alt=\"A smiling Tadej Poga\u010dar (UAE Team Emirates-XRG) at the start of stage 8 in Pucol\" loading=\"lazy\" class=\"rounded-[var(--image--border-radius,0)] popular-box__article-list__image image__image\"><\/p>\n<\/div>\n<\/div>\n<div class=\"popular-box__article-list__content\">\n<div class=\"popular-box__article-list__number-text\">1<\/div>\n<div class=\"popular-box__article-list__heading\">\n<p>Tadej Poga\u010dar&#8217;s brutally unexpected exit from the Vuelta\u00a0a Espa\u00f1a is a massive reminder of cycling&#8217;s intrinsic unpredictability &#8211; Analysis<\/p>\n<\/div>\n<\/div>\n<\/div>\n<\/li>\n<li class=\"popular-box__article-list\">\n<div class=\"popular-box__article-list__container\">\n<div class=\"popular-box__article-list__content\">\n<div class=\"popular-box__article-list__number-text\">2<\/div>\n<div class=\"popular-box__article-list__heading\">\n<p>Disappointment at SD Worx-Protime as Mischa Bredewold misses fourth consecutive victory at Classic Lorient Agglom\u00e9ration<\/p>\n<\/div>\n<\/div>\n<\/div>\n<\/li>\n<li class=\"popular-box__article-list\">\n<div class=\"popular-box__article-list__container\">\n<div class=\"popular-box__article-list__content\">\n<div class=\"popular-box__article-list__number-text\">3<\/div>\n<div class=\"popular-box__article-list__heading\">\n<p>&#8216;A lot of people thought they were superheroes today&#8217; \u2013 Matthew Brennan laments risk-taking in Vuelta a Espa\u00f1a peloton on a day marked by numerous crashes<\/p>\n<\/div>\n<\/div>\n<\/div>\n<\/li>\n<li class=\"popular-box__article-list\">\n<div class=\"popular-box__article-list__container\">\n<div class=\"popular-box__article-list__content\">\n<div class=\"popular-box__article-list__number-text\">4<\/div>\n<div class=\"popular-box__article-list__heading\">\n<p>&#8216;It&#8217;s a sad way to end it&#8217; &#8211; exit of Tadej Poga\u010dar sparks wave of sympathy and regret in the Vuelta a Espa\u00f1a peloton<\/p>\n<\/div>\n<\/div>\n<\/div>\n<\/li>\n<li class=\"popular-box__article-list\">\n<div class=\"popular-box__article-list__container\">\n<div class=\"popular-box__article-list__content\">\n<div class=\"popular-box__article-list__number-text\">5<\/div>\n<div class=\"popular-box__article-list__heading\">\n<p>\u2018Right now we have to be with Tadej the person&#8217; &#8211; UAE Team Emirates-XRG management prioritize Poga\u010dar&#8217;s recovery after Vuelta a Espa\u00f1a leader crashes out of race<\/p>\n<\/div>\n<\/div>\n<\/div>\n<\/li>\n<\/ol>\n<\/section>\n<\/div>\n<\/div>\n<\/div>\n<div data-widget-type=\"empty\" id=\"sidebar-popular-bottom\" class=\"clear-both widget widget-empty widget-sidebar-popular-bottom widget-empty-sidebar-popular-bottom ad-unit widget-no-data widget-empty\">\n<\/div>\n<\/div>\n<\/div>\n<\/article>\n<article class=\"page-content-onecol flex-1\nnews-article article\n\"><\/p>\n<div class=\"widget-area-group widget-area-group-2col flex flex-wrap box-border\">\n<div id=\"widgetArea16\" class=\"widget-area basis-full md:basis-2\/3 widget-area-g-md-vp-2-3 widget-area-g-lg-vp-2-3 widget-area-g-xl-vp-2-3 page-widget-area-16\">\n<div data-widget-type=\"hero\" id=\"hero\" class=\"clear-both widget widget-hero widget-hero widget-hero-hero widget-hero widget-hero-fter-news\">\n<div class=\"clear-both widget-header\">\n<\/div>\n<div class=\"news-article\">\n<header data-component-name=\"Article:Hero\">\n<div id=\"kiosq-metered-message\" class=\"kiosq-metered-message-content\"><\/div>\n<nav class=\"breadcrumb\" aria-label=\"Breadcrumbs\">\n<ol>\n<li>\nPro Cycling\n<\/li>\n<li>\nTeams &amp; Riders\n<\/li>\n<li>\nLotto-Intermarch\u00e9\n<\/li>\n<\/ol>\n<\/nav>\n<h1>Luca Van Boven quits Vuelta a Espa\u00f1a after completing stage 7 with collapsed lung and broken ribs from crash involving Alessandro Romele<\/h1>\n<div class=\"byline-social\">\n<div class=\"vds-byline-block flex flex-row flex-nowrap my-1.5 gap-2 text-left items-start justify-start\" data-component-name=\"Article:BylineBlock\">\n<p>News<\/p>\n<div class=\"my-auto vds-simple-byline\">\n<span class=\"inline-block vds-author\"><br \/>\nBy<br \/>\nAlasdair Fotheringham <\/span><br \/>\n<span class=\"inline-block h-3 my-auto border-l border-solid vds-simple-byline__divider max-sm:hidden\"><\/span><\/p>\n<div class=\"flex gap-1 vds-byline-with-avatar__meta\">\n<span class=\"vds-date block font-normal tracking-normal normal-case text-xs\"><br \/>\nPublished<br \/>\n<time data-component-name=\"UI:DateTime\" datetime=\"2026-08-29T08:18:18Z\" class=\"relative-date\"><br \/>\n29 August 2026<br \/>\n<\/time><br \/>\n<\/span>\n<\/div>\n<\/div>\n<\/div>\n<p class=\"strapline\">Lotto-Intermarch\u00e9 rider squeezed onto pavement and fell heavily after Italian lost balance<\/p>\n<\/div>\n<aside class=\"text-gray-700 flex items-center mx-0 my-5 p-0 justify-start text-left\" id=\"affiliate-disclaimer\" data-component-name=\"AffiliateDisclaimer\" data-hawk-message=\"Affiliate disclaimer removed because hawk deemed there are no affiliate links on this page\">\n<p class=\"text-[color:var(--affiliate-disclaimer--text-color,inherit)] mb-2 text-[length:var(--affiliate-disclaimer--font-size,0.75rem)] leading-[18px] md:text-[13px] [&amp;&gt;a]:text-inherit [&amp;&gt;a]:underline\">\nWhen you purchase through links on our site, we may earn an affiliate commission. Here\u2019s how it works.\n<\/p>\n<\/aside>\n<\/header>\n<\/div>\n<\/div>\n<div data-widget-type=\"contentparsed\" id=\"content\" class=\"clear-both widget widget-contentparsed widget-content widget-contentparsed-content widget-content-parsed widget-content-parsed-content_document \">\n<div class=\"wcp-item-content\">\n<section class=\"content-wrapper\">\n<div class=\"box less-space hero-image-wrapper\">\n<figure class=\"mb-0\">\n<p><img decoding=\"async\" src=\"https:\/\/cdn.mos.cms.futurecdn.net\/A3LyLSaK2iuHKz6Wx6NwXY.jpg\" alt=\"2026 Vuelta a Espa\u00f1a: Luca Van Boven on stage 2\" class=\"rounded-[var(--image--border-radius,0)] block-image-ads hero-image absolute top-0 left-0 w-full h-full object-center\" data-component-name=\"Image\"><figcaption class=\"font-article-copy text-(--image--text--color) font-article-copy mt-2\"> <span class=\"caption-text font-article-copy\">Luca Van Boven is out of the Vuelta following a heavy crashs<\/span><br \/>\n<span class=\"credit font-article-copy\">(Image credit: Getty Images)<\/span><br \/>\n<\/figcaption><\/figure>\n<\/div>\n<div id=\"article-body\" class=\"text-copy bodyCopy auto paywall-locker\">\n<div data-analytics-id=\"utility-bar\" id=\"utility-bar\" class=\"font-ui-heading flex justify-between items-center py-2 border-t border-b border-gray-300 border-solid mb-5 mx-auto\" data-component-name=\"UtilityBar\" data-mrf-recirculation=\"utility-bar\">\n<div class=\"flex gap-2 text-[#333] subcontainer\">\n<div class=\"relative tooltip-container\" role=\"tooltip\">\n<div data-component-name=\"Social:Dropdown\" role=\"menu\" id=\"utilitybar__dropdown--share\" aria-labelledby=\"utilitybar__button--share\" class=\"absolute left-0 top-full w-44 bg-white rounded-md shadow-md border border-neutral-200 z-[9996] list-none m-0 py-2 px-3 border-solid\">\n<ul class=\"m-0!\">\n<li class=\"!p-0 !m-0 list-none border-b border-gray-200 border-solid\">\n<\/li>\n<li class=\"!p-0 !m-0 list-none border-b border-gray-200 border-solid\">\n<p>Facebook<\/p>\n<\/li>\n<li class=\"!p-0 !m-0 list-none border-b border-gray-200 border-solid\">\n<p>X<\/p>\n<\/li>\n<li class=\"!p-0 !m-0 list-none border-b border-gray-200 border-solid\">\n<p>Pinterest<\/p>\n<\/li>\n<li class=\"!p-0 !m-0 list-none border-b border-gray-200 border-solid\">\n<p>Email<\/p>\n<\/li>\n<\/ul>\n<\/div>\n<div class=\"font-ui-heading max-sm:hidden tooltip absolute left-1\/2 bg-gray-900 text-white text-xs leading-none px-3 py-1.5 rounded-md z-[10001] whitespace-nowrap\" id=\"tooltip-share-this-article\" role=\"tooltip\" aria-hidden=\"true\">\nShare this article\n<\/div>\n<\/div>\n<div class=\"relative tooltip-container\" role=\"tooltip\">\n<p>    <span class=\"ml-1 inline-flex h-5 px-2 shrink-0 items-center justify-center self-center overflow-hidden whitespace-nowrap rounded-[10px] bg-primary-500 text-[11px] leading-none font-ui-heading font-semibold text-white\">2<\/span><\/p>\n<div class=\"font-ui-heading max-sm:hidden tooltip absolute left-1\/2 bg-gray-900 text-white text-xs leading-none px-3 py-1.5 rounded-md z-[10001] whitespace-nowrap\" id=\"tooltip-join-the-conversation\" role=\"tooltip\" aria-hidden=\"true\">\nJoin the conversation\n<\/div>\n<\/div>\n<\/div>\n<div class=\"flex gap-2 text-[#333] subcontainer\">\n<div class=\"relative tooltip-container\" role=\"tooltip\">\n<p>Follow us<\/p>\n<div class=\"font-ui-heading max-sm:hidden tooltip absolute left-1\/2 bg-gray-900 text-white text-xs leading-none px-3 py-1.5 rounded-md z-[10001] whitespace-nowrap\" id=\"tooltip-add-us-as-a-preferred-source-on-google\" role=\"tooltip\" aria-hidden=\"true\">\nAdd us as a preferred source on Google\n<\/div>\n<\/div>\n<div class=\"relative tooltip-container\" role=\"tooltip\">\n<div class=\"font-ui-heading max-sm:hidden tooltip absolute left-1\/2 bg-gray-900 text-white text-xs leading-none px-3 py-1.5 rounded-md z-[10001] whitespace-nowrap\" id=\"tooltip-subscribe-to-our-newsletter\" role=\"tooltip\" aria-hidden=\"true\">\nSubscribe to our newsletter\n<\/div>\n<\/div>\n<\/div>\n<\/div>\n<p id=\"elk-046a372a-a37b-11f1-a5ff-ab304c9cf6a8\">Lotto-Intermarch\u00e9 have announced via social media that their rider Luca Van Boven has abandoned the Vuelta a Espa\u00f1a after crashing heavily during stage 7 and managing to complete the day&#8217;s racing with broken ribs and a collapsed lung.<\/p>\n<div id=\"ad-unit-1\" class=\"ad-unit\"><\/div>\n<p>Van Boven fell heavily in kilometre 122 of the mountainous stage, 28km from the finish line, after Alessandro Romele (XDS-Astana) lost his balance after hitting a speed bump in a small town. As a result, the Italian sprinter unintentionally closed out the Belgian, who hit the pavement and crashed.<\/p>\n<p><a id=\"elk-seasonal\"><\/a><\/p>\n<aside data-article-category=\"pro-cycling\" data-block-type=\"embed\" data-render-type=\"fte\" data-skip=\"dealsy\" data-widget-type=\"seasonal\" class=\"ecom-root\"><\/aside>\n<p id=\"elk-046a372a-a37b-11f1-a5ff-ab304c9cf6a8-2\" aria-hidden=\"true\" class=\"kiosq-b\">Romele subsequently received a yellow card penalty for his manoeuvre.<\/p>\n<div class=\"my-6 w-full overflow-hidden rounded-[10px] lg:my-8\" data-component-name=\"JwPlayer:Carousel\" data-jwp-carousel data-jwp-carousel-payload=\"{&quot;ids&quot;:{&quot;playerID&quot;:&quot;jYDCcabO&quot;,&quot;searchPlaylistID&quot;:&quot;gwjdoYHD&quot;,&quot;divID&quot;:&quot;botr_gwjdoYHD_jYDCcabO_div&quot;,&quot;fallbackPlaylistID&quot;:&quot;gwjdoYHD&quot;,&quot;fallbackDivID&quot;:&quot;botr_gwjdoYHD_jYDCcabO_div&quot;,&quot;key&quot;:&quot;X9\/mXVGac0NphghLH9hZaqWA5d3dhAM\/Ih07grnEyMLjuO2E&quot;,&quot;tintLogo&quot;:true,&quot;useSearchPlaylist&quot;:false,&quot;enabled&quot;:true},&quot;signPostingEnabled&quot;:true,&quot;signPostingLinkEnabled&quot;:true,&quot;waitForAdLoad&quot;:false,&quot;hidePlayerOnDesktop&quot;:false,&quot;hidePlayerOnMobile&quot;:false,&quot;hidePlayerOnTablet&quot;:false}\">\n<div class=\"flex flex-nowrap items-center justify-between gap-3 bg-zinc-900 px-[14px] py-3\" data-jwp-carousel-header>\n<div class=\"flex min-w-0 shrink items-center\"><span class=\"inline-flex items-center gap-1.5 text-sm font-article-heading capitalize leading-5 text-white whitespace-nowrap\"><span class=\"jwp-carousel-title-mobile\"><\/span><span class=\"jwp-carousel-title-desktop\">Latest Videos From<\/span><span class=\"jwp-carousel-brand\">Cyclingnews<\/span><\/span><\/div>\n<\/div>\n<div class=\"aspect-video w-full min-h-[200px] lg:min-h-[330px] relative overflow-hidden bg-black\" data-jwp-carousel-container>\n<div class=\"absolute inset-0 size-full\" data-jwp-carousel-player-host><\/div>\n<div class=\"absolute inset-0 size-full items-center justify-center bg-white\" data-jwp-carousel-fallback><\/div>\n<\/div>\n<div class=\"min-h-[44px] bg-zinc-900 px-[14px] py-3\" data-jwp-carousel-signposting><a class=\"invisible block truncate text-sm font-bold leading-5 text-white underline decoration-solid underline-offset-2\" data-jwp-carousel-signposting-link href target=\"_blank\" rel=\"noopener noreferrer\"><span data-jwp-carousel-signposting-title>Watch full video here: <\/span><\/a><\/div>\n<\/div>\n<p aria-hidden=\"true\" class=\"kiosq-b\">Riding as a support rider in the Vuelta for the Lotto leaders, the 26-year-old hilly Classics specialist managed to remount and completed in 178th place, 33:17 down. He was the last rider to finish on a stage with more than 3,500 metres of vertical climbing.<\/p>\n<div id=\"ad-unit-2\" class=\"ad-unit\"><\/div>\n<p aria-hidden=\"true\" class=\"kiosq-b\">The initial medical diagnosis on the official stage report was that Van Boven had suffered bruises and road rash in his lower back and right buttock &#8220;requiring continuous on-course attention for subsequent radiological study.&#8221;<\/p>\n<p>The post-stage check-up revealed the fourth-year pro had suffered two broken ribs and a collapsed lung in the crash, making it impossible for him to continue in the race<\/p>\n<aside data-component-name=\"Recirculation:ArticleRiver\" data-recirculation-type=\"inline\" data-mrf-recirculation=\"Trending Bar\" data-nosnippet class=\"clear-both pt-2 pb-0 mb-4\">\n        <span class=\"\n            flex\n            after:content-[&apos;&apos;] after:flex-1 after:ml-4 after:my-[0.7rem] after:border-t after:border-solid after:border-t-[#ccc]\n            before:content-[&apos;&apos;] before:flex-1 before:mr-4 before:my-[0.7rem] before:border-t before:border-solid before:border-t-[#ccc]\n            font-article-heading pb-0 text-[length:var(--article-river-title--font-size,1em)] uppercase sm:text-[length:var(--article-river-title--font-size,0.875em)] font-bold\n        \"><br \/>\n            You may like<br \/>\n        <\/span><\/p>\n<ul class=\"flex flex-col gap-0 m-0 max-w-full\">\n<li class=\"m-0 list-none border-b border-solid border-[#ededed] py-2\" data-recirculation-id=\"recirculation-card-1\" id=\"recirculation-inline-1\" data-analytics-id=\"recirculation-inline-1\" data-mrf-recirculation=\"recirculation-inline-1\">\n<p>    <img decoding=\"async\" src=\"https:\/\/cdn.mos.cms.futurecdn.net\/W9NpVsRBTco2G7biwoY7Nd.jpg\" alt=\"MONACO, MONACO - AUGUST 23: A general view of Harold Tejada of Colombia, Yevgeniy Fedorov of Kazakhstan, Lorenzo Fortunato of Italy, Victor Langellotti of Monaco, Henok Mulubrhan of Eritrea, Cristian Rodriguez of Spain, Alessandro Romele of Italy, Darren Van Bekkum of Netherlands and Team XDS Astana prior to the La Vuelta - 81st Tour of Spain 2026, Stage 2 a 214.3km from Monaco to Manosque 408m \/ #UCIWT \/ on August 23, 2026 in Monaco, Monaco. (Photo by Alexander Hassenstein\/Getty Images)\" loading=\"lazy\" class=\"rounded-[var(--image--border-radius,0)] aspect-square size-[75px] object-cover shrink-0 rounded-lg\"><\/p>\n<p>                        <span class=\"w-full text-base font-[var(--article-river-item--font-weight,500)] font-article-heading line-clamp-3 md:line-clamp-2\">\u2018It was fair that I got it&#8217; &#8211; Alessandro Romele accepts yellow card for crash incident that led to Luca Van Boven Vuelta a Espa\u00f1a abandon<\/span><\/p>\n<\/li>\n<li class=\"m-0 list-none border-b border-solid border-[#ededed] py-2\" data-recirculation-id=\"recirculation-card-2\" id=\"recirculation-inline-2\" data-analytics-id=\"recirculation-inline-2\" data-mrf-recirculation=\"recirculation-inline-2\">\n<p>    <img decoding=\"async\" src=\"https:\/\/cdn.mos.cms.futurecdn.net\/doaGkPVmHqqaXv63uaUo5K.jpg\" alt=\"MANOSQUE, MONACO - AUGUST 23: Cian Uijtdebroeks of Belgium and Movistar Team reacts after crash during the La Vuelta - 81st Tour of Spain 2026, Stage 2 a 214.3km from Monaco to Manosque 408m \/ #UCIWT \/ on August 23, 2026 in Manosque, Monaco. (Photo by Tim de Waele\/Getty Images)\" loading=\"lazy\" class=\"rounded-[var(--image--border-radius,0)] aspect-square size-[75px] object-cover shrink-0 rounded-lg\"><\/p>\n<p>                        <span class=\"w-full text-base font-[var(--article-river-item--font-weight,500)] font-article-heading line-clamp-3 md:line-clamp-2\">Cian Uijtdebroeks abandons the Vuelta a Espa\u00f1a following tearful last-place finish on stage 4<\/span><\/p>\n<\/li>\n<li class=\"m-0 list-none border-b border-solid border-[#ccc] py-2\" data-recirculation-id=\"recirculation-card-3\" id=\"recirculation-inline-3\" data-analytics-id=\"recirculation-inline-3\" data-mrf-recirculation=\"recirculation-inline-3\">\n<p>    <img decoding=\"async\" src=\"https:\/\/cdn.mos.cms.futurecdn.net\/ChYjgJvszKAKLexRc5wykP.jpg\" alt=\"Florian Lipowitz of Red Bull - BORA - hansgrohe shows signs of his crash after stage 16\" loading=\"lazy\" class=\"rounded-[var(--image--border-radius,0)] aspect-square size-[75px] object-cover shrink-0 rounded-lg\"><\/p>\n<p>                        <span class=\"w-full text-base font-[var(--article-river-item--font-weight,500)] font-article-heading line-clamp-3 md:line-clamp-2\">Florian Lipowitz abandons the Tour de France after a heavy crash during the stage 16 time trial<\/span><\/p>\n<\/li>\n<\/ul>\n<\/aside>\n<p aria-hidden=\"true\" class=\"kiosq-b\">&#8220;Luca will remain in hospital overnight for further observation and will unfortunately not start tomorrow&#8217;s stage. He will continue to be monitored closely,&#8221; the team posted on social media. &#8220;We wish Luca lots of strength and a speedy recovery.&#8221;<\/p>\n<figure id=\"elk-DcmTablCHYm\" aria-hidden=\"true\" class=\"kiosq-b\">\n<div class=\"instagram-embed\">\n<blockquote class=\"instagram-media\" data-instgrm-captioned data-instgrm-version=\"6\">\n<p>A post shared by Lotto-Intermarch\u00e9 (@lottointermarche)<\/p><figcaption><cite><\/p>\n<p>A photo posted by on <\/p>\n<p><\/cite><\/figcaption><\/blockquote>\n<\/div>\n<\/figure>\n<p id=\"elk-fe095e28-a37b-11f1-aee6-dbdec63eeffc\" aria-hidden=\"true\" class=\"kiosq-b\"><em><strong>For unbeatable coverage across road, gravel and tech, subscribe to Cyclingnews. You&#8217;ll get comprehensive race coverage of La Vuelta a Espa\u00f1a, subscriber-exclusive analysis from our expert columnists, in-depth features and industry-leading tech insight. Plus, the Cyclingnews app lets you follow the action wherever you go! <\/strong><\/em><u><em><strong>Join today.<\/strong><\/em><\/u><\/p>\n<div id=\"slice-container-newsletterForm-articleInbodyContent-Z4AXRAjoh3xQuqHRQ6tsn\" class=\"slice-container newsletter-inbodyContent-slice newsletterForm-articleInbodyContent-Z4AXRAjoh3xQuqHRQ6tsn slice-container-newsletterForm\">\n<div data-hydrate=\"true\" class=\"newsletter-form__wrapper newsletter-form__wrapper--inbodyContent\">\n<div class=\"newsletter-form__container\">\n<section class=\"newsletter-form__top-bar\">\n<div class=\"newsletter-form__header\">Get The Leadout Newsletter<\/div>\n<\/section>\n<section class=\"newsletter-form__main-section\">\n<p class=\"newsletter-form__strapline\">The latest race content, interviews, features, reviews and expert buying guides, direct to your inbox!<\/p>\n<footer class=\"newsletter-form__footer \">By submitting your information you agree to the Terms &amp; Conditions and Privacy Policy and are aged 16 or over.<\/footer>\n<\/section>\n<\/div>\n<\/div>\n<\/div>\n<\/div>\n<div id=\"kiosq-app-paywall-js\"><\/div>\n<div id=\"this-will-be-used-for-mpu-2\"><\/div>\n<div class=\"block mb-5\" id=\"articleTag\" data-component-name=\"PostArticleLinks\" data-nosnippet data-mrf-recirculation=\"post-article-links\">\n<div class=\"border-b border-b-black border-solid py-2.5 text-black font-bold uppercase\">TOPICS<\/div>\n<nav class=\"py-2.5 flex gap-2.5 flex-wrap\" data-analytics-id=\"article-tag\" data-mrf-recirculation=\"article-tag\">\n<p>Road<\/p>\n<p>Luca Van Boven<\/p>\n<p>Alessandro Romele<\/p>\n<\/nav>\n<\/div>\n<div id=\"slice-container-authorBio-Z4AXRAjoh3xQuqHRQ6tsn\" class=\"slice-container slice-author-bio authorBio-Z4AXRAjoh3xQuqHRQ6tsn slice-container-authorBio\">\n<div class=\"author author__default-layout author--separator author--collapsible\" data-hydrate=\"true\">\n<div class=\"author__header\">\n<div class=\"author__avatar-block\">\n<figure class=\"image-wrapped__wrapper\" data-bordeaux-image-check=\"false\">\n<div class=\"image-wrapped__widthsetter\">\n<div class=\"image-wrapped__aspect-padding\">\n<div><img decoding=\"async\" src=\"https:\/\/cdn.mos.cms.futurecdn.net\/5QLhaPay9asJvmaNsCjFVZ.jpg\" alt=\"Alasdair Fotheringham\" class=\"author__avatar image-wrapped__image image__image\" loading=\"lazy\"><\/div>\n<\/div>\n<\/div>\n<\/figure>\n<\/div>\n<div class=\"author__heading\">\n<div class=\"author__name\">Alasdair Fotheringham<\/div>\n<div class=\"author__social\">\n<nav class=\"button-social-group author__social-buttons\" aria-labelledby=\"button-social-group- author__social-buttons\">\n<div id=\"button-social-group- author__social-buttons\">Social Links Navigation<\/div>\n<p><span class=\"button-social__icon\"><\/span><\/nav>\n<\/div>\n<\/div>\n<\/div>\n<div class=\"author__bio-wrapper\">\n<div class=\"author__biography\">\n<p>Alasdair Fotheringham has been reporting on cycling since 1991. He has covered every Tour de France since 1992 bar one, as well as numerous other bike races of all shapes and sizes, ranging from the Olympic Games in 2008 to the now sadly defunct Subida a Urkiola hill climb in Spain. As well as working for <em>Cyclingnews<\/em>, he has also written for <em>The Independent<\/em>,\u00a0 <em>The Guardian<\/em>,\u00a0 <em>ProCycling<\/em>, <em>The Express<\/em> and <em>Reuters<\/em>.<\/p>\n<\/div>\n<\/div>\n<\/div>\n<\/div>\n<\/section>\n<div id=\"viafoura-comments\" aria-hidden=\"true\"><\/div>\n<div class=\"relative max-w-[1070px] viafoura-twig-component mt-6 mx-4 lg:mx-0\" data-component-name=\"Viafoura:Comments\" data-nosnippet data-community-guidelines-text=\"&lt;p class=&apos;vfcustom-community-guidelines&apos;&gt;Please follow our &lt;a href=&quot;https:\/\/www.cyclingnews.com\/about\/#section-community-guidelines&quot; target=&quot;_blank&quot;&gt;community guidelines&lt;\/a&gt;.&lt;\/p&gt;\" data-join-the-conversation-text=\"Join the Conversation\">\n<div class=\"relative h-(--truncate-height) sm:h-(--truncate-desktop-height) overflow-hidden transition-[height] duration-150\" data-test-id=\"container\" data-component-name=\"Util:Truncate\" id=\"viafoura-comments-container\">\n<div class=\"relative z-10 viafoura rounded-[var(--comment-widget-border-radius,0)]\" id=\"viafoura-comment-wrapper\" data-test-id=\"content\">\n<div class=\"viafoura\">\n<div>\n<\/div>\n<\/div>\n<\/div>\n<div class=\"absolute bg-gradient-to-t from-[var(--truncate-gradient-color,white)] from-50% h-28 z-20 w-full bottom-0 flex items-end justify-center px-0 rounded-none\">\n<\/div>\n<\/div>\n<div class=\"absolute top-0 left-0 w-full h-full flex items-center justify-center z-50 bg-white\/90 border-1 rounded-b-[var(--comment-widget-border-radius,0)]\">\n<div class=\"p-2 text-center\">\n<p class=\"mb-3 text-lg!\">You must confirm your public display name before commenting<\/p>\n<p class=\"mb-3 text-sm!\">Please logout and then login again, you will then be prompted to enter your display name.<\/p>\n<\/div>\n<\/div>\n<\/div>\n<div class=\"infinite-container\" data-analytics-id=\"infinite-container\" data-component-name=\"SponsoredScroll\" data-mrf-recirculation=\"infinite-container\">\n<div class=\"infinite-trigger\" aria-hidden=\"true\"><\/div>\n<\/div>\n<section class=\"mx-2 my-5 sm:mx-0\">\n<aside class=\"w-full\" data-nosnippet data-mrf-recirculation=\"article-river-stacked\">\n<div data-recirc-id=\"article-river-stacked-adviser:hybrid\">\n<div class=\"text-white py-4 px-3 mb-4 bg-[#333] uppercase font-bold custom-header-styles\">Read more<\/div>\n<div class=\"grid grid-cols-1 gap-4 mt-4 mb-5\">\n<div>\n<div class=\"aspect-[var(--img-listing-aspect-ratio,16\/9)] relative mb-3.5\">\n<p>    <img decoding=\"async\" src=\"https:\/\/cdn.mos.cms.futurecdn.net\/W9NpVsRBTco2G7biwoY7Nd.jpg\" alt=\"MONACO, MONACO - AUGUST 23: A general view of Harold Tejada of Colombia, Yevgeniy Fedorov of Kazakhstan, Lorenzo Fortunato of Italy, Victor Langellotti of Monaco, Henok Mulubrhan of Eritrea, Cristian Rodriguez of Spain, Alessandro Romele of Italy, Darren Van Bekkum of Netherlands and Team XDS Astana prior to the La Vuelta - 81st Tour of Spain 2026, Stage 2 a 214.3km from Monaco to Manosque 408m \/ #UCIWT \/ on August 23, 2026 in Monaco, Monaco. (Photo by Alexander Hassenstein\/Getty Images)\" loading=\"lazy\" class=\"rounded-[var(--image--border-radius,0)] object-cover w-full h-full\"><\/p><\/div>\n<p>                                                                                                <span class=\"custom-subheading-styles\">Teams &amp; Riders<\/span><\/p>\n<p>                            <span class=\"text-base text-black font-bold mx-0 my-2.5 p-0 block custom-text-styles\">\u2018It was fair that I got it&#8217; &#8211; Alessandro Romele accepts yellow card for crash incident that led to Luca Van Boven Vuelta a Espa\u00f1a abandon<\/span><\/p><\/div>\n<div class=\"relative recirc-feed sponsored-card min-h-[250px]\" data-recirc-id=\"article-river-stacked-ads:native-cards\" data-mrf-recirculation=\"article-river-ads\" data-nosnippet data-ad-slot-path=\"feed-sponsored-post\" data-attribute-device=\"all\">\n<div class=\"sponsored-post max-w-full [&amp;.sponsored-post--loaded+.sponsored-post--placeholder]:hidden [&amp;[data-bordeaux-hook-loaded]+.sponsored-post--placeholder]:hidden\"><\/div>\n<div class=\"max-w-full sponsored-post--placeholder animate-pulse\">\n<div class=\"relative!\">\n            <span class=\"font-ui-heading bg-(--ad-slot-badge-bg-color) absolute text-xs font-bold leading-[14px] tracking-normal text-left text-white px-2.5 py-[5px] left-0 top-0 empty:hidden\"><\/span><\/p>\n<div class=\"aspect-[var(--img-listing-aspect-ratio,16\/9)] relative bg-gray-200\"><\/div>\n<p>            <span class=\"text-base text-black font-bold mx-0 my-2.5 p-0 block bg-gray-100\">\u00a0<br \/>\u00a0<\/span>\n        <\/div>\n<\/p><\/div>\n<\/div>\n<div>\n<div class=\"aspect-[var(--img-listing-aspect-ratio,16\/9)] relative mb-3.5\">\n<p>    <img decoding=\"async\" src=\"https:\/\/cdn.mos.cms.futurecdn.net\/doaGkPVmHqqaXv63uaUo5K.jpg\" alt=\"MANOSQUE, MONACO - AUGUST 23: Cian Uijtdebroeks of Belgium and Movistar Team reacts after crash during the La Vuelta - 81st Tour of Spain 2026, Stage 2 a 214.3km from Monaco to Manosque 408m \/ #UCIWT \/ on August 23, 2026 in Manosque, Monaco. (Photo by Tim de Waele\/Getty Images)\" loading=\"lazy\" class=\"rounded-[var(--image--border-radius,0)] object-cover w-full h-full\"><\/p><\/div>\n<p>                                                                                                <span class=\"custom-subheading-styles\">Racing<\/span><\/p>\n<p>                            <span class=\"text-base text-black font-bold mx-0 my-2.5 p-0 block custom-text-styles\">Cian Uijtdebroeks abandons the Vuelta a Espa\u00f1a following tearful last-place finish on stage 4<\/span><\/p><\/div>\n<div class=\"relative recirc-feed sponsored-card min-h-[250px]\" data-recirc-id=\"article-river-stacked-ads:native-cards\" data-mrf-recirculation=\"article-river-ads\" data-nosnippet data-ad-slot-path=\"feed-sponsored-post\" data-attribute-device=\"all\">\n<div class=\"sponsored-post max-w-full [&amp;.sponsored-post--loaded+.sponsored-post--placeholder]:hidden [&amp;[data-bordeaux-hook-loaded]+.sponsored-post--placeholder]:hidden\"><\/div>\n<div class=\"max-w-full sponsored-post--placeholder animate-pulse\">\n<div class=\"relative!\">\n            <span class=\"font-ui-heading bg-(--ad-slot-badge-bg-color) absolute text-xs font-bold leading-[14px] tracking-normal text-left text-white px-2.5 py-[5px] left-0 top-0 empty:hidden\"><\/span><\/p>\n<div class=\"aspect-[var(--img-listing-aspect-ratio,16\/9)] relative bg-gray-200\"><\/div>\n<p>            <span class=\"text-base text-black font-bold mx-0 my-2.5 p-0 block bg-gray-100\">\u00a0<br \/>\u00a0<\/span>\n        <\/div>\n<\/p><\/div>\n<\/div>\n<div>\n<div class=\"aspect-[var(--img-listing-aspect-ratio,16\/9)] relative mb-3.5\">\n<p>    <img decoding=\"async\" src=\"https:\/\/cdn.mos.cms.futurecdn.net\/ChYjgJvszKAKLexRc5wykP.jpg\" alt=\"Florian Lipowitz of Red Bull - BORA - hansgrohe shows signs of his crash after stage 16\" loading=\"lazy\" class=\"rounded-[var(--image--border-radius,0)] object-cover w-full h-full\"><\/p><\/div>\n<p>                                                                                                <span class=\"custom-subheading-styles\">Teams &amp; Riders<\/span><\/p>\n<p>                            <span class=\"text-base text-black font-bold mx-0 my-2.5 p-0 block custom-text-styles\">Florian Lipowitz abandons the Tour de France after a heavy crash during the stage 16 time trial<\/span><\/p><\/div>\n<div class=\"relative recirc-feed sponsored-card min-h-[250px]\" data-recirc-id=\"article-river-stacked-ads:native-cards\" data-mrf-recirculation=\"article-river-ads\" data-nosnippet data-ad-slot-path=\"feed-sponsored-post\" data-attribute-device=\"all\">\n<div class=\"sponsored-post max-w-full [&amp;.sponsored-post--loaded+.sponsored-post--placeholder]:hidden [&amp;[data-bordeaux-hook-loaded]+.sponsored-post--placeholder]:hidden\"><\/div>\n<div class=\"max-w-full sponsored-post--placeholder animate-pulse\">\n<div class=\"relative!\">\n            <span class=\"font-ui-heading bg-(--ad-slot-badge-bg-color) absolute text-xs font-bold leading-[14px] tracking-normal text-left text-white px-2.5 py-[5px] left-0 top-0 empty:hidden\"><\/span><\/p>\n<div class=\"aspect-[var(--img-listing-aspect-ratio,16\/9)] relative bg-gray-200\"><\/div>\n<p>            <span class=\"text-base text-black font-bold mx-0 my-2.5 p-0 block bg-gray-100\">\u00a0<br \/>\u00a0<\/span>\n        <\/div>\n<\/p><\/div>\n<\/div>\n<div>\n<div class=\"aspect-[var(--img-listing-aspect-ratio,16\/9)] relative mb-3.5\">\n<p>    <img decoding=\"async\" src=\"https:\/\/cdn.mos.cms.futurecdn.net\/VmE4rqZpuzWfkPXPfcVxJU.jpg\" alt=\"Lennert Van Eetvelt of Belgium and Team Lotto Intermarche crosses the finish line during the 113th Tour de France 2026, Stage 9 a 155.5km stage from Malemort to Ussel \/ Stage shortened due to a red alert for a heatwave \/ #UCIWT \/ on July 12, 2026 in Ussel, France. (Photo by Dario Belingheri\/Getty Images)\" loading=\"lazy\" class=\"rounded-[var(--image--border-radius,0)] object-cover w-full h-full\"><\/p><\/div>\n<p>                                                                                                <span class=\"custom-subheading-styles\">Racing<\/span><\/p>\n<p>                            <span class=\"text-base text-black font-bold mx-0 my-2.5 p-0 block custom-text-styles\">&#8216;It&#8217;s just about reaching Paris&#8217; &#8211; Rib injury undermines Lennert van Eetvelt&#8217;s Tour de France ambitions<\/span><\/p><\/div>\n<div class=\"relative recirc-feed sponsored-card min-h-[250px]\" data-recirc-id=\"article-river-stacked-ads:native-cards\" data-mrf-recirculation=\"article-river-ads\" data-nosnippet data-ad-slot-path=\"feed-sponsored-post\" data-attribute-device=\"all\">\n<div class=\"sponsored-post max-w-full [&amp;.sponsored-post--loaded+.sponsored-post--placeholder]:hidden [&amp;[data-bordeaux-hook-loaded]+.sponsored-post--placeholder]:hidden\"><\/div>\n<div class=\"max-w-full sponsored-post--placeholder animate-pulse\">\n<div class=\"relative!\">\n            <span class=\"font-ui-heading bg-(--ad-slot-badge-bg-color) absolute text-xs font-bold leading-[14px] tracking-normal text-left text-white px-2.5 py-[5px] left-0 top-0 empty:hidden\"><\/span><\/p>\n<div class=\"aspect-[var(--img-listing-aspect-ratio,16\/9)] relative bg-gray-200\"><\/div>\n<p>            <span class=\"text-base text-black font-bold mx-0 my-2.5 p-0 block bg-gray-100\">\u00a0<br \/>\u00a0<\/span>\n        <\/div>\n<\/p><\/div>\n<\/div>\n<div>\n<div class=\"aspect-[var(--img-listing-aspect-ratio,16\/9)] relative mb-3.5\">\n<p>    <img decoding=\"async\" src=\"https:\/\/cdn.mos.cms.futurecdn.net\/yELL6oysNwvGnFHyk6iWd3.jpg\" alt=\"Markel Beloki walks through the hail after stage 3 was cancelled\" loading=\"lazy\" class=\"rounded-[var(--image--border-radius,0)] object-cover w-full h-full\"><\/p><\/div>\n<p>                                                                                                <span class=\"custom-subheading-styles\">Racing<\/span><\/p>\n<p>                            <span class=\"text-base text-black font-bold mx-0 my-2.5 p-0 block custom-text-styles\">Vuelta a Espa\u00f1a 2026 abandons \u2013\u00a0Van Boven a non-starter on stage 8 as Van Tricht, Uriarte, Gaffuri also crash out<\/span><\/p><\/div>\n<div class=\"relative recirc-feed sponsored-card min-h-[250px]\" data-recirc-id=\"article-river-stacked-ads:native-cards\" data-mrf-recirculation=\"article-river-ads\" data-nosnippet data-ad-slot-path=\"feed-sponsored-post\" data-attribute-device=\"all\">\n<div class=\"sponsored-post max-w-full [&amp;.sponsored-post--loaded+.sponsored-post--placeholder]:hidden [&amp;[data-bordeaux-hook-loaded]+.sponsored-post--placeholder]:hidden\"><\/div>\n<div class=\"max-w-full sponsored-post--placeholder animate-pulse\">\n<div class=\"relative!\">\n            <span class=\"font-ui-heading bg-(--ad-slot-badge-bg-color) absolute text-xs font-bold leading-[14px] tracking-normal text-left text-white px-2.5 py-[5px] left-0 top-0 empty:hidden\"><\/span><\/p>\n<div class=\"aspect-[var(--img-listing-aspect-ratio,16\/9)] relative bg-gray-200\"><\/div>\n<p>            <span class=\"text-base text-black font-bold mx-0 my-2.5 p-0 block bg-gray-100\">\u00a0<br \/>\u00a0<\/span>\n        <\/div>\n<\/p><\/div>\n<\/div>\n<div>\n<div class=\"aspect-[var(--img-listing-aspect-ratio,16\/9)] relative mb-3.5\">\n<p>    <img decoding=\"async\" src=\"https:\/\/cdn.mos.cms.futurecdn.net\/b72yVfVNrWtLjCwBS8EHse.jpg\" alt=\"Tadej Poga\u010dar wearing the red jersey during the 2026 Vuelta a Espa\u00f1a\" loading=\"lazy\" class=\"rounded-[var(--image--border-radius,0)] object-cover w-full h-full\"><\/p><\/div>\n<p>                                                                                                <span class=\"custom-subheading-styles\">Teams &amp; Riders<\/span><\/p>\n<p>                            <span class=\"text-base text-black font-bold mx-0 my-2.5 p-0 block custom-text-styles\">Tadej Poga\u010dar suffers neck fracture and concussion in crash that ends his Vuelta a Espa\u00f1a<\/span><\/p><\/div>\n<div class=\"relative recirc-feed sponsored-card min-h-[250px]\" data-recirc-id=\"article-river-stacked-ads:native-cards\" data-mrf-recirculation=\"article-river-ads\" data-nosnippet data-ad-slot-path=\"feed-sponsored-post\" data-attribute-device=\"all\">\n<div class=\"sponsored-post max-w-full [&amp;.sponsored-post--loaded+.sponsored-post--placeholder]:hidden [&amp;[data-bordeaux-hook-loaded]+.sponsored-post--placeholder]:hidden\"><\/div>\n<div class=\"max-w-full sponsored-post--placeholder animate-pulse\">\n<div class=\"relative!\">\n            <span class=\"font-ui-heading bg-(--ad-slot-badge-bg-color) absolute text-xs font-bold leading-[14px] tracking-normal text-left text-white px-2.5 py-[5px] left-0 top-0 empty:hidden\"><\/span><\/p>\n<div class=\"aspect-[var(--img-listing-aspect-ratio,16\/9)] relative bg-gray-200\"><\/div>\n<p>            <span class=\"text-base text-black font-bold mx-0 my-2.5 p-0 block bg-gray-100\">\u00a0<br \/>\u00a0<\/span>\n        <\/div>\n<\/p><\/div>\n<\/div><\/div>\n<\/p><\/div>\n<\/aside>\n<aside class=\"w-full\" data-nosnippet data-mrf-recirculation=\"article-river-stacked\">\n<div data-recirc-id=\"article-river-stacked-solr:latest-category\">\n<div class=\"text-white py-4 px-3 mb-4 bg-[#333] uppercase font-bold custom-header-styles\">Latest in Teams &amp; Riders<\/div>\n<div class=\"grid grid-cols-1 gap-4 mt-4 mb-5\">\n<div>\n<div class=\"aspect-[var(--img-listing-aspect-ratio,16\/9)] relative mb-3.5\">\n<p>    <img decoding=\"async\" src=\"https:\/\/cdn.mos.cms.futurecdn.net\/E4RkU8rMnBW5TwXorbSCaj.jpg\" alt=\"2026 Classic Lorient Agglom\u00e9ration-Ceratizit podium: second-place Mischa Bredewold (SD Worx-ProTime), winner Elisa Balsamo (Lidl-Trek) and third-place Franziska Koch (FDJ United-Suez)\" loading=\"lazy\" class=\"rounded-[var(--image--border-radius,0)] object-cover w-full h-full\"><\/p><\/div>\n<p>                                                                                                <span class=\"custom-subheading-styles\">Teams &amp; Riders<\/span><\/p>\n<p>                            <span class=\"text-base text-black font-bold mx-0 my-2.5 p-0 block custom-text-styles\">Disappointment at SD Worx-Protime as Mischa Bredewold misses fourth consecutive victory at Classic Lorient Agglom\u00e9ration<\/span><\/p><\/div>\n<div class=\"relative recirc-feed sponsored-card min-h-[250px]\" data-recirc-id=\"article-river-stacked-ads:native-cards\" data-mrf-recirculation=\"article-river-ads\" data-nosnippet data-ad-slot-path=\"feed-sponsored-post\" data-attribute-device=\"all\">\n<div class=\"sponsored-post max-w-full [&amp;.sponsored-post--loaded+.sponsored-post--placeholder]:hidden [&amp;[data-bordeaux-hook-loaded]+.sponsored-post--placeholder]:hidden\"><\/div>\n<div class=\"max-w-full sponsored-post--placeholder animate-pulse\">\n<div class=\"relative!\">\n            <span class=\"font-ui-heading bg-(--ad-slot-badge-bg-color) absolute text-xs font-bold leading-[14px] tracking-normal text-left text-white px-2.5 py-[5px] left-0 top-0 empty:hidden\"><\/span><\/p>\n<div class=\"aspect-[var(--img-listing-aspect-ratio,16\/9)] relative bg-gray-200\"><\/div>\n<p>            <span class=\"text-base text-black font-bold mx-0 my-2.5 p-0 block bg-gray-100\">\u00a0<br \/>\u00a0<\/span>\n        <\/div>\n<\/p><\/div>\n<\/div>\n<div>\n<div class=\"aspect-[var(--img-listing-aspect-ratio,16\/9)] relative mb-3.5\">\n<p>    <img decoding=\"async\" src=\"https:\/\/cdn.mos.cms.futurecdn.net\/PqHdCxLqcsCG3j55wRKHd8.jpg\" alt=\"UAE Team Emirates-XRG riders Domen Novak, Ivo Oliveira, Pavel Sivakov, Pablo Torres, Kevin Vermaerke and Jay Vine dropped from the peloton after the crash and abandon of their team leader Tadej Poga\u010dar\" loading=\"lazy\" class=\"rounded-[var(--image--border-radius,0)] object-cover w-full h-full\"><\/p><\/div>\n<p>                                                                                                <span class=\"custom-subheading-styles\">Teams &amp; Riders<\/span><\/p>\n<p>                            <span class=\"text-base text-black font-bold mx-0 my-2.5 p-0 block custom-text-styles\">&#8216;It&#8217;s a sad way to end it&#8217; &#8211; exit of Tadej Poga\u010dar sparks wave of sympathy and regret in the Vuelta a Espa\u00f1a peloton<\/span><\/p><\/div>\n<div class=\"relative recirc-feed sponsored-card min-h-[250px]\" data-recirc-id=\"article-river-stacked-ads:native-cards\" data-mrf-recirculation=\"article-river-ads\" data-nosnippet data-ad-slot-path=\"feed-sponsored-post\" data-attribute-device=\"all\">\n<div class=\"sponsored-post max-w-full [&amp;.sponsored-post--loaded+.sponsored-post--placeholder]:hidden [&amp;[data-bordeaux-hook-loaded]+.sponsored-post--placeholder]:hidden\"><\/div>\n<div class=\"max-w-full sponsored-post--placeholder animate-pulse\">\n<div class=\"relative!\">\n            <span class=\"font-ui-heading bg-(--ad-slot-badge-bg-color) absolute text-xs font-bold leading-[14px] tracking-normal text-left text-white px-2.5 py-[5px] left-0 top-0 empty:hidden\"><\/span><\/p>\n<div class=\"aspect-[var(--img-listing-aspect-ratio,16\/9)] relative bg-gray-200\"><\/div>\n<p>            <span class=\"text-base text-black font-bold mx-0 my-2.5 p-0 block bg-gray-100\">\u00a0<br \/>\u00a0<\/span>\n        <\/div>\n<\/p><\/div>\n<\/div>\n<div>\n<div class=\"aspect-[var(--img-listing-aspect-ratio,16\/9)] relative mb-3.5\">\n<p>    <img decoding=\"async\" src=\"https:\/\/cdn.mos.cms.futurecdn.net\/cLxnWfvqACbRiM7HpKnEsJ.jpg\" alt=\"Matthew Brennan leads the peloton home to take a sprint victory on stage 2 of the 2026 Vuelta a Espa\u00f1a\" loading=\"lazy\" class=\"rounded-[var(--image--border-radius,0)] object-cover w-full h-full\"><\/p><\/div>\n<p>                                                                                                <span class=\"custom-subheading-styles\">Teams &amp; Riders<\/span><\/p>\n<p>                            <span class=\"text-base text-black font-bold mx-0 my-2.5 p-0 block custom-text-styles\">&#8216;A lot of people thought they were superheroes today&#8217; \u2013 Matthew Brennan laments risk-taking in Vuelta a Espa\u00f1a peloton on a day marked by numerous crashes<\/span><\/p><\/div>\n<div class=\"relative recirc-feed sponsored-card min-h-[250px]\" data-recirc-id=\"article-river-stacked-ads:native-cards\" data-mrf-recirculation=\"article-river-ads\" data-nosnippet data-ad-slot-path=\"feed-sponsored-post\" data-attribute-device=\"all\">\n<div class=\"sponsored-post max-w-full [&amp;.sponsored-post--loaded+.sponsored-post--placeholder]:hidden [&amp;[data-bordeaux-hook-loaded]+.sponsored-post--placeholder]:hidden\"><\/div>\n<div class=\"max-w-full sponsored-post--placeholder animate-pulse\">\n<div class=\"relative!\">\n            <span class=\"font-ui-heading bg-(--ad-slot-badge-bg-color) absolute text-xs font-bold leading-[14px] tracking-normal text-left text-white px-2.5 py-[5px] left-0 top-0 empty:hidden\"><\/span><\/p>\n<div class=\"aspect-[var(--img-listing-aspect-ratio,16\/9)] relative bg-gray-200\"><\/div>\n<p>            <span class=\"text-base text-black font-bold mx-0 my-2.5 p-0 block bg-gray-100\">\u00a0<br \/>\u00a0<\/span>\n        <\/div>\n<\/p><\/div>\n<\/div>\n<div>\n<div class=\"aspect-[var(--img-listing-aspect-ratio,16\/9)] relative mb-3.5\">\n<p>    <img decoding=\"async\" src=\"https:\/\/cdn.mos.cms.futurecdn.net\/UKZMpRpti7HwnURtBmSRWd.jpg\" alt=\"Team manager of UAE Team Emirates, Matxin Joxean Fernandez meets the media after stage 8 of Vuelta a Espa\u00f1a\" loading=\"lazy\" class=\"rounded-[var(--image--border-radius,0)] object-cover w-full h-full\"><\/p><\/div>\n<p>                                                                                                <span class=\"custom-subheading-styles\">Teams &amp; Riders<\/span><\/p>\n<p>                            <span class=\"text-base text-black font-bold mx-0 my-2.5 p-0 block custom-text-styles\">\u2018Right now we have to be with Tadej the person&#8217; &#8211; UAE Team Emirates-XRG management prioritize Poga\u010dar&#8217;s recovery after Vuelta a Espa\u00f1a leader crashes out of race<\/span><\/p><\/div>\n<div class=\"relative recirc-feed sponsored-card min-h-[250px]\" data-recirc-id=\"article-river-stacked-ads:native-cards\" data-mrf-recirculation=\"article-river-ads\" data-nosnippet data-ad-slot-path=\"feed-sponsored-post\" data-attribute-device=\"all\">\n<div class=\"sponsored-post max-w-full [&amp;.sponsored-post--loaded+.sponsored-post--placeholder]:hidden [&amp;[data-bordeaux-hook-loaded]+.sponsored-post--placeholder]:hidden\"><\/div>\n<div class=\"max-w-full sponsored-post--placeholder animate-pulse\">\n<div class=\"relative!\">\n            <span class=\"font-ui-heading bg-(--ad-slot-badge-bg-color) absolute text-xs font-bold leading-[14px] tracking-normal text-left text-white px-2.5 py-[5px] left-0 top-0 empty:hidden\"><\/span><\/p>\n<div class=\"aspect-[var(--img-listing-aspect-ratio,16\/9)] relative bg-gray-200\"><\/div>\n<p>            <span class=\"text-base text-black font-bold mx-0 my-2.5 p-0 block bg-gray-100\">\u00a0<br \/>\u00a0<\/span>\n        <\/div>\n<\/p><\/div>\n<\/div>\n<div>\n<div class=\"aspect-[var(--img-listing-aspect-ratio,16\/9)] relative mb-3.5\">\n<p>    <img decoding=\"async\" src=\"https:\/\/cdn.mos.cms.futurecdn.net\/MPRqYxXGnmuLpKGZJxvxZZ.jpg\" alt=\"Enric Mas holds the red jersey on the podium after stage 8 of the Vuelta a Espa\u00f1a\" loading=\"lazy\" class=\"rounded-[var(--image--border-radius,0)] object-cover w-full h-full\"><\/p><\/div>\n<p>                                                                                                <span class=\"custom-subheading-styles\">Teams &amp; Riders<\/span><\/p>\n<p>                            <span class=\"text-base text-black font-bold mx-0 my-2.5 p-0 block custom-text-styles\">&#8216;I think it&#8217;s something to show respect to him&#8217; \u2013 New Vuelta a Espa\u00f1a leader Enric Mas refuses to wear red jersey on stage 8 podium after Tadej Poga\u010dar&#8217;s abandon<\/span><\/p><\/div>\n<div class=\"relative recirc-feed sponsored-card min-h-[250px]\" data-recirc-id=\"article-river-stacked-ads:native-cards\" data-mrf-recirculation=\"article-river-ads\" data-nosnippet data-ad-slot-path=\"feed-sponsored-post\" data-attribute-device=\"all\">\n<div class=\"sponsored-post max-w-full [&amp;.sponsored-post--loaded+.sponsored-post--placeholder]:hidden [&amp;[data-bordeaux-hook-loaded]+.sponsored-post--placeholder]:hidden\"><\/div>\n<div class=\"max-w-full sponsored-post--placeholder animate-pulse\">\n<div class=\"relative!\">\n            <span class=\"font-ui-heading bg-(--ad-slot-badge-bg-color) absolute text-xs font-bold leading-[14px] tracking-normal text-left text-white px-2.5 py-[5px] left-0 top-0 empty:hidden\"><\/span><\/p>\n<div class=\"aspect-[var(--img-listing-aspect-ratio,16\/9)] relative bg-gray-200\"><\/div>\n<p>            <span class=\"text-base text-black font-bold mx-0 my-2.5 p-0 block bg-gray-100\">\u00a0<br \/>\u00a0<\/span>\n        <\/div>\n<\/p><\/div>\n<\/div>\n<div>\n<div class=\"aspect-[var(--img-listing-aspect-ratio,16\/9)] relative mb-3.5\">\n<p>    <img decoding=\"async\" src=\"https:\/\/cdn.mos.cms.futurecdn.net\/b72yVfVNrWtLjCwBS8EHse.jpg\" alt=\"Tadej Poga\u010dar wearing the red jersey during the 2026 Vuelta a Espa\u00f1a\" loading=\"lazy\" class=\"rounded-[var(--image--border-radius,0)] object-cover w-full h-full\"><\/p><\/div>\n<p>                                                                                                <span class=\"custom-subheading-styles\">Teams &amp; Riders<\/span><\/p>\n<p>                            <span class=\"text-base text-black font-bold mx-0 my-2.5 p-0 block custom-text-styles\">Tadej Poga\u010dar suffers neck fracture and concussion in crash that ends his Vuelta a Espa\u00f1a<\/span><\/p><\/div>\n<div class=\"relative recirc-feed sponsored-card min-h-[250px]\" data-recirc-id=\"article-river-stacked-ads:native-cards\" data-mrf-recirculation=\"article-river-ads\" data-nosnippet data-ad-slot-path=\"feed-sponsored-post\" data-attribute-device=\"all\">\n<div class=\"sponsored-post max-w-full [&amp;.sponsored-post--loaded+.sponsored-post--placeholder]:hidden [&amp;[data-bordeaux-hook-loaded]+.sponsored-post--placeholder]:hidden\"><\/div>\n<div class=\"max-w-full sponsored-post--placeholder animate-pulse\">\n<div class=\"relative!\">\n            <span class=\"font-ui-heading bg-(--ad-slot-badge-bg-color) absolute text-xs font-bold leading-[14px] tracking-normal text-left text-white px-2.5 py-[5px] left-0 top-0 empty:hidden\"><\/span><\/p>\n<div class=\"aspect-[var(--img-listing-aspect-ratio,16\/9)] relative bg-gray-200\"><\/div>\n<p>            <span class=\"text-base text-black font-bold mx-0 my-2.5 p-0 block bg-gray-100\">\u00a0<br \/>\u00a0<\/span>\n        <\/div>\n<\/p><\/div>\n<\/div><\/div>\n<\/p><\/div>\n<\/aside>\n<aside class=\"w-full\" data-nosnippet data-mrf-recirculation=\"article-river-stacked\">\n<div data-recirc-id=\"article-river-stacked-solr:latest-articletype\">\n<div class=\"text-white py-4 px-3 mb-4 bg-[#333] uppercase font-bold custom-header-styles\">Latest in News<\/div>\n<div class=\"grid grid-cols-1 gap-4 mt-4 mb-5\">\n<div>\n<div class=\"aspect-[var(--img-listing-aspect-ratio,16\/9)] relative mb-3.5\">\n<p>    <img decoding=\"async\" src=\"https:\/\/cdn.mos.cms.futurecdn.net\/E4RkU8rMnBW5TwXorbSCaj.jpg\" alt=\"2026 Classic Lorient Agglom\u00e9ration-Ceratizit podium: second-place Mischa Bredewold (SD Worx-ProTime), winner Elisa Balsamo (Lidl-Trek) and third-place Franziska Koch (FDJ United-Suez)\" loading=\"lazy\" class=\"rounded-[var(--image--border-radius,0)] object-cover w-full h-full\"><\/p><\/div>\n<p>                                                                                                <span class=\"custom-subheading-styles\">Teams &amp; Riders<\/span><\/p>\n<p>                            <span class=\"text-base text-black font-bold mx-0 my-2.5 p-0 block custom-text-styles\">Disappointment at SD Worx-Protime as Mischa Bredewold misses fourth consecutive victory at Classic Lorient Agglom\u00e9ration<\/span><\/p><\/div>\n<div class=\"relative recirc-feed sponsored-card min-h-[250px]\" data-recirc-id=\"article-river-stacked-ads:native-cards\" data-mrf-recirculation=\"article-river-ads\" data-nosnippet data-ad-slot-path=\"feed-sponsored-post\" data-attribute-device=\"all\">\n<div class=\"sponsored-post max-w-full [&amp;.sponsored-post--loaded+.sponsored-post--placeholder]:hidden [&amp;[data-bordeaux-hook-loaded]+.sponsored-post--placeholder]:hidden\"><\/div>\n<div class=\"max-w-full sponsored-post--placeholder animate-pulse\">\n<div class=\"relative!\">\n            <span class=\"font-ui-heading bg-(--ad-slot-badge-bg-color) absolute text-xs font-bold leading-[14px] tracking-normal text-left text-white px-2.5 py-[5px] left-0 top-0 empty:hidden\"><\/span><\/p>\n<div class=\"aspect-[var(--img-listing-aspect-ratio,16\/9)] relative bg-gray-200\"><\/div>\n<p>            <span class=\"text-base text-black font-bold mx-0 my-2.5 p-0 block bg-gray-100\">\u00a0<br \/>\u00a0<\/span>\n        <\/div>\n<\/p><\/div>\n<\/div>\n<div>\n<div class=\"aspect-[var(--img-listing-aspect-ratio,16\/9)] relative mb-3.5\">\n<p>    <img decoding=\"async\" src=\"https:\/\/cdn.mos.cms.futurecdn.net\/PqHdCxLqcsCG3j55wRKHd8.jpg\" alt=\"UAE Team Emirates-XRG riders Domen Novak, Ivo Oliveira, Pavel Sivakov, Pablo Torres, Kevin Vermaerke and Jay Vine dropped from the peloton after the crash and abandon of their team leader Tadej Poga\u010dar\" loading=\"lazy\" class=\"rounded-[var(--image--border-radius,0)] object-cover w-full h-full\"><\/p><\/div>\n<p>                                                                                                <span class=\"custom-subheading-styles\">Teams &amp; Riders<\/span><\/p>\n<p>                            <span class=\"text-base text-black font-bold mx-0 my-2.5 p-0 block custom-text-styles\">&#8216;It&#8217;s a sad way to end it&#8217; &#8211; exit of Tadej Poga\u010dar sparks wave of sympathy and regret in the Vuelta a Espa\u00f1a peloton<\/span><\/p><\/div>\n<div class=\"relative recirc-feed sponsored-card min-h-[250px]\" data-recirc-id=\"article-river-stacked-ads:native-cards\" data-mrf-recirculation=\"article-river-ads\" data-nosnippet data-ad-slot-path=\"feed-sponsored-post\" data-attribute-device=\"all\">\n<div class=\"sponsored-post max-w-full [&amp;.sponsored-post--loaded+.sponsored-post--placeholder]:hidden [&amp;[data-bordeaux-hook-loaded]+.sponsored-post--placeholder]:hidden\"><\/div>\n<div class=\"max-w-full sponsored-post--placeholder animate-pulse\">\n<div class=\"relative!\">\n            <span class=\"font-ui-heading bg-(--ad-slot-badge-bg-color) absolute text-xs font-bold leading-[14px] tracking-normal text-left text-white px-2.5 py-[5px] left-0 top-0 empty:hidden\"><\/span><\/p>\n<div class=\"aspect-[var(--img-listing-aspect-ratio,16\/9)] relative bg-gray-200\"><\/div>\n<p>            <span class=\"text-base text-black font-bold mx-0 my-2.5 p-0 block bg-gray-100\">\u00a0<br \/>\u00a0<\/span>\n        <\/div>\n<\/p><\/div>\n<\/div>\n<div>\n<div class=\"aspect-[var(--img-listing-aspect-ratio,16\/9)] relative mb-3.5\">\n<p>    <img decoding=\"async\" src=\"https:\/\/cdn.mos.cms.futurecdn.net\/cLxnWfvqACbRiM7HpKnEsJ.jpg\" alt=\"Matthew Brennan leads the peloton home to take a sprint victory on stage 2 of the 2026 Vuelta a Espa\u00f1a\" loading=\"lazy\" class=\"rounded-[var(--image--border-radius,0)] object-cover w-full h-full\"><\/p><\/div>\n<p>                                                                                                <span class=\"custom-subheading-styles\">Teams &amp; Riders<\/span><\/p>\n<p>                            <span class=\"text-base text-black font-bold mx-0 my-2.5 p-0 block custom-text-styles\">&#8216;A lot of people thought they were superheroes today&#8217; \u2013 Matthew Brennan laments risk-taking in Vuelta a Espa\u00f1a peloton on a day marked by numerous crashes<\/span><\/p><\/div>\n<div class=\"relative recirc-feed sponsored-card min-h-[250px]\" data-recirc-id=\"article-river-stacked-ads:native-cards\" data-mrf-recirculation=\"article-river-ads\" data-nosnippet data-ad-slot-path=\"feed-sponsored-post\" data-attribute-device=\"all\">\n<div class=\"sponsored-post max-w-full [&amp;.sponsored-post--loaded+.sponsored-post--placeholder]:hidden [&amp;[data-bordeaux-hook-loaded]+.sponsored-post--placeholder]:hidden\"><\/div>\n<div class=\"max-w-full sponsored-post--placeholder animate-pulse\">\n<div class=\"relative!\">\n            <span class=\"font-ui-heading bg-(--ad-slot-badge-bg-color) absolute text-xs font-bold leading-[14px] tracking-normal text-left text-white px-2.5 py-[5px] left-0 top-0 empty:hidden\"><\/span><\/p>\n<div class=\"aspect-[var(--img-listing-aspect-ratio,16\/9)] relative bg-gray-200\"><\/div>\n<p>            <span class=\"text-base text-black font-bold mx-0 my-2.5 p-0 block bg-gray-100\">\u00a0<br \/>\u00a0<\/span>\n        <\/div>\n<\/p><\/div>\n<\/div>\n<div>\n<div class=\"aspect-[var(--img-listing-aspect-ratio,16\/9)] relative mb-3.5\">\n<p>    <img decoding=\"async\" src=\"https:\/\/cdn.mos.cms.futurecdn.net\/UKZMpRpti7HwnURtBmSRWd.jpg\" alt=\"Team manager of UAE Team Emirates, Matxin Joxean Fernandez meets the media after stage 8 of Vuelta a Espa\u00f1a\" loading=\"lazy\" class=\"rounded-[var(--image--border-radius,0)] object-cover w-full h-full\"><\/p><\/div>\n<p>                                                                                                <span class=\"custom-subheading-styles\">Teams &amp; Riders<\/span><\/p>\n<p>                            <span class=\"text-base text-black font-bold mx-0 my-2.5 p-0 block custom-text-styles\">\u2018Right now we have to be with Tadej the person&#8217; &#8211; UAE Team Emirates-XRG management prioritize Poga\u010dar&#8217;s recovery after Vuelta a Espa\u00f1a leader crashes out of race<\/span><\/p><\/div>\n<div class=\"relative recirc-feed sponsored-card min-h-[250px]\" data-recirc-id=\"article-river-stacked-ads:native-cards\" data-mrf-recirculation=\"article-river-ads\" data-nosnippet data-ad-slot-path=\"feed-sponsored-post\" data-attribute-device=\"all\">\n<div class=\"sponsored-post max-w-full [&amp;.sponsored-post--loaded+.sponsored-post--placeholder]:hidden [&amp;[data-bordeaux-hook-loaded]+.sponsored-post--placeholder]:hidden\"><\/div>\n<div class=\"max-w-full sponsored-post--placeholder animate-pulse\">\n<div class=\"relative!\">\n            <span class=\"font-ui-heading bg-(--ad-slot-badge-bg-color) absolute text-xs font-bold leading-[14px] tracking-normal text-left text-white px-2.5 py-[5px] left-0 top-0 empty:hidden\"><\/span><\/p>\n<div class=\"aspect-[var(--img-listing-aspect-ratio,16\/9)] relative bg-gray-200\"><\/div>\n<p>            <span class=\"text-base text-black font-bold mx-0 my-2.5 p-0 block bg-gray-100\">\u00a0<br \/>\u00a0<\/span>\n        <\/div>\n<\/p><\/div>\n<\/div>\n<div>\n<div class=\"aspect-[var(--img-listing-aspect-ratio,16\/9)] relative mb-3.5\">\n<p>    <img decoding=\"async\" src=\"https:\/\/cdn.mos.cms.futurecdn.net\/MPRqYxXGnmuLpKGZJxvxZZ.jpg\" alt=\"Enric Mas holds the red jersey on the podium after stage 8 of the Vuelta a Espa\u00f1a\" loading=\"lazy\" class=\"rounded-[var(--image--border-radius,0)] object-cover w-full h-full\"><\/p><\/div>\n<p>                                                                                                <span class=\"custom-subheading-styles\">Teams &amp; Riders<\/span><\/p>\n<p>                            <span class=\"text-base text-black font-bold mx-0 my-2.5 p-0 block custom-text-styles\">&#8216;I think it&#8217;s something to show respect to him&#8217; \u2013 New Vuelta a Espa\u00f1a leader Enric Mas refuses to wear red jersey on stage 8 podium after Tadej Poga\u010dar&#8217;s abandon<\/span><\/p><\/div>\n<div class=\"relative recirc-feed sponsored-card min-h-[250px]\" data-recirc-id=\"article-river-stacked-ads:native-cards\" data-mrf-recirculation=\"article-river-ads\" data-nosnippet data-ad-slot-path=\"feed-sponsored-post\" data-attribute-device=\"all\">\n<div class=\"sponsored-post max-w-full [&amp;.sponsored-post--loaded+.sponsored-post--placeholder]:hidden [&amp;[data-bordeaux-hook-loaded]+.sponsored-post--placeholder]:hidden\"><\/div>\n<div class=\"max-w-full sponsored-post--placeholder animate-pulse\">\n<div class=\"relative!\">\n            <span class=\"font-ui-heading bg-(--ad-slot-badge-bg-color) absolute text-xs font-bold leading-[14px] tracking-normal text-left text-white px-2.5 py-[5px] left-0 top-0 empty:hidden\"><\/span><\/p>\n<div class=\"aspect-[var(--img-listing-aspect-ratio,16\/9)] relative bg-gray-200\"><\/div>\n<p>            <span class=\"text-base text-black font-bold mx-0 my-2.5 p-0 block bg-gray-100\">\u00a0<br \/>\u00a0<\/span>\n        <\/div>\n<\/p><\/div>\n<\/div>\n<div>\n<div class=\"aspect-[var(--img-listing-aspect-ratio,16\/9)] relative mb-3.5\">\n<p>    <img decoding=\"async\" src=\"https:\/\/cdn.mos.cms.futurecdn.net\/b72yVfVNrWtLjCwBS8EHse.jpg\" alt=\"Tadej Poga\u010dar wearing the red jersey during the 2026 Vuelta a Espa\u00f1a\" loading=\"lazy\" class=\"rounded-[var(--image--border-radius,0)] object-cover w-full h-full\"><\/p><\/div>\n<p>                                                                                                <span class=\"custom-subheading-styles\">Teams &amp; Riders<\/span><\/p>\n<p>                            <span class=\"text-base text-black font-bold mx-0 my-2.5 p-0 block custom-text-styles\">Tadej Poga\u010dar suffers neck fracture and concussion in crash that ends his Vuelta a Espa\u00f1a<\/span><\/p><\/div>\n<div class=\"relative recirc-feed sponsored-card min-h-[250px]\" data-recirc-id=\"article-river-stacked-ads:native-cards\" data-mrf-recirculation=\"article-river-ads\" data-nosnippet data-ad-slot-path=\"feed-sponsored-post\" data-attribute-device=\"all\">\n<div class=\"sponsored-post max-w-full [&amp;.sponsored-post--loaded+.sponsored-post--placeholder]:hidden [&amp;[data-bordeaux-hook-loaded]+.sponsored-post--placeholder]:hidden\"><\/div>\n<div class=\"max-w-full sponsored-post--placeholder animate-pulse\">\n<div class=\"relative!\">\n            <span class=\"font-ui-heading bg-(--ad-slot-badge-bg-color) absolute text-xs font-bold leading-[14px] tracking-normal text-left text-white px-2.5 py-[5px] left-0 top-0 empty:hidden\"><\/span><\/p>\n<div class=\"aspect-[var(--img-listing-aspect-ratio,16\/9)] relative bg-gray-200\"><\/div>\n<p>            <span class=\"text-base text-black font-bold mx-0 my-2.5 p-0 block bg-gray-100\">\u00a0<br \/>\u00a0<\/span>\n        <\/div>\n<\/p><\/div>\n<\/div><\/div>\n<\/p><\/div>\n<\/aside>\n<\/section>\n<div class=\"related-articles-block\">\n<\/div>\n<\/div>\n<\/div>\n<div data-widget-type=\"ads\" id=\"ads-middle-1\" class=\"clear-both widget widget-ads widget-ads-middle-1 widget-ads-ads-middle-1 widget-no-data widget-ads-flexi_ads_middle1\">\n<div id=\"bdx_flexi_ads_middle1\" data-type=\"ads\" data-ads-type=\"bordeaux\" class=\"flexi_ads_middle1\"><\/div>\n<\/div>\n<\/div>\n<div id=\"widgetArea17\" class=\"widget-area md:basis-1\/3 widget-area-g-md-vp-1-3 widget-area-g-lg-vp-1-3 widget-area-g-xl-vp-1-3 page-widget-area-17\">\n<div data-widget-type=\"empty\" id=\"sidebar\" class=\"clear-both widget widget-empty widget-sidebar widget-empty-sidebar widget-no-data widget-empty\">\n<\/div>\n<div data-widget-type=\"empty\" id=\"sidebar-top\" class=\"clear-both widget widget-empty widget-sidebar-top widget-empty-sidebar-top ad-unit widget-no-data widget-empty\">\n<\/div>\n<div data-widget-type=\"contentparsed\" id=\"follow-us-on-google-news\" class=\"clear-both widget widget-contentparsed widget-follow-us-on-google-news widget-contentparsed-follow-us-on-google-news widget-content-parsed widget-content-parsed-curated \">\n<div class=\"wcp-item-content\">\n<\/div>\n<\/div>\n<div data-widget-type=\"empty\" id=\"sidebar-popular-top\" class=\"clear-both widget widget-empty widget-sidebar-popular-top widget-empty-sidebar-popular-top ad-unit widget-no-data widget-empty\">\n<\/div>\n<div data-widget-type=\"dynamic\" id=\"popular-data\" class=\"clear-both widget widget-dynamic widget-popular-data widget-dynamic-popular-data widget-dynamic-fter-popular-box\">\n<div class=\"clear-both widget-header\">\n<\/div>\n<div class=\"wdn-fte-pb pos-relative space-t20\n\"><\/p>\n<div class=\"slice-container popular-box-slice\">\n<section class=\"popular-box\" data-component-name=\"Slice:PopularBox\">\n<div class=\"popular-box__label\">\n<div class=\"popular-box__label__tab popular-box__label__tab--active\" role=\"heading\">\nLATEST ARTICLES\n<\/div>\n<\/div>\n<ol class=\"popular-box__articles-list popular-box__articles-list--active\">\n<li class=\"popular-box__article-list\">\n<div class=\"popular-box__article-list__container\">\n<div class=\"popular-box__article-list__image-wrapper\">\n<div>\n<p><img decoding=\"async\" src=\"https:\/\/cdn.mos.cms.futurecdn.net\/prBAptdvbJ3B45dRr6k3QR.jpg\" alt=\"A smiling Tadej Poga\u010dar (UAE Team Emirates-XRG) at the start of stage 8 in Pucol\" loading=\"lazy\" class=\"rounded-[var(--image--border-radius,0)] popular-box__article-list__image image__image\"><\/p>\n<\/div>\n<\/div>\n<div class=\"popular-box__article-list__content\">\n<div class=\"popular-box__article-list__number-text\">1<\/div>\n<div class=\"popular-box__article-list__heading\">\n<p>Tadej Poga\u010dar&#8217;s brutally unexpected exit from the Vuelta\u00a0a Espa\u00f1a is a massive reminder of cycling&#8217;s intrinsic unpredictability &#8211; Analysis<\/p>\n<\/div>\n<\/div>\n<\/div>\n<\/li>\n<li class=\"popular-box__article-list\">\n<div class=\"popular-box__article-list__container\">\n<div class=\"popular-box__article-list__content\">\n<div class=\"popular-box__article-list__number-text\">2<\/div>\n<div class=\"popular-box__article-list__heading\">\n<p>Disappointment at SD Worx-Protime as Mischa Bredewold misses fourth consecutive victory at Classic Lorient Agglom\u00e9ration<\/p>\n<\/div>\n<\/div>\n<\/div>\n<\/li>\n<li class=\"popular-box__article-list\">\n<div class=\"popular-box__article-list__container\">\n<div class=\"popular-box__article-list__content\">\n<div class=\"popular-box__article-list__number-text\">3<\/div>\n<div class=\"popular-box__article-list__heading\">\n<p>&#8216;A lot of people thought they were superheroes today&#8217; \u2013 Matthew Brennan laments risk-taking in Vuelta a Espa\u00f1a peloton on a day marked by numerous crashes<\/p>\n<\/div>\n<\/div>\n<\/div>\n<\/li>\n<li class=\"popular-box__article-list\">\n<div class=\"popular-box__article-list__container\">\n<div class=\"popular-box__article-list__content\">\n<div class=\"popular-box__article-list__number-text\">4<\/div>\n<div class=\"popular-box__article-list__heading\">\n<p>&#8216;It&#8217;s a sad way to end it&#8217; &#8211; exit of Tadej Poga\u010dar sparks wave of sympathy and regret in the Vuelta a Espa\u00f1a peloton<\/p>\n<\/div>\n<\/div>\n<\/div>\n<\/li>\n<li class=\"popular-box__article-list\">\n<div class=\"popular-box__article-list__container\">\n<div class=\"popular-box__article-list__content\">\n<div class=\"popular-box__article-list__number-text\">5<\/div>\n<div class=\"popular-box__article-list__heading\">\n<p>\u2018Right now we have to be with Tadej the person&#8217; &#8211; UAE Team Emirates-XRG management prioritize Poga\u010dar&#8217;s recovery after Vuelta a Espa\u00f1a leader crashes out of race<\/p>\n<\/div>\n<\/div>\n<\/div>\n<\/li>\n<\/ol>\n<\/section>\n<\/div>\n<\/div>\n<\/div>\n<div data-widget-type=\"empty\" id=\"sidebar-popular-bottom\" class=\"clear-both widget widget-empty widget-sidebar-popular-bottom widget-empty-sidebar-popular-bottom ad-unit widget-no-data widget-empty\">\n<\/div>\n<\/div>\n<\/div>\n<\/article>\n<div class=\"news-article\">\n<header data-component-name=\"Article:Hero\">\n<div id=\"kiosq-metered-message\" class=\"kiosq-metered-message-content\"><\/div>\n<nav class=\"breadcrumb\" aria-label=\"Breadcrumbs\">\n<ol>\n<li>\nPro Cycling\n<\/li>\n<li>\nTeams &amp; Riders\n<\/li>\n<li>\nLotto-Intermarch\u00e9\n<\/li>\n<\/ol>\n<\/nav>\n<h1>Luca Van Boven quits Vuelta a Espa\u00f1a after completing stage 7 with collapsed lung and broken ribs from crash involving Alessandro Romele<\/h1>\n<div class=\"byline-social\">\n<div class=\"vds-byline-block flex flex-row flex-nowrap my-1.5 gap-2 text-left items-start justify-start\" data-component-name=\"Article:BylineBlock\">\n<p>News<\/p>\n<div class=\"my-auto vds-simple-byline\">\n<span class=\"inline-block vds-author\"><br \/>\nBy<br \/>\nAlasdair Fotheringham <\/span><br \/>\n<span class=\"inline-block h-3 my-auto border-l border-solid vds-simple-byline__divider max-sm:hidden\"><\/span><\/p>\n<div class=\"flex gap-1 vds-byline-with-avatar__meta\">\n<span class=\"vds-date block font-normal tracking-normal normal-case text-xs\"><br \/>\nPublished<br \/>\n<time data-component-name=\"UI:DateTime\" datetime=\"2026-08-29T08:18:18Z\" class=\"relative-date\"><br \/>\n29 August 2026<br \/>\n<\/time><br \/>\n<\/span>\n<\/div>\n<\/div>\n<\/div>\n<p class=\"strapline\">Lotto-Intermarch\u00e9 rider squeezed onto pavement and fell heavily after Italian lost balance<\/p>\n<\/div>\n<aside class=\"text-gray-700 flex items-center mx-0 my-5 p-0 justify-start text-left\" id=\"affiliate-disclaimer\" data-component-name=\"AffiliateDisclaimer\" data-hawk-message=\"Affiliate disclaimer removed because hawk deemed there are no affiliate links on this page\">\n<p class=\"text-[color:var(--affiliate-disclaimer--text-color,inherit)] mb-2 text-[length:var(--affiliate-disclaimer--font-size,0.75rem)] leading-[18px] md:text-[13px] [&amp;&gt;a]:text-inherit [&amp;&gt;a]:underline\">\nWhen you purchase through links on our site, we may earn an affiliate commission. Here\u2019s how it works.\n<\/p>\n<\/aside>\n<\/header>\n<\/div>\n<div id=\"article-body\" class=\"text-copy bodyCopy auto paywall-locker\">\n<div data-analytics-id=\"utility-bar\" id=\"utility-bar\" class=\"font-ui-heading flex justify-between items-center py-2 border-t border-b border-gray-300 border-solid mb-5 mx-auto\" data-component-name=\"UtilityBar\" data-mrf-recirculation=\"utility-bar\">\n<div class=\"flex gap-2 text-[#333] subcontainer\">\n<div class=\"relative tooltip-container\" role=\"tooltip\">\n<div data-component-name=\"Social:Dropdown\" role=\"menu\" id=\"utilitybar__dropdown--share\" aria-labelledby=\"utilitybar__button--share\" class=\"absolute left-0 top-full w-44 bg-white rounded-md shadow-md border border-neutral-200 z-[9996] list-none m-0 py-2 px-3 border-solid\">\n<ul class=\"m-0!\">\n<li class=\"!p-0 !m-0 list-none border-b border-gray-200 border-solid\">\n<\/li>\n<li class=\"!p-0 !m-0 list-none border-b border-gray-200 border-solid\">\n<p>Facebook<\/p>\n<\/li>\n<li class=\"!p-0 !m-0 list-none border-b border-gray-200 border-solid\">\n<p>X<\/p>\n<\/li>\n<li class=\"!p-0 !m-0 list-none border-b border-gray-200 border-solid\">\n<p>Pinterest<\/p>\n<\/li>\n<li class=\"!p-0 !m-0 list-none border-b border-gray-200 border-solid\">\n<p>Email<\/p>\n<\/li>\n<\/ul>\n<\/div>\n<div class=\"font-ui-heading max-sm:hidden tooltip absolute left-1\/2 bg-gray-900 text-white text-xs leading-none px-3 py-1.5 rounded-md z-[10001] whitespace-nowrap\" id=\"tooltip-share-this-article\" role=\"tooltip\" aria-hidden=\"true\">\nShare this article\n<\/div>\n<\/div>\n<div class=\"relative tooltip-container\" role=\"tooltip\">\n<p>    <span class=\"ml-1 inline-flex h-5 px-2 shrink-0 items-center justify-center self-center overflow-hidden whitespace-nowrap rounded-[10px] bg-primary-500 text-[11px] leading-none font-ui-heading font-semibold text-white\">2<\/span><\/p>\n<div class=\"font-ui-heading max-sm:hidden tooltip absolute left-1\/2 bg-gray-900 text-white text-xs leading-none px-3 py-1.5 rounded-md z-[10001] whitespace-nowrap\" id=\"tooltip-join-the-conversation\" role=\"tooltip\" aria-hidden=\"true\">\nJoin the conversation\n<\/div>\n<\/div>\n<\/div>\n<div class=\"flex gap-2 text-[#333] subcontainer\">\n<div class=\"relative tooltip-container\" role=\"tooltip\">\n<p>Follow us<\/p>\n<div class=\"font-ui-heading max-sm:hidden tooltip absolute left-1\/2 bg-gray-900 text-white text-xs leading-none px-3 py-1.5 rounded-md z-[10001] whitespace-nowrap\" id=\"tooltip-add-us-as-a-preferred-source-on-google\" role=\"tooltip\" aria-hidden=\"true\">\nAdd us as a preferred source on Google\n<\/div>\n<\/div>\n<div class=\"relative tooltip-container\" role=\"tooltip\">\n<div class=\"font-ui-heading max-sm:hidden tooltip absolute left-1\/2 bg-gray-900 text-white text-xs leading-none px-3 py-1.5 rounded-md z-[10001] whitespace-nowrap\" id=\"tooltip-subscribe-to-our-newsletter\" role=\"tooltip\" aria-hidden=\"true\">\nSubscribe to our newsletter\n<\/div>\n<\/div>\n<\/div>\n<\/div>\n<p id=\"elk-046a372a-a37b-11f1-a5ff-ab304c9cf6a8\">Lotto-Intermarch\u00e9 have announced via social media that their rider Luca Van Boven has abandoned the Vuelta a Espa\u00f1a after crashing heavily during stage 7 and managing to complete the day&#8217;s racing with broken ribs and a collapsed lung.<\/p>\n<div id=\"ad-unit-1\" class=\"ad-unit\"><\/div>\n<p>Van Boven fell heavily in kilometre 122 of the mountainous stage, 28km from the finish line, after Alessandro Romele (XDS-Astana) lost his balance after hitting a speed bump in a small town. As a result, the Italian sprinter unintentionally closed out the Belgian, who hit the pavement and crashed.<\/p>\n<p><a id=\"elk-seasonal\"><\/a><\/p>\n<aside data-article-category=\"pro-cycling\" data-block-type=\"embed\" data-render-type=\"fte\" data-skip=\"dealsy\" data-widget-type=\"seasonal\" class=\"ecom-root\"><\/aside>\n<p id=\"elk-046a372a-a37b-11f1-a5ff-ab304c9cf6a8-2\" aria-hidden=\"true\" class=\"kiosq-b\">Romele subsequently received a yellow card penalty for his manoeuvre.<\/p>\n<div class=\"my-6 w-full overflow-hidden rounded-[10px] lg:my-8\" data-component-name=\"JwPlayer:Carousel\" data-jwp-carousel data-jwp-carousel-payload=\"{&quot;ids&quot;:{&quot;playerID&quot;:&quot;jYDCcabO&quot;,&quot;searchPlaylistID&quot;:&quot;gwjdoYHD&quot;,&quot;divID&quot;:&quot;botr_gwjdoYHD_jYDCcabO_div&quot;,&quot;fallbackPlaylistID&quot;:&quot;gwjdoYHD&quot;,&quot;fallbackDivID&quot;:&quot;botr_gwjdoYHD_jYDCcabO_div&quot;,&quot;key&quot;:&quot;X9\/mXVGac0NphghLH9hZaqWA5d3dhAM\/Ih07grnEyMLjuO2E&quot;,&quot;tintLogo&quot;:true,&quot;useSearchPlaylist&quot;:false,&quot;enabled&quot;:true},&quot;signPostingEnabled&quot;:true,&quot;signPostingLinkEnabled&quot;:true,&quot;waitForAdLoad&quot;:false,&quot;hidePlayerOnDesktop&quot;:false,&quot;hidePlayerOnMobile&quot;:false,&quot;hidePlayerOnTablet&quot;:false}\">\n<div class=\"flex flex-nowrap items-center justify-between gap-3 bg-zinc-900 px-[14px] py-3\" data-jwp-carousel-header>\n<div class=\"flex min-w-0 shrink items-center\"><span class=\"inline-flex items-center gap-1.5 text-sm font-article-heading capitalize leading-5 text-white whitespace-nowrap\"><span class=\"jwp-carousel-title-mobile\"><\/span><span class=\"jwp-carousel-title-desktop\">Latest Videos From<\/span><span class=\"jwp-carousel-brand\">Cyclingnews<\/span><\/span><\/div>\n<\/div>\n<div class=\"aspect-video w-full min-h-[200px] lg:min-h-[330px] relative overflow-hidden bg-black\" data-jwp-carousel-container>\n<div class=\"absolute inset-0 size-full\" data-jwp-carousel-player-host><\/div>\n<div class=\"absolute inset-0 size-full items-center justify-center bg-white\" data-jwp-carousel-fallback><\/div>\n<\/div>\n<div class=\"min-h-[44px] bg-zinc-900 px-[14px] py-3\" data-jwp-carousel-signposting><a class=\"invisible block truncate text-sm font-bold leading-5 text-white underline decoration-solid underline-offset-2\" data-jwp-carousel-signposting-link href target=\"_blank\" rel=\"noopener noreferrer\"><span data-jwp-carousel-signposting-title>Watch full video here: <\/span><\/a><\/div>\n<\/div>\n<p aria-hidden=\"true\" class=\"kiosq-b\">Riding as a support rider in the Vuelta for the Lotto leaders, the 26-year-old hilly Classics specialist managed to remount and completed in 178th place, 33:17 down. He was the last rider to finish on a stage with more than 3,500 metres of vertical climbing.<\/p>\n<div id=\"ad-unit-2\" class=\"ad-unit\"><\/div>\n<p aria-hidden=\"true\" class=\"kiosq-b\">The initial medical diagnosis on the official stage report was that Van Boven had suffered bruises and road rash in his lower back and right buttock &#8220;requiring continuous on-course attention for subsequent radiological study.&#8221;<\/p>\n<p>The post-stage check-up revealed the fourth-year pro had suffered two broken ribs and a collapsed lung in the crash, making it impossible for him to continue in the race<\/p>\n<aside data-component-name=\"Recirculation:ArticleRiver\" data-recirculation-type=\"inline\" data-mrf-recirculation=\"Trending Bar\" data-nosnippet class=\"clear-both pt-2 pb-0 mb-4\">\n        <span class=\"\n            flex\n            after:content-[&apos;&apos;] after:flex-1 after:ml-4 after:my-[0.7rem] after:border-t after:border-solid after:border-t-[#ccc]\n            before:content-[&apos;&apos;] before:flex-1 before:mr-4 before:my-[0.7rem] before:border-t before:border-solid before:border-t-[#ccc]\n            font-article-heading pb-0 text-[length:var(--article-river-title--font-size,1em)] uppercase sm:text-[length:var(--article-river-title--font-size,0.875em)] font-bold\n        \"><br \/>\n            You may like<br \/>\n        <\/span><\/p>\n<ul class=\"flex flex-col gap-0 m-0 max-w-full\">\n<li class=\"m-0 list-none border-b border-solid border-[#ededed] py-2\" data-recirculation-id=\"recirculation-card-1\" id=\"recirculation-inline-1\" data-analytics-id=\"recirculation-inline-1\" data-mrf-recirculation=\"recirculation-inline-1\">\n<p>    <img decoding=\"async\" src=\"https:\/\/cdn.mos.cms.futurecdn.net\/W9NpVsRBTco2G7biwoY7Nd.jpg\" alt=\"MONACO, MONACO - AUGUST 23: A general view of Harold Tejada of Colombia, Yevgeniy Fedorov of Kazakhstan, Lorenzo Fortunato of Italy, Victor Langellotti of Monaco, Henok Mulubrhan of Eritrea, Cristian Rodriguez of Spain, Alessandro Romele of Italy, Darren Van Bekkum of Netherlands and Team XDS Astana prior to the La Vuelta - 81st Tour of Spain 2026, Stage 2 a 214.3km from Monaco to Manosque 408m \/ #UCIWT \/ on August 23, 2026 in Monaco, Monaco. (Photo by Alexander Hassenstein\/Getty Images)\" loading=\"lazy\" class=\"rounded-[var(--image--border-radius,0)] aspect-square size-[75px] object-cover shrink-0 rounded-lg\"><\/p>\n<p>                        <span class=\"w-full text-base font-[var(--article-river-item--font-weight,500)] font-article-heading line-clamp-3 md:line-clamp-2\">\u2018It was fair that I got it&#8217; &#8211; Alessandro Romele accepts yellow card for crash incident that led to Luca Van Boven Vuelta a Espa\u00f1a abandon<\/span><\/p>\n<\/li>\n<li class=\"m-0 list-none border-b border-solid border-[#ededed] py-2\" data-recirculation-id=\"recirculation-card-2\" id=\"recirculation-inline-2\" data-analytics-id=\"recirculation-inline-2\" data-mrf-recirculation=\"recirculation-inline-2\">\n<p>    <img decoding=\"async\" src=\"https:\/\/cdn.mos.cms.futurecdn.net\/doaGkPVmHqqaXv63uaUo5K.jpg\" alt=\"MANOSQUE, MONACO - AUGUST 23: Cian Uijtdebroeks of Belgium and Movistar Team reacts after crash during the La Vuelta - 81st Tour of Spain 2026, Stage 2 a 214.3km from Monaco to Manosque 408m \/ #UCIWT \/ on August 23, 2026 in Manosque, Monaco. (Photo by Tim de Waele\/Getty Images)\" loading=\"lazy\" class=\"rounded-[var(--image--border-radius,0)] aspect-square size-[75px] object-cover shrink-0 rounded-lg\"><\/p>\n<p>                        <span class=\"w-full text-base font-[var(--article-river-item--font-weight,500)] font-article-heading line-clamp-3 md:line-clamp-2\">Cian Uijtdebroeks abandons the Vuelta a Espa\u00f1a following tearful last-place finish on stage 4<\/span><\/p>\n<\/li>\n<li class=\"m-0 list-none border-b border-solid border-[#ccc] py-2\" data-recirculation-id=\"recirculation-card-3\" id=\"recirculation-inline-3\" data-analytics-id=\"recirculation-inline-3\" data-mrf-recirculation=\"recirculation-inline-3\">\n<p>    <img decoding=\"async\" src=\"https:\/\/cdn.mos.cms.futurecdn.net\/ChYjgJvszKAKLexRc5wykP.jpg\" alt=\"Florian Lipowitz of Red Bull - BORA - hansgrohe shows signs of his crash after stage 16\" loading=\"lazy\" class=\"rounded-[var(--image--border-radius,0)] aspect-square size-[75px] object-cover shrink-0 rounded-lg\"><\/p>\n<p>                        <span class=\"w-full text-base font-[var(--article-river-item--font-weight,500)] font-article-heading line-clamp-3 md:line-clamp-2\">Florian Lipowitz abandons the Tour de France after a heavy crash during the stage 16 time trial<\/span><\/p>\n<\/li>\n<\/ul>\n<\/aside>\n<p aria-hidden=\"true\" class=\"kiosq-b\">&#8220;Luca will remain in hospital overnight for further observation and will unfortunately not start tomorrow&#8217;s stage. He will continue to be monitored closely,&#8221; the team posted on social media. &#8220;We wish Luca lots of strength and a speedy recovery.&#8221;<\/p>\n<figure id=\"elk-DcmTablCHYm\" aria-hidden=\"true\" class=\"kiosq-b\">\n<div class=\"instagram-embed\">\n<blockquote class=\"instagram-media\" data-instgrm-captioned data-instgrm-version=\"6\">\n<p>A post shared by Lotto-Intermarch\u00e9 (@lottointermarche)<\/p><figcaption><cite><\/p>\n<p>A photo posted by on <\/p>\n<p><\/cite><\/figcaption><\/blockquote>\n<\/div>\n<\/figure>\n<p id=\"elk-fe095e28-a37b-11f1-aee6-dbdec63eeffc\" aria-hidden=\"true\" class=\"kiosq-b\"><em><strong>For unbeatable coverage across road, gravel and tech, subscribe to Cyclingnews. You&#8217;ll get comprehensive race coverage of La Vuelta a Espa\u00f1a, subscriber-exclusive analysis from our expert columnists, in-depth features and industry-leading tech insight. Plus, the Cyclingnews app lets you follow the action wherever you go! <\/strong><\/em><u><em><strong>Join today.<\/strong><\/em><\/u><\/p>\n<div id=\"slice-container-newsletterForm-articleInbodyContent-Z4AXRAjoh3xQuqHRQ6tsn\" class=\"slice-container newsletter-inbodyContent-slice newsletterForm-articleInbodyContent-Z4AXRAjoh3xQuqHRQ6tsn slice-container-newsletterForm\">\n<div data-hydrate=\"true\" class=\"newsletter-form__wrapper newsletter-form__wrapper--inbodyContent\">\n<div class=\"newsletter-form__container\">\n<section class=\"newsletter-form__top-bar\">\n<div class=\"newsletter-form__header\">Get The Leadout Newsletter<\/div>\n<\/section>\n<section class=\"newsletter-form__main-section\">\n<p class=\"newsletter-form__strapline\">The latest race content, interviews, features, reviews and expert buying guides, direct to your inbox!<\/p>\n<footer class=\"newsletter-form__footer \">By submitting your information you agree to the Terms &amp; Conditions and Privacy Policy and are aged 16 or over.<\/footer>\n<\/section>\n<\/div>\n<\/div>\n<\/div>\n<\/div>\n<p>[analyse_source url=&#8221;https:\/\/www.cyclingnews.com\/pro-cycling\/teams-riders\/luca-van-boven-quits-vuelta-a-espana-after-completing-stage-7-with-collapsed-lung-and-broken-ribs-from-crash-involving-alessandro-romele\/&#8221;]<\/p>\n","protected":false},"excerpt":{"rendered":"<p>[analyse_image type=&#8221;featured&#8221; src=&#8221;https:\/\/cdn.mos.cms.futurecdn.net\/A3LyLSaK2iuHKz6Wx6NwXY-1024-80.jpg&#8221;] 1 Tadej Poga\u010dar suffers neck fracture and concussion in crash that ends his Vuelta a Espa\u00f1a 2 &#8216;It&#8217;s a sad way to end it&#8217; &#8211; exit of Tadej Poga\u010dar sparks wave of sympathy and regret in the Vuelta a Espa\u00f1a peloton 3 Vuelta a Espa\u00f1a: Andreas Leknessund, Tobias Johannessen solo away from [&hellip;]<\/p>\n","protected":false},"author":1,"featured_media":0,"comment_status":"open","ping_status":"","sticky":false,"template":"","format":"standard","meta":{"footnotes":""},"categories":[2],"tags":[226,68],"class_list":["post-2118859","post","type-post","status-publish","format-standard","hentry","category-politics","tag-crawlmanager","tag-cyclingnews-com"],"_links":{"self":[{"href":"https:\/\/analyse.optim.biz\/index.php?rest_route=\/wp\/v2\/posts\/2118859","targetHints":{"allow":["GET"]}}],"collection":[{"href":"https:\/\/analyse.optim.biz\/index.php?rest_route=\/wp\/v2\/posts"}],"about":[{"href":"https:\/\/analyse.optim.biz\/index.php?rest_route=\/wp\/v2\/types\/post"}],"author":[{"embeddable":true,"href":"https:\/\/analyse.optim.biz\/index.php?rest_route=\/wp\/v2\/users\/1"}],"replies":[{"embeddable":true,"href":"https:\/\/analyse.optim.biz\/index.php?rest_route=%2Fwp%2Fv2%2Fcomments&post=2118859"}],"version-history":[{"count":0,"href":"https:\/\/analyse.optim.biz\/index.php?rest_route=\/wp\/v2\/posts\/2118859\/revisions"}],"wp:attachment":[{"href":"https:\/\/analyse.optim.biz\/index.php?rest_route=%2Fwp%2Fv2%2Fmedia&parent=2118859"}],"wp:term":[{"taxonomy":"category","embeddable":true,"href":"https:\/\/analyse.optim.biz\/index.php?rest_route=%2Fwp%2Fv2%2Fcategories&post=2118859"},{"taxonomy":"post_tag","embeddable":true,"href":"https:\/\/analyse.optim.biz\/index.php?rest_route=%2Fwp%2Fv2%2Ftags&post=2118859"}],"curies":[{"name":"wp","href":"https:\/\/api.w.org\/{rel}","templated":true}]}}