{"id":2118848,"date":"2026-08-30T05:14:06","date_gmt":"2026-08-30T02:14:06","guid":{"rendered":"https:\/\/analyse.optim.biz\/?p=2118848"},"modified":"2026-08-30T05:14:06","modified_gmt":"2026-08-30T02:14:06","slug":"dinamo-si-a-luat-atacant-din-italia-cine-este-noul-fotbalist-al-echipei","status":"publish","type":"post","link":"https:\/\/analyse.optim.biz\/?p=2118848","title":{"rendered":"Dinamo \u0219i-a luat atacant din Italia: cine este noul fotbalist al echipei"},"content":{"rendered":"<p>[analyse_image type=&#8221;featured&#8221; src=&#8221;https:\/\/s1.ziareromania.ro\/?mmid=7111a56b2993821265&#8243;]<\/p>\n<div id=\"article__container\" class=\"news__container news__image__container\">\n<h1 class=\"news__title\" title=\"Dinamo \u0219i-a luat atacant din Italia: cine este noul fotbalist al echipei\">Dinamo \u0219i-a luat atacant din Italia: cine este noul fotbalist al echipei<\/h1>\n<\/div>\n<div class=\"news__info__content d-flex\">\n<div class=\"d-flex \">\n<div class=\"news__author mar10r\"> Autor: <span><a href=\"https:\/\/ziare.com\/autor\/iosif-pintilie\"> Iosif Pintilie <\/a><\/span><\/div>\n<div class=\"news__publish\">Sambata, 29 August 2026, ora 23:28<\/div>\n<\/div>\n<div class=\"news__views\">732 citiri<\/div>\n<\/div>\n<div class=\"stanga_stire news__image fleft article__marker\">\n<div class=\"news-image__content news__image__item\"><a class=\"news__image\" data-href=\"https:\/\/s1.ziareromania.ro\/?mmid=7111a56b2993821265\" data-size=\"736x437\" title=\"Dinamo \u0219i-a luat atacant din Italia: cine este noul fotbalist al echipei\"><img decoding=\"async\" src=\"https:\/\/tb.ziareromania.ro\/Dinamo---i-a-luat-atacant-din-Italia--cine-este-noul-fotbalist-al-echipei\/7111a56b2993821265\/400\/225\/2\/100\/Dinamo---i-a-luat-atacant-din-Italia--cine-este-noul-fotbalist-al-echipei.jpg\" alt=\"Dinamo \u0219i-a luat atacant din Italia: cine este noul fotbalist al echipei\" title=\"Dinamo \u0219i-a luat atacant din Italia: cine este noul fotbalist al echipei\" class=\"img-responsive\"><\/a><\/p>\n<div class=\"news__caption\">Mario David a semnat cu Dinamo. Foto: Facebook \/ Dinamo Bucure\u0219ti<\/div>\n<\/div>\n<\/div>\n<div class=\"news__content descriere_main article__marker\">\n<p><a href=\"https:\/\/ziare.com\/fc\/\" title=\"FC\">FC<\/a><a href=\"https:\/\/ziare.com\/dinamo\/\" title=\"Dinamo\">Dinamo<\/a> a anun\u021bat, s\u00e2mb\u0103t\u0103, c\u0103 a ob\u021binut serviciile atacantului Mario David, \u00een v\u00e2rst\u0103 de 18 ani.<\/p>\n<p>David a evoluat \u00een ultimele dou\u0103 sezoane la grupele de <a href=\"https:\/\/ziare.com\/fotbal\/juniori\/\" title=\"juniori\">juniori<\/a> ale clubului italian Sassuolo, reu\u0219ind \u00een sezonul recent \u00eencheiat s\u0103 marcheze un num\u0103r de 6 <a href=\"https:\/\/ziare.com\/fotbal\/goluri\/\" title=\"goluri\">goluri<\/a> \u00eentr-un total de 37 de <a href=\"https:\/\/ziare.com\/fotbal\/meciuri\/\" title=\"meciuri\">meciuri<\/a> pentru echipa U18.<\/p>\n<p>Mario David poate evolua \u0219i pe pozi\u021bia de mijloca\u0219 ofensiv sau extrem\u0103 st\u00e2nga. De asemenea, a jucat cu regularitate pentru grupele de tineret ale Na\u021bionalei de Fotbal a Rom\u00e2niei, reu\u0219ind s\u0103 marcheze dou\u0103 goluri \u00een trei selec\u021bii pentru reprezentativa U19.<\/p>\n<p>Contractul cu <a href=\"https:\/\/ziare.com\/fotbal\/dinamo\/\" title=\"Dinamo\">Dinamo<\/a> este valabil trei sezoane, p\u00e2n\u0103 la data de 30.06.2029.<\/p>\n<p>Mario David se va al\u0103tura lotului preg\u0103tit de Adrian Ropotan la Dinamo 2 \u0219i va continua preg\u0103tirea al\u0103turi de echipa secund\u0103 a clubului.<\/p>\n<\/div>\n","protected":false},"excerpt":{"rendered":"<p>[analyse_image type=&#8221;featured&#8221; src=&#8221;https:\/\/s1.ziareromania.ro\/?mmid=7111a56b2993821265&#8243;] Dinamo \u0219i-a luat atacant din Italia: cine este noul fotbalist al echipei Autor: Iosif Pintilie Sambata, 29 August 2026, ora 23:28 732 citiri Mario David a semnat cu Dinamo. Foto: Facebook \/ Dinamo Bucure\u0219ti FCDinamo a anun\u021bat, s\u00e2mb\u0103t\u0103, c\u0103 a ob\u021binut serviciile atacantului Mario David, \u00een v\u00e2rst\u0103 de 18 ani. David a [&hellip;]<\/p>\n","protected":false},"author":1,"featured_media":0,"comment_status":"open","ping_status":"","sticky":false,"template":"","format":"standard","meta":{"footnotes":""},"categories":[89],"tags":[226,22],"class_list":["post-2118848","post","type-post","status-publish","format-standard","hentry","category-romania","tag-crawlmanager","tag-ziare-com"],"_links":{"self":[{"href":"https:\/\/analyse.optim.biz\/index.php?rest_route=\/wp\/v2\/posts\/2118848","targetHints":{"allow":["GET"]}}],"collection":[{"href":"https:\/\/analyse.optim.biz\/index.php?rest_route=\/wp\/v2\/posts"}],"about":[{"href":"https:\/\/analyse.optim.biz\/index.php?rest_route=\/wp\/v2\/types\/post"}],"author":[{"embeddable":true,"href":"https:\/\/analyse.optim.biz\/index.php?rest_route=\/wp\/v2\/users\/1"}],"replies":[{"embeddable":true,"href":"https:\/\/analyse.optim.biz\/index.php?rest_route=%2Fwp%2Fv2%2Fcomments&post=2118848"}],"version-history":[{"count":0,"href":"https:\/\/analyse.optim.biz\/index.php?rest_route=\/wp\/v2\/posts\/2118848\/revisions"}],"wp:attachment":[{"href":"https:\/\/analyse.optim.biz\/index.php?rest_route=%2Fwp%2Fv2%2Fmedia&parent=2118848"}],"wp:term":[{"taxonomy":"category","embeddable":true,"href":"https:\/\/analyse.optim.biz\/index.php?rest_route=%2Fwp%2Fv2%2Fcategories&post=2118848"},{"taxonomy":"post_tag","embeddable":true,"href":"https:\/\/analyse.optim.biz\/index.php?rest_route=%2Fwp%2Fv2%2Ftags&post=2118848"}],"curies":[{"name":"wp","href":"https:\/\/api.w.org\/{rel}","templated":true}]}}