{"id":2118847,"date":"2026-08-30T05:13:36","date_gmt":"2026-08-30T02:13:36","guid":{"rendered":"https:\/\/analyse.optim.biz\/?p=2118847"},"modified":"2026-08-30T05:13:36","modified_gmt":"2026-08-30T02:13:36","slug":"suma-pentru-care-vinde-anaf-un-ferrari-confiscat-cand-se-termina-licitatia","status":"publish","type":"post","link":"https:\/\/analyse.optim.biz\/?p=2118847","title":{"rendered":"Suma pentru care vinde ANAF un Ferrari confiscat. C\u00e2nd se termin\u0103 licita\u021bia"},"content":{"rendered":"<p>[analyse_image type=&#8221;featured&#8221; src=&#8221;https:\/\/s1.ziareromania.ro\/?mmid=b3bef56b2993094444&#8243;]<\/p>\n<div id=\"article__container\" class=\"news__container news__image__container\">\n<h1 class=\"news__title\" title=\"Suma pentru care vinde ANAF un Ferrari confiscat. C\u00e2nd se termin\u0103 licita\u021bia\">Suma pentru care vinde ANAF un Ferrari confiscat. C\u00e2nd se termin\u0103 licita\u021bia<\/h1>\n<\/div>\n<div class=\"news__info__content d-flex\">\n<div class=\"d-flex \">\n<div class=\"news__author mar10r\"> Autor: <span><a href=\"https:\/\/ziare.com\/autor\/catalina-sirbu\"> Catalina Sirbu <\/a><\/span><\/div>\n<div class=\"news__publish\">Sambata, 29 August 2026, ora 23:24<\/div>\n<\/div>\n<div class=\"news__views\">1569 citiri<\/div>\n<\/div>\n<div class=\"stanga_stire news__image fleft article__marker\">\n<div class=\"news-image__content news__image__item\"><a class=\"news__image\" data-href=\"https:\/\/s2.ziareromania.ro\/?mmid=b3bef56b2993094444\" data-size=\"1024x549\" title=\"Suma pentru care vinde ANAF un Ferrari confiscat. C\u00e2nd se termin\u0103 licita\u021bia\"><img decoding=\"async\" src=\"https:\/\/tb.ziareromania.ro\/Suma-pentru-care-vinde-ANAF-un-Ferrari-confiscat--C--nd-se-termin---licita--ia\/b3bef56b2993094444\/400\/225\/2\/100\/Suma-pentru-care-vinde-ANAF-un-Ferrari-confiscat--C--nd-se-termin---licita--ia.jpg\" alt=\"Suma pentru care vinde ANAF un Ferrari confiscat. C\u00e2nd se termin\u0103 licita\u021bia\" title=\"Suma pentru care vinde ANAF un Ferrari confiscat. C\u00e2nd se termin\u0103 licita\u021bia\" class=\"img-responsive\"><\/a><\/p>\n<div class=\"news__caption\">Autoturismul a fost evaluat la 1.004.164 de lei, cu TVA inclus FOTO ANAF<\/div>\n<\/div>\n<\/div>\n<div class=\"news__content descriere_main article__marker\">\n<p>Un <a href=\"https:\/\/ziare.com\/ferrari\/\" title=\"Ferrari\">Ferrari<\/a> Portofino fabricat \u00een 2020 a fost scos la licita\u021bie pe platforma <a href=\"https:\/\/ziare.com\/stiri\/anaf\/\" title=\"ANAF\">ANAF<\/a>.<\/p>\n<p>Pre\u021bul de pornire este de 502.082 de lei, cu TVA inclus, echivalentul a aproximativ 95.500 de euro. Autoturismul de lux a fost evaluat la peste un milion de lei, \u00eens\u0103 suma de la care \u00eencepe licita\u021bia a fost redus\u0103 cu 50%, potrivit observatornews.ro.<\/p>\n<p>Autoturismul a fost evaluat la 1.004.164 de lei, cu TVA inclus.<\/p>\n<p>Este cea de-a patra licita\u021bie organizat\u0103 pentru acest ma\u0219in\u0103.<\/p>\n<p>Participan\u021bii trebuie s\u0103 achite o tax\u0103 de participare de 50.208,20 lei, echivalent\u0103 cu aproximativ 10% din pre\u021bul de pornire.<\/p>\n<p>Licita\u021bia pentru Ferrari Portofino a \u00eenceput pe 28 august 2026 \u0219i este programat\u0103 s\u0103 se \u00eencheie pe 27 septembrie 2026, la ora 07:00.<\/p>\n<p>Pre\u021bul de 502.082 de lei reprezint\u0103 \u00eens\u0103 suma de pornire a licita\u021biei, nu neap\u0103rat pre\u021bul final cu care va fi adjudecat\u0103 ma\u0219ina. \u00cen cazul \u00een care exist\u0103 mai mul\u021bi participan\u021bi interesa\u021bi, valoarea final\u0103 poate cre\u0219te \u00een urma ofertelor depuse.<\/p>\n<\/div>\n","protected":false},"excerpt":{"rendered":"<p>[analyse_image type=&#8221;featured&#8221; src=&#8221;https:\/\/s1.ziareromania.ro\/?mmid=b3bef56b2993094444&#8243;] Suma pentru care vinde ANAF un Ferrari confiscat. C\u00e2nd se termin\u0103 licita\u021bia Autor: Catalina Sirbu Sambata, 29 August 2026, ora 23:24 1569 citiri Autoturismul a fost evaluat la 1.004.164 de lei, cu TVA inclus FOTO ANAF Un Ferrari Portofino fabricat \u00een 2020 a fost scos la licita\u021bie pe platforma ANAF. Pre\u021bul de [&hellip;]<\/p>\n","protected":false},"author":1,"featured_media":0,"comment_status":"open","ping_status":"","sticky":false,"template":"","format":"standard","meta":{"footnotes":""},"categories":[89],"tags":[226,22],"class_list":["post-2118847","post","type-post","status-publish","format-standard","hentry","category-romania","tag-crawlmanager","tag-ziare-com"],"_links":{"self":[{"href":"https:\/\/analyse.optim.biz\/index.php?rest_route=\/wp\/v2\/posts\/2118847","targetHints":{"allow":["GET"]}}],"collection":[{"href":"https:\/\/analyse.optim.biz\/index.php?rest_route=\/wp\/v2\/posts"}],"about":[{"href":"https:\/\/analyse.optim.biz\/index.php?rest_route=\/wp\/v2\/types\/post"}],"author":[{"embeddable":true,"href":"https:\/\/analyse.optim.biz\/index.php?rest_route=\/wp\/v2\/users\/1"}],"replies":[{"embeddable":true,"href":"https:\/\/analyse.optim.biz\/index.php?rest_route=%2Fwp%2Fv2%2Fcomments&post=2118847"}],"version-history":[{"count":0,"href":"https:\/\/analyse.optim.biz\/index.php?rest_route=\/wp\/v2\/posts\/2118847\/revisions"}],"wp:attachment":[{"href":"https:\/\/analyse.optim.biz\/index.php?rest_route=%2Fwp%2Fv2%2Fmedia&parent=2118847"}],"wp:term":[{"taxonomy":"category","embeddable":true,"href":"https:\/\/analyse.optim.biz\/index.php?rest_route=%2Fwp%2Fv2%2Fcategories&post=2118847"},{"taxonomy":"post_tag","embeddable":true,"href":"https:\/\/analyse.optim.biz\/index.php?rest_route=%2Fwp%2Fv2%2Ftags&post=2118847"}],"curies":[{"name":"wp","href":"https:\/\/api.w.org\/{rel}","templated":true}]}}