{"id":2118846,"date":"2026-08-30T05:03:58","date_gmt":"2026-08-30T02:03:58","guid":{"rendered":"https:\/\/analyse.optim.biz\/?p=2118846"},"modified":"2026-08-30T05:03:58","modified_gmt":"2026-08-30T02:03:58","slug":"il-mai-stii-echipa-la-care-a-ajuns-vladislav-blanuta-dupa-cosmarul-de-la-kiev","status":"publish","type":"post","link":"https:\/\/analyse.optim.biz\/?p=2118846","title":{"rendered":"\u00cel mai \u0219tii? Echipa la care a ajuns Vladislav Bl\u0103nu\u021b\u0103, dup\u0103 \u201eco\u0219marul\u201d de la Kiev"},"content":{"rendered":"<p>[analyse_image type=&#8221;featured&#8221; src=&#8221;https:\/\/s2.ziareromania.ro\/?mmid=cc93856ae11983c2f9&#8243;]<\/p>\n<div id=\"article__container\" class=\"news__container news__image__container\">\n<h1 class=\"news__title\" title=\"\u00cel mai \u0219tii? Echipa la care a ajuns Vladislav Bl\u0103nu\u021b\u0103, dup\u0103 \u201eco\u0219marul\u201d de la Kiev\">\u00cel mai \u0219tii? Echipa la care a ajuns Vladislav Bl\u0103nu\u021b\u0103, dup\u0103 \u201eco\u0219marul\u201d de la Kiev<\/h1>\n<\/div>\n<div class=\"news__info__content d-flex\">\n<div class=\"d-flex \">\n<div class=\"news__author mar10r\"> Autor: <span><a href=\"https:\/\/ziare.com\/autor\/iosif-pintilie\"> Iosif Pintilie <\/a><\/span><\/div>\n<div class=\"news__publish\">Sambata, 29 August 2026, ora 23:20<\/div>\n<\/div>\n<div class=\"news__views\">830 citiri<\/div>\n<\/div>\n<div class=\"stanga_stire news__image fleft article__marker\">\n<div class=\"news-image__content news__image__item\"><a class=\"news__image\" data-href=\"https:\/\/s2.ziareromania.ro\/?mmid=cc93856ae11983c2f9\" data-size=\"1024x689\" title=\"\u00cel mai \u0219tii? Echipa la care a ajuns Vladislav Bl\u0103nu\u021b\u0103, dup\u0103 \u201eco\u0219marul\u201d de la Kiev\"><img decoding=\"async\" src=\"https:\/\/tb.ziareromania.ro\/--l-mai---tii--Echipa-la-care-a-ajuns-Vladislav-Bl--nu------dup------co--marul----de-la-Kiev\/cc93856ae11983c2f9\/400\/225\/2\/100\/--l-mai---tii--Echipa-la-care-a-ajuns-Vladislav-Bl--nu------dup------co--marul----de-la-Kiev.jpg\" alt=\"\u00cel mai \u0219tii? Echipa la care a ajuns Vladislav Bl\u0103nu\u021b\u0103, dup\u0103 \u201eco\u0219marul\u201d de la Kiev\" title=\"\u00cel mai \u0219tii? Echipa la care a ajuns Vladislav Bl\u0103nu\u021b\u0103, dup\u0103 \u201eco\u0219marul\u201d de la Kiev\" class=\"img-responsive\"><\/a><\/p>\n<div class=\"news__caption\">Vladislav Bl\u0103nu\u021b\u0103 FOTO Facebook FC Dynamo Kyiv<\/div>\n<\/div>\n<\/div>\n<div class=\"news__content descriere_main article__marker\">\n<p>Atacantul rom\u00e2n Vladislav Bl\u0103nu\u021b\u0103 este juc\u0103torul echipei Lechia Gdansk, a anun\u021bat s\u00e2mb\u0103t\u0103 gruparea din a doua lig\u0103 polonez\u0103 pe site-ul oficial.<\/p>\n<p>\u201eVladislav Bl\u0103nu\u021b\u0103 s-a al\u0103turat echipei Lechia Gdansk. Atacantul rom\u00e2n \u00een v\u00e2rst\u0103 de 24 de ani se al\u0103tur\u0103 echipei noastre venind de la <a href=\"https:\/\/ziare.com\/dinamo\/\" title=\"Dinamo\">Dinamo<\/a> Kiev. Contractul s\u0103u este valabil p\u00e2n\u0103 la 30 iunie 2031.<\/p>\n<p>Bl\u0103nu\u021b\u0103 s-a n\u0103scut \u00een Moldova \u0219i a jucat pentru <a href=\"https:\/\/ziare.com\/fotbal\/cluburi\/\" title=\"cluburi\">cluburi<\/a> precum Pescara, <a href=\"https:\/\/ziare.com\/fc\/\" title=\"FC\">FC<\/a> U <a href=\"https:\/\/ziare.com\/fotbal\/craiova\/\" title=\"Craiova\">Craiova<\/a>, Universitatea Cluj \u0219i <a href=\"https:\/\/ziare.com\/dinamo-kiev\/\" title=\"Dinamo Kiev\">Dinamo Kiev<\/a>.<\/p>\n<p>Atacantul a reprezentat Moldova la nivel de tineret \u0219i ulterior a jucat pentru echipele na\u021bionale ale Rom\u00e2niei U-20 \u0219i U-21. \u00cen 2025, a participat la Campionatul European U-21.<\/p>\n<p>Vladislav, bine ai venit la Gdansk! \u00ce\u021bi dorim multe <a href=\"https:\/\/ziare.com\/fotbal\/goluri\/\" title=\"goluri\">goluri<\/a> \u0219i succes cu echipa noastr\u0103!\u201d, scrie \u00een comunicatul publicat de Lechia.<\/p>\n<\/div>\n<p>Echipa din Gdansk a retrogradat \u00een liga secund\u0103 polonez\u0103 la finalul sezonului trecut, ocup\u00e2nd locul 16 din 18. Bl\u0103nu\u021b\u0103 a primit tricoul cu num\u0103rul 97.<\/p>\n","protected":false},"excerpt":{"rendered":"<p>[analyse_image type=&#8221;featured&#8221; src=&#8221;https:\/\/s2.ziareromania.ro\/?mmid=cc93856ae11983c2f9&#8243;] \u00cel mai \u0219tii? Echipa la care a ajuns Vladislav Bl\u0103nu\u021b\u0103, dup\u0103 \u201eco\u0219marul\u201d de la Kiev Autor: Iosif Pintilie Sambata, 29 August 2026, ora 23:20 830 citiri Vladislav Bl\u0103nu\u021b\u0103 FOTO Facebook FC Dynamo Kyiv Atacantul rom\u00e2n Vladislav Bl\u0103nu\u021b\u0103 este juc\u0103torul echipei Lechia Gdansk, a anun\u021bat s\u00e2mb\u0103t\u0103 gruparea din a doua lig\u0103 polonez\u0103 pe [&hellip;]<\/p>\n","protected":false},"author":1,"featured_media":0,"comment_status":"open","ping_status":"","sticky":false,"template":"","format":"standard","meta":{"footnotes":""},"categories":[89],"tags":[226,22],"class_list":["post-2118846","post","type-post","status-publish","format-standard","hentry","category-romania","tag-crawlmanager","tag-ziare-com"],"_links":{"self":[{"href":"https:\/\/analyse.optim.biz\/index.php?rest_route=\/wp\/v2\/posts\/2118846","targetHints":{"allow":["GET"]}}],"collection":[{"href":"https:\/\/analyse.optim.biz\/index.php?rest_route=\/wp\/v2\/posts"}],"about":[{"href":"https:\/\/analyse.optim.biz\/index.php?rest_route=\/wp\/v2\/types\/post"}],"author":[{"embeddable":true,"href":"https:\/\/analyse.optim.biz\/index.php?rest_route=\/wp\/v2\/users\/1"}],"replies":[{"embeddable":true,"href":"https:\/\/analyse.optim.biz\/index.php?rest_route=%2Fwp%2Fv2%2Fcomments&post=2118846"}],"version-history":[{"count":0,"href":"https:\/\/analyse.optim.biz\/index.php?rest_route=\/wp\/v2\/posts\/2118846\/revisions"}],"wp:attachment":[{"href":"https:\/\/analyse.optim.biz\/index.php?rest_route=%2Fwp%2Fv2%2Fmedia&parent=2118846"}],"wp:term":[{"taxonomy":"category","embeddable":true,"href":"https:\/\/analyse.optim.biz\/index.php?rest_route=%2Fwp%2Fv2%2Fcategories&post=2118846"},{"taxonomy":"post_tag","embeddable":true,"href":"https:\/\/analyse.optim.biz\/index.php?rest_route=%2Fwp%2Fv2%2Ftags&post=2118846"}],"curies":[{"name":"wp","href":"https:\/\/api.w.org\/{rel}","templated":true}]}}