{"id":2118845,"date":"2026-08-30T05:09:36","date_gmt":"2026-08-30T02:09:36","guid":{"rendered":"https:\/\/analyse.optim.biz\/?p=2118845"},"modified":"2026-08-30T05:09:36","modified_gmt":"2026-08-30T02:09:36","slug":"anuntul-de-la-uefa-asteptat-de-u-craiova-debut-de-foc-in-conference-league-pe-teren-propriu-programul-complet-al-meciurilor","status":"publish","type":"post","link":"https:\/\/analyse.optim.biz\/?p=2118845","title":{"rendered":"Anun\u021bul de la UEFA a\u0219teptat de U Craiova. Debut de foc \u00een Conference League, pe teren propriu. Programul complet al meciurilor"},"content":{"rendered":"<p>[analyse_image type=&#8221;featured&#8221; src=&#8221;https:\/\/s2.ziareromania.ro\/?mmid=061d756afd49810762&#8243;]<\/p>\n<div id=\"article__container\" class=\"news__container news__image__container\">\n<h1 class=\"news__title\" title=\"Anun\u021bul de la UEFA a\u0219teptat de U Craiova. Debut de foc \u00een Conference League, pe teren propriu. Programul complet al meciurilor\">Anun\u021bul de la UEFA a\u0219teptat de U Craiova. Debut de foc \u00een Conference League, pe teren propriu. Programul complet al meciurilor<\/h1>\n<\/div>\n<div class=\"news__info__content d-flex\">\n<div class=\"d-flex \">\n<div class=\"news__author mar10r\"> Autor: <span><a href=\"https:\/\/ziare.com\/autor\/teodor-serban\"> Teodor Serban <\/a><\/span><\/div>\n<div class=\"news__publish\">Sambata, 29 August 2026, ora 23:10<\/div>\n<\/div>\n<div class=\"news__views\">1121 citiri<\/div>\n<\/div>\n<div class=\"stanga_stire news__image fleft article__marker\">\n<div class=\"news-image__content news__image__item\"><a class=\"news__image\" data-href=\"https:\/\/s1.ziareromania.ro\/?mmid=061d756afd49810762\" data-size=\"377x283\" title=\"Anun\u021bul de la UEFA a\u0219teptat de U Craiova. Debut de foc \u00een Conference League, pe teren propriu. Programul complet al meciurilor\"><img decoding=\"async\" src=\"https:\/\/tb.ziareromania.ro\/Anun--ul-de-la-UEFA-a--teptat-de-U-Craiova--Debut-de-foc---n-Conference-League--pe-teren-propriu--Programul-complet-al-meciurilor\/061d756afd49810762\/400\/225\/2\/100\/Anun--ul-de-la-UEFA-a--teptat-de-U-Craiova--Debut-de-foc---n-Conference-League--pe-teren-propriu--Programul-complet-al-meciurilor.jpg\" alt=\"Anun\u021bul de la UEFA a\u0219teptat de U Craiova. Debut de foc \u00een Conference League, pe teren propriu. Programul complet al meciurilor\" title=\"Anun\u021bul de la UEFA a\u0219teptat de U Craiova. Debut de foc \u00een Conference League, pe teren propriu. Programul complet al meciurilor\" class=\"img-responsive\"><\/a><\/p>\n<div class=\"news__caption\">U Craiova joac\u0103 \u00een Conference League FOTO FB Superliga<\/div>\n<\/div>\n<\/div>\n<div class=\"news__content descriere_main article__marker\">\n<p><a href=\"https:\/\/ziare.com\/uefa\/\" title=\"UEFA\">UEFA<\/a> a anun\u021bat, s\u00e2mb\u0103t\u0103, programul meciurilor din faza principal\u0103 a Conference League, \u00een care este angrenat\u0103 \u0219i <a href=\"https:\/\/ziare.com\/universitatea-craiova\/\" title=\"Universitatea Craiova\">Universitatea Craiova<\/a>.<\/p>\n<p>Craiovenii \u00ee\u0219i vor \u00eencepe parcursul \u00een grupa unic\u0103 pe teren propriu, cu <a href=\"https:\/\/ziare.com\/getafe\/\" title=\"Getafe\">Getafe<\/a>, \u0219i \u00eel vor \u00eencheia tot acas\u0103, cu <a href=\"https:\/\/ziare.com\/fc\/\" title=\"FC\">FC<\/a> Copenhaga.<\/p>\n<h2>Programul complet al Universit\u0103\u021bii <a href=\"https:\/\/ziare.com\/fotbal\/craiova\/\" title=\"Craiova\">Craiova<\/a>:<\/h2>\n<p>15 octombrie | ora 19:45<\/p>\n<p>Universitatea Craiova &#8211; Getafe CF<\/p>\n<p>22 octombrie | ora 19:45<\/p>\n<p>Inter Club d\u2019Escaldes &#8211; Universitatea Craiova<\/p>\n<p>5 noiembrie | ora 22:00<\/p>\n<p>Universitatea Craiova &#8211; KF Egnatia<\/p>\n<p>26 noiembrie | ora 19:45<\/p>\n<p>Brighton &amp; Hove Albion &#8211; Universitatea Craiova<\/p>\n<p>10 decembrie | ora 17:30<\/p>\n<p>FC Kairat Almaty &#8211; Universitatea Craiova<\/p>\n<p>17 decembrie | ora 22:00<\/p>\n<p>Universitatea Craiova &#8211; FC Copenhaga<\/p>\n<\/div>\n","protected":false},"excerpt":{"rendered":"<p>[analyse_image type=&#8221;featured&#8221; src=&#8221;https:\/\/s2.ziareromania.ro\/?mmid=061d756afd49810762&#8243;] Anun\u021bul de la UEFA a\u0219teptat de U Craiova. Debut de foc \u00een Conference League, pe teren propriu. Programul complet al meciurilor Autor: Teodor Serban Sambata, 29 August 2026, ora 23:10 1121 citiri U Craiova joac\u0103 \u00een Conference League FOTO FB Superliga UEFA a anun\u021bat, s\u00e2mb\u0103t\u0103, programul meciurilor din faza principal\u0103 a Conference [&hellip;]<\/p>\n","protected":false},"author":1,"featured_media":0,"comment_status":"open","ping_status":"","sticky":false,"template":"","format":"standard","meta":{"footnotes":""},"categories":[89],"tags":[226,22],"class_list":["post-2118845","post","type-post","status-publish","format-standard","hentry","category-romania","tag-crawlmanager","tag-ziare-com"],"_links":{"self":[{"href":"https:\/\/analyse.optim.biz\/index.php?rest_route=\/wp\/v2\/posts\/2118845","targetHints":{"allow":["GET"]}}],"collection":[{"href":"https:\/\/analyse.optim.biz\/index.php?rest_route=\/wp\/v2\/posts"}],"about":[{"href":"https:\/\/analyse.optim.biz\/index.php?rest_route=\/wp\/v2\/types\/post"}],"author":[{"embeddable":true,"href":"https:\/\/analyse.optim.biz\/index.php?rest_route=\/wp\/v2\/users\/1"}],"replies":[{"embeddable":true,"href":"https:\/\/analyse.optim.biz\/index.php?rest_route=%2Fwp%2Fv2%2Fcomments&post=2118845"}],"version-history":[{"count":0,"href":"https:\/\/analyse.optim.biz\/index.php?rest_route=\/wp\/v2\/posts\/2118845\/revisions"}],"wp:attachment":[{"href":"https:\/\/analyse.optim.biz\/index.php?rest_route=%2Fwp%2Fv2%2Fmedia&parent=2118845"}],"wp:term":[{"taxonomy":"category","embeddable":true,"href":"https:\/\/analyse.optim.biz\/index.php?rest_route=%2Fwp%2Fv2%2Fcategories&post=2118845"},{"taxonomy":"post_tag","embeddable":true,"href":"https:\/\/analyse.optim.biz\/index.php?rest_route=%2Fwp%2Fv2%2Ftags&post=2118845"}],"curies":[{"name":"wp","href":"https:\/\/api.w.org\/{rel}","templated":true}]}}