{"id":2118844,"date":"2026-08-30T05:08:56","date_gmt":"2026-08-30T02:08:56","guid":{"rendered":"https:\/\/analyse.optim.biz\/?p=2118844"},"modified":"2026-08-30T05:08:56","modified_gmt":"2026-08-30T02:08:56","slug":"sansele-ca-psd-sa-formeze-o-majoritate-cu-aur-e-cam-greu-de-negociat","status":"publish","type":"post","link":"https:\/\/analyse.optim.biz\/?p=2118844","title":{"rendered":"\u0218ansele ca PSD s\u0103 formeze o majoritate cu AUR. \u201eE cam greu de negociat\u201d"},"content":{"rendered":"<p>[analyse_image type=&#8221;featured&#8221; src=&#8221;https:\/\/s2.ziareromania.ro\/?mmid=6f9f456b266b82a6ff&#8221;]<\/p>\n<div id=\"article__container\" class=\"news__container news__image__container\">\n<h1 class=\"news__title\" title=\"\u0218ansele ca PSD s\u0103 formeze o majoritate cu AUR. \u201eE cam greu de negociat\u201d\">\u0218ansele ca PSD s\u0103 formeze o majoritate cu AUR. \u201eE cam greu de negociat\u201d<\/h1>\n<\/div>\n<div class=\"news__info__content d-flex\">\n<div class=\"d-flex \">\n<div class=\"news__author mar10r\"> Autor: <span><a href=\"https:\/\/ziare.com\/autor\/catalina-sirbu\"> Catalina Sirbu <\/a><\/span><\/div>\n<div class=\"news__publish\">Sambata, 29 August 2026, ora 22:24<\/div>\n<\/div>\n<div class=\"news__views\">2054 citiri<\/div>\n<\/div>\n<div class=\"stanga_stire news__image fleft article__marker\">\n<div class=\"news-image__content news__image__item\"><a class=\"news__image\" data-href=\"https:\/\/s2.ziareromania.ro\/?mmid=6f9f456b266b82a6ff\" data-size=\"1024x683\" title=\"\u0218ansele ca PSD s\u0103 formeze o majoritate cu AUR. \u201eE cam greu de negociat\u201d\"><img decoding=\"async\" src=\"https:\/\/tb.ziareromania.ro\/--ansele-ca-PSD-s---formeze-o-majoritate-cu-AUR-----E-cam-greu-de-negociat---\/6f9f456b266b82a6ff\/400\/225\/2\/100\/--ansele-ca-PSD-s---formeze-o-majoritate-cu-AUR-----E-cam-greu-de-negociat---.jpg\" alt=\"\u0218ansele ca PSD s\u0103 formeze o majoritate cu AUR. \u201eE cam greu de negociat\u201d\" title=\"\u0218ansele ca PSD s\u0103 formeze o majoritate cu AUR. \u201eE cam greu de negociat\u201d\" class=\"img-responsive\"><\/a><\/p>\n<div class=\"news__caption\">Liderul PSD, Sorin Grindeanu FOTO Hepta<\/div>\n<\/div>\n<\/div>\n<div class=\"news__content descriere_main article__marker\">\n<p>Liderul senatorilor <a href=\"https:\/\/ziare.com\/politica\/aur\/\" title=\"AUR\">AUR<\/a>, Petri\u0219or Peiu, a declarat s\u00e2mb\u0103t\u0103 c\u0103 forma\u021biunea nu are discu\u021bii formale pentru crearea unei majorit\u0103\u021bi nici cu <a href=\"https:\/\/ziare.com\/psd\/\" title=\"PSD\">PSD<\/a>, nici cu <a href=\"https:\/\/ziare.com\/pnl\/\" title=\"PNL\">PNL<\/a> \u0219i nu exist\u0103 nici discu\u021bii informale, el amintind c\u0103 liderul <a href=\"https:\/\/ziare.com\/politica\/psd\/\" title=\"PSD\">PSD<\/a>, <a href=\"https:\/\/ziare.com\/sorin-grindeanu\/\" title=\"Sorin Grindeanu\">Sorin Grindeanu<\/a>, s-a exprimat public c\u0103 nu vrea s\u0103 formeze un <a href=\"https:\/\/ziare.com\/politica\/guvern\/\" title=\"guvern\">guvern<\/a> \u00eempreun\u0103 cu AUR, astfel c\u0103 e cam greu de negociat.<\/p>\n<p>\u201dNu avem discu\u021bii formale pentru crearea unei majorit\u0103\u021bi nici cu PSD, nici cu <a href=\"https:\/\/ziare.com\/politica\/pnl\/\" title=\"PNL\">PNL<\/a> \u0219i nu exist\u0103 discu\u021bii informale pentru un astfel de subiect. Adic\u0103 dac\u0103 dau o cafea cu cineva de la PSD sau PNL, nu \u00eenseamn\u0103&#8230; Domnul Grindeanu s-a exprimat public c\u0103 nu vrea s\u0103 formeze un guvern \u00eempreun\u0103 cu AUR. Dac\u0103 nu vrea s\u0103 formeze un guvern \u00eempreun\u0103 cu AUR, e cam greu de negociat, ce s\u0103 negociezi?\u201d a declarat liderul senatorilor AUR, Petri\u0219or Peiu, la Antena 3.<\/p>\n<\/div>\n<p>Peiu a mai spus c\u0103 urmeaz\u0103 ni\u0219te comunic\u0103ri publice de la AUR, care vor privi inclusiv strategia privind consult\u0103rile cu pre\u0219edintele, precum \u0219i strategia privind votul asupra investirii unui guvern care s\u0103 fie propus \u00een luna septembrie\u201d..<\/p>\n<p>\u201dA\u0219tept\u0103m s\u0103 vedem dac\u0103 ne cheam\u0103 \u0219i pe noi pentru c\u0103, dac\u0103 domnia sa va face ni\u0219te consult\u0103ri informale, \u00een care va pune bazele unui guvern \u0219i dup\u0103 aia va face consult\u0103ri formale doar ca s\u0103 se pozeze la televizor d\u00e2nd m\u00e2na cu diver\u0219i oameni, nu \u0219tiu dac\u0103 are sens ca noi s\u0103 particip\u0103m la acele consult\u0103ri \u0219i probabil nu vom participa. \u021aara asta are ni\u0219te reguli, are ni\u0219te principii pe care trebuie s\u0103 le aplice, dac\u0103 vrem s\u0103 fim \u0219i noi \u00een familia statelor democratice\u201d, a mai declarat Petri\u0219or Peiu.<\/p>\n<p>Pre\u0219edintele Nicu\u0219or Dan a anun\u021bat c\u0103 la \u00eenceputul lunii viitoare va relua consult\u0103rile cu partidele politice pe tema form\u0103rii unui guvern.<\/p>\n<p>\u201dCred c\u0103 con\u0219tientiz\u0103m cu to\u021bii c\u0103 ar fi fost bine ca varianta Tomac s\u0103 treac\u0103 acum trei sau patru luni, c\u00e2nd a fost, \u0219i s\u0103 nu facem toat\u0103 aceast\u0103 echilibristic\u0103 cu Parlamentul, cu sesiuni extraordinare\u201d, a afirmat Nicu\u0219or Dan, explic\u00e2nd care au fost motivele pentru care nu a f\u0103cut o nou\u0103 nominalizare pentru func\u021bia de prim-ministru \u00een perioada verii.<\/p>\n","protected":false},"excerpt":{"rendered":"<p>[analyse_image type=&#8221;featured&#8221; src=&#8221;https:\/\/s2.ziareromania.ro\/?mmid=6f9f456b266b82a6ff&#8221;] \u0218ansele ca PSD s\u0103 formeze o majoritate cu AUR. \u201eE cam greu de negociat\u201d Autor: Catalina Sirbu Sambata, 29 August 2026, ora 22:24 2054 citiri Liderul PSD, Sorin Grindeanu FOTO Hepta Liderul senatorilor AUR, Petri\u0219or Peiu, a declarat s\u00e2mb\u0103t\u0103 c\u0103 forma\u021biunea nu are discu\u021bii formale pentru crearea unei majorit\u0103\u021bi nici cu PSD, [&hellip;]<\/p>\n","protected":false},"author":1,"featured_media":0,"comment_status":"open","ping_status":"","sticky":false,"template":"","format":"standard","meta":{"footnotes":""},"categories":[89],"tags":[226,22],"class_list":["post-2118844","post","type-post","status-publish","format-standard","hentry","category-romania","tag-crawlmanager","tag-ziare-com"],"_links":{"self":[{"href":"https:\/\/analyse.optim.biz\/index.php?rest_route=\/wp\/v2\/posts\/2118844","targetHints":{"allow":["GET"]}}],"collection":[{"href":"https:\/\/analyse.optim.biz\/index.php?rest_route=\/wp\/v2\/posts"}],"about":[{"href":"https:\/\/analyse.optim.biz\/index.php?rest_route=\/wp\/v2\/types\/post"}],"author":[{"embeddable":true,"href":"https:\/\/analyse.optim.biz\/index.php?rest_route=\/wp\/v2\/users\/1"}],"replies":[{"embeddable":true,"href":"https:\/\/analyse.optim.biz\/index.php?rest_route=%2Fwp%2Fv2%2Fcomments&post=2118844"}],"version-history":[{"count":0,"href":"https:\/\/analyse.optim.biz\/index.php?rest_route=\/wp\/v2\/posts\/2118844\/revisions"}],"wp:attachment":[{"href":"https:\/\/analyse.optim.biz\/index.php?rest_route=%2Fwp%2Fv2%2Fmedia&parent=2118844"}],"wp:term":[{"taxonomy":"category","embeddable":true,"href":"https:\/\/analyse.optim.biz\/index.php?rest_route=%2Fwp%2Fv2%2Fcategories&post=2118844"},{"taxonomy":"post_tag","embeddable":true,"href":"https:\/\/analyse.optim.biz\/index.php?rest_route=%2Fwp%2Fv2%2Ftags&post=2118844"}],"curies":[{"name":"wp","href":"https:\/\/api.w.org\/{rel}","templated":true}]}}