{"id":2118842,"date":"2026-08-30T05:06:40","date_gmt":"2026-08-30T02:06:40","guid":{"rendered":"https:\/\/analyse.optim.biz\/?p=2118842"},"modified":"2026-08-30T05:06:40","modified_gmt":"2026-08-30T02:06:40","slug":"s-a-incheiat-duelul-dragusin-birligea-din-serie-a-al-doilea-dezastru-la-rand-pentru-fiorentina","status":"publish","type":"post","link":"https:\/\/analyse.optim.biz\/?p=2118842","title":{"rendered":"S-a \u00eencheiat duelul Dr\u0103gu\u0219in &#8211; B\u00eerligea din Serie A. Al doilea \u201ddezastru\u201d la r\u00e2nd pentru Fiorentina"},"content":{"rendered":"<p>[analyse_image type=&#8221;featured&#8221; src=&#8221;https:\/\/s2.ziareromania.ro\/?mmid=c5cb156b289b8dfd38&#8243;]<\/p>\n<div id=\"article__container\" class=\"news__container news__image__container\">\n<h1 class=\"news__title\" title=\"S-a \u00eencheiat duelul Dr\u0103gu\u0219in - B\u00eerligea din Serie A. Al doilea \u201ddezastru\u201d la r\u00e2nd pentru Fiorentina\">S-a \u00eencheiat duelul Dr\u0103gu\u0219in &#8211; B\u00eerligea din Serie A. Al doilea \u201ddezastru\u201d la r\u00e2nd pentru Fiorentina<\/h1>\n<\/div>\n<div class=\"news__info__content d-flex\">\n<div class=\"d-flex \">\n<div class=\"news__author mar10r\"> Autor: <span><a href=\"https:\/\/ziare.com\/autor\/teodor-serban\"> Teodor Serban <\/a><\/span><\/div>\n<div class=\"news__publish\">Sambata, 29 August 2026, ora 22:09<\/div>\n<\/div>\n<div class=\"news__views\">1605 citiri<\/div>\n<\/div>\n<div class=\"stanga_stire news__image fleft article__marker\">\n<div class=\"news-image__content news__image__item\"><a class=\"news__image\" data-href=\"https:\/\/s2.ziareromania.ro\/?mmid=c5cb156b289b8dfd38\" data-size=\"1024x682\" title=\"S-a \u00eencheiat duelul Dr\u0103gu\u0219in - B\u00eerligea din Serie A. Al doilea \u201ddezastru\u201d la r\u00e2nd pentru Fiorentina\"><img decoding=\"async\" src=\"https:\/\/tb.ziareromania.ro\/S-a---ncheiat-duelul-Dr--gu--in---B--rligea-din-Serie-A--Al-doilea----dezastru----la-r--nd-pentru-Fiorentina\/c5cb156b289b8dfd38\/400\/225\/2\/100\/S-a---ncheiat-duelul-Dr--gu--in---B--rligea-din-Serie-A--Al-doilea----dezastru----la-r--nd-pentru-Fiorentina.jpg\" alt=\"S-a \u00eencheiat duelul Dr\u0103gu\u0219in - B\u00eerligea din Serie A. Al doilea \u201ddezastru\u201d la r\u00e2nd pentru Fiorentina\" title=\"S-a \u00eencheiat duelul Dr\u0103gu\u0219in - B\u00eerligea din Serie A. Al doilea \u201ddezastru\u201d la r\u00e2nd pentru Fiorentina\" class=\"img-responsive\"><\/a><\/p>\n<div class=\"news__caption\">Radu Dr\u0103gu\u0219in. Foto: hepta<\/div>\n<\/div>\n<\/div>\n<div class=\"news__content descriere_main article__marker\">\n<p>Echipa italian\u0103 Frosinone, cu Daniel B\u00eerligea intrat pe final, a \u00eenvins s\u00e2mb\u0103t\u0103 seara, \u00een deplasare, scor 3-0, forma\u021bia AC <a href=\"https:\/\/ziare.com\/fiorentina\/\" title=\"Fiorentina\">Fiorentina<\/a>, \u00een <a href=\"https:\/\/ziare.com\/fotbal\/etapa\/\" title=\"etapa\">etapa<\/a> a doua din Serie A. Radu Dr\u0103gu\u0219in a fost integralist la gazde.<\/p>\n<p>Radu Dr\u0103gu\u0219in a fost titularizat de Fabio Grosso \u00een centrul ap\u0103r\u0103rii viola, iar rom\u00e2nul l-a talonat pe Monterisi \u00een careu, \u00een minutul 7, acesta a c\u0103zut \u0219i a ceruyt penalti, dar arbitrul Giuseppe Collu nu a acordat nimic. Gudmundsson a \u00eenscris pentru gazde, \u00een minutul 19, dar golul a fost anulat din cauza unui fault \u00een atac, iar oaspe\u021bii au deschis scorul pe Stadio Artemio Franchi, \u00een minutul 28, prin Antonio Raimondo.<\/p>\n<p>Gazdele au lovit bara de dou\u0103 ori \u00een minutele 33 \u0219i 35, prin Mastantuono \u0219i Valdepenas, dar cei care au marcat au fost tot \u201egalbenii\u201d. Bracaglia a \u00eenscris cu o lovitur\u0103 de cap \u0219i a fost 2-0 la pauz\u0103 pentru Frosinone.<\/p>\n<p>Oaspe\u021bii au mai \u00eenscris odat\u0103 \u00een minutul 68, prin Raimondo \u0219i AC Fiorentina \u2013 Frosinone s-a terminat 0-3.<\/p>\n<\/div>\n<p>Echipa lui Dr\u0103gu\u0219in, care a fost integralist, se afl\u0103 la al doilea insucces consecutiv, fiind f\u0103r\u0103 punct \u0219i cu golaveraj 0-7 (dup\u0103 0-4 cu <a href=\"https:\/\/ziare.com\/as-roma\/\" title=\"AS Roma\">AS Roma<\/a> \u00een prima etap\u0103). B\u00eerligea a debutat \u00een Serie A, intr\u00e2nd \u00een minutul 89 la \u00eenving\u0103tori.<\/p>\n","protected":false},"excerpt":{"rendered":"<p>[analyse_image type=&#8221;featured&#8221; src=&#8221;https:\/\/s2.ziareromania.ro\/?mmid=c5cb156b289b8dfd38&#8243;] S-a \u00eencheiat duelul Dr\u0103gu\u0219in &#8211; B\u00eerligea din Serie A. Al doilea \u201ddezastru\u201d la r\u00e2nd pentru Fiorentina Autor: Teodor Serban Sambata, 29 August 2026, ora 22:09 1605 citiri Radu Dr\u0103gu\u0219in. Foto: hepta Echipa italian\u0103 Frosinone, cu Daniel B\u00eerligea intrat pe final, a \u00eenvins s\u00e2mb\u0103t\u0103 seara, \u00een deplasare, scor 3-0, forma\u021bia AC Fiorentina, \u00een [&hellip;]<\/p>\n","protected":false},"author":1,"featured_media":0,"comment_status":"open","ping_status":"","sticky":false,"template":"","format":"standard","meta":{"footnotes":""},"categories":[89],"tags":[226,22],"class_list":["post-2118842","post","type-post","status-publish","format-standard","hentry","category-romania","tag-crawlmanager","tag-ziare-com"],"_links":{"self":[{"href":"https:\/\/analyse.optim.biz\/index.php?rest_route=\/wp\/v2\/posts\/2118842","targetHints":{"allow":["GET"]}}],"collection":[{"href":"https:\/\/analyse.optim.biz\/index.php?rest_route=\/wp\/v2\/posts"}],"about":[{"href":"https:\/\/analyse.optim.biz\/index.php?rest_route=\/wp\/v2\/types\/post"}],"author":[{"embeddable":true,"href":"https:\/\/analyse.optim.biz\/index.php?rest_route=\/wp\/v2\/users\/1"}],"replies":[{"embeddable":true,"href":"https:\/\/analyse.optim.biz\/index.php?rest_route=%2Fwp%2Fv2%2Fcomments&post=2118842"}],"version-history":[{"count":0,"href":"https:\/\/analyse.optim.biz\/index.php?rest_route=\/wp\/v2\/posts\/2118842\/revisions"}],"wp:attachment":[{"href":"https:\/\/analyse.optim.biz\/index.php?rest_route=%2Fwp%2Fv2%2Fmedia&parent=2118842"}],"wp:term":[{"taxonomy":"category","embeddable":true,"href":"https:\/\/analyse.optim.biz\/index.php?rest_route=%2Fwp%2Fv2%2Fcategories&post=2118842"},{"taxonomy":"post_tag","embeddable":true,"href":"https:\/\/analyse.optim.biz\/index.php?rest_route=%2Fwp%2Fv2%2Ftags&post=2118842"}],"curies":[{"name":"wp","href":"https:\/\/api.w.org\/{rel}","templated":true}]}}