{"id":2118841,"date":"2026-08-30T05:04:20","date_gmt":"2026-08-30T02:04:20","guid":{"rendered":"https:\/\/analyse.optim.biz\/?p=2118841"},"modified":"2026-08-30T05:04:20","modified_gmt":"2026-08-30T02:04:20","slug":"aur-nu-renunta-la-suspendarea-lui-nicusor-dan-petrisor-peiu-anunta-ca-sunt-si-parlamentari-de-la-alte-partide-care-au-semnat","status":"publish","type":"post","link":"https:\/\/analyse.optim.biz\/?p=2118841","title":{"rendered":"AUR nu renun\u021b\u0103 la suspendarea lui Nicu\u0219or Dan. Petri\u0219or Peiu anun\u021b\u0103 c\u0103 sunt \u0219i parlamentari de la alte partide care au semnat"},"content":{"rendered":"<p>[analyse_image type=&#8221;featured&#8221; src=&#8221;https:\/\/s2.ziareromania.ro\/?mmid=79d2b56b1c928eb000&#8243;]<\/p>\n<div id=\"article__container\" class=\"news__container news__image__container\">\n<h1 class=\"news__title\" title=\"AUR nu renun\u021b\u0103 la suspendarea lui Nicu\u0219or Dan. Petri\u0219or Peiu anun\u021b\u0103 c\u0103 sunt \u0219i parlamentari de la alte partide care au semnat\">AUR nu renun\u021b\u0103 la suspendarea lui Nicu\u0219or Dan. Petri\u0219or Peiu anun\u021b\u0103 c\u0103 sunt \u0219i parlamentari de la alte partide care au semnat<\/h1>\n<\/div>\n<div class=\"news__info__content d-flex\">\n<div class=\"d-flex \">\n<div class=\"news__author mar10r\"> Autor: <span><a href=\"https:\/\/ziare.com\/autor\/catalina-sirbu\"> Catalina Sirbu <\/a><\/span><\/div>\n<div class=\"news__publish\">Sambata, 29 August 2026, ora 21:31<\/div>\n<\/div>\n<div class=\"news__views\">2752 citiri<\/div>\n<\/div>\n<div class=\"stanga_stire news__image fleft article__marker\">\n<div class=\"news-image__content news__image__item\"><a class=\"news__image\" data-href=\"https:\/\/s2.ziareromania.ro\/?mmid=79d2b56b1c928eb000\" data-size=\"789x540\" title=\"AUR nu renun\u021b\u0103 la suspendarea lui Nicu\u0219or Dan. Petri\u0219or Peiu anun\u021b\u0103 c\u0103 sunt \u0219i parlamentari de la alte partide care au semnat\"><img decoding=\"async\" src=\"https:\/\/tb.ziareromania.ro\/AUR-nu-renun-----la-suspendarea-lui-Nicu--or-Dan--Petri--or-Peiu-anun-----c---sunt---i-parlamentari-de-la-alte-partide-care-au-semnat\/79d2b56b1c928eb000\/400\/225\/2\/100\/AUR-nu-renun-----la-suspendarea-lui-Nicu--or-Dan--Petri--or-Peiu-anun-----c---sunt---i-parlamentari-de-la-alte-partide-care-au-semnat.jpg\" alt=\"AUR nu renun\u021b\u0103 la suspendarea lui Nicu\u0219or Dan. Petri\u0219or Peiu anun\u021b\u0103 c\u0103 sunt \u0219i parlamentari de la alte partide care au semnat\" title=\"AUR nu renun\u021b\u0103 la suspendarea lui Nicu\u0219or Dan. Petri\u0219or Peiu anun\u021b\u0103 c\u0103 sunt \u0219i parlamentari de la alte partide care au semnat\" class=\"img-responsive\"><\/a><\/p>\n<div class=\"news__caption\">Petrisor Peiu, liderul senatorilor AUR FOTO Facebook\/AUR<\/div>\n<\/div>\n<\/div>\n<div class=\"news__content descriere_main article__marker\">\n<p>Liderul senatorilor <a href=\"https:\/\/ziare.com\/politica\/aur\/\" title=\"AUR\">AUR<\/a>, Petri\u0219or Peiu, a declarat s\u00e2mb\u0103t\u0103, 29 august, c\u0103 demersul AUR de suspendare a pre\u0219edintelui merge \u00eenainte, pentru c\u0103 pre\u0219edintele nu \u0219i-a schimbat atitudinea. El a mai spus c\u0103 sunt colegi noi, de la alte partide, care au semnat acest demers \u0219i care au fost prezen\u021bi la \u0219edin\u021ba conducerii AUR, de la Doobeta Turnu Severin.<\/p>\n<p>\u201dMergem \u00eenainte cu suspendarea (pre\u0219edintelui, nr), cu procesul de str\u00e2ngere a semn\u0103turilor parlamentarilor care vor s\u0103 \u021bin\u0103 suspendarea \u0219i apoi procedura de demitere a pre\u0219edintelui. Nu s-a schimbat absolut nimic\u201d, a declarat Petri\u0219or Peiu, liderul senatorilor AUR, la Antena 3.<\/p>\n<p>Peiu a ar\u0103tat c\u0103 AUR consider\u0103 c\u0103 odul \u00een care opereaz\u0103 Nicu\u0219or Dan arat\u0103 o sfidare a realit\u0103\u021bilor.<\/p>\n<p>\u00centrebat dac\u0103 au semn\u0103turi noi pentru acest demers, Petri\u0219or Peiu a r\u0103spuns: \u201dDa, au fost \u0219i ni\u0219te colegi de la alte partide, aici, prezen\u021bi. (..) Pot s\u0103 v\u0103 spun c\u0103 au fost colegi de-ai no\u0219tri parlamentari, care nu sunt parlamentari AUR, care au semnat pentru suspendare \u0219i care au fost \u0219i prezen\u021bi aici (la Drobeta Turnu Severin, nr) cu ocazia acestei semn\u0103ri\u201d.<\/p>\n<\/div>\n<p>\u201dSuspendarea merge \u00eenainte, pentru c\u0103 domnul pre\u0219edinte nu \u0219i-a schimbat atitudinea. Noi a\u0219tept\u0103m ca partidele care sunt nemul\u021bumite de modul \u00een care domnul Nicu\u0219or Dan \u0219i-a manifestat puterea, prerogativele preziden\u021biale, s\u0103 vin\u0103 \u0219i s\u0103 se al\u0103ture acestui demers\u201d, a mai afirmat senatorul AUR.<\/p>\n","protected":false},"excerpt":{"rendered":"<p>[analyse_image type=&#8221;featured&#8221; src=&#8221;https:\/\/s2.ziareromania.ro\/?mmid=79d2b56b1c928eb000&#8243;] AUR nu renun\u021b\u0103 la suspendarea lui Nicu\u0219or Dan. Petri\u0219or Peiu anun\u021b\u0103 c\u0103 sunt \u0219i parlamentari de la alte partide care au semnat Autor: Catalina Sirbu Sambata, 29 August 2026, ora 21:31 2752 citiri Petrisor Peiu, liderul senatorilor AUR FOTO Facebook\/AUR Liderul senatorilor AUR, Petri\u0219or Peiu, a declarat s\u00e2mb\u0103t\u0103, 29 august, c\u0103 demersul [&hellip;]<\/p>\n","protected":false},"author":1,"featured_media":0,"comment_status":"open","ping_status":"","sticky":false,"template":"","format":"standard","meta":{"footnotes":""},"categories":[89],"tags":[226,22],"class_list":["post-2118841","post","type-post","status-publish","format-standard","hentry","category-romania","tag-crawlmanager","tag-ziare-com"],"_links":{"self":[{"href":"https:\/\/analyse.optim.biz\/index.php?rest_route=\/wp\/v2\/posts\/2118841","targetHints":{"allow":["GET"]}}],"collection":[{"href":"https:\/\/analyse.optim.biz\/index.php?rest_route=\/wp\/v2\/posts"}],"about":[{"href":"https:\/\/analyse.optim.biz\/index.php?rest_route=\/wp\/v2\/types\/post"}],"author":[{"embeddable":true,"href":"https:\/\/analyse.optim.biz\/index.php?rest_route=\/wp\/v2\/users\/1"}],"replies":[{"embeddable":true,"href":"https:\/\/analyse.optim.biz\/index.php?rest_route=%2Fwp%2Fv2%2Fcomments&post=2118841"}],"version-history":[{"count":0,"href":"https:\/\/analyse.optim.biz\/index.php?rest_route=\/wp\/v2\/posts\/2118841\/revisions"}],"wp:attachment":[{"href":"https:\/\/analyse.optim.biz\/index.php?rest_route=%2Fwp%2Fv2%2Fmedia&parent=2118841"}],"wp:term":[{"taxonomy":"category","embeddable":true,"href":"https:\/\/analyse.optim.biz\/index.php?rest_route=%2Fwp%2Fv2%2Fcategories&post=2118841"},{"taxonomy":"post_tag","embeddable":true,"href":"https:\/\/analyse.optim.biz\/index.php?rest_route=%2Fwp%2Fv2%2Ftags&post=2118841"}],"curies":[{"name":"wp","href":"https:\/\/api.w.org\/{rel}","templated":true}]}}