{"id":2118840,"date":"2026-08-30T05:03:32","date_gmt":"2026-08-30T02:03:32","guid":{"rendered":"https:\/\/analyse.optim.biz\/?p=2118840"},"modified":"2026-08-30T05:03:32","modified_gmt":"2026-08-30T02:03:32","slug":"oana-toiu-sageti-catre-nicusor-dan-dupa-legea-ani-presedintele-putea-sa-fie-un-aliat-mai-bun","status":"publish","type":"post","link":"https:\/\/analyse.optim.biz\/?p=2118840","title":{"rendered":"Oana \u021aoiu, \u201es\u0103ge\u021bi\u201d c\u0103tre Nicu\u0219or Dan, dup\u0103 legea ANI. \u201ePre\u0219edintele putea s\u0103 fie un aliat mai bun\u201d"},"content":{"rendered":"<p>[analyse_image type=&#8221;featured&#8221; src=&#8221;https:\/\/s2.ziareromania.ro\/?mmid=8a46956b1646002b15&#8243;]<\/p>\n<div id=\"article__container\" class=\"news__container news__image__container\">\n<h1 class=\"news__title\" title=\"Oana \u021aoiu, \u201es\u0103ge\u021bi\u201d c\u0103tre Nicu\u0219or Dan, dup\u0103 legea ANI. \u201ePre\u0219edintele putea s\u0103 fie un aliat mai bun\u201d\">Oana \u021aoiu, \u201es\u0103ge\u021bi\u201d c\u0103tre Nicu\u0219or Dan, dup\u0103 legea ANI. \u201ePre\u0219edintele putea s\u0103 fie un aliat mai bun\u201d<\/h1>\n<\/div>\n<div class=\"news__info__content d-flex\">\n<div class=\"d-flex \">\n<div class=\"news__author mar10r\"> Autor: <span><a href=\"https:\/\/ziare.com\/autor\/catalina-sirbu\"> Catalina Sirbu <\/a><\/span><\/div>\n<div class=\"news__publish\">Sambata, 29 August 2026, ora 21:29<\/div>\n<\/div>\n<div class=\"news__views\">1645 citiri<\/div>\n<\/div>\n<div class=\"stanga_stire news__image fleft article__marker\">\n<div class=\"news-image__content news__image__item\"><a class=\"news__image\" data-href=\"https:\/\/s2.ziareromania.ro\/?mmid=8a46956b1646002b15\" data-size=\"722x547\" title=\"Oana \u021aoiu, \u201es\u0103ge\u021bi\u201d c\u0103tre Nicu\u0219or Dan, dup\u0103 legea ANI. \u201ePre\u0219edintele putea s\u0103 fie un aliat mai bun\u201d\"><img decoding=\"async\" src=\"https:\/\/tb.ziareromania.ro\/Oana---oiu-----s--ge--i----c--tre-Nicu--or-Dan--dup---legea-ANI-----Pre--edintele-putea-s---fie-un-aliat-mai-bun---\/8a46956b1646002b15\/400\/225\/2\/100\/Oana---oiu-----s--ge--i----c--tre-Nicu--or-Dan--dup---legea-ANI-----Pre--edintele-putea-s---fie-un-aliat-mai-bun---.jpg\" alt=\"Oana \u021aoiu, \u201es\u0103ge\u021bi\u201d c\u0103tre Nicu\u0219or Dan, dup\u0103 legea ANI. \u201ePre\u0219edintele putea s\u0103 fie un aliat mai bun\u201d\" title=\"Oana \u021aoiu, \u201es\u0103ge\u021bi\u201d c\u0103tre Nicu\u0219or Dan, dup\u0103 legea ANI. \u201ePre\u0219edintele putea s\u0103 fie un aliat mai bun\u201d\" class=\"img-responsive\"><\/a><\/p>\n<div class=\"news__caption\">Oana \u021aoiu \u0219i Nicu\u0219or Dan FOTO Facebook\/Oana \u021aoiu<\/div>\n<\/div>\n<\/div>\n<div class=\"news__content descriere_main article__marker\">\n<p>Ministrul interimar de Externe, Oana \u021aoiu, a declarat s\u00e2mb\u0103t\u0103, despre legea ANI, c\u0103 mai sunt 30 de zile \u00een care Rom\u00e2nia poate \u0219i s\u0103 primeasc\u0103 banii din <a href=\"https:\/\/ziare.com\/politica\/pnrr\/\" title=\"PNRR\">PNRR<\/a> \u0219i s\u0103 \u00eendrepte aceast\u0103 eroare profund\u0103, ea preciz\u00e2nd c\u0103 se poate adopta legea nou\u0103 depus\u0103 de <a href=\"https:\/\/ziare.com\/usr\/\" title=\"USR\">USR<\/a> \u00een Parlament. Despre promulgarea de c\u0103tre pre\u0219edinte a legii, \u021aoiu a ar\u0103tat c\u0103 \u201dpre\u0219edintele putea s\u0103 fie un aliat mai bun\u201d.<\/p>\n<p>\u201dPozi\u021bia mea fa\u021b\u0103 de legea ANI, pozi\u021bia noastr\u0103, ca echip\u0103 <a href=\"https:\/\/ziare.com\/politica\/usr\/\" title=\"USR\">USR<\/a>, pozi\u021bia multor exper\u021bi \u0219i, de altfel, da, \u0219i pre\u0219edintele \u0219tie opinia mea legat de asta, este c\u0103 aceast\u0103 lege este neconstitu\u021bional\u0103, vorbe\u0219te de o aplicare fa\u021b\u0103 de o fapt\u0103 trecut\u0103, dar, dincolo de asta, este un moment foarte complicat pentru istoria Rom\u00e2niei. (..) Din p\u0103cate, acest precedent al unei legi care atac\u0103 direct un oponent politic are efecte nu doar asupra lui <a href=\"https:\/\/ziare.com\/dominic-fritz\/\" title=\"Dominic Fritz\">Dominic Fritz<\/a>, sau asupra USR-ului, (..) ci are un efect de descurajare a celor care vor s\u0103 stea drep\u021bi, baz\u00e2ndu-se pe faptul c\u0103 exist\u0103 ni\u0219te arbitri neutri\u201d, a declarat ministrul interimar de Externe Oana \u021aoiu, la Digi24, despre legea ANI care a fost promulgat\u0103 de pre\u0219edinte \u0219i \u00een baza c\u0103reia mandatul de <a href=\"https:\/\/ziare.com\/politica\/primar\/\" title=\"primar\">primar<\/a> al pre\u0219edintelui USR Dominic Fritz va \u00eenceta \u00een 30 de zile.<\/p>\n<\/div>\n<p>Ea a men\u021bionat c\u0103 mai sunt 30 de zile \u00een care Rom\u00e2nia poate \u0219i s\u0103 primeasc\u0103 banii pe jalonul PNRR, \u0219i s\u0103 \u00eendrepte aceast\u0103 eroare profund\u0103 care va intra \u00een manualele de istorie de acum \u00eencolo.<\/p>\n<p>\u201dSe poate adopta legea nou\u0103 depus\u0103 de noi, USR, \u00een Parlament. Parlamentul \u00eenc\u0103 are timp s\u0103 adopte legea corect\u0103, depus\u0103 de noi \u0219i s\u0103 redea, inclusiv interna\u021bional, respectul fa\u021b\u0103 de statul de drept din Rom\u00e2nia. Putem s\u0103 avem \u0219i cele 770 de milioane de euro din jalonul PNRR, \u0219i un stat de drept functional, pentru care au muncit genera\u021bii \u00eentregi\u201d, a subliniat \u021aoiu.<\/p>\n<p>\u00centrebat\u0103 dac\u0103 a dezam\u0103git pre\u0219edintele c\u0103 a semnat legea, \u021aoiu a precizat c\u0103 exist\u0103 o solu\u021bie pentru Rom\u00e2nia, legea depus\u0103 deja de USR \u00een Parlament, care asigur\u0103 \u0219i resursele financiare, \u0219i protejarea statului de drept, \u0219i o reputa\u021bie interna\u021bional\u0103 care nu pune sub semnul \u00eentreb\u0103rii felul \u00een care func\u021bioneaz\u0103 statul de drept \u00een Rom\u00e2nia.<\/p>\n<p>\u201d\u0218i da, cred c\u0103 pre\u0219edintele putea s\u0103 fie un aliat mai bun al acestei direc\u021bii\u201d, a mai spus Oana \u021aoiu.<\/p>\n","protected":false},"excerpt":{"rendered":"<p>[analyse_image type=&#8221;featured&#8221; src=&#8221;https:\/\/s2.ziareromania.ro\/?mmid=8a46956b1646002b15&#8243;] Oana \u021aoiu, \u201es\u0103ge\u021bi\u201d c\u0103tre Nicu\u0219or Dan, dup\u0103 legea ANI. \u201ePre\u0219edintele putea s\u0103 fie un aliat mai bun\u201d Autor: Catalina Sirbu Sambata, 29 August 2026, ora 21:29 1645 citiri Oana \u021aoiu \u0219i Nicu\u0219or Dan FOTO Facebook\/Oana \u021aoiu Ministrul interimar de Externe, Oana \u021aoiu, a declarat s\u00e2mb\u0103t\u0103, despre legea ANI, c\u0103 mai sunt 30 [&hellip;]<\/p>\n","protected":false},"author":1,"featured_media":0,"comment_status":"open","ping_status":"","sticky":false,"template":"","format":"standard","meta":{"footnotes":""},"categories":[89],"tags":[226,22],"class_list":["post-2118840","post","type-post","status-publish","format-standard","hentry","category-romania","tag-crawlmanager","tag-ziare-com"],"_links":{"self":[{"href":"https:\/\/analyse.optim.biz\/index.php?rest_route=\/wp\/v2\/posts\/2118840","targetHints":{"allow":["GET"]}}],"collection":[{"href":"https:\/\/analyse.optim.biz\/index.php?rest_route=\/wp\/v2\/posts"}],"about":[{"href":"https:\/\/analyse.optim.biz\/index.php?rest_route=\/wp\/v2\/types\/post"}],"author":[{"embeddable":true,"href":"https:\/\/analyse.optim.biz\/index.php?rest_route=\/wp\/v2\/users\/1"}],"replies":[{"embeddable":true,"href":"https:\/\/analyse.optim.biz\/index.php?rest_route=%2Fwp%2Fv2%2Fcomments&post=2118840"}],"version-history":[{"count":0,"href":"https:\/\/analyse.optim.biz\/index.php?rest_route=\/wp\/v2\/posts\/2118840\/revisions"}],"wp:attachment":[{"href":"https:\/\/analyse.optim.biz\/index.php?rest_route=%2Fwp%2Fv2%2Fmedia&parent=2118840"}],"wp:term":[{"taxonomy":"category","embeddable":true,"href":"https:\/\/analyse.optim.biz\/index.php?rest_route=%2Fwp%2Fv2%2Fcategories&post=2118840"},{"taxonomy":"post_tag","embeddable":true,"href":"https:\/\/analyse.optim.biz\/index.php?rest_route=%2Fwp%2Fv2%2Ftags&post=2118840"}],"curies":[{"name":"wp","href":"https:\/\/api.w.org\/{rel}","templated":true}]}}