{"id":2118839,"date":"2026-08-30T05:01:23","date_gmt":"2026-08-30T02:01:23","guid":{"rendered":"https:\/\/analyse.optim.biz\/?p=2118839"},"modified":"2026-08-30T05:01:23","modified_gmt":"2026-08-30T02:01:23","slug":"kremlinul-nu-vede-motive-sa-se-imbunatateasca-relatiile-cu-europa-politicienii-actuali-au-o-atitudine-conflictuala","status":"publish","type":"post","link":"https:\/\/analyse.optim.biz\/?p=2118839","title":{"rendered":"Kremlinul nu vede motive s\u0103 se \u00eembun\u0103t\u0103\u021beasc\u0103 rela\u021biile cu Europa. \u201ePoliticienii actuali au o atitudine conflictual\u0103\u201d"},"content":{"rendered":"<p>[analyse_image type=&#8221;featured&#8221; src=&#8221;https:\/\/s1.ziareromania.ro\/?mmid=5a33256b1bfa01dfd5&#8243;]<\/p>\n<div id=\"article__container\" class=\"news__container news__image__container\">\n<h1 class=\"news__title\" title=\"Kremlinul nu vede motive s\u0103 se \u00eembun\u0103t\u0103\u021beasc\u0103 rela\u021biile cu Europa. \u201ePoliticienii actuali au o atitudine conflictual\u0103\u201d\">Kremlinul nu vede motive s\u0103 se \u00eembun\u0103t\u0103\u021beasc\u0103 rela\u021biile cu Europa. \u201ePoliticienii actuali au o atitudine conflictual\u0103\u201d<\/h1>\n<\/div>\n<div class=\"news__info__content d-flex\">\n<div class=\"d-flex \">\n<div class=\"news__author mar10r\"> Autor: <span><a href=\"https:\/\/ziare.com\/autor\/catalina-sirbu\"> Catalina Sirbu <\/a><\/span><\/div>\n<div class=\"news__publish\">Sambata, 29 August 2026, ora 21:26<\/div>\n<\/div>\n<div class=\"news__views\">1294 citiri<\/div>\n<\/div>\n<div class=\"stanga_stire news__image fleft article__marker\">\n<div class=\"news-image__content news__image__item\"><a class=\"news__image\" data-href=\"https:\/\/s1.ziareromania.ro\/?mmid=5a33256b1bfa01dfd5\" data-size=\"1024x722\" title=\"Kremlinul nu vede motive s\u0103 se \u00eembun\u0103t\u0103\u021beasc\u0103 rela\u021biile cu Europa. \u201ePoliticienii actuali au o atitudine conflictual\u0103\u201d\"><img decoding=\"async\" src=\"https:\/\/tb.ziareromania.ro\/Kremlinul-nu-vede-motive-s---se---mbun--t----easc---rela--iile-cu-Europa-----Politicienii-actuali-au-o-atitudine-conflictual-----\/5a33256b1bfa01dfd5\/400\/225\/2\/100\/Kremlinul-nu-vede-motive-s---se---mbun--t----easc---rela--iile-cu-Europa-----Politicienii-actuali-au-o-atitudine-conflictual-----.jpg\" alt=\"Kremlinul nu vede motive s\u0103 se \u00eembun\u0103t\u0103\u021beasc\u0103 rela\u021biile cu Europa. \u201ePoliticienii actuali au o atitudine conflictual\u0103\u201d\" title=\"Kremlinul nu vede motive s\u0103 se \u00eembun\u0103t\u0103\u021beasc\u0103 rela\u021biile cu Europa. \u201ePoliticienii actuali au o atitudine conflictual\u0103\u201d\" class=\"img-responsive\"><\/a><\/p>\n<div class=\"news__caption\">Vladimir Putin \u0219i Dmitri Peskov la Kremlin FOTO: Hepta<\/div>\n<\/div>\n<\/div>\n<div class=\"news__content descriere_main article__marker\">\n<p>Europenii \u00ee\u0219i mobilizeaz\u0103 resursele militare \u00eempotriva Rusiei, astfel c\u0103 nu sunt motive pentru o \u00eembun\u0103t\u0103\u021bire a rela\u021biilor cu <a href=\"https:\/\/ziare.com\/international\/moscova\/\" title=\"Moscova\">Moscova<\/a>, a declarat s\u00e2mb\u0103t\u0103 purt\u0103torul de cuv\u00e2nt al Kremlinului, Dmitri Peskov, citat de TASS \u0219i Interfax.<\/p>\n<p>&#8220;Deocamdat\u0103 nu v\u0103d niciun motiv s\u0103 sper\u0103m la o \u00eembun\u0103t\u0103\u021bire a rela\u021biilor noastre cu Europa. Politicienii actuali, genera\u021bia actual\u0103 de politicieni aflat\u0103 la putere, au o atitudine conflictual\u0103, \u0219i nu doar \u00een cuvinte, ci \u0219i \u00een fapte.<\/p>\n<p>Ei mobilizeaz\u0103 \u00een totalitate poten\u021bialul militar al Europei \u0219i \u00eel \u00eendreapt\u0103 \u00eempotriva \u021b\u0103rii noastre, particip\u00e2nd direct la ac\u021biuni militare \u00eempotriva noastr\u0103&#8221;, a declarat Peskov, coment\u00e2nd starea actual\u0103 a rela\u021biilor dintre <a href=\"https:\/\/ziare.com\/international\/rusia\/\" title=\"Rusia\">Rusia<\/a> \u0219i \u021b\u0103rile europene.<\/p>\n<p>&#8220;Trebuie s\u0103 fim con\u0219tien\u021bi de acest lucru. Trebuie, f\u0103r\u0103 \u00eendoial\u0103, s\u0103 r\u0103m\u00e2nem deschi\u0219i pentru construirea rela\u021biilor \u0219i ne p\u0103str\u0103m \u00eentr-adev\u0103r deschiderea, dar trebuie s\u0103 \u00een\u021belegem foarte bine cu cine avem de-a face&#8221;, a ad\u0103ugat el.<\/p>\n<\/div>\n","protected":false},"excerpt":{"rendered":"<p>[analyse_image type=&#8221;featured&#8221; src=&#8221;https:\/\/s1.ziareromania.ro\/?mmid=5a33256b1bfa01dfd5&#8243;] Kremlinul nu vede motive s\u0103 se \u00eembun\u0103t\u0103\u021beasc\u0103 rela\u021biile cu Europa. \u201ePoliticienii actuali au o atitudine conflictual\u0103\u201d Autor: Catalina Sirbu Sambata, 29 August 2026, ora 21:26 1294 citiri Vladimir Putin \u0219i Dmitri Peskov la Kremlin FOTO: Hepta Europenii \u00ee\u0219i mobilizeaz\u0103 resursele militare \u00eempotriva Rusiei, astfel c\u0103 nu sunt motive pentru o \u00eembun\u0103t\u0103\u021bire a [&hellip;]<\/p>\n","protected":false},"author":1,"featured_media":0,"comment_status":"open","ping_status":"","sticky":false,"template":"","format":"standard","meta":{"footnotes":""},"categories":[89],"tags":[226,22],"class_list":["post-2118839","post","type-post","status-publish","format-standard","hentry","category-romania","tag-crawlmanager","tag-ziare-com"],"_links":{"self":[{"href":"https:\/\/analyse.optim.biz\/index.php?rest_route=\/wp\/v2\/posts\/2118839","targetHints":{"allow":["GET"]}}],"collection":[{"href":"https:\/\/analyse.optim.biz\/index.php?rest_route=\/wp\/v2\/posts"}],"about":[{"href":"https:\/\/analyse.optim.biz\/index.php?rest_route=\/wp\/v2\/types\/post"}],"author":[{"embeddable":true,"href":"https:\/\/analyse.optim.biz\/index.php?rest_route=\/wp\/v2\/users\/1"}],"replies":[{"embeddable":true,"href":"https:\/\/analyse.optim.biz\/index.php?rest_route=%2Fwp%2Fv2%2Fcomments&post=2118839"}],"version-history":[{"count":0,"href":"https:\/\/analyse.optim.biz\/index.php?rest_route=\/wp\/v2\/posts\/2118839\/revisions"}],"wp:attachment":[{"href":"https:\/\/analyse.optim.biz\/index.php?rest_route=%2Fwp%2Fv2%2Fmedia&parent=2118839"}],"wp:term":[{"taxonomy":"category","embeddable":true,"href":"https:\/\/analyse.optim.biz\/index.php?rest_route=%2Fwp%2Fv2%2Fcategories&post=2118839"},{"taxonomy":"post_tag","embeddable":true,"href":"https:\/\/analyse.optim.biz\/index.php?rest_route=%2Fwp%2Fv2%2Ftags&post=2118839"}],"curies":[{"name":"wp","href":"https:\/\/api.w.org\/{rel}","templated":true}]}}